{"id":5357,"date":"2026-03-05T12:13:21","date_gmt":"2026-03-05T15:13:21","guid":{"rendered":"https:\/\/www.fiemg.com.br\/regional-zona-da-mata\/?post_type=noticias&#038;p=5357"},"modified":"2026-03-05T15:19:47","modified_gmt":"2026-03-05T18:19:47","slug":"fiemg-regional-zona-da-mata-promove-seminario-sobre-nr-1-e-gestao-de-riscos-psicossociais-nas-empresas","status":"publish","type":"noticias","link":"https:\/\/www.fiemg.com.br\/regional-zona-da-mata\/noticias\/fiemg-regional-zona-da-mata-promove-seminario-sobre-nr-1-e-gestao-de-riscos-psicossociais-nas-empresas\/","title":{"rendered":"FIEMG Regional Zona da Mata promove semin\u00e1rio sobre NR-1 e gest\u00e3o de riscos psicossociais nas empresas"},"content":{"rendered":"\n<p>A FIEMG Regional Zona da Mata promove, no dia 11 de mar\u00e7o, em Juiz de Fora, o Semin\u00e1rio Empresarial \u201cNR-1: Empresas Respons\u00e1veis, Ambientes Seguros\u201d, iniciativa voltada a discutir os impactos da Norma Regulamentadora n\u00ba 1 (NR-1) e os desafios relacionados \u00e0 gest\u00e3o dos riscos psicossociais e \u00e0 sa\u00fade mental no ambiente de trabalho.<\/p>\n\n\n\n<p>O encontro ser\u00e1 realizado das 8h30 \u00e0s 12h30, na sede da FIEMG Regional Zona da Mata, localizada na Rua Batista de Oliveira, 1145, bairro Granbery, e contar\u00e1 com a participa\u00e7\u00e3o de especialistas de diferentes \u00e1reas que ir\u00e3o apresentar abordagens t\u00e9cnicas e pr\u00e1ticas sobre o tema.<\/p>\n\n\n\n<p>Com inscri\u00e7\u00f5es gratuitas e vagas limitadas, o semin\u00e1rio foi desenvolvido para l\u00edderes empresariais, gestores, profissionais de recursos humanos, especialistas em seguran\u00e7a e sa\u00fade do trabalho (SST), advogados, psic\u00f3logos, estudantes e demais interessados que desejam aprofundar conhecimentos sobre a norma e compreender como as empresas podem atuar de forma respons\u00e1vel na preven\u00e7\u00e3o de riscos no ambiente corporativo.<\/p>\n\n\n\n<p>A atualiza\u00e7\u00e3o da NR-1 trouxe avan\u00e7os importantes ao ampliar o olhar das organiza\u00e7\u00f5es sobre a preven\u00e7\u00e3o de riscos ocupacionais, incorporando tamb\u00e9m os riscos psicossociais e a sa\u00fade mental como elementos relevantes na gest\u00e3o de seguran\u00e7a e sa\u00fade no trabalho. Diante desse novo cen\u00e1rio, o semin\u00e1rio prop\u00f5e um espa\u00e7o de aprendizado, di\u00e1logo e reflex\u00e3o pr\u00e1tica, contribuindo para que empresas estejam preparadas n\u00e3o apenas para atender \u00e0s exig\u00eancias legais, mas tamb\u00e9m para promover ambientes de trabalho mais seguros e saud\u00e1veis.<\/p>\n\n\n\n<p>A presidente da FIEMG Regional Zona da Mata e do Sindicato das Ind\u00fastrias do Vestu\u00e1rio de Juiz de Fora e Governador Valadares e das Ind\u00fastrias de Malharias de Juiz de Fora (Sindivest JF-GV), Mari\u00e2ngela Miranda Marcon, lidera o evento e destaca que a iniciativa busca orientar o setor produtivo diante das transforma\u00e7\u00f5es nas rela\u00e7\u00f5es de trabalho e nas exig\u00eancias regulat\u00f3rias.<\/p>\n\n\n\n<p>\u201cHoje as empresas precisam ampliar sua vis\u00e3o sobre preven\u00e7\u00e3o e gest\u00e3o de riscos, incluindo tamb\u00e9m aspectos relacionados \u00e0 sa\u00fade mental e ao bem-estar no ambiente corporativo. Este semin\u00e1rio \u00e9 uma oportunidade para que empres\u00e1rios e profissionais compreendam melhor essas mudan\u00e7as e possam aplicar solu\u00e7\u00f5es pr\u00e1ticas em suas organiza\u00e7\u00f5es\u201d, afirma.<\/p>\n\n\n\n<p><strong>Especialistas convidados<\/strong><\/p>\n\n\n\n<p>O evento contar\u00e1 com palestras e participa\u00e7\u00f5es de especialistas com atua\u00e7\u00e3o nas \u00e1reas de Trabalho, Sa\u00fade e Direito:<\/p>\n\n\n\n<p><strong>S\u00e9rgio Nagasawa<\/strong> \u2013 Gerente regional do Trabalho (Minist\u00e9rio do Trabalho), vai falar sobre os aspectos pr\u00e1ticos da NR-1 no Minist\u00e9rio do Trabalho;<\/p>\n\n\n\n<p><strong>Marcos Arruda Caetano<\/strong> \u2013 Analista de Ergonomia do SESI SST, que vai apresentar fatores de riscos psicossociais e os desafios para as empresas;<\/p>\n\n\n\n<p><strong>Gustavo Saggioro<\/strong> \u2013 M\u00e9dico, p\u00f3s-graduado em Psiquiatria, Depend\u00eancia Qu\u00edmica e Depend\u00eancia Digital, vai falar sobre a<em> <\/em>promo\u00e7\u00e3o real da sa\u00fade mental;<\/p>\n\n\n\n<p><strong>Polliana Martins<\/strong> &#8211; advogada trabalhista, mestre em Direito, especialista em Direito\u00a0 Social e em Gest\u00e3o\u00a0 das Rela\u00e7\u00f5es do Trabalho, vai participar como debatedora.<\/p>\n\n\n\n<p>.<\/p>\n\n\n\n<p><strong>Inscri\u00e7\u00f5es<\/strong><\/p>\n\n\n\n<p>As inscri\u00e7\u00f5es s\u00e3o gratuitas, mas as vagas s\u00e3o limitadas.<\/p>\n\n\n\n<p>\ud83d\udd17 Os interessados podem se inscrever <a href=\"https:\/\/www.sympla.com.br\/evento\/nr-1-empresas-responsaveis-ambientes-seguros\/3323898\">NESTE LINK<\/a>.<br> <\/p>\n\n\n\n<p>O evento conta com a parceria do SESI Sa\u00fade e Seguran\u00e7a no Trabalho (SST) Juiz de Fora e com o apoio da Escola SESI Granbery e dos Sindicatos Patronais filiados \u00e0 FIEMG na Zona da Mata.<\/p>\n\n\n\n<p>.<\/p>\n\n\n\n<figure class=\"wp-block-image size-large is-resized\"><a href=\"https:\/\/www.sympla.com.br\/evento\/nr-1-empresas-responsaveis-ambientes-seguros\/3323898\"><img fetchpriority=\"high\" decoding=\"async\" width=\"737\" height=\"1024\" src=\"https:\/\/www.fiemg.com.br\/regional-zona-da-mata\/wp-content\/uploads\/sites\/26\/2026\/03\/Seminario-NR1-11-03-26-png-1-737x1024.png\" alt=\"\" class=\"wp-image-5362\" style=\"width:455px;height:auto\" srcset=\"https:\/\/www.fiemg.com.br\/regional-zona-da-mata\/wp-content\/uploads\/sites\/26\/2026\/03\/Seminario-NR1-11-03-26-png-1-737x1024.png 737w, https:\/\/www.fiemg.com.br\/regional-zona-da-mata\/wp-content\/uploads\/sites\/26\/2026\/03\/Seminario-NR1-11-03-26-png-1-216x300.png 216w, https:\/\/www.fiemg.com.br\/regional-zona-da-mata\/wp-content\/uploads\/sites\/26\/2026\/03\/Seminario-NR1-11-03-26-png-1-768x1067.png 768w, https:\/\/www.fiemg.com.br\/regional-zona-da-mata\/wp-content\/uploads\/sites\/26\/2026\/03\/Seminario-NR1-11-03-26-png-1.png 1080w\" sizes=\"(max-width: 737px) 100vw, 737px\" \/><\/a><\/figure>\n\n\n\n<p>.<\/p>\n\n\n\n<p><strong>Servi\u00e7o<\/strong><\/p>\n\n\n\n<p><strong>Semin\u00e1rio Empresarial: NR-1 \u2013 Empresas Respons\u00e1veis, Ambientes Seguros<\/strong><\/p>\n\n\n\n<p>\ud83d\udcc5 Data: 11 de mar\u00e7o<\/p>\n\n\n\n<p>\u23f0 Hor\u00e1rio: 8h30 \u00e0s 12h30<\/p>\n\n\n\n<p>\ud83d\udccd Local: FIEMG Regional Zona da Mata \u2013 Rua Batista de Oliveira, 1145, Granbery \u2013 Juiz de Fora (MG)<\/p>\n\n\n\n<p>\ud83c\udf9f Inscri\u00e7\u00f5es gratuitas <a href=\"https:\/\/www.sympla.com.br\/evento\/nr-1-empresas-responsaveis-ambientes-seguros\/3323898\">AQUI<\/a>.<\/p>\n\n\n\n<p><\/p>\n","protected":false},"featured_media":5359,"template":"","categories":[15],"tags":[],"class_list":["post-5357","noticias","type-noticias","status-publish","has-post-thumbnail","hentry","category-desenvolvimento-industrial"],"acf":[],"yoast_head":"<!-- This site is optimized with the Yoast SEO plugin v26.2 - https:\/\/yoast.com\/wordpress\/plugins\/seo\/ -->\n<title>FIEMG Regional Zona da Mata promove semin\u00e1rio sobre NR-1 e gest\u00e3o de riscos psicossociais nas empresas - Regional Zona da Mata<\/title>\n<meta name=\"robots\" content=\"index, follow, max-snippet:-1, max-image-preview:large, max-video-preview:-1\" \/>\n<link rel=\"canonical\" href=\"https:\/\/www.fiemg.com.br\/regional-zona-da-mata\/noticias\/fiemg-regional-zona-da-mata-promove-seminario-sobre-nr-1-e-gestao-de-riscos-psicossociais-nas-empresas\/\" \/>\n<meta property=\"og:locale\" content=\"pt_BR\" \/>\n<meta property=\"og:type\" content=\"article\" \/>\n<meta property=\"og:title\" content=\"FIEMG Regional Zona da Mata promove semin\u00e1rio sobre NR-1 e gest\u00e3o de riscos psicossociais nas empresas - Regional Zona da Mata\" \/>\n<meta property=\"og:description\" content=\"A FIEMG Regional Zona da Mata promove, no dia 11 de mar\u00e7o, em Juiz de Fora, o Semin\u00e1rio Empresarial \u201cNR-1: Empresas Respons\u00e1veis, Ambientes Seguros\u201d, iniciativa voltada a discutir os impactos da Norma Regulamentadora n\u00ba 1 (NR-1) e os desafios relacionados \u00e0 gest\u00e3o dos riscos psicossociais e \u00e0 sa\u00fade mental no ambiente de trabalho. O encontro [&hellip;]\" \/>\n<meta property=\"og:url\" content=\"https:\/\/www.fiemg.com.br\/regional-zona-da-mata\/noticias\/fiemg-regional-zona-da-mata-promove-seminario-sobre-nr-1-e-gestao-de-riscos-psicossociais-nas-empresas\/\" \/>\n<meta property=\"og:site_name\" content=\"Regional Zona da Mata\" \/>\n<meta property=\"article:modified_time\" content=\"2026-03-05T18:19:47+00:00\" \/>\n<meta property=\"og:image\" content=\"https:\/\/www.fiemg.com.br\/regional-zona-da-mata\/wp-content\/uploads\/sites\/26\/2026\/03\/Design-sem-nome-28.png\" \/>\n\t<meta property=\"og:image:width\" content=\"512\" \/>\n\t<meta property=\"og:image:height\" content=\"512\" \/>\n\t<meta property=\"og:image:type\" content=\"image\/png\" \/>\n<meta name=\"twitter:card\" content=\"summary_large_image\" \/>\n<meta name=\"twitter:label1\" content=\"Est. tempo de leitura\" \/>\n\t<meta name=\"twitter:data1\" content=\"4 minutos\" \/>\n<script type=\"application\/ld+json\" class=\"yoast-schema-graph\">{\"@context\":\"https:\/\/schema.org\",\"@graph\":[{\"@type\":\"WebPage\",\"@id\":\"https:\/\/www.fiemg.com.br\/regional-zona-da-mata\/noticias\/fiemg-regional-zona-da-mata-promove-seminario-sobre-nr-1-e-gestao-de-riscos-psicossociais-nas-empresas\/\",\"url\":\"https:\/\/www.fiemg.com.br\/regional-zona-da-mata\/noticias\/fiemg-regional-zona-da-mata-promove-seminario-sobre-nr-1-e-gestao-de-riscos-psicossociais-nas-empresas\/\",\"name\":\"FIEMG Regional Zona da Mata promove semin\u00e1rio sobre NR-1 e gest\u00e3o de riscos psicossociais nas empresas - Regional Zona da Mata\",\"isPartOf\":{\"@id\":\"https:\/\/www.fiemg.com.br\/regional-zona-da-mata\/#website\"},\"primaryImageOfPage\":{\"@id\":\"https:\/\/www.fiemg.com.br\/regional-zona-da-mata\/noticias\/fiemg-regional-zona-da-mata-promove-seminario-sobre-nr-1-e-gestao-de-riscos-psicossociais-nas-empresas\/#primaryimage\"},\"image\":{\"@id\":\"https:\/\/www.fiemg.com.br\/regional-zona-da-mata\/noticias\/fiemg-regional-zona-da-mata-promove-seminario-sobre-nr-1-e-gestao-de-riscos-psicossociais-nas-empresas\/#primaryimage\"},\"thumbnailUrl\":\"https:\/\/www.fiemg.com.br\/regional-zona-da-mata\/wp-content\/uploads\/sites\/26\/2026\/03\/Design-sem-nome-28.png\",\"datePublished\":\"2026-03-05T15:13:21+00:00\",\"dateModified\":\"2026-03-05T18:19:47+00:00\",\"breadcrumb\":{\"@id\":\"https:\/\/www.fiemg.com.br\/regional-zona-da-mata\/noticias\/fiemg-regional-zona-da-mata-promove-seminario-sobre-nr-1-e-gestao-de-riscos-psicossociais-nas-empresas\/#breadcrumb\"},\"inLanguage\":\"pt-BR\",\"potentialAction\":[{\"@type\":\"ReadAction\",\"target\":[\"https:\/\/www.fiemg.com.br\/regional-zona-da-mata\/noticias\/fiemg-regional-zona-da-mata-promove-seminario-sobre-nr-1-e-gestao-de-riscos-psicossociais-nas-empresas\/\"]}]},{\"@type\":\"ImageObject\",\"inLanguage\":\"pt-BR\",\"@id\":\"https:\/\/www.fiemg.com.br\/regional-zona-da-mata\/noticias\/fiemg-regional-zona-da-mata-promove-seminario-sobre-nr-1-e-gestao-de-riscos-psicossociais-nas-empresas\/#primaryimage\",\"url\":\"https:\/\/www.fiemg.com.br\/regional-zona-da-mata\/wp-content\/uploads\/sites\/26\/2026\/03\/Design-sem-nome-28.png\",\"contentUrl\":\"https:\/\/www.fiemg.com.br\/regional-zona-da-mata\/wp-content\/uploads\/sites\/26\/2026\/03\/Design-sem-nome-28.png\",\"width\":512,\"height\":512},{\"@type\":\"BreadcrumbList\",\"@id\":\"https:\/\/www.fiemg.com.br\/regional-zona-da-mata\/noticias\/fiemg-regional-zona-da-mata-promove-seminario-sobre-nr-1-e-gestao-de-riscos-psicossociais-nas-empresas\/#breadcrumb\",\"itemListElement\":[{\"@type\":\"ListItem\",\"position\":1,\"name\":\"In\u00edcio\",\"item\":\"https:\/\/www.fiemg.com.br\/regional-zona-da-mata\/\"},{\"@type\":\"ListItem\",\"position\":2,\"name\":\"FIEMG Regional Zona da Mata promove semin\u00e1rio sobre NR-1 e gest\u00e3o de riscos psicossociais nas empresas\"}]},{\"@type\":\"WebSite\",\"@id\":\"https:\/\/www.fiemg.com.br\/regional-zona-da-mata\/#website\",\"url\":\"https:\/\/www.fiemg.com.br\/regional-zona-da-mata\/\",\"name\":\"Regional Zona da Mata\",\"description\":\"Federa\u00e7\u00e3o das Ind\u00fastrias do Estado de Minas Gerais\",\"publisher\":{\"@id\":\"https:\/\/www.fiemg.com.br\/regional-zona-da-mata\/#organization\"},\"potentialAction\":[{\"@type\":\"SearchAction\",\"target\":{\"@type\":\"EntryPoint\",\"urlTemplate\":\"https:\/\/www.fiemg.com.br\/regional-zona-da-mata\/?s={search_term_string}\"},\"query-input\":{\"@type\":\"PropertyValueSpecification\",\"valueRequired\":true,\"valueName\":\"search_term_string\"}}],\"inLanguage\":\"pt-BR\"},{\"@type\":\"Organization\",\"@id\":\"https:\/\/www.fiemg.com.br\/regional-zona-da-mata\/#organization\",\"name\":\"Regional Zona da Mata\",\"url\":\"https:\/\/www.fiemg.com.br\/regional-zona-da-mata\/\",\"logo\":{\"@type\":\"ImageObject\",\"inLanguage\":\"pt-BR\",\"@id\":\"https:\/\/www.fiemg.com.br\/regional-zona-da-mata\/#\/schema\/logo\/image\/\",\"url\":\"https:\/\/www.fiemg.com.br\/regional-zona-da-mata\/wp-content\/uploads\/sites\/26\/2023\/02\/Ativo-1.png\",\"contentUrl\":\"https:\/\/www.fiemg.com.br\/regional-zona-da-mata\/wp-content\/uploads\/sites\/26\/2023\/02\/Ativo-1.png\",\"width\":563,\"height\":149,\"caption\":\"Regional Zona da Mata\"},\"image\":{\"@id\":\"https:\/\/www.fiemg.com.br\/regional-zona-da-mata\/#\/schema\/logo\/image\/\"}}]}<\/script>\n<!-- \/ Yoast SEO plugin. -->","yoast_head_json":{"title":"FIEMG Regional Zona da Mata promove semin\u00e1rio sobre NR-1 e gest\u00e3o de riscos psicossociais nas empresas - Regional Zona da Mata","robots":{"index":"index","follow":"follow","max-snippet":"max-snippet:-1","max-image-preview":"max-image-preview:large","max-video-preview":"max-video-preview:-1"},"canonical":"https:\/\/www.fiemg.com.br\/regional-zona-da-mata\/noticias\/fiemg-regional-zona-da-mata-promove-seminario-sobre-nr-1-e-gestao-de-riscos-psicossociais-nas-empresas\/","og_locale":"pt_BR","og_type":"article","og_title":"FIEMG Regional Zona da Mata promove semin\u00e1rio sobre NR-1 e gest\u00e3o de riscos psicossociais nas empresas - Regional Zona da Mata","og_description":"A FIEMG Regional Zona da Mata promove, no dia 11 de mar\u00e7o, em Juiz de Fora, o Semin\u00e1rio Empresarial \u201cNR-1: Empresas Respons\u00e1veis, Ambientes Seguros\u201d, iniciativa voltada a discutir os impactos da Norma Regulamentadora n\u00ba 1 (NR-1) e os desafios relacionados \u00e0 gest\u00e3o dos riscos psicossociais e \u00e0 sa\u00fade mental no ambiente de trabalho. O encontro [&hellip;]","og_url":"https:\/\/www.fiemg.com.br\/regional-zona-da-mata\/noticias\/fiemg-regional-zona-da-mata-promove-seminario-sobre-nr-1-e-gestao-de-riscos-psicossociais-nas-empresas\/","og_site_name":"Regional Zona da Mata","article_modified_time":"2026-03-05T18:19:47+00:00","og_image":[{"width":512,"height":512,"url":"https:\/\/www.fiemg.com.br\/regional-zona-da-mata\/wp-content\/uploads\/sites\/26\/2026\/03\/Design-sem-nome-28.png","type":"image\/png"}],"twitter_card":"summary_large_image","twitter_misc":{"Est. tempo de leitura":"4 minutos"},"schema":{"@context":"https:\/\/schema.org","@graph":[{"@type":"WebPage","@id":"https:\/\/www.fiemg.com.br\/regional-zona-da-mata\/noticias\/fiemg-regional-zona-da-mata-promove-seminario-sobre-nr-1-e-gestao-de-riscos-psicossociais-nas-empresas\/","url":"https:\/\/www.fiemg.com.br\/regional-zona-da-mata\/noticias\/fiemg-regional-zona-da-mata-promove-seminario-sobre-nr-1-e-gestao-de-riscos-psicossociais-nas-empresas\/","name":"FIEMG Regional Zona da Mata promove semin\u00e1rio sobre NR-1 e gest\u00e3o de riscos psicossociais nas empresas - Regional Zona da Mata","isPartOf":{"@id":"https:\/\/www.fiemg.com.br\/regional-zona-da-mata\/#website"},"primaryImageOfPage":{"@id":"https:\/\/www.fiemg.com.br\/regional-zona-da-mata\/noticias\/fiemg-regional-zona-da-mata-promove-seminario-sobre-nr-1-e-gestao-de-riscos-psicossociais-nas-empresas\/#primaryimage"},"image":{"@id":"https:\/\/www.fiemg.com.br\/regional-zona-da-mata\/noticias\/fiemg-regional-zona-da-mata-promove-seminario-sobre-nr-1-e-gestao-de-riscos-psicossociais-nas-empresas\/#primaryimage"},"thumbnailUrl":"https:\/\/www.fiemg.com.br\/regional-zona-da-mata\/wp-content\/uploads\/sites\/26\/2026\/03\/Design-sem-nome-28.png","datePublished":"2026-03-05T15:13:21+00:00","dateModified":"2026-03-05T18:19:47+00:00","breadcrumb":{"@id":"https:\/\/www.fiemg.com.br\/regional-zona-da-mata\/noticias\/fiemg-regional-zona-da-mata-promove-seminario-sobre-nr-1-e-gestao-de-riscos-psicossociais-nas-empresas\/#breadcrumb"},"inLanguage":"pt-BR","potentialAction":[{"@type":"ReadAction","target":["https:\/\/www.fiemg.com.br\/regional-zona-da-mata\/noticias\/fiemg-regional-zona-da-mata-promove-seminario-sobre-nr-1-e-gestao-de-riscos-psicossociais-nas-empresas\/"]}]},{"@type":"ImageObject","inLanguage":"pt-BR","@id":"https:\/\/www.fiemg.com.br\/regional-zona-da-mata\/noticias\/fiemg-regional-zona-da-mata-promove-seminario-sobre-nr-1-e-gestao-de-riscos-psicossociais-nas-empresas\/#primaryimage","url":"https:\/\/www.fiemg.com.br\/regional-zona-da-mata\/wp-content\/uploads\/sites\/26\/2026\/03\/Design-sem-nome-28.png","contentUrl":"https:\/\/www.fiemg.com.br\/regional-zona-da-mata\/wp-content\/uploads\/sites\/26\/2026\/03\/Design-sem-nome-28.png","width":512,"height":512},{"@type":"BreadcrumbList","@id":"https:\/\/www.fiemg.com.br\/regional-zona-da-mata\/noticias\/fiemg-regional-zona-da-mata-promove-seminario-sobre-nr-1-e-gestao-de-riscos-psicossociais-nas-empresas\/#breadcrumb","itemListElement":[{"@type":"ListItem","position":1,"name":"In\u00edcio","item":"https:\/\/www.fiemg.com.br\/regional-zona-da-mata\/"},{"@type":"ListItem","position":2,"name":"FIEMG Regional Zona da Mata promove semin\u00e1rio sobre NR-1 e gest\u00e3o de riscos psicossociais nas empresas"}]},{"@type":"WebSite","@id":"https:\/\/www.fiemg.com.br\/regional-zona-da-mata\/#website","url":"https:\/\/www.fiemg.com.br\/regional-zona-da-mata\/","name":"Regional Zona da Mata","description":"Federa\u00e7\u00e3o das Ind\u00fastrias do Estado de Minas Gerais","publisher":{"@id":"https:\/\/www.fiemg.com.br\/regional-zona-da-mata\/#organization"},"potentialAction":[{"@type":"SearchAction","target":{"@type":"EntryPoint","urlTemplate":"https:\/\/www.fiemg.com.br\/regional-zona-da-mata\/?s={search_term_string}"},"query-input":{"@type":"PropertyValueSpecification","valueRequired":true,"valueName":"search_term_string"}}],"inLanguage":"pt-BR"},{"@type":"Organization","@id":"https:\/\/www.fiemg.com.br\/regional-zona-da-mata\/#organization","name":"Regional Zona da Mata","url":"https:\/\/www.fiemg.com.br\/regional-zona-da-mata\/","logo":{"@type":"ImageObject","inLanguage":"pt-BR","@id":"https:\/\/www.fiemg.com.br\/regional-zona-da-mata\/#\/schema\/logo\/image\/","url":"https:\/\/www.fiemg.com.br\/regional-zona-da-mata\/wp-content\/uploads\/sites\/26\/2023\/02\/Ativo-1.png","contentUrl":"https:\/\/www.fiemg.com.br\/regional-zona-da-mata\/wp-content\/uploads\/sites\/26\/2023\/02\/Ativo-1.png","width":563,"height":149,"caption":"Regional Zona da Mata"},"image":{"@id":"https:\/\/www.fiemg.com.br\/regional-zona-da-mata\/#\/schema\/logo\/image\/"}}]}},"_links":{"self":[{"href":"https:\/\/www.fiemg.com.br\/regional-zona-da-mata\/wp-json\/wp\/v2\/noticias\/5357","targetHints":{"allow":["GET"]}}],"collection":[{"href":"https:\/\/www.fiemg.com.br\/regional-zona-da-mata\/wp-json\/wp\/v2\/noticias"}],"about":[{"href":"https:\/\/www.fiemg.com.br\/regional-zona-da-mata\/wp-json\/wp\/v2\/types\/noticias"}],"wp:featuredmedia":[{"embeddable":true,"href":"https:\/\/www.fiemg.com.br\/regional-zona-da-mata\/wp-json\/wp\/v2\/media\/5359"}],"wp:attachment":[{"href":"https:\/\/www.fiemg.com.br\/regional-zona-da-mata\/wp-json\/wp\/v2\/media?parent=5357"}],"wp:term":[{"taxonomy":"category","embeddable":true,"href":"https:\/\/www.fiemg.com.br\/regional-zona-da-mata\/wp-json\/wp\/v2\/categories?post=5357"},{"taxonomy":"post_tag","embeddable":true,"href":"https:\/\/www.fiemg.com.br\/regional-zona-da-mata\/wp-json\/wp\/v2\/tags?post=5357"}],"curies":[{"name":"wp","href":"https:\/\/api.w.org\/{rel}","templated":true}]}}