{"id":5372,"date":"2026-03-10T14:18:51","date_gmt":"2026-03-10T17:18:51","guid":{"rendered":"https:\/\/www.fiemg.com.br\/regional-zona-da-mata\/?post_type=noticias&#038;p=5372"},"modified":"2026-03-13T13:59:35","modified_gmt":"2026-03-13T16:59:35","slug":"fiemg-regional-zona-da-mata-e-arcelormittal-fortalecem-parceria-institucional-e-discutem-acoes-de-apoio-a-regiao","status":"publish","type":"noticias","link":"https:\/\/www.fiemg.com.br\/regional-zona-da-mata\/noticias\/fiemg-regional-zona-da-mata-e-arcelormittal-fortalecem-parceria-institucional-e-discutem-acoes-de-apoio-a-regiao\/","title":{"rendered":"FIEMG Regional Zona da Mata e ArcelorMittal fortalecem parceria institucional e discutem a\u00e7\u00f5es de apoio \u00e0 regi\u00e3o"},"content":{"rendered":"\n<p>A FIEMG Regional Zona da Mata recebeu, no dia 5 de mar\u00e7o, em sua sede em Juiz de Fora, representantes da ArcelorMittal para uma reuni\u00e3o institucional voltada ao fortalecimento do relacionamento entre a Federa\u00e7\u00e3o e a empresa. O encontro tamb\u00e9m marcou a apresenta\u00e7\u00e3o do novo diretor industrial da unidade da ArcelorMittal em Juiz de Fora, Paulo Marcelo Rodrigues, al\u00e9m da discuss\u00e3o de iniciativas conjuntas em defesa de interesses da ind\u00fastria e de apoio \u00e0s cidades da regi\u00e3o afetadas pelas recentes chuvas.<\/p>\n\n\n\n<p>Participaram da reuni\u00e3o Mari\u00e2ngela Marcon, presidente da FIEMG Regional Zona da Mata e do Sindicato das Ind\u00fastrias do Vestu\u00e1rio de Juiz de Fora e Governador Valadares e das Ind\u00fastrias de Malharias de Juiz de Fora (Sindivest JF-GV) e Ana L\u00facia Machado Sabino, presidente do Sindicato das Ind\u00fastrias Metal\u00fargicas, Mec\u00e2nicas e de Material El\u00e9trico de Juiz de Fora (Metal JF), entidade a qual a Arcelor Mittal \u00e9 associada.<\/p>\n\n\n\n<p>Tamb\u00e9m representando a FIEMG, acompanharam o encontro a consultora interna de Comunica\u00e7\u00e3o, Graciele Vianna; e o analista de Rela\u00e7\u00f5es Empresariais, Gilmar Peixoto. Pela Arcellor Mittal, estiveram presentes, al\u00e9m do diretor Paulo Marcelo, integrantes das equipes de comunica\u00e7\u00e3o das unidades de Belo Horizonte e Juiz de Fora: Andr\u00e9 Barreto (Rela\u00e7\u00f5es Institucionais); Fernanda Geuber (assessora de Imprensa) e Ivie Morais (analista de Comunica\u00e7\u00e3o).<\/p>\n\n\n\n<p>Durante a reuni\u00e3o, Mari\u00e2ngela Marcon deu as boas-vindas ao novo diretor e destacou a import\u00e2ncia da aproxima\u00e7\u00e3o entre a FIEMG e empresas de grande relev\u00e2ncia para a economia regional. \u201c\u00c9 sempre muito importante estreitar o relacionamento com empresas que t\u00eam forte presen\u00e7a na nossa regi\u00e3o e grande contribui\u00e7\u00e3o para o desenvolvimento industrial. A FIEMG est\u00e1 de portas abertas para construir parcerias, promover o di\u00e1logo institucional e apoiar iniciativas que fortale\u00e7am a ind\u00fastria e a economia local\u201d, afirmou.<\/p>\n\n\n\n<p><strong>Parcerias para desenvolvimento e qualifica\u00e7\u00e3o<\/strong><\/p>\n\n\n\n<p>Durante o encontro, Paulo Marcelo destacou o compromisso da ArcelorMittal com o fortalecimento das comunidades onde a empresa est\u00e1 inserida e ressaltou que a unidade de Juiz de Fora \u00e9 reconhecida pelo alto n\u00edvel de produtividade e pela qualidade de sua equipe. Segundo ele, a cidade possui tradi\u00e7\u00e3o industrial e \u00e9 reconhecida como um importante celeiro de talentos para o setor sider\u00fargico no Brasil.<\/p>\n\n\n\n<p>O diretor tamb\u00e9m enfatizou a import\u00e2ncia da qualifica\u00e7\u00e3o profissional e da forma\u00e7\u00e3o t\u00e9cnica para o desenvolvimento das equipes e da ind\u00fastria. \u201cEu acredito muito na forma\u00e7\u00e3o t\u00e9cnica e na capacita\u00e7\u00e3o das pessoas. O crescimento das empresas passa necessariamente pelo investimento no conhecimento e na qualifica\u00e7\u00e3o dos profissionais\u201d, afirmou. Mari\u00e2ngela ressaltou que a FIEMG Regional Zona da Mata e o SENAI est\u00e3o preparados para apoiar as empresas com cursos e treinamentos personalizados, desenvolvidos de acordo com as demandas espec\u00edficas de cada organiza\u00e7\u00e3o.<\/p>\n\n\n\n<p><strong>Conselho Estrat\u00e9gico da Zona da Mata<\/strong><\/p>\n\n\n\n<p>Durante a reuni\u00e3o, a presidente da FIEMG Regional ZM apresentou ainda o projeto de cria\u00e7\u00e3o de um Conselho Estrat\u00e9gico da Zona da Mata, iniciativa que reunir\u00e1 cerca de 30 grandes empresas da regi\u00e3o, com o objetivo de alinhar pautas estrat\u00e9gicas e fortalecer a atua\u00e7\u00e3o conjunta na defesa de interesses da ind\u00fastria. A proposta foi apresentada \u00e0 ArcelorMittal, que aceitou prontamente o convite para participar da iniciativa. \u201cA ideia \u00e9 harmonizar pautas estrat\u00e9gicas da ind\u00fastria e construir uma atua\u00e7\u00e3o conjunta em defesa do desenvolvimento regional. Quando as grandes empresas se unem, criam tamb\u00e9m oportunidades para o fortalecimento das pequenas e m\u00e9dias empresas da regi\u00e3o\u201d, explicou Mari\u00e2ngela.<\/p>\n\n\n\n<p>A presidente do Metal JF, Ana L\u00facia Machado Sabino, refor\u00e7ou esse ponto ao destacar que o apoio das grandes empresas \u00e9 fundamental para o crescimento das cadeias produtivas locais. \u201cO fortalecimento das pequenas e m\u00e9dias empresas passa tamb\u00e9m pelo apoio das grandes organiza\u00e7\u00f5es que atuam na regi\u00e3o\u201d, afirmou.<\/p>\n\n\n\n<p><strong>A\u00e7\u00f5es de apoio ap\u00f3s as chuvas<\/strong><\/p>\n\n\n\n<p>Outro tema central da reuni\u00e3o foi o impacto das fortes chuvas que atingiram a Zona da Mata, especialmente cidades como Juiz de Fora e Ub\u00e1. Mari\u00e2ngela destacou o plano de a\u00e7\u00e3o da FIEMG, que contou com a doa\u00e7\u00e3o de R$ 1 milh\u00e3o, al\u00e9m de itens como colch\u00f5es, cal\u00e7ados, leite e campanha de arrecada\u00e7\u00e3o de recursos e itens essenciais. \u201cA fase inicial foi de atendimento imediato \u00e0s necessidades da comunidade, mas agora precisamos olhar para o m\u00e9dio e longo prazo, com a\u00e7\u00f5es estruturadas que contribuam para a recupera\u00e7\u00e3o das cidades e da atividade econ\u00f4mica\u201d, afirmou.<\/p>\n\n\n\n<p>Paulo Marcelo apresentou as iniciativas solid\u00e1rias da ArcelorMittal para apoiar as v\u00edtimas das chuvas, incluindo uma campanha nacional de arrecada\u00e7\u00e3o entre os cerca de 20 mil empregados da empresa no Brasil, por meio de doa\u00e7\u00f5es via Pix. Para ampliar o impacto da mobiliza\u00e7\u00e3o, a empresa anunciou que vai dobrar o valor arrecadado pelos empregados, destinando o montante \u00e0 ajuda humanit\u00e1ria. Os recursos ser\u00e3o geridos pela CUFA (Central \u00danica de Favelas), entidade com ampla experi\u00eancia em a\u00e7\u00f5es emergenciais e apoio a comunidades em situa\u00e7\u00f5es de crise. Al\u00e9m disso, a empresa tamb\u00e9m realizou doa\u00e7\u00f5es de equipamentos de prote\u00e7\u00e3o para a Defesa Civil, al\u00e9m de promover uma mobiliza\u00e7\u00e3o solid\u00e1ria interna para arrecada\u00e7\u00e3o de donativos destinados \u00e0s fam\u00edlias atingidas.<\/p>\n\n\n\n<p>Ao final do encontro, FIEMG e ArcelorMittal refor\u00e7aram o compromisso de ampliar o di\u00e1logo e construir parcerias voltadas ao fortalecimento da ind\u00fastria e ao desenvolvimento da regi\u00e3o. A reuni\u00e3o evidenciou a import\u00e2ncia da coopera\u00e7\u00e3o entre grandes empresas, institui\u00e7\u00f5es representativas e entidades do setor produtivo para enfrentar desafios regionais e criar oportunidades de crescimento econ\u00f4mico e social.<\/p>\n\n\n\n<figure class=\"wp-block-image size-large is-resized\"><img fetchpriority=\"high\" decoding=\"async\" width=\"768\" height=\"1024\" src=\"https:\/\/www.fiemg.com.br\/regional-zona-da-mata\/wp-content\/uploads\/sites\/26\/2026\/03\/Reuniao-Arcelor-2-768x1024.png\" alt=\"\" class=\"wp-image-5373\" style=\"width:338px;height:auto\" srcset=\"https:\/\/www.fiemg.com.br\/regional-zona-da-mata\/wp-content\/uploads\/sites\/26\/2026\/03\/Reuniao-Arcelor-2-768x1024.png 768w, https:\/\/www.fiemg.com.br\/regional-zona-da-mata\/wp-content\/uploads\/sites\/26\/2026\/03\/Reuniao-Arcelor-2-225x300.png 225w, https:\/\/www.fiemg.com.br\/regional-zona-da-mata\/wp-content\/uploads\/sites\/26\/2026\/03\/Reuniao-Arcelor-2-1152x1536.png 1152w, https:\/\/www.fiemg.com.br\/regional-zona-da-mata\/wp-content\/uploads\/sites\/26\/2026\/03\/Reuniao-Arcelor-2.png 1200w\" sizes=\"(max-width: 768px) 100vw, 768px\" \/><\/figure>\n\n\n\n<p>.<\/p>\n\n\n\n<p><em>Graciele Vianna<\/em><\/p>\n\n\n\n<p><strong>Imprensa FIEMG<\/strong><\/p>\n","protected":false},"featured_media":5374,"template":"","categories":[15],"tags":[],"class_list":["post-5372","noticias","type-noticias","status-publish","has-post-thumbnail","hentry","category-desenvolvimento-industrial"],"acf":[],"yoast_head":"<!-- This site is optimized with the Yoast SEO plugin v26.2 - https:\/\/yoast.com\/wordpress\/plugins\/seo\/ -->\n<title>FIEMG Regional Zona da Mata e ArcelorMittal fortalecem parceria institucional e discutem a\u00e7\u00f5es de apoio \u00e0 regi\u00e3o - Regional Zona da Mata<\/title>\n<meta name=\"robots\" content=\"index, follow, max-snippet:-1, max-image-preview:large, max-video-preview:-1\" \/>\n<link rel=\"canonical\" href=\"https:\/\/www.fiemg.com.br\/regional-zona-da-mata\/noticias\/fiemg-regional-zona-da-mata-e-arcelormittal-fortalecem-parceria-institucional-e-discutem-acoes-de-apoio-a-regiao\/\" \/>\n<meta property=\"og:locale\" content=\"pt_BR\" \/>\n<meta property=\"og:type\" content=\"article\" \/>\n<meta property=\"og:title\" content=\"FIEMG Regional Zona da Mata e ArcelorMittal fortalecem parceria institucional e discutem a\u00e7\u00f5es de apoio \u00e0 regi\u00e3o - Regional Zona da Mata\" \/>\n<meta property=\"og:description\" content=\"A FIEMG Regional Zona da Mata recebeu, no dia 5 de mar\u00e7o, em sua sede em Juiz de Fora, representantes da ArcelorMittal para uma reuni\u00e3o institucional voltada ao fortalecimento do relacionamento entre a Federa\u00e7\u00e3o e a empresa. O encontro tamb\u00e9m marcou a apresenta\u00e7\u00e3o do novo diretor industrial da unidade da ArcelorMittal em Juiz de Fora, [&hellip;]\" \/>\n<meta property=\"og:url\" content=\"https:\/\/www.fiemg.com.br\/regional-zona-da-mata\/noticias\/fiemg-regional-zona-da-mata-e-arcelormittal-fortalecem-parceria-institucional-e-discutem-acoes-de-apoio-a-regiao\/\" \/>\n<meta property=\"og:site_name\" content=\"Regional Zona da Mata\" \/>\n<meta property=\"article:modified_time\" content=\"2026-03-13T16:59:35+00:00\" \/>\n<meta property=\"og:image\" content=\"https:\/\/www.fiemg.com.br\/regional-zona-da-mata\/wp-content\/uploads\/sites\/26\/2026\/03\/Reuniao-Arcelor-peq.png\" \/>\n\t<meta property=\"og:image:width\" content=\"512\" \/>\n\t<meta property=\"og:image:height\" content=\"512\" \/>\n\t<meta property=\"og:image:type\" content=\"image\/png\" \/>\n<meta name=\"twitter:card\" content=\"summary_large_image\" \/>\n<meta name=\"twitter:label1\" content=\"Est. tempo de leitura\" \/>\n\t<meta name=\"twitter:data1\" content=\"6 minutos\" \/>\n<script type=\"application\/ld+json\" class=\"yoast-schema-graph\">{\"@context\":\"https:\/\/schema.org\",\"@graph\":[{\"@type\":\"WebPage\",\"@id\":\"https:\/\/www.fiemg.com.br\/regional-zona-da-mata\/noticias\/fiemg-regional-zona-da-mata-e-arcelormittal-fortalecem-parceria-institucional-e-discutem-acoes-de-apoio-a-regiao\/\",\"url\":\"https:\/\/www.fiemg.com.br\/regional-zona-da-mata\/noticias\/fiemg-regional-zona-da-mata-e-arcelormittal-fortalecem-parceria-institucional-e-discutem-acoes-de-apoio-a-regiao\/\",\"name\":\"FIEMG Regional Zona da Mata e ArcelorMittal fortalecem parceria institucional e discutem a\u00e7\u00f5es de apoio \u00e0 regi\u00e3o - Regional Zona da Mata\",\"isPartOf\":{\"@id\":\"https:\/\/www.fiemg.com.br\/regional-zona-da-mata\/#website\"},\"primaryImageOfPage\":{\"@id\":\"https:\/\/www.fiemg.com.br\/regional-zona-da-mata\/noticias\/fiemg-regional-zona-da-mata-e-arcelormittal-fortalecem-parceria-institucional-e-discutem-acoes-de-apoio-a-regiao\/#primaryimage\"},\"image\":{\"@id\":\"https:\/\/www.fiemg.com.br\/regional-zona-da-mata\/noticias\/fiemg-regional-zona-da-mata-e-arcelormittal-fortalecem-parceria-institucional-e-discutem-acoes-de-apoio-a-regiao\/#primaryimage\"},\"thumbnailUrl\":\"https:\/\/www.fiemg.com.br\/regional-zona-da-mata\/wp-content\/uploads\/sites\/26\/2026\/03\/Reuniao-Arcelor-peq.png\",\"datePublished\":\"2026-03-10T17:18:51+00:00\",\"dateModified\":\"2026-03-13T16:59:35+00:00\",\"breadcrumb\":{\"@id\":\"https:\/\/www.fiemg.com.br\/regional-zona-da-mata\/noticias\/fiemg-regional-zona-da-mata-e-arcelormittal-fortalecem-parceria-institucional-e-discutem-acoes-de-apoio-a-regiao\/#breadcrumb\"},\"inLanguage\":\"pt-BR\",\"potentialAction\":[{\"@type\":\"ReadAction\",\"target\":[\"https:\/\/www.fiemg.com.br\/regional-zona-da-mata\/noticias\/fiemg-regional-zona-da-mata-e-arcelormittal-fortalecem-parceria-institucional-e-discutem-acoes-de-apoio-a-regiao\/\"]}]},{\"@type\":\"ImageObject\",\"inLanguage\":\"pt-BR\",\"@id\":\"https:\/\/www.fiemg.com.br\/regional-zona-da-mata\/noticias\/fiemg-regional-zona-da-mata-e-arcelormittal-fortalecem-parceria-institucional-e-discutem-acoes-de-apoio-a-regiao\/#primaryimage\",\"url\":\"https:\/\/www.fiemg.com.br\/regional-zona-da-mata\/wp-content\/uploads\/sites\/26\/2026\/03\/Reuniao-Arcelor-peq.png\",\"contentUrl\":\"https:\/\/www.fiemg.com.br\/regional-zona-da-mata\/wp-content\/uploads\/sites\/26\/2026\/03\/Reuniao-Arcelor-peq.png\",\"width\":512,\"height\":512},{\"@type\":\"BreadcrumbList\",\"@id\":\"https:\/\/www.fiemg.com.br\/regional-zona-da-mata\/noticias\/fiemg-regional-zona-da-mata-e-arcelormittal-fortalecem-parceria-institucional-e-discutem-acoes-de-apoio-a-regiao\/#breadcrumb\",\"itemListElement\":[{\"@type\":\"ListItem\",\"position\":1,\"name\":\"In\u00edcio\",\"item\":\"https:\/\/www.fiemg.com.br\/regional-zona-da-mata\/\"},{\"@type\":\"ListItem\",\"position\":2,\"name\":\"Desenvolvimento Industrial\",\"item\":\"https:\/\/www.fiemg.com.br\/regional-zona-da-mata\/category\/desenvolvimento-industrial\/\"},{\"@type\":\"ListItem\",\"position\":3,\"name\":\"FIEMG Regional Zona da Mata e ArcelorMittal fortalecem parceria institucional e discutem a\u00e7\u00f5es de apoio \u00e0 regi\u00e3o\"}]},{\"@type\":\"WebSite\",\"@id\":\"https:\/\/www.fiemg.com.br\/regional-zona-da-mata\/#website\",\"url\":\"https:\/\/www.fiemg.com.br\/regional-zona-da-mata\/\",\"name\":\"Regional Zona da Mata\",\"description\":\"Federa\u00e7\u00e3o das Ind\u00fastrias do Estado de Minas Gerais\",\"publisher\":{\"@id\":\"https:\/\/www.fiemg.com.br\/regional-zona-da-mata\/#organization\"},\"potentialAction\":[{\"@type\":\"SearchAction\",\"target\":{\"@type\":\"EntryPoint\",\"urlTemplate\":\"https:\/\/www.fiemg.com.br\/regional-zona-da-mata\/?s={search_term_string}\"},\"query-input\":{\"@type\":\"PropertyValueSpecification\",\"valueRequired\":true,\"valueName\":\"search_term_string\"}}],\"inLanguage\":\"pt-BR\"},{\"@type\":\"Organization\",\"@id\":\"https:\/\/www.fiemg.com.br\/regional-zona-da-mata\/#organization\",\"name\":\"Regional Zona da Mata\",\"url\":\"https:\/\/www.fiemg.com.br\/regional-zona-da-mata\/\",\"logo\":{\"@type\":\"ImageObject\",\"inLanguage\":\"pt-BR\",\"@id\":\"https:\/\/www.fiemg.com.br\/regional-zona-da-mata\/#\/schema\/logo\/image\/\",\"url\":\"https:\/\/www.fiemg.com.br\/regional-zona-da-mata\/wp-content\/uploads\/sites\/26\/2023\/02\/Ativo-1.png\",\"contentUrl\":\"https:\/\/www.fiemg.com.br\/regional-zona-da-mata\/wp-content\/uploads\/sites\/26\/2023\/02\/Ativo-1.png\",\"width\":563,\"height\":149,\"caption\":\"Regional Zona da Mata\"},\"image\":{\"@id\":\"https:\/\/www.fiemg.com.br\/regional-zona-da-mata\/#\/schema\/logo\/image\/\"}}]}<\/script>\n<!-- \/ Yoast SEO plugin. -->","yoast_head_json":{"title":"FIEMG Regional Zona da Mata e ArcelorMittal fortalecem parceria institucional e discutem a\u00e7\u00f5es de apoio \u00e0 regi\u00e3o - Regional Zona da Mata","robots":{"index":"index","follow":"follow","max-snippet":"max-snippet:-1","max-image-preview":"max-image-preview:large","max-video-preview":"max-video-preview:-1"},"canonical":"https:\/\/www.fiemg.com.br\/regional-zona-da-mata\/noticias\/fiemg-regional-zona-da-mata-e-arcelormittal-fortalecem-parceria-institucional-e-discutem-acoes-de-apoio-a-regiao\/","og_locale":"pt_BR","og_type":"article","og_title":"FIEMG Regional Zona da Mata e ArcelorMittal fortalecem parceria institucional e discutem a\u00e7\u00f5es de apoio \u00e0 regi\u00e3o - Regional Zona da Mata","og_description":"A FIEMG Regional Zona da Mata recebeu, no dia 5 de mar\u00e7o, em sua sede em Juiz de Fora, representantes da ArcelorMittal para uma reuni\u00e3o institucional voltada ao fortalecimento do relacionamento entre a Federa\u00e7\u00e3o e a empresa. O encontro tamb\u00e9m marcou a apresenta\u00e7\u00e3o do novo diretor industrial da unidade da ArcelorMittal em Juiz de Fora, [&hellip;]","og_url":"https:\/\/www.fiemg.com.br\/regional-zona-da-mata\/noticias\/fiemg-regional-zona-da-mata-e-arcelormittal-fortalecem-parceria-institucional-e-discutem-acoes-de-apoio-a-regiao\/","og_site_name":"Regional Zona da Mata","article_modified_time":"2026-03-13T16:59:35+00:00","og_image":[{"width":512,"height":512,"url":"https:\/\/www.fiemg.com.br\/regional-zona-da-mata\/wp-content\/uploads\/sites\/26\/2026\/03\/Reuniao-Arcelor-peq.png","type":"image\/png"}],"twitter_card":"summary_large_image","twitter_misc":{"Est. tempo de leitura":"6 minutos"},"schema":{"@context":"https:\/\/schema.org","@graph":[{"@type":"WebPage","@id":"https:\/\/www.fiemg.com.br\/regional-zona-da-mata\/noticias\/fiemg-regional-zona-da-mata-e-arcelormittal-fortalecem-parceria-institucional-e-discutem-acoes-de-apoio-a-regiao\/","url":"https:\/\/www.fiemg.com.br\/regional-zona-da-mata\/noticias\/fiemg-regional-zona-da-mata-e-arcelormittal-fortalecem-parceria-institucional-e-discutem-acoes-de-apoio-a-regiao\/","name":"FIEMG Regional Zona da Mata e ArcelorMittal fortalecem parceria institucional e discutem a\u00e7\u00f5es de apoio \u00e0 regi\u00e3o - Regional Zona da Mata","isPartOf":{"@id":"https:\/\/www.fiemg.com.br\/regional-zona-da-mata\/#website"},"primaryImageOfPage":{"@id":"https:\/\/www.fiemg.com.br\/regional-zona-da-mata\/noticias\/fiemg-regional-zona-da-mata-e-arcelormittal-fortalecem-parceria-institucional-e-discutem-acoes-de-apoio-a-regiao\/#primaryimage"},"image":{"@id":"https:\/\/www.fiemg.com.br\/regional-zona-da-mata\/noticias\/fiemg-regional-zona-da-mata-e-arcelormittal-fortalecem-parceria-institucional-e-discutem-acoes-de-apoio-a-regiao\/#primaryimage"},"thumbnailUrl":"https:\/\/www.fiemg.com.br\/regional-zona-da-mata\/wp-content\/uploads\/sites\/26\/2026\/03\/Reuniao-Arcelor-peq.png","datePublished":"2026-03-10T17:18:51+00:00","dateModified":"2026-03-13T16:59:35+00:00","breadcrumb":{"@id":"https:\/\/www.fiemg.com.br\/regional-zona-da-mata\/noticias\/fiemg-regional-zona-da-mata-e-arcelormittal-fortalecem-parceria-institucional-e-discutem-acoes-de-apoio-a-regiao\/#breadcrumb"},"inLanguage":"pt-BR","potentialAction":[{"@type":"ReadAction","target":["https:\/\/www.fiemg.com.br\/regional-zona-da-mata\/noticias\/fiemg-regional-zona-da-mata-e-arcelormittal-fortalecem-parceria-institucional-e-discutem-acoes-de-apoio-a-regiao\/"]}]},{"@type":"ImageObject","inLanguage":"pt-BR","@id":"https:\/\/www.fiemg.com.br\/regional-zona-da-mata\/noticias\/fiemg-regional-zona-da-mata-e-arcelormittal-fortalecem-parceria-institucional-e-discutem-acoes-de-apoio-a-regiao\/#primaryimage","url":"https:\/\/www.fiemg.com.br\/regional-zona-da-mata\/wp-content\/uploads\/sites\/26\/2026\/03\/Reuniao-Arcelor-peq.png","contentUrl":"https:\/\/www.fiemg.com.br\/regional-zona-da-mata\/wp-content\/uploads\/sites\/26\/2026\/03\/Reuniao-Arcelor-peq.png","width":512,"height":512},{"@type":"BreadcrumbList","@id":"https:\/\/www.fiemg.com.br\/regional-zona-da-mata\/noticias\/fiemg-regional-zona-da-mata-e-arcelormittal-fortalecem-parceria-institucional-e-discutem-acoes-de-apoio-a-regiao\/#breadcrumb","itemListElement":[{"@type":"ListItem","position":1,"name":"In\u00edcio","item":"https:\/\/www.fiemg.com.br\/regional-zona-da-mata\/"},{"@type":"ListItem","position":2,"name":"Desenvolvimento Industrial","item":"https:\/\/www.fiemg.com.br\/regional-zona-da-mata\/category\/desenvolvimento-industrial\/"},{"@type":"ListItem","position":3,"name":"FIEMG Regional Zona da Mata e ArcelorMittal fortalecem parceria institucional e discutem a\u00e7\u00f5es de apoio \u00e0 regi\u00e3o"}]},{"@type":"WebSite","@id":"https:\/\/www.fiemg.com.br\/regional-zona-da-mata\/#website","url":"https:\/\/www.fiemg.com.br\/regional-zona-da-mata\/","name":"Regional Zona da Mata","description":"Federa\u00e7\u00e3o das Ind\u00fastrias do Estado de Minas Gerais","publisher":{"@id":"https:\/\/www.fiemg.com.br\/regional-zona-da-mata\/#organization"},"potentialAction":[{"@type":"SearchAction","target":{"@type":"EntryPoint","urlTemplate":"https:\/\/www.fiemg.com.br\/regional-zona-da-mata\/?s={search_term_string}"},"query-input":{"@type":"PropertyValueSpecification","valueRequired":true,"valueName":"search_term_string"}}],"inLanguage":"pt-BR"},{"@type":"Organization","@id":"https:\/\/www.fiemg.com.br\/regional-zona-da-mata\/#organization","name":"Regional Zona da Mata","url":"https:\/\/www.fiemg.com.br\/regional-zona-da-mata\/","logo":{"@type":"ImageObject","inLanguage":"pt-BR","@id":"https:\/\/www.fiemg.com.br\/regional-zona-da-mata\/#\/schema\/logo\/image\/","url":"https:\/\/www.fiemg.com.br\/regional-zona-da-mata\/wp-content\/uploads\/sites\/26\/2023\/02\/Ativo-1.png","contentUrl":"https:\/\/www.fiemg.com.br\/regional-zona-da-mata\/wp-content\/uploads\/sites\/26\/2023\/02\/Ativo-1.png","width":563,"height":149,"caption":"Regional Zona da Mata"},"image":{"@id":"https:\/\/www.fiemg.com.br\/regional-zona-da-mata\/#\/schema\/logo\/image\/"}}]}},"_links":{"self":[{"href":"https:\/\/www.fiemg.com.br\/regional-zona-da-mata\/wp-json\/wp\/v2\/noticias\/5372","targetHints":{"allow":["GET"]}}],"collection":[{"href":"https:\/\/www.fiemg.com.br\/regional-zona-da-mata\/wp-json\/wp\/v2\/noticias"}],"about":[{"href":"https:\/\/www.fiemg.com.br\/regional-zona-da-mata\/wp-json\/wp\/v2\/types\/noticias"}],"wp:featuredmedia":[{"embeddable":true,"href":"https:\/\/www.fiemg.com.br\/regional-zona-da-mata\/wp-json\/wp\/v2\/media\/5374"}],"wp:attachment":[{"href":"https:\/\/www.fiemg.com.br\/regional-zona-da-mata\/wp-json\/wp\/v2\/media?parent=5372"}],"wp:term":[{"taxonomy":"category","embeddable":true,"href":"https:\/\/www.fiemg.com.br\/regional-zona-da-mata\/wp-json\/wp\/v2\/categories?post=5372"},{"taxonomy":"post_tag","embeddable":true,"href":"https:\/\/www.fiemg.com.br\/regional-zona-da-mata\/wp-json\/wp\/v2\/tags?post=5372"}],"curies":[{"name":"wp","href":"https:\/\/api.w.org\/{rel}","templated":true}]}}