{"id":5377,"date":"2026-03-11T14:20:37","date_gmt":"2026-03-11T17:20:37","guid":{"rendered":"https:\/\/www.fiemg.com.br\/regional-zona-da-mata\/?post_type=noticias&#038;p=5377"},"modified":"2026-03-13T13:33:53","modified_gmt":"2026-03-13T16:33:53","slug":"fiemg-regional-zm-participa-de-reuniao-para-discussao-de-acoes-para-reconstrucao-de-juiz-de-fora-apos-chuvas","status":"publish","type":"noticias","link":"https:\/\/www.fiemg.com.br\/regional-zona-da-mata\/noticias\/fiemg-regional-zm-participa-de-reuniao-para-discussao-de-acoes-para-reconstrucao-de-juiz-de-fora-apos-chuvas\/","title":{"rendered":"FIEMG Regional ZM participa de reuni\u00e3o para discuss\u00e3o de a\u00e7\u00f5es para reconstru\u00e7\u00e3o de Juiz de Fora ap\u00f3s chuvas"},"content":{"rendered":"\n<p>A presidente da FIEMG Regional Zona da Mata e do Sindicato das Ind\u00fastrias do Vestu\u00e1rio de Juiz de Fora e Governador Valadares e das Ind\u00fastrias de Malharias de Juiz de Fora (Sindivest JF-GV), Mari\u00e2ngela Marcon, participou, no dia 5 de mar\u00e7o, de uma reuni\u00e3o convocada pela Prefeitura de Juiz de Fora, por meio da prefeita Margarida Salom\u00e3o. O encontro reuniu autoridades, representantes de institui\u00e7\u00f5es, entidades empresariais e lideran\u00e7as do setor produtivo para discutir as pr\u00f3ximas a\u00e7\u00f5es diante dos impactos provocados pelas fortes chuvas que atingiram a cidade e a regi\u00e3o.<\/p>\n\n\n\n<p>A reuni\u00e3o foi realizada no audit\u00f3rio do Mercado Central de Juiz de Fora e contou tamb\u00e9m com a participa\u00e7\u00e3o de representantes de sindicatos industriais ligados \u00e0 FIEMG, entre eles Ana L\u00facia Machado Sabino, presidente do Metal JF; Fl\u00e1via Gonzaga, presidente do SIA-JF; e Henrique Thielmann, presidente do Sinquifar.<\/p>\n\n\n\n<p>Na ocasi\u00e3o, a prefeita Margarida Salom\u00e3o apresentou um panorama da situa\u00e7\u00e3o enfrentada pela cidade ap\u00f3s os temporais registrados no final de fevereiro. Segundo ela, na semana da trag\u00e9dia foram registrados 376 mil\u00edmetros de chuva, volume 196 mil\u00edmetros acima do esperado para todo o m\u00eas. A prefeita destacou ainda a vulnerabilidade geogr\u00e1fica do munic\u00edpio. \u201cJuiz de Fora est\u00e1 localizada em uma regi\u00e3o de v\u00e1rzea de rios e serras, o que aumenta a fragilidade da cidade diante de eventos clim\u00e1ticos extremos\u201d, afirmou.<\/p>\n\n\n\n<p>De acordo com Margarida Salom\u00e3o, cerca de 85 mil pessoas vivem atualmente em \u00e1reas de grande risco geol\u00f3gico no munic\u00edpio. Os temporais deixaram 8.800 pessoas desalojadas e 498 desabrigadas, que est\u00e3o sendo acolhidas em 13 escolas municipais. Apesar do cen\u00e1rio desafiador, a prefeita ressaltou a mobiliza\u00e7\u00e3o solid\u00e1ria da popula\u00e7\u00e3o. \u201cA cidade reagiu de forma generosa. J\u00e1 foram arrecadadas e distribu\u00eddas 39 toneladas de alimentos, e a Prefeitura est\u00e1 com um estoque de cerca de 150 toneladas para garantir assist\u00eancia \u00e0s fam\u00edlias atingidas\u201d, afirmou.<\/p>\n\n\n\n<p>A prefeita informou tamb\u00e9m que foi criado um Comit\u00ea de Enfrentamento da Crise, que tem atuado de forma integrada com institui\u00e7\u00f5es e \u00f3rg\u00e3os p\u00fablicos, como o Governo de Minas Gerais, Defesa Civil, Pol\u00edcia Militar, Pol\u00edcia Civil, Ex\u00e9rcito e Corpo de Bombeiros.<\/p>\n\n\n\n<p><strong>Linhas de cr\u00e9dito e programas de reconstru\u00e7\u00e3o<\/strong><\/p>\n\n\n\n<p>Durante o encontro, representantes da Caixa Econ\u00f4mica Federal apresentaram medidas emergenciais para apoiar a popula\u00e7\u00e3o e as empresas afetadas. Entre as a\u00e7\u00f5es anunciadas estavam a abertura do protocolo de calamidade para saque do FGTS, al\u00e9m da cria\u00e7\u00e3o de linhas espec\u00edficas de cr\u00e9dito para empresas impactadas.<\/p>\n\n\n\n<p>A Caixa tamb\u00e9m informou que ser\u00e1 realizado um levantamento para identificar a necessidade de novas moradias para fam\u00edlias que perderam suas casas. As solu\u00e7\u00f5es incluem a utiliza\u00e7\u00e3o do programa Minha Casa, Minha Vida \u2013 modalidade Reconstru\u00e7\u00e3o, com financiamento de im\u00f3veis de at\u00e9 R$ 200 mil.<\/p>\n\n\n\n<p>Segundo a institui\u00e7\u00e3o, im\u00f3veis dispon\u00edveis no mercado ser\u00e3o cadastrados e apresentados \u00e0s fam\u00edlias interessadas. Para unidades com valores superiores, a Caixa prev\u00ea a cria\u00e7\u00e3o de programas de subs\u00eddio para compra assistida, ampliando o acesso \u00e0 moradia.<\/p>\n\n\n\n<p>Representantes do Banco do Brasil tamb\u00e9m participaram da reuni\u00e3o e apresentaram linhas de cr\u00e9dito emergenciais com juros reduzidos para pessoas f\u00edsicas e jur\u00eddicas, al\u00e9m de programas vinculados ao BNDES Emergencial, destinados ao financiamento da recupera\u00e7\u00e3o econ\u00f4mica.<\/p>\n\n\n\n<p><strong>Apoio institucional e mobiliza\u00e7\u00e3o empresarial<\/strong><\/p>\n\n\n\n<p>Tamb\u00e9m se manifestaram durante a reuni\u00e3o o vice-prefeito de Juiz de Fora, Marcelo Detoni, e o presidente da C\u00e2mara Municipal, Jos\u00e9 M\u00e1rcio Garotinho, que destacaram a import\u00e2ncia do engajamento do setor empresarial no processo de reconstru\u00e7\u00e3o da cidade. Ambos ressaltaram que a participa\u00e7\u00e3o das entidades representativas e dos empres\u00e1rios ser\u00e1 fundamental para acelerar a recupera\u00e7\u00e3o econ\u00f4mica e social do munic\u00edpio.<\/p>\n\n\n\n<p>Durante o espa\u00e7o destinado \u00e0s entidades, a presidente da FIEMG Regional ZM, Mari\u00e2ngela Marcon, apresentou o plano de a\u00e7\u00e3o emergencial da Federa\u00e7\u00e3o, que mobilizou toda a estrutura do Sistema FIEMG para apoiar as cidades atingidas. Entre as medidas destacadas est\u00e3o a doa\u00e7\u00e3o de R$ 1 milh\u00e3o ao Servas, valor que est\u00e1 sendo utilizado para a distribui\u00e7\u00e3o de cart\u00f5es humanit\u00e1rios \u00e0s fam\u00edlias afetadas, al\u00e9m da mobiliza\u00e7\u00e3o para a arrecada\u00e7\u00e3o e distribui\u00e7\u00e3o de colch\u00f5es, leite, cal\u00e7ados e outros itens essenciais.<\/p>\n\n\n\n<p>A FIEMG tamb\u00e9m realizou o mapeamento das empresas atingidas e iniciou articula\u00e7\u00f5es junto aos governos estadual e federal para garantir medidas emergenciais de apoio ao setor produtivo, incluindo benef\u00edcios fiscais e acesso a cr\u00e9dito. Outra frente de atua\u00e7\u00e3o envolve o SENAI, que disponibilizou t\u00e9cnicos especializados para avalia\u00e7\u00e3o e conserto gratuito de m\u00e1quinas e equipamentos danificados pelas enchentes, permitindo que as ind\u00fastrias retomem suas atividades com mais rapidez.<\/p>\n\n\n\n<p>Para Mari\u00e2ngela Marcon, o momento exige uni\u00e3o entre poder p\u00fablico, setor produtivo e sociedade civil. \u201c\u00c9 fundamental garantir a continuidade da atividade econ\u00f4mica, proteger os empregos e preservar a dignidade das pessoas. Este \u00e9 o momento de unirmos for\u00e7as para reconstruir a cidade, apoiar as fam\u00edlias atingidas e garantir que Juiz de Fora volte a crescer com ainda mais for\u00e7a\u201d, afirmou.<\/p>\n\n\n\n<p><\/p>\n\n\n\n<p><em>Graciele Vianna<\/em><br><strong>Imprensa FIEMG<\/strong><\/p>\n","protected":false},"featured_media":5379,"template":"","categories":[15],"tags":[],"class_list":["post-5377","noticias","type-noticias","status-publish","has-post-thumbnail","hentry","category-desenvolvimento-industrial"],"acf":[],"yoast_head":"<!-- This site is optimized with the Yoast SEO plugin v26.2 - https:\/\/yoast.com\/wordpress\/plugins\/seo\/ -->\n<title>FIEMG Regional ZM participa de reuni\u00e3o para discuss\u00e3o de a\u00e7\u00f5es para reconstru\u00e7\u00e3o de Juiz de Fora ap\u00f3s chuvas - Regional Zona da Mata<\/title>\n<meta name=\"robots\" content=\"index, follow, max-snippet:-1, max-image-preview:large, max-video-preview:-1\" \/>\n<link rel=\"canonical\" href=\"https:\/\/www.fiemg.com.br\/regional-zona-da-mata\/noticias\/fiemg-regional-zm-participa-de-reuniao-para-discussao-de-acoes-para-reconstrucao-de-juiz-de-fora-apos-chuvas\/\" \/>\n<meta property=\"og:locale\" content=\"pt_BR\" \/>\n<meta property=\"og:type\" content=\"article\" \/>\n<meta property=\"og:title\" content=\"FIEMG Regional ZM participa de reuni\u00e3o para discuss\u00e3o de a\u00e7\u00f5es para reconstru\u00e7\u00e3o de Juiz de Fora ap\u00f3s chuvas - Regional Zona da Mata\" \/>\n<meta property=\"og:description\" content=\"A presidente da FIEMG Regional Zona da Mata e do Sindicato das Ind\u00fastrias do Vestu\u00e1rio de Juiz de Fora e Governador Valadares e das Ind\u00fastrias de Malharias de Juiz de Fora (Sindivest JF-GV), Mari\u00e2ngela Marcon, participou, no dia 5 de mar\u00e7o, de uma reuni\u00e3o convocada pela Prefeitura de Juiz de Fora, por meio da prefeita [&hellip;]\" \/>\n<meta property=\"og:url\" content=\"https:\/\/www.fiemg.com.br\/regional-zona-da-mata\/noticias\/fiemg-regional-zm-participa-de-reuniao-para-discussao-de-acoes-para-reconstrucao-de-juiz-de-fora-apos-chuvas\/\" \/>\n<meta property=\"og:site_name\" content=\"Regional Zona da Mata\" \/>\n<meta property=\"article:modified_time\" content=\"2026-03-13T16:33:53+00:00\" \/>\n<meta property=\"og:image\" content=\"https:\/\/www.fiemg.com.br\/regional-zona-da-mata\/wp-content\/uploads\/sites\/26\/2026\/03\/Reuniao-Prefeitura-Chuvas-peq.png\" \/>\n\t<meta property=\"og:image:width\" content=\"512\" \/>\n\t<meta property=\"og:image:height\" content=\"512\" \/>\n\t<meta property=\"og:image:type\" content=\"image\/png\" \/>\n<meta name=\"twitter:card\" content=\"summary_large_image\" \/>\n<meta name=\"twitter:label1\" content=\"Est. tempo de leitura\" \/>\n\t<meta name=\"twitter:data1\" content=\"5 minutos\" \/>\n<script type=\"application\/ld+json\" class=\"yoast-schema-graph\">{\"@context\":\"https:\/\/schema.org\",\"@graph\":[{\"@type\":\"WebPage\",\"@id\":\"https:\/\/www.fiemg.com.br\/regional-zona-da-mata\/noticias\/fiemg-regional-zm-participa-de-reuniao-para-discussao-de-acoes-para-reconstrucao-de-juiz-de-fora-apos-chuvas\/\",\"url\":\"https:\/\/www.fiemg.com.br\/regional-zona-da-mata\/noticias\/fiemg-regional-zm-participa-de-reuniao-para-discussao-de-acoes-para-reconstrucao-de-juiz-de-fora-apos-chuvas\/\",\"name\":\"FIEMG Regional ZM participa de reuni\u00e3o para discuss\u00e3o de a\u00e7\u00f5es para reconstru\u00e7\u00e3o de Juiz de Fora ap\u00f3s chuvas - Regional Zona da Mata\",\"isPartOf\":{\"@id\":\"https:\/\/www.fiemg.com.br\/regional-zona-da-mata\/#website\"},\"primaryImageOfPage\":{\"@id\":\"https:\/\/www.fiemg.com.br\/regional-zona-da-mata\/noticias\/fiemg-regional-zm-participa-de-reuniao-para-discussao-de-acoes-para-reconstrucao-de-juiz-de-fora-apos-chuvas\/#primaryimage\"},\"image\":{\"@id\":\"https:\/\/www.fiemg.com.br\/regional-zona-da-mata\/noticias\/fiemg-regional-zm-participa-de-reuniao-para-discussao-de-acoes-para-reconstrucao-de-juiz-de-fora-apos-chuvas\/#primaryimage\"},\"thumbnailUrl\":\"https:\/\/www.fiemg.com.br\/regional-zona-da-mata\/wp-content\/uploads\/sites\/26\/2026\/03\/Reuniao-Prefeitura-Chuvas-peq.png\",\"datePublished\":\"2026-03-11T17:20:37+00:00\",\"dateModified\":\"2026-03-13T16:33:53+00:00\",\"breadcrumb\":{\"@id\":\"https:\/\/www.fiemg.com.br\/regional-zona-da-mata\/noticias\/fiemg-regional-zm-participa-de-reuniao-para-discussao-de-acoes-para-reconstrucao-de-juiz-de-fora-apos-chuvas\/#breadcrumb\"},\"inLanguage\":\"pt-BR\",\"potentialAction\":[{\"@type\":\"ReadAction\",\"target\":[\"https:\/\/www.fiemg.com.br\/regional-zona-da-mata\/noticias\/fiemg-regional-zm-participa-de-reuniao-para-discussao-de-acoes-para-reconstrucao-de-juiz-de-fora-apos-chuvas\/\"]}]},{\"@type\":\"ImageObject\",\"inLanguage\":\"pt-BR\",\"@id\":\"https:\/\/www.fiemg.com.br\/regional-zona-da-mata\/noticias\/fiemg-regional-zm-participa-de-reuniao-para-discussao-de-acoes-para-reconstrucao-de-juiz-de-fora-apos-chuvas\/#primaryimage\",\"url\":\"https:\/\/www.fiemg.com.br\/regional-zona-da-mata\/wp-content\/uploads\/sites\/26\/2026\/03\/Reuniao-Prefeitura-Chuvas-peq.png\",\"contentUrl\":\"https:\/\/www.fiemg.com.br\/regional-zona-da-mata\/wp-content\/uploads\/sites\/26\/2026\/03\/Reuniao-Prefeitura-Chuvas-peq.png\",\"width\":512,\"height\":512},{\"@type\":\"BreadcrumbList\",\"@id\":\"https:\/\/www.fiemg.com.br\/regional-zona-da-mata\/noticias\/fiemg-regional-zm-participa-de-reuniao-para-discussao-de-acoes-para-reconstrucao-de-juiz-de-fora-apos-chuvas\/#breadcrumb\",\"itemListElement\":[{\"@type\":\"ListItem\",\"position\":1,\"name\":\"In\u00edcio\",\"item\":\"https:\/\/www.fiemg.com.br\/regional-zona-da-mata\/\"},{\"@type\":\"ListItem\",\"position\":2,\"name\":\"Desenvolvimento Industrial\",\"item\":\"https:\/\/www.fiemg.com.br\/regional-zona-da-mata\/category\/desenvolvimento-industrial\/\"},{\"@type\":\"ListItem\",\"position\":3,\"name\":\"FIEMG Regional ZM participa de reuni\u00e3o para discuss\u00e3o de a\u00e7\u00f5es para reconstru\u00e7\u00e3o de Juiz de Fora ap\u00f3s chuvas\"}]},{\"@type\":\"WebSite\",\"@id\":\"https:\/\/www.fiemg.com.br\/regional-zona-da-mata\/#website\",\"url\":\"https:\/\/www.fiemg.com.br\/regional-zona-da-mata\/\",\"name\":\"Regional Zona da Mata\",\"description\":\"Federa\u00e7\u00e3o das Ind\u00fastrias do Estado de Minas Gerais\",\"publisher\":{\"@id\":\"https:\/\/www.fiemg.com.br\/regional-zona-da-mata\/#organization\"},\"potentialAction\":[{\"@type\":\"SearchAction\",\"target\":{\"@type\":\"EntryPoint\",\"urlTemplate\":\"https:\/\/www.fiemg.com.br\/regional-zona-da-mata\/?s={search_term_string}\"},\"query-input\":{\"@type\":\"PropertyValueSpecification\",\"valueRequired\":true,\"valueName\":\"search_term_string\"}}],\"inLanguage\":\"pt-BR\"},{\"@type\":\"Organization\",\"@id\":\"https:\/\/www.fiemg.com.br\/regional-zona-da-mata\/#organization\",\"name\":\"Regional Zona da Mata\",\"url\":\"https:\/\/www.fiemg.com.br\/regional-zona-da-mata\/\",\"logo\":{\"@type\":\"ImageObject\",\"inLanguage\":\"pt-BR\",\"@id\":\"https:\/\/www.fiemg.com.br\/regional-zona-da-mata\/#\/schema\/logo\/image\/\",\"url\":\"https:\/\/www.fiemg.com.br\/regional-zona-da-mata\/wp-content\/uploads\/sites\/26\/2023\/02\/Ativo-1.png\",\"contentUrl\":\"https:\/\/www.fiemg.com.br\/regional-zona-da-mata\/wp-content\/uploads\/sites\/26\/2023\/02\/Ativo-1.png\",\"width\":563,\"height\":149,\"caption\":\"Regional Zona da Mata\"},\"image\":{\"@id\":\"https:\/\/www.fiemg.com.br\/regional-zona-da-mata\/#\/schema\/logo\/image\/\"}}]}<\/script>\n<!-- \/ Yoast SEO plugin. -->","yoast_head_json":{"title":"FIEMG Regional ZM participa de reuni\u00e3o para discuss\u00e3o de a\u00e7\u00f5es para reconstru\u00e7\u00e3o de Juiz de Fora ap\u00f3s chuvas - Regional Zona da Mata","robots":{"index":"index","follow":"follow","max-snippet":"max-snippet:-1","max-image-preview":"max-image-preview:large","max-video-preview":"max-video-preview:-1"},"canonical":"https:\/\/www.fiemg.com.br\/regional-zona-da-mata\/noticias\/fiemg-regional-zm-participa-de-reuniao-para-discussao-de-acoes-para-reconstrucao-de-juiz-de-fora-apos-chuvas\/","og_locale":"pt_BR","og_type":"article","og_title":"FIEMG Regional ZM participa de reuni\u00e3o para discuss\u00e3o de a\u00e7\u00f5es para reconstru\u00e7\u00e3o de Juiz de Fora ap\u00f3s chuvas - Regional Zona da Mata","og_description":"A presidente da FIEMG Regional Zona da Mata e do Sindicato das Ind\u00fastrias do Vestu\u00e1rio de Juiz de Fora e Governador Valadares e das Ind\u00fastrias de Malharias de Juiz de Fora (Sindivest JF-GV), Mari\u00e2ngela Marcon, participou, no dia 5 de mar\u00e7o, de uma reuni\u00e3o convocada pela Prefeitura de Juiz de Fora, por meio da prefeita [&hellip;]","og_url":"https:\/\/www.fiemg.com.br\/regional-zona-da-mata\/noticias\/fiemg-regional-zm-participa-de-reuniao-para-discussao-de-acoes-para-reconstrucao-de-juiz-de-fora-apos-chuvas\/","og_site_name":"Regional Zona da Mata","article_modified_time":"2026-03-13T16:33:53+00:00","og_image":[{"width":512,"height":512,"url":"https:\/\/www.fiemg.com.br\/regional-zona-da-mata\/wp-content\/uploads\/sites\/26\/2026\/03\/Reuniao-Prefeitura-Chuvas-peq.png","type":"image\/png"}],"twitter_card":"summary_large_image","twitter_misc":{"Est. tempo de leitura":"5 minutos"},"schema":{"@context":"https:\/\/schema.org","@graph":[{"@type":"WebPage","@id":"https:\/\/www.fiemg.com.br\/regional-zona-da-mata\/noticias\/fiemg-regional-zm-participa-de-reuniao-para-discussao-de-acoes-para-reconstrucao-de-juiz-de-fora-apos-chuvas\/","url":"https:\/\/www.fiemg.com.br\/regional-zona-da-mata\/noticias\/fiemg-regional-zm-participa-de-reuniao-para-discussao-de-acoes-para-reconstrucao-de-juiz-de-fora-apos-chuvas\/","name":"FIEMG Regional ZM participa de reuni\u00e3o para discuss\u00e3o de a\u00e7\u00f5es para reconstru\u00e7\u00e3o de Juiz de Fora ap\u00f3s chuvas - Regional Zona da Mata","isPartOf":{"@id":"https:\/\/www.fiemg.com.br\/regional-zona-da-mata\/#website"},"primaryImageOfPage":{"@id":"https:\/\/www.fiemg.com.br\/regional-zona-da-mata\/noticias\/fiemg-regional-zm-participa-de-reuniao-para-discussao-de-acoes-para-reconstrucao-de-juiz-de-fora-apos-chuvas\/#primaryimage"},"image":{"@id":"https:\/\/www.fiemg.com.br\/regional-zona-da-mata\/noticias\/fiemg-regional-zm-participa-de-reuniao-para-discussao-de-acoes-para-reconstrucao-de-juiz-de-fora-apos-chuvas\/#primaryimage"},"thumbnailUrl":"https:\/\/www.fiemg.com.br\/regional-zona-da-mata\/wp-content\/uploads\/sites\/26\/2026\/03\/Reuniao-Prefeitura-Chuvas-peq.png","datePublished":"2026-03-11T17:20:37+00:00","dateModified":"2026-03-13T16:33:53+00:00","breadcrumb":{"@id":"https:\/\/www.fiemg.com.br\/regional-zona-da-mata\/noticias\/fiemg-regional-zm-participa-de-reuniao-para-discussao-de-acoes-para-reconstrucao-de-juiz-de-fora-apos-chuvas\/#breadcrumb"},"inLanguage":"pt-BR","potentialAction":[{"@type":"ReadAction","target":["https:\/\/www.fiemg.com.br\/regional-zona-da-mata\/noticias\/fiemg-regional-zm-participa-de-reuniao-para-discussao-de-acoes-para-reconstrucao-de-juiz-de-fora-apos-chuvas\/"]}]},{"@type":"ImageObject","inLanguage":"pt-BR","@id":"https:\/\/www.fiemg.com.br\/regional-zona-da-mata\/noticias\/fiemg-regional-zm-participa-de-reuniao-para-discussao-de-acoes-para-reconstrucao-de-juiz-de-fora-apos-chuvas\/#primaryimage","url":"https:\/\/www.fiemg.com.br\/regional-zona-da-mata\/wp-content\/uploads\/sites\/26\/2026\/03\/Reuniao-Prefeitura-Chuvas-peq.png","contentUrl":"https:\/\/www.fiemg.com.br\/regional-zona-da-mata\/wp-content\/uploads\/sites\/26\/2026\/03\/Reuniao-Prefeitura-Chuvas-peq.png","width":512,"height":512},{"@type":"BreadcrumbList","@id":"https:\/\/www.fiemg.com.br\/regional-zona-da-mata\/noticias\/fiemg-regional-zm-participa-de-reuniao-para-discussao-de-acoes-para-reconstrucao-de-juiz-de-fora-apos-chuvas\/#breadcrumb","itemListElement":[{"@type":"ListItem","position":1,"name":"In\u00edcio","item":"https:\/\/www.fiemg.com.br\/regional-zona-da-mata\/"},{"@type":"ListItem","position":2,"name":"Desenvolvimento Industrial","item":"https:\/\/www.fiemg.com.br\/regional-zona-da-mata\/category\/desenvolvimento-industrial\/"},{"@type":"ListItem","position":3,"name":"FIEMG Regional ZM participa de reuni\u00e3o para discuss\u00e3o de a\u00e7\u00f5es para reconstru\u00e7\u00e3o de Juiz de Fora ap\u00f3s chuvas"}]},{"@type":"WebSite","@id":"https:\/\/www.fiemg.com.br\/regional-zona-da-mata\/#website","url":"https:\/\/www.fiemg.com.br\/regional-zona-da-mata\/","name":"Regional Zona da Mata","description":"Federa\u00e7\u00e3o das Ind\u00fastrias do Estado de Minas Gerais","publisher":{"@id":"https:\/\/www.fiemg.com.br\/regional-zona-da-mata\/#organization"},"potentialAction":[{"@type":"SearchAction","target":{"@type":"EntryPoint","urlTemplate":"https:\/\/www.fiemg.com.br\/regional-zona-da-mata\/?s={search_term_string}"},"query-input":{"@type":"PropertyValueSpecification","valueRequired":true,"valueName":"search_term_string"}}],"inLanguage":"pt-BR"},{"@type":"Organization","@id":"https:\/\/www.fiemg.com.br\/regional-zona-da-mata\/#organization","name":"Regional Zona da Mata","url":"https:\/\/www.fiemg.com.br\/regional-zona-da-mata\/","logo":{"@type":"ImageObject","inLanguage":"pt-BR","@id":"https:\/\/www.fiemg.com.br\/regional-zona-da-mata\/#\/schema\/logo\/image\/","url":"https:\/\/www.fiemg.com.br\/regional-zona-da-mata\/wp-content\/uploads\/sites\/26\/2023\/02\/Ativo-1.png","contentUrl":"https:\/\/www.fiemg.com.br\/regional-zona-da-mata\/wp-content\/uploads\/sites\/26\/2023\/02\/Ativo-1.png","width":563,"height":149,"caption":"Regional Zona da Mata"},"image":{"@id":"https:\/\/www.fiemg.com.br\/regional-zona-da-mata\/#\/schema\/logo\/image\/"}}]}},"_links":{"self":[{"href":"https:\/\/www.fiemg.com.br\/regional-zona-da-mata\/wp-json\/wp\/v2\/noticias\/5377","targetHints":{"allow":["GET"]}}],"collection":[{"href":"https:\/\/www.fiemg.com.br\/regional-zona-da-mata\/wp-json\/wp\/v2\/noticias"}],"about":[{"href":"https:\/\/www.fiemg.com.br\/regional-zona-da-mata\/wp-json\/wp\/v2\/types\/noticias"}],"wp:featuredmedia":[{"embeddable":true,"href":"https:\/\/www.fiemg.com.br\/regional-zona-da-mata\/wp-json\/wp\/v2\/media\/5379"}],"wp:attachment":[{"href":"https:\/\/www.fiemg.com.br\/regional-zona-da-mata\/wp-json\/wp\/v2\/media?parent=5377"}],"wp:term":[{"taxonomy":"category","embeddable":true,"href":"https:\/\/www.fiemg.com.br\/regional-zona-da-mata\/wp-json\/wp\/v2\/categories?post=5377"},{"taxonomy":"post_tag","embeddable":true,"href":"https:\/\/www.fiemg.com.br\/regional-zona-da-mata\/wp-json\/wp\/v2\/tags?post=5377"}],"curies":[{"name":"wp","href":"https:\/\/api.w.org\/{rel}","templated":true}]}}