{"id":5385,"date":"2026-03-13T16:37:43","date_gmt":"2026-03-13T19:37:43","guid":{"rendered":"https:\/\/www.fiemg.com.br\/regional-zona-da-mata\/?post_type=noticias&#038;p=5385"},"modified":"2026-03-14T18:56:19","modified_gmt":"2026-03-14T21:56:19","slug":"presidente-da-fiemg-regional-zm-apresenta-palestra-no-exercito-em-celebracao-ao-dia-internacional-da-mulher","status":"publish","type":"noticias","link":"https:\/\/www.fiemg.com.br\/regional-zona-da-mata\/noticias\/presidente-da-fiemg-regional-zm-apresenta-palestra-no-exercito-em-celebracao-ao-dia-internacional-da-mulher\/","title":{"rendered":"Presidente da FIEMG Regional ZM apresenta palestra no Ex\u00e9rcito em celebra\u00e7\u00e3o ao Dia Internacional da Mulher"},"content":{"rendered":"\n<p>A presidente da FIEMG Regional Zona da Mata e do Sindicato das Ind\u00fastrias do Vestu\u00e1rio de Juiz de Fora e Governador Valadares e das Ind\u00fastrias de Malharias de Juiz de Fora (Sindivest JF-GV), Mari\u00e2ngela Marcon, participou, no dia 6 de mar\u00e7o, de um evento promovido pelo Ex\u00e9rcito Brasileiro, na 4\u00aa Brigada de Infantaria Leve de Montanha, em Juiz de Fora, em comemora\u00e7\u00e3o ao Dia Internacional da Mulher.<\/p>\n\n\n\n<p>Convidada como palestrante, Mari\u00e2ngela apresentou a palestra \u201cTrajet\u00f3ria de Vida\u201d, compartilhando sua hist\u00f3ria pessoal e profissional com militares e convidados presentes, destacando a for\u00e7a, a coragem e o papel das mulheres na constru\u00e7\u00e3o da sociedade.<\/p>\n\n\n\n<p>O evento foi aberto pelo general Marcelo de Melo Pontes Feliciano, comandante da Brigada, que ressaltou a import\u00e2ncia da participa\u00e7\u00e3o feminina nas For\u00e7as Armadas e na sociedade. Segundo ele, apesar de ainda representarem um percentual menor dentro da estrutura militar, as mulheres v\u00eam conquistando cada vez mais espa\u00e7o e hoje atuam em diferentes \u00e1reas e n\u00edveis hier\u00e1rquicos dentro do Ex\u00e9rcito. O comandante destacou ainda que, neste ano, a Brigada est\u00e1 recebendo 38 recrutas volunt\u00e1rias mulheres, integrando um movimento nacional que j\u00e1 contabiliza 1.400 mulheres volunt\u00e1rias alistadas no Brasil.<\/p>\n\n\n\n<p>\u201cNos reunimos hoje para celebrar as conquistas das mulheres ao longo dos anos e reconhecer o papel fundamental que desempenham em todas as \u00e1reas da sociedade. Nas for\u00e7as armadas, elas atuam em diversas fun\u00e7\u00f5es e contribuem diretamente para que nossa miss\u00e3o seja cumprida com excel\u00eancia\u201d, afirmou o general.<\/p>\n\n\n\n<p><strong>Trajet\u00f3ria de supera\u00e7\u00e3o e lideran\u00e7a<\/strong><\/p>\n\n\n\n<p>Durante sua apresenta\u00e7\u00e3o, Mari\u00e2ngela Marcon agradeceu o convite e destacou a parceria institucional entre a FIEMG Regional Zona da Mata e o Ex\u00e9rcito, ressaltando a import\u00e2ncia do di\u00e1logo entre institui\u00e7\u00f5es para a defesa de interesses da ind\u00fastria e o fortalecimento da sociedade. \u201c\u00c9 uma honra estar aqui. O Ex\u00e9rcito \u00e9 uma institui\u00e7\u00e3o s\u00e9ria, respons\u00e1vel e comprometida com o pa\u00eds, e essa parceria com a FIEMG vem somar em tudo aquilo que acreditamos: trabalhar pelo setor produtivo e pelo desenvolvimento da sociedade\u201d, afirmou.<\/p>\n\n\n\n<p>Na palestra, Mari\u00e2ngela compartilhou momentos marcantes de sua trajet\u00f3ria. Filha de um marceneiro e criada em uma fam\u00edlia com sete irm\u00e3os, ela destacou que sempre teve na educa\u00e7\u00e3o e no trabalho os pilares para superar desafios. Formada em Direito pela Universidade Federal de Juiz de Fora aos 21 anos, iniciou sua carreira na Secretaria da Fazenda, onde foi aprovada em concurso p\u00fablico para Auditora Fiscal em 1981, tornando-se a primeira fiscal de rendas do Vale do Mucuri.<\/p>\n\n\n\n<p>Ao longo da carreira, construiu uma trajet\u00f3ria consolidada no servi\u00e7o p\u00fablico, atuando em diferentes fun\u00e7\u00f5es na \u00e1rea fiscal e jur\u00eddica at\u00e9 sua aposentadoria. Ap\u00f3s essa etapa, passou a se dedicar \u00e0 representa\u00e7\u00e3o institucional e \u00e0 defesa do desenvolvimento regional. Hoje, Mari\u00e2ngela ocupa posi\u00e7\u00f5es de destaque, como conselheira da Associa\u00e7\u00e3o Brasileira da Ind\u00fastria T\u00eaxtil (ABIT) e conselheira fiscal da FIEMG, al\u00e9m de ter sido a primeira mulher a presidir a C\u00e2mara da Moda da FIEMG e a primeira mulher a assumir a presid\u00eancia da FIEMG Regional Zona da Mata.<\/p>\n\n\n\n<p>Durante sua fala, ela destacou que as mulheres enfrentam desafios constantes ao longo da vida profissional. &#8220;Muitas vezes somos colocadas \u00e0 prova, precisamos demonstrar nossa capacidade e superar preconceitos. Mas com coragem, dedica\u00e7\u00e3o e muito trabalho conseguimos abrir caminhos\u201d, afirmou. Mari\u00e2ngela tamb\u00e9m ressaltou que sua atua\u00e7\u00e3o hoje est\u00e1 voltada ao compromisso com o desenvolvimento regional, o fortalecimento da ind\u00fastria e a gera\u00e7\u00e3o de emprego e renda.<\/p>\n\n\n\n<p><strong>Mulheres que inspiram<\/strong><\/p>\n\n\n\n<p>O evento contou ainda com a participa\u00e7\u00e3o de outras duas palestrantes que compartilharam suas trajet\u00f3rias. A presidente do Sindicato das Ind\u00fastrias de Alimenta\u00e7\u00e3o de Juiz de Fora (SIA-JF) e do Centro Industrial de Juiz de Fora (CIJF), Fl\u00e1via Gonzaga, falou sobre sua trajet\u00f3ria como economista, empres\u00e1ria e conselheira do SENAI. Ela destacou a for\u00e7a feminina na transforma\u00e7\u00e3o da sociedade. \u201cA mulher \u00e9 o tempero que transforma o mundo. Servir ao pa\u00eds exige valores que fazem parte da ess\u00eancia feminina, e nossa maior for\u00e7a n\u00e3o est\u00e1 apenas em ocupar espa\u00e7os, mas em transform\u00e1-los\u201d, afirmou.<\/p>\n\n\n\n<p>Tamb\u00e9m participou do encontro a coronel Andreia Martinelli, diretora do Hospital Geral do Ex\u00e9rcito em Juiz de Fora, que relatou sua experi\u00eancia na carreira militar e destacou o papel das mulheres nas For\u00e7as Armadas. Segundo ela, o hospital atende atualmente cerca de 15 mil pessoas, entre militares e familiares, desempenhando papel fundamental no apoio \u00e0 tropa e na manuten\u00e7\u00e3o das condi\u00e7\u00f5es de prontid\u00e3o das for\u00e7as.<\/p>\n\n\n\n<p>A coronel ressaltou que as mulheres enfrentam desafios constantes dentro da carreira militar, mas que o Ex\u00e9rcito oferece forma\u00e7\u00e3o e prepara\u00e7\u00e3o para enfrentar essas responsabilidades. \u201cNo Ex\u00e9rcito somos constantemente desafiadas. Mas \u00e9 justamente nesses desafios que crescemos e nos fortalecemos\u201d, afirmou.<\/p>\n\n\n\n<p>Ao encerrar o evento, o general Marcelo Pontes destacou que o principal objetivo da iniciativa foi inspirar militares e convidados por meio de exemplos de lideran\u00e7a feminina. Segundo ele, ouvir hist\u00f3rias de supera\u00e7\u00e3o e compromisso com a sociedade contribui para fortalecer valores e estimular o crescimento pessoal e profissional dentro da institui\u00e7\u00e3o.<\/p>\n\n\n\n<p>.<\/p>\n\n\n\n<p><em>Graciele Vianna<\/em><\/p>\n\n\n\n<p><strong>Imprensa FIEMG<\/strong><\/p>\n","protected":false},"featured_media":5388,"template":"","categories":[13],"tags":[],"class_list":["post-5385","noticias","type-noticias","status-publish","has-post-thumbnail","hentry","category-destaques"],"acf":[],"yoast_head":"<!-- This site is optimized with the Yoast SEO plugin v26.2 - https:\/\/yoast.com\/wordpress\/plugins\/seo\/ -->\n<title>Presidente da FIEMG Regional ZM apresenta palestra no Ex\u00e9rcito em celebra\u00e7\u00e3o ao Dia Internacional da Mulher - Regional Zona da Mata<\/title>\n<meta name=\"robots\" content=\"index, follow, max-snippet:-1, max-image-preview:large, max-video-preview:-1\" \/>\n<link rel=\"canonical\" href=\"https:\/\/www.fiemg.com.br\/regional-zona-da-mata\/noticias\/presidente-da-fiemg-regional-zm-apresenta-palestra-no-exercito-em-celebracao-ao-dia-internacional-da-mulher\/\" \/>\n<meta property=\"og:locale\" content=\"pt_BR\" \/>\n<meta property=\"og:type\" content=\"article\" \/>\n<meta property=\"og:title\" content=\"Presidente da FIEMG Regional ZM apresenta palestra no Ex\u00e9rcito em celebra\u00e7\u00e3o ao Dia Internacional da Mulher - Regional Zona da Mata\" \/>\n<meta property=\"og:description\" content=\"A presidente da FIEMG Regional Zona da Mata e do Sindicato das Ind\u00fastrias do Vestu\u00e1rio de Juiz de Fora e Governador Valadares e das Ind\u00fastrias de Malharias de Juiz de Fora (Sindivest JF-GV), Mari\u00e2ngela Marcon, participou, no dia 6 de mar\u00e7o, de um evento promovido pelo Ex\u00e9rcito Brasileiro, na 4\u00aa Brigada de Infantaria Leve de [&hellip;]\" \/>\n<meta property=\"og:url\" content=\"https:\/\/www.fiemg.com.br\/regional-zona-da-mata\/noticias\/presidente-da-fiemg-regional-zm-apresenta-palestra-no-exercito-em-celebracao-ao-dia-internacional-da-mulher\/\" \/>\n<meta property=\"og:site_name\" content=\"Regional Zona da Mata\" \/>\n<meta property=\"article:modified_time\" content=\"2026-03-14T21:56:19+00:00\" \/>\n<meta property=\"og:image\" content=\"https:\/\/www.fiemg.com.br\/regional-zona-da-mata\/wp-content\/uploads\/sites\/26\/2026\/03\/Palestra-Exercito-peq.png\" \/>\n\t<meta property=\"og:image:width\" content=\"512\" \/>\n\t<meta property=\"og:image:height\" content=\"512\" \/>\n\t<meta property=\"og:image:type\" content=\"image\/png\" \/>\n<meta name=\"twitter:card\" content=\"summary_large_image\" \/>\n<meta name=\"twitter:label1\" content=\"Est. tempo de leitura\" \/>\n\t<meta name=\"twitter:data1\" content=\"5 minutos\" \/>\n<script type=\"application\/ld+json\" class=\"yoast-schema-graph\">{\"@context\":\"https:\/\/schema.org\",\"@graph\":[{\"@type\":\"WebPage\",\"@id\":\"https:\/\/www.fiemg.com.br\/regional-zona-da-mata\/noticias\/presidente-da-fiemg-regional-zm-apresenta-palestra-no-exercito-em-celebracao-ao-dia-internacional-da-mulher\/\",\"url\":\"https:\/\/www.fiemg.com.br\/regional-zona-da-mata\/noticias\/presidente-da-fiemg-regional-zm-apresenta-palestra-no-exercito-em-celebracao-ao-dia-internacional-da-mulher\/\",\"name\":\"Presidente da FIEMG Regional ZM apresenta palestra no Ex\u00e9rcito em celebra\u00e7\u00e3o ao Dia Internacional da Mulher - Regional Zona da Mata\",\"isPartOf\":{\"@id\":\"https:\/\/www.fiemg.com.br\/regional-zona-da-mata\/#website\"},\"primaryImageOfPage\":{\"@id\":\"https:\/\/www.fiemg.com.br\/regional-zona-da-mata\/noticias\/presidente-da-fiemg-regional-zm-apresenta-palestra-no-exercito-em-celebracao-ao-dia-internacional-da-mulher\/#primaryimage\"},\"image\":{\"@id\":\"https:\/\/www.fiemg.com.br\/regional-zona-da-mata\/noticias\/presidente-da-fiemg-regional-zm-apresenta-palestra-no-exercito-em-celebracao-ao-dia-internacional-da-mulher\/#primaryimage\"},\"thumbnailUrl\":\"https:\/\/www.fiemg.com.br\/regional-zona-da-mata\/wp-content\/uploads\/sites\/26\/2026\/03\/Palestra-Exercito-peq.png\",\"datePublished\":\"2026-03-13T19:37:43+00:00\",\"dateModified\":\"2026-03-14T21:56:19+00:00\",\"breadcrumb\":{\"@id\":\"https:\/\/www.fiemg.com.br\/regional-zona-da-mata\/noticias\/presidente-da-fiemg-regional-zm-apresenta-palestra-no-exercito-em-celebracao-ao-dia-internacional-da-mulher\/#breadcrumb\"},\"inLanguage\":\"pt-BR\",\"potentialAction\":[{\"@type\":\"ReadAction\",\"target\":[\"https:\/\/www.fiemg.com.br\/regional-zona-da-mata\/noticias\/presidente-da-fiemg-regional-zm-apresenta-palestra-no-exercito-em-celebracao-ao-dia-internacional-da-mulher\/\"]}]},{\"@type\":\"ImageObject\",\"inLanguage\":\"pt-BR\",\"@id\":\"https:\/\/www.fiemg.com.br\/regional-zona-da-mata\/noticias\/presidente-da-fiemg-regional-zm-apresenta-palestra-no-exercito-em-celebracao-ao-dia-internacional-da-mulher\/#primaryimage\",\"url\":\"https:\/\/www.fiemg.com.br\/regional-zona-da-mata\/wp-content\/uploads\/sites\/26\/2026\/03\/Palestra-Exercito-peq.png\",\"contentUrl\":\"https:\/\/www.fiemg.com.br\/regional-zona-da-mata\/wp-content\/uploads\/sites\/26\/2026\/03\/Palestra-Exercito-peq.png\",\"width\":512,\"height\":512},{\"@type\":\"BreadcrumbList\",\"@id\":\"https:\/\/www.fiemg.com.br\/regional-zona-da-mata\/noticias\/presidente-da-fiemg-regional-zm-apresenta-palestra-no-exercito-em-celebracao-ao-dia-internacional-da-mulher\/#breadcrumb\",\"itemListElement\":[{\"@type\":\"ListItem\",\"position\":1,\"name\":\"In\u00edcio\",\"item\":\"https:\/\/www.fiemg.com.br\/regional-zona-da-mata\/\"},{\"@type\":\"ListItem\",\"position\":2,\"name\":\"Presidente da FIEMG Regional ZM apresenta palestra no Ex\u00e9rcito em celebra\u00e7\u00e3o ao Dia Internacional da Mulher\"}]},{\"@type\":\"WebSite\",\"@id\":\"https:\/\/www.fiemg.com.br\/regional-zona-da-mata\/#website\",\"url\":\"https:\/\/www.fiemg.com.br\/regional-zona-da-mata\/\",\"name\":\"Regional Zona da Mata\",\"description\":\"Federa\u00e7\u00e3o das Ind\u00fastrias do Estado de Minas Gerais\",\"publisher\":{\"@id\":\"https:\/\/www.fiemg.com.br\/regional-zona-da-mata\/#organization\"},\"potentialAction\":[{\"@type\":\"SearchAction\",\"target\":{\"@type\":\"EntryPoint\",\"urlTemplate\":\"https:\/\/www.fiemg.com.br\/regional-zona-da-mata\/?s={search_term_string}\"},\"query-input\":{\"@type\":\"PropertyValueSpecification\",\"valueRequired\":true,\"valueName\":\"search_term_string\"}}],\"inLanguage\":\"pt-BR\"},{\"@type\":\"Organization\",\"@id\":\"https:\/\/www.fiemg.com.br\/regional-zona-da-mata\/#organization\",\"name\":\"Regional Zona da Mata\",\"url\":\"https:\/\/www.fiemg.com.br\/regional-zona-da-mata\/\",\"logo\":{\"@type\":\"ImageObject\",\"inLanguage\":\"pt-BR\",\"@id\":\"https:\/\/www.fiemg.com.br\/regional-zona-da-mata\/#\/schema\/logo\/image\/\",\"url\":\"https:\/\/www.fiemg.com.br\/regional-zona-da-mata\/wp-content\/uploads\/sites\/26\/2023\/02\/Ativo-1.png\",\"contentUrl\":\"https:\/\/www.fiemg.com.br\/regional-zona-da-mata\/wp-content\/uploads\/sites\/26\/2023\/02\/Ativo-1.png\",\"width\":563,\"height\":149,\"caption\":\"Regional Zona da Mata\"},\"image\":{\"@id\":\"https:\/\/www.fiemg.com.br\/regional-zona-da-mata\/#\/schema\/logo\/image\/\"}}]}<\/script>\n<!-- \/ Yoast SEO plugin. -->","yoast_head_json":{"title":"Presidente da FIEMG Regional ZM apresenta palestra no Ex\u00e9rcito em celebra\u00e7\u00e3o ao Dia Internacional da Mulher - Regional Zona da Mata","robots":{"index":"index","follow":"follow","max-snippet":"max-snippet:-1","max-image-preview":"max-image-preview:large","max-video-preview":"max-video-preview:-1"},"canonical":"https:\/\/www.fiemg.com.br\/regional-zona-da-mata\/noticias\/presidente-da-fiemg-regional-zm-apresenta-palestra-no-exercito-em-celebracao-ao-dia-internacional-da-mulher\/","og_locale":"pt_BR","og_type":"article","og_title":"Presidente da FIEMG Regional ZM apresenta palestra no Ex\u00e9rcito em celebra\u00e7\u00e3o ao Dia Internacional da Mulher - Regional Zona da Mata","og_description":"A presidente da FIEMG Regional Zona da Mata e do Sindicato das Ind\u00fastrias do Vestu\u00e1rio de Juiz de Fora e Governador Valadares e das Ind\u00fastrias de Malharias de Juiz de Fora (Sindivest JF-GV), Mari\u00e2ngela Marcon, participou, no dia 6 de mar\u00e7o, de um evento promovido pelo Ex\u00e9rcito Brasileiro, na 4\u00aa Brigada de Infantaria Leve de [&hellip;]","og_url":"https:\/\/www.fiemg.com.br\/regional-zona-da-mata\/noticias\/presidente-da-fiemg-regional-zm-apresenta-palestra-no-exercito-em-celebracao-ao-dia-internacional-da-mulher\/","og_site_name":"Regional Zona da Mata","article_modified_time":"2026-03-14T21:56:19+00:00","og_image":[{"width":512,"height":512,"url":"https:\/\/www.fiemg.com.br\/regional-zona-da-mata\/wp-content\/uploads\/sites\/26\/2026\/03\/Palestra-Exercito-peq.png","type":"image\/png"}],"twitter_card":"summary_large_image","twitter_misc":{"Est. tempo de leitura":"5 minutos"},"schema":{"@context":"https:\/\/schema.org","@graph":[{"@type":"WebPage","@id":"https:\/\/www.fiemg.com.br\/regional-zona-da-mata\/noticias\/presidente-da-fiemg-regional-zm-apresenta-palestra-no-exercito-em-celebracao-ao-dia-internacional-da-mulher\/","url":"https:\/\/www.fiemg.com.br\/regional-zona-da-mata\/noticias\/presidente-da-fiemg-regional-zm-apresenta-palestra-no-exercito-em-celebracao-ao-dia-internacional-da-mulher\/","name":"Presidente da FIEMG Regional ZM apresenta palestra no Ex\u00e9rcito em celebra\u00e7\u00e3o ao Dia Internacional da Mulher - Regional Zona da Mata","isPartOf":{"@id":"https:\/\/www.fiemg.com.br\/regional-zona-da-mata\/#website"},"primaryImageOfPage":{"@id":"https:\/\/www.fiemg.com.br\/regional-zona-da-mata\/noticias\/presidente-da-fiemg-regional-zm-apresenta-palestra-no-exercito-em-celebracao-ao-dia-internacional-da-mulher\/#primaryimage"},"image":{"@id":"https:\/\/www.fiemg.com.br\/regional-zona-da-mata\/noticias\/presidente-da-fiemg-regional-zm-apresenta-palestra-no-exercito-em-celebracao-ao-dia-internacional-da-mulher\/#primaryimage"},"thumbnailUrl":"https:\/\/www.fiemg.com.br\/regional-zona-da-mata\/wp-content\/uploads\/sites\/26\/2026\/03\/Palestra-Exercito-peq.png","datePublished":"2026-03-13T19:37:43+00:00","dateModified":"2026-03-14T21:56:19+00:00","breadcrumb":{"@id":"https:\/\/www.fiemg.com.br\/regional-zona-da-mata\/noticias\/presidente-da-fiemg-regional-zm-apresenta-palestra-no-exercito-em-celebracao-ao-dia-internacional-da-mulher\/#breadcrumb"},"inLanguage":"pt-BR","potentialAction":[{"@type":"ReadAction","target":["https:\/\/www.fiemg.com.br\/regional-zona-da-mata\/noticias\/presidente-da-fiemg-regional-zm-apresenta-palestra-no-exercito-em-celebracao-ao-dia-internacional-da-mulher\/"]}]},{"@type":"ImageObject","inLanguage":"pt-BR","@id":"https:\/\/www.fiemg.com.br\/regional-zona-da-mata\/noticias\/presidente-da-fiemg-regional-zm-apresenta-palestra-no-exercito-em-celebracao-ao-dia-internacional-da-mulher\/#primaryimage","url":"https:\/\/www.fiemg.com.br\/regional-zona-da-mata\/wp-content\/uploads\/sites\/26\/2026\/03\/Palestra-Exercito-peq.png","contentUrl":"https:\/\/www.fiemg.com.br\/regional-zona-da-mata\/wp-content\/uploads\/sites\/26\/2026\/03\/Palestra-Exercito-peq.png","width":512,"height":512},{"@type":"BreadcrumbList","@id":"https:\/\/www.fiemg.com.br\/regional-zona-da-mata\/noticias\/presidente-da-fiemg-regional-zm-apresenta-palestra-no-exercito-em-celebracao-ao-dia-internacional-da-mulher\/#breadcrumb","itemListElement":[{"@type":"ListItem","position":1,"name":"In\u00edcio","item":"https:\/\/www.fiemg.com.br\/regional-zona-da-mata\/"},{"@type":"ListItem","position":2,"name":"Presidente da FIEMG Regional ZM apresenta palestra no Ex\u00e9rcito em celebra\u00e7\u00e3o ao Dia Internacional da Mulher"}]},{"@type":"WebSite","@id":"https:\/\/www.fiemg.com.br\/regional-zona-da-mata\/#website","url":"https:\/\/www.fiemg.com.br\/regional-zona-da-mata\/","name":"Regional Zona da Mata","description":"Federa\u00e7\u00e3o das Ind\u00fastrias do Estado de Minas Gerais","publisher":{"@id":"https:\/\/www.fiemg.com.br\/regional-zona-da-mata\/#organization"},"potentialAction":[{"@type":"SearchAction","target":{"@type":"EntryPoint","urlTemplate":"https:\/\/www.fiemg.com.br\/regional-zona-da-mata\/?s={search_term_string}"},"query-input":{"@type":"PropertyValueSpecification","valueRequired":true,"valueName":"search_term_string"}}],"inLanguage":"pt-BR"},{"@type":"Organization","@id":"https:\/\/www.fiemg.com.br\/regional-zona-da-mata\/#organization","name":"Regional Zona da Mata","url":"https:\/\/www.fiemg.com.br\/regional-zona-da-mata\/","logo":{"@type":"ImageObject","inLanguage":"pt-BR","@id":"https:\/\/www.fiemg.com.br\/regional-zona-da-mata\/#\/schema\/logo\/image\/","url":"https:\/\/www.fiemg.com.br\/regional-zona-da-mata\/wp-content\/uploads\/sites\/26\/2023\/02\/Ativo-1.png","contentUrl":"https:\/\/www.fiemg.com.br\/regional-zona-da-mata\/wp-content\/uploads\/sites\/26\/2023\/02\/Ativo-1.png","width":563,"height":149,"caption":"Regional Zona da Mata"},"image":{"@id":"https:\/\/www.fiemg.com.br\/regional-zona-da-mata\/#\/schema\/logo\/image\/"}}]}},"_links":{"self":[{"href":"https:\/\/www.fiemg.com.br\/regional-zona-da-mata\/wp-json\/wp\/v2\/noticias\/5385","targetHints":{"allow":["GET"]}}],"collection":[{"href":"https:\/\/www.fiemg.com.br\/regional-zona-da-mata\/wp-json\/wp\/v2\/noticias"}],"about":[{"href":"https:\/\/www.fiemg.com.br\/regional-zona-da-mata\/wp-json\/wp\/v2\/types\/noticias"}],"wp:featuredmedia":[{"embeddable":true,"href":"https:\/\/www.fiemg.com.br\/regional-zona-da-mata\/wp-json\/wp\/v2\/media\/5388"}],"wp:attachment":[{"href":"https:\/\/www.fiemg.com.br\/regional-zona-da-mata\/wp-json\/wp\/v2\/media?parent=5385"}],"wp:term":[{"taxonomy":"category","embeddable":true,"href":"https:\/\/www.fiemg.com.br\/regional-zona-da-mata\/wp-json\/wp\/v2\/categories?post=5385"},{"taxonomy":"post_tag","embeddable":true,"href":"https:\/\/www.fiemg.com.br\/regional-zona-da-mata\/wp-json\/wp\/v2\/tags?post=5385"}],"curies":[{"name":"wp","href":"https:\/\/api.w.org\/{rel}","templated":true}]}}