{"id":5398,"date":"2026-03-16T09:04:15","date_gmt":"2026-03-16T12:04:15","guid":{"rendered":"https:\/\/www.fiemg.com.br\/regional-zona-da-mata\/?post_type=noticias&#038;p=5398"},"modified":"2026-03-16T10:44:39","modified_gmt":"2026-03-16T13:44:39","slug":"evento-da-fiemg-regional-zona-da-mata-promove-reflexao-sobre-saude-emocoes-e-desafios-da-mulher-contemporanea","status":"publish","type":"noticias","link":"https:\/\/www.fiemg.com.br\/regional-zona-da-mata\/noticias\/evento-da-fiemg-regional-zona-da-mata-promove-reflexao-sobre-saude-emocoes-e-desafios-da-mulher-contemporanea\/","title":{"rendered":"Evento da FIEMG Regional Zona da Mata promove reflex\u00e3o sobre sa\u00fade, emo\u00e7\u00f5es e desafios da mulher contempor\u00e2nea"},"content":{"rendered":"\n<p>Em celebra\u00e7\u00e3o ao Dia Internacional da Mulher, a FIEMG Regional Zona da Mata promoveu, no dia 9 de mar\u00e7o, em sua sede em Juiz de Fora, o encontro \u201cEntre Ciclos e Emo\u00e7\u00f5es \u2013 Um olhar integrado para a mulher\u201d, iniciativa voltada \u00e0 reflex\u00e3o sobre sa\u00fade integral feminina, bem-estar e os desafios enfrentados pelas mulheres na vida pessoal e profissional. O evento foi destinado \u00e0s funcion\u00e1rias da FIEMG Regional Zona da Mata e das unidades do SESI e do SENAI de Juiz de Fora, reunindo tamb\u00e9m coordenadoras sindicais e convidados em um momento de di\u00e1logo, aprendizado e valoriza\u00e7\u00e3o da mulher.<\/p>\n\n\n\n<p>A abertura foi conduzida pela presidente da FIEMG Regional Zona da Mata e do Sindivest JF-GV, Mari\u00e2ngela Miranda Marcon, que destacou a import\u00e2ncia de promover espa\u00e7os de reflex\u00e3o sobre o papel das mulheres na sociedade e no ambiente de trabalho. \u201c\u00c9 uma grande satisfa\u00e7\u00e3o receber todos voc\u00eas para este momento de reflex\u00e3o sobre o papel da mulher, suas responsabilidades, desafios e horizontes. Precisamos olhar para a mulher de forma integral, reconhecendo sua for\u00e7a, sua sensibilidade e a import\u00e2ncia de cuidar tamb\u00e9m da sua sa\u00fade e do seu bem-estar\u201d, afirmou.<\/p>\n\n\n\n<p>Mari\u00e2ngela tamb\u00e9m agradeceu a presen\u00e7a dos palestrantes e ressaltou a parceria do SESI Sa\u00fade e Seguran\u00e7a no Trabalho (SST), al\u00e9m do apoio da Escola SESI Granbery, dos Clubes SESI e das unidades do SENAI de Juiz de Fora.<\/p>\n\n\n\n<p><strong>A mulher em suas diferentes fases da vida<\/strong><\/p>\n\n\n\n<p>A primeira palestra foi conduzida por Luciana Miranda Marcon, m\u00e9dica com resid\u00eancia em Ginecologia e Obstetr\u00edcia e Mastologia, que apresentou o tema \u201cMulher de fases: biologia, emo\u00e7\u00f5es e pot\u00eancia ao longo da vida\u201d. Durante sua apresenta\u00e7\u00e3o, ela destacou que a mulher possui uma din\u00e2mica biol\u00f3gica e emocional pr\u00f3pria, marcada por ciclos hormonais que influenciam diferentes aspectos da vida.<\/p>\n\n\n\n<p>Segundo ela, compreender essa natureza c\u00edclica \u00e9 fundamental para promover sa\u00fade e qualidade de vida. \u201cA mulher \u00e9 c\u00edclica, n\u00e3o linear. Oscilar n\u00e3o \u00e9 fragilidade, \u00e9 fisiologia\u201d, destacou a m\u00e9dica durante a palestra.<\/p>\n\n\n\n<p>Luciana tamb\u00e9m explicou as principais transi\u00e7\u00f5es da vida feminina, desde a menarca (primeira menstrua\u00e7\u00e3o), passando pela fase reprodutiva e maternidade, at\u00e9 o climat\u00e9rio e a menopausa, ressaltando a import\u00e2ncia do acompanhamento m\u00e9dico e do cuidado com o corpo ao longo dessas etapas.<\/p>\n\n\n\n<p>Ela refor\u00e7ou ainda a necessidade de a mulher assumir o protagonismo sobre sua pr\u00f3pria sa\u00fade, por meio de consultas regulares, exames preventivos e h\u00e1bitos saud\u00e1veis. Ao final, a m\u00e9dica deixou uma mensagem de valoriza\u00e7\u00e3o da mulher, destacando que cada trajet\u00f3ria feminina \u00e9 marcada por desafios, cuidado e dedica\u00e7\u00e3o.<\/p>\n\n\n\n<p><strong>Sa\u00fade mental e desafios no ambiente de trabalho<\/strong><\/p>\n\n\n\n<p>A segunda palestra foi ministrada por Gustavo Saggioro, m\u00e9dico p\u00f3s-graduado em Psiquiatria, Depend\u00eancia Qu\u00edmica e Depend\u00eancia Digital, que abordou o tema \u201cSa\u00fade mental da mulher e o mundo do trabalho: o que sabemos e o que n\u00e3o sabemos para evitar o adoecimento\u201d. Durante a apresenta\u00e7\u00e3o, o especialista destacou que a sa\u00fade mental feminina envolve uma combina\u00e7\u00e3o de fatores biol\u00f3gicos, sociais e econ\u00f4micos.<\/p>\n\n\n\n<p>Estudos indicam que as mulheres t\u00eam duas vezes mais chances de desenvolver transtornos como ansiedade, depress\u00e3o e burnout em compara\u00e7\u00e3o aos homens. Segundo ele, esse cen\u00e1rio est\u00e1 diretamente relacionado a quest\u00f5es como dupla ou tripla jornada de trabalho, press\u00f5es sociais e desigualdades de g\u00eanero.<\/p>\n\n\n\n<p>O m\u00e9dico tamb\u00e9m chamou aten\u00e7\u00e3o para fatores de risco que podem levar ao adoecimento mental, como sobrecarga de trabalho, ass\u00e9dio moral, metas abusivas e falta de apoio organizacional. Entre os sinais de alerta, ele destacou sintomas como exaust\u00e3o emocional, perda de produtividade, sensa\u00e7\u00e3o de sobrecarga e sentimentos de culpa, que muitas vezes s\u00e3o negligenciados ou subdiagnosticados.<\/p>\n\n\n\n<p>Outro ponto abordado foi o impacto das mudan\u00e7as no ambiente de trabalho e a necessidade de que empresas adotem pol\u00edticas de preven\u00e7\u00e3o e promo\u00e7\u00e3o da sa\u00fade mental. Segundo o especialista, organiza\u00e7\u00f5es que investem no bem-estar emocional de seus colaboradores apresentam melhores resultados e ambientes mais saud\u00e1veis.<\/p>\n\n\n\n<p>Ao final do evento, a presidente Mari\u00e2ngela Marcon agradeceu novamente a presen\u00e7a das colaboradoras e convidou todas para um momento de confraterniza\u00e7\u00e3o. A iniciativa refor\u00e7a o compromisso da FIEMG Regional Zona da Mata em promover a\u00e7\u00f5es voltadas \u00e0 valoriza\u00e7\u00e3o das pessoas e ao bem-estar de suas equipes, fortalecendo um ambiente institucional cada vez mais humano, saud\u00e1vel e inclusivo.<\/p>\n\n\n\n<p>.<\/p>\n\n\n\n<p><em>Graciele Vianna<\/em><\/p>\n\n\n\n<p><strong>Imprensa FIEMG<\/strong><\/p>\n","protected":false},"featured_media":5404,"template":"","categories":[13],"tags":[],"class_list":["post-5398","noticias","type-noticias","status-publish","has-post-thumbnail","hentry","category-destaques"],"acf":[],"yoast_head":"<!-- This site is optimized with the Yoast SEO plugin v26.2 - https:\/\/yoast.com\/wordpress\/plugins\/seo\/ -->\n<title>Evento da FIEMG Regional Zona da Mata promove reflex\u00e3o sobre sa\u00fade, emo\u00e7\u00f5es e desafios da mulher contempor\u00e2nea - Regional Zona da Mata<\/title>\n<meta name=\"robots\" content=\"index, follow, max-snippet:-1, max-image-preview:large, max-video-preview:-1\" \/>\n<link rel=\"canonical\" href=\"https:\/\/www.fiemg.com.br\/regional-zona-da-mata\/noticias\/evento-da-fiemg-regional-zona-da-mata-promove-reflexao-sobre-saude-emocoes-e-desafios-da-mulher-contemporanea\/\" \/>\n<meta property=\"og:locale\" content=\"pt_BR\" \/>\n<meta property=\"og:type\" content=\"article\" \/>\n<meta property=\"og:title\" content=\"Evento da FIEMG Regional Zona da Mata promove reflex\u00e3o sobre sa\u00fade, emo\u00e7\u00f5es e desafios da mulher contempor\u00e2nea - Regional Zona da Mata\" \/>\n<meta property=\"og:description\" content=\"Em celebra\u00e7\u00e3o ao Dia Internacional da Mulher, a FIEMG Regional Zona da Mata promoveu, no dia 9 de mar\u00e7o, em sua sede em Juiz de Fora, o encontro \u201cEntre Ciclos e Emo\u00e7\u00f5es \u2013 Um olhar integrado para a mulher\u201d, iniciativa voltada \u00e0 reflex\u00e3o sobre sa\u00fade integral feminina, bem-estar e os desafios enfrentados pelas mulheres na [&hellip;]\" \/>\n<meta property=\"og:url\" content=\"https:\/\/www.fiemg.com.br\/regional-zona-da-mata\/noticias\/evento-da-fiemg-regional-zona-da-mata-promove-reflexao-sobre-saude-emocoes-e-desafios-da-mulher-contemporanea\/\" \/>\n<meta property=\"og:site_name\" content=\"Regional Zona da Mata\" \/>\n<meta property=\"article:modified_time\" content=\"2026-03-16T13:44:39+00:00\" \/>\n<meta property=\"og:image\" content=\"https:\/\/www.fiemg.com.br\/regional-zona-da-mata\/wp-content\/uploads\/sites\/26\/2026\/03\/Palestra-Dia-da-Mulher-peq.png\" \/>\n\t<meta property=\"og:image:width\" content=\"512\" \/>\n\t<meta property=\"og:image:height\" content=\"512\" \/>\n\t<meta property=\"og:image:type\" content=\"image\/png\" \/>\n<meta name=\"twitter:card\" content=\"summary_large_image\" \/>\n<meta name=\"twitter:label1\" content=\"Est. tempo de leitura\" \/>\n\t<meta name=\"twitter:data1\" content=\"5 minutos\" \/>\n<script type=\"application\/ld+json\" class=\"yoast-schema-graph\">{\"@context\":\"https:\/\/schema.org\",\"@graph\":[{\"@type\":\"WebPage\",\"@id\":\"https:\/\/www.fiemg.com.br\/regional-zona-da-mata\/noticias\/evento-da-fiemg-regional-zona-da-mata-promove-reflexao-sobre-saude-emocoes-e-desafios-da-mulher-contemporanea\/\",\"url\":\"https:\/\/www.fiemg.com.br\/regional-zona-da-mata\/noticias\/evento-da-fiemg-regional-zona-da-mata-promove-reflexao-sobre-saude-emocoes-e-desafios-da-mulher-contemporanea\/\",\"name\":\"Evento da FIEMG Regional Zona da Mata promove reflex\u00e3o sobre sa\u00fade, emo\u00e7\u00f5es e desafios da mulher contempor\u00e2nea - Regional Zona da Mata\",\"isPartOf\":{\"@id\":\"https:\/\/www.fiemg.com.br\/regional-zona-da-mata\/#website\"},\"primaryImageOfPage\":{\"@id\":\"https:\/\/www.fiemg.com.br\/regional-zona-da-mata\/noticias\/evento-da-fiemg-regional-zona-da-mata-promove-reflexao-sobre-saude-emocoes-e-desafios-da-mulher-contemporanea\/#primaryimage\"},\"image\":{\"@id\":\"https:\/\/www.fiemg.com.br\/regional-zona-da-mata\/noticias\/evento-da-fiemg-regional-zona-da-mata-promove-reflexao-sobre-saude-emocoes-e-desafios-da-mulher-contemporanea\/#primaryimage\"},\"thumbnailUrl\":\"https:\/\/www.fiemg.com.br\/regional-zona-da-mata\/wp-content\/uploads\/sites\/26\/2026\/03\/Palestra-Dia-da-Mulher-peq.png\",\"datePublished\":\"2026-03-16T12:04:15+00:00\",\"dateModified\":\"2026-03-16T13:44:39+00:00\",\"breadcrumb\":{\"@id\":\"https:\/\/www.fiemg.com.br\/regional-zona-da-mata\/noticias\/evento-da-fiemg-regional-zona-da-mata-promove-reflexao-sobre-saude-emocoes-e-desafios-da-mulher-contemporanea\/#breadcrumb\"},\"inLanguage\":\"pt-BR\",\"potentialAction\":[{\"@type\":\"ReadAction\",\"target\":[\"https:\/\/www.fiemg.com.br\/regional-zona-da-mata\/noticias\/evento-da-fiemg-regional-zona-da-mata-promove-reflexao-sobre-saude-emocoes-e-desafios-da-mulher-contemporanea\/\"]}]},{\"@type\":\"ImageObject\",\"inLanguage\":\"pt-BR\",\"@id\":\"https:\/\/www.fiemg.com.br\/regional-zona-da-mata\/noticias\/evento-da-fiemg-regional-zona-da-mata-promove-reflexao-sobre-saude-emocoes-e-desafios-da-mulher-contemporanea\/#primaryimage\",\"url\":\"https:\/\/www.fiemg.com.br\/regional-zona-da-mata\/wp-content\/uploads\/sites\/26\/2026\/03\/Palestra-Dia-da-Mulher-peq.png\",\"contentUrl\":\"https:\/\/www.fiemg.com.br\/regional-zona-da-mata\/wp-content\/uploads\/sites\/26\/2026\/03\/Palestra-Dia-da-Mulher-peq.png\",\"width\":512,\"height\":512},{\"@type\":\"BreadcrumbList\",\"@id\":\"https:\/\/www.fiemg.com.br\/regional-zona-da-mata\/noticias\/evento-da-fiemg-regional-zona-da-mata-promove-reflexao-sobre-saude-emocoes-e-desafios-da-mulher-contemporanea\/#breadcrumb\",\"itemListElement\":[{\"@type\":\"ListItem\",\"position\":1,\"name\":\"In\u00edcio\",\"item\":\"https:\/\/www.fiemg.com.br\/regional-zona-da-mata\/\"},{\"@type\":\"ListItem\",\"position\":2,\"name\":\"Evento da FIEMG Regional Zona da Mata promove reflex\u00e3o sobre sa\u00fade, emo\u00e7\u00f5es e desafios da mulher contempor\u00e2nea\"}]},{\"@type\":\"WebSite\",\"@id\":\"https:\/\/www.fiemg.com.br\/regional-zona-da-mata\/#website\",\"url\":\"https:\/\/www.fiemg.com.br\/regional-zona-da-mata\/\",\"name\":\"Regional Zona da Mata\",\"description\":\"Federa\u00e7\u00e3o das Ind\u00fastrias do Estado de Minas Gerais\",\"publisher\":{\"@id\":\"https:\/\/www.fiemg.com.br\/regional-zona-da-mata\/#organization\"},\"potentialAction\":[{\"@type\":\"SearchAction\",\"target\":{\"@type\":\"EntryPoint\",\"urlTemplate\":\"https:\/\/www.fiemg.com.br\/regional-zona-da-mata\/?s={search_term_string}\"},\"query-input\":{\"@type\":\"PropertyValueSpecification\",\"valueRequired\":true,\"valueName\":\"search_term_string\"}}],\"inLanguage\":\"pt-BR\"},{\"@type\":\"Organization\",\"@id\":\"https:\/\/www.fiemg.com.br\/regional-zona-da-mata\/#organization\",\"name\":\"Regional Zona da Mata\",\"url\":\"https:\/\/www.fiemg.com.br\/regional-zona-da-mata\/\",\"logo\":{\"@type\":\"ImageObject\",\"inLanguage\":\"pt-BR\",\"@id\":\"https:\/\/www.fiemg.com.br\/regional-zona-da-mata\/#\/schema\/logo\/image\/\",\"url\":\"https:\/\/www.fiemg.com.br\/regional-zona-da-mata\/wp-content\/uploads\/sites\/26\/2023\/02\/Ativo-1.png\",\"contentUrl\":\"https:\/\/www.fiemg.com.br\/regional-zona-da-mata\/wp-content\/uploads\/sites\/26\/2023\/02\/Ativo-1.png\",\"width\":563,\"height\":149,\"caption\":\"Regional Zona da Mata\"},\"image\":{\"@id\":\"https:\/\/www.fiemg.com.br\/regional-zona-da-mata\/#\/schema\/logo\/image\/\"}}]}<\/script>\n<!-- \/ Yoast SEO plugin. -->","yoast_head_json":{"title":"Evento da FIEMG Regional Zona da Mata promove reflex\u00e3o sobre sa\u00fade, emo\u00e7\u00f5es e desafios da mulher contempor\u00e2nea - Regional Zona da Mata","robots":{"index":"index","follow":"follow","max-snippet":"max-snippet:-1","max-image-preview":"max-image-preview:large","max-video-preview":"max-video-preview:-1"},"canonical":"https:\/\/www.fiemg.com.br\/regional-zona-da-mata\/noticias\/evento-da-fiemg-regional-zona-da-mata-promove-reflexao-sobre-saude-emocoes-e-desafios-da-mulher-contemporanea\/","og_locale":"pt_BR","og_type":"article","og_title":"Evento da FIEMG Regional Zona da Mata promove reflex\u00e3o sobre sa\u00fade, emo\u00e7\u00f5es e desafios da mulher contempor\u00e2nea - Regional Zona da Mata","og_description":"Em celebra\u00e7\u00e3o ao Dia Internacional da Mulher, a FIEMG Regional Zona da Mata promoveu, no dia 9 de mar\u00e7o, em sua sede em Juiz de Fora, o encontro \u201cEntre Ciclos e Emo\u00e7\u00f5es \u2013 Um olhar integrado para a mulher\u201d, iniciativa voltada \u00e0 reflex\u00e3o sobre sa\u00fade integral feminina, bem-estar e os desafios enfrentados pelas mulheres na [&hellip;]","og_url":"https:\/\/www.fiemg.com.br\/regional-zona-da-mata\/noticias\/evento-da-fiemg-regional-zona-da-mata-promove-reflexao-sobre-saude-emocoes-e-desafios-da-mulher-contemporanea\/","og_site_name":"Regional Zona da Mata","article_modified_time":"2026-03-16T13:44:39+00:00","og_image":[{"width":512,"height":512,"url":"https:\/\/www.fiemg.com.br\/regional-zona-da-mata\/wp-content\/uploads\/sites\/26\/2026\/03\/Palestra-Dia-da-Mulher-peq.png","type":"image\/png"}],"twitter_card":"summary_large_image","twitter_misc":{"Est. tempo de leitura":"5 minutos"},"schema":{"@context":"https:\/\/schema.org","@graph":[{"@type":"WebPage","@id":"https:\/\/www.fiemg.com.br\/regional-zona-da-mata\/noticias\/evento-da-fiemg-regional-zona-da-mata-promove-reflexao-sobre-saude-emocoes-e-desafios-da-mulher-contemporanea\/","url":"https:\/\/www.fiemg.com.br\/regional-zona-da-mata\/noticias\/evento-da-fiemg-regional-zona-da-mata-promove-reflexao-sobre-saude-emocoes-e-desafios-da-mulher-contemporanea\/","name":"Evento da FIEMG Regional Zona da Mata promove reflex\u00e3o sobre sa\u00fade, emo\u00e7\u00f5es e desafios da mulher contempor\u00e2nea - Regional Zona da Mata","isPartOf":{"@id":"https:\/\/www.fiemg.com.br\/regional-zona-da-mata\/#website"},"primaryImageOfPage":{"@id":"https:\/\/www.fiemg.com.br\/regional-zona-da-mata\/noticias\/evento-da-fiemg-regional-zona-da-mata-promove-reflexao-sobre-saude-emocoes-e-desafios-da-mulher-contemporanea\/#primaryimage"},"image":{"@id":"https:\/\/www.fiemg.com.br\/regional-zona-da-mata\/noticias\/evento-da-fiemg-regional-zona-da-mata-promove-reflexao-sobre-saude-emocoes-e-desafios-da-mulher-contemporanea\/#primaryimage"},"thumbnailUrl":"https:\/\/www.fiemg.com.br\/regional-zona-da-mata\/wp-content\/uploads\/sites\/26\/2026\/03\/Palestra-Dia-da-Mulher-peq.png","datePublished":"2026-03-16T12:04:15+00:00","dateModified":"2026-03-16T13:44:39+00:00","breadcrumb":{"@id":"https:\/\/www.fiemg.com.br\/regional-zona-da-mata\/noticias\/evento-da-fiemg-regional-zona-da-mata-promove-reflexao-sobre-saude-emocoes-e-desafios-da-mulher-contemporanea\/#breadcrumb"},"inLanguage":"pt-BR","potentialAction":[{"@type":"ReadAction","target":["https:\/\/www.fiemg.com.br\/regional-zona-da-mata\/noticias\/evento-da-fiemg-regional-zona-da-mata-promove-reflexao-sobre-saude-emocoes-e-desafios-da-mulher-contemporanea\/"]}]},{"@type":"ImageObject","inLanguage":"pt-BR","@id":"https:\/\/www.fiemg.com.br\/regional-zona-da-mata\/noticias\/evento-da-fiemg-regional-zona-da-mata-promove-reflexao-sobre-saude-emocoes-e-desafios-da-mulher-contemporanea\/#primaryimage","url":"https:\/\/www.fiemg.com.br\/regional-zona-da-mata\/wp-content\/uploads\/sites\/26\/2026\/03\/Palestra-Dia-da-Mulher-peq.png","contentUrl":"https:\/\/www.fiemg.com.br\/regional-zona-da-mata\/wp-content\/uploads\/sites\/26\/2026\/03\/Palestra-Dia-da-Mulher-peq.png","width":512,"height":512},{"@type":"BreadcrumbList","@id":"https:\/\/www.fiemg.com.br\/regional-zona-da-mata\/noticias\/evento-da-fiemg-regional-zona-da-mata-promove-reflexao-sobre-saude-emocoes-e-desafios-da-mulher-contemporanea\/#breadcrumb","itemListElement":[{"@type":"ListItem","position":1,"name":"In\u00edcio","item":"https:\/\/www.fiemg.com.br\/regional-zona-da-mata\/"},{"@type":"ListItem","position":2,"name":"Evento da FIEMG Regional Zona da Mata promove reflex\u00e3o sobre sa\u00fade, emo\u00e7\u00f5es e desafios da mulher contempor\u00e2nea"}]},{"@type":"WebSite","@id":"https:\/\/www.fiemg.com.br\/regional-zona-da-mata\/#website","url":"https:\/\/www.fiemg.com.br\/regional-zona-da-mata\/","name":"Regional Zona da Mata","description":"Federa\u00e7\u00e3o das Ind\u00fastrias do Estado de Minas Gerais","publisher":{"@id":"https:\/\/www.fiemg.com.br\/regional-zona-da-mata\/#organization"},"potentialAction":[{"@type":"SearchAction","target":{"@type":"EntryPoint","urlTemplate":"https:\/\/www.fiemg.com.br\/regional-zona-da-mata\/?s={search_term_string}"},"query-input":{"@type":"PropertyValueSpecification","valueRequired":true,"valueName":"search_term_string"}}],"inLanguage":"pt-BR"},{"@type":"Organization","@id":"https:\/\/www.fiemg.com.br\/regional-zona-da-mata\/#organization","name":"Regional Zona da Mata","url":"https:\/\/www.fiemg.com.br\/regional-zona-da-mata\/","logo":{"@type":"ImageObject","inLanguage":"pt-BR","@id":"https:\/\/www.fiemg.com.br\/regional-zona-da-mata\/#\/schema\/logo\/image\/","url":"https:\/\/www.fiemg.com.br\/regional-zona-da-mata\/wp-content\/uploads\/sites\/26\/2023\/02\/Ativo-1.png","contentUrl":"https:\/\/www.fiemg.com.br\/regional-zona-da-mata\/wp-content\/uploads\/sites\/26\/2023\/02\/Ativo-1.png","width":563,"height":149,"caption":"Regional Zona da Mata"},"image":{"@id":"https:\/\/www.fiemg.com.br\/regional-zona-da-mata\/#\/schema\/logo\/image\/"}}]}},"_links":{"self":[{"href":"https:\/\/www.fiemg.com.br\/regional-zona-da-mata\/wp-json\/wp\/v2\/noticias\/5398","targetHints":{"allow":["GET"]}}],"collection":[{"href":"https:\/\/www.fiemg.com.br\/regional-zona-da-mata\/wp-json\/wp\/v2\/noticias"}],"about":[{"href":"https:\/\/www.fiemg.com.br\/regional-zona-da-mata\/wp-json\/wp\/v2\/types\/noticias"}],"wp:featuredmedia":[{"embeddable":true,"href":"https:\/\/www.fiemg.com.br\/regional-zona-da-mata\/wp-json\/wp\/v2\/media\/5404"}],"wp:attachment":[{"href":"https:\/\/www.fiemg.com.br\/regional-zona-da-mata\/wp-json\/wp\/v2\/media?parent=5398"}],"wp:term":[{"taxonomy":"category","embeddable":true,"href":"https:\/\/www.fiemg.com.br\/regional-zona-da-mata\/wp-json\/wp\/v2\/categories?post=5398"},{"taxonomy":"post_tag","embeddable":true,"href":"https:\/\/www.fiemg.com.br\/regional-zona-da-mata\/wp-json\/wp\/v2\/tags?post=5398"}],"curies":[{"name":"wp","href":"https:\/\/api.w.org\/{rel}","templated":true}]}}