{"id":5433,"date":"2026-03-20T15:17:27","date_gmt":"2026-03-20T18:17:27","guid":{"rendered":"https:\/\/www.fiemg.com.br\/regional-zona-da-mata\/?post_type=noticias&#038;p=5433"},"modified":"2026-03-20T15:33:33","modified_gmt":"2026-03-20T18:33:33","slug":"melhores-praticas-de-cobranca-e-recuperacao-de-credito-e-tema-de-treinamento-da-fiemg-regional-zona-da-mata","status":"publish","type":"noticias","link":"https:\/\/www.fiemg.com.br\/regional-zona-da-mata\/noticias\/melhores-praticas-de-cobranca-e-recuperacao-de-credito-e-tema-de-treinamento-da-fiemg-regional-zona-da-mata\/","title":{"rendered":"Melhores pr\u00e1ticas de cobran\u00e7a e recupera\u00e7\u00e3o de cr\u00e9dito \u00e9 tema de treinamento da FIEMG Regional Zona da Mata"},"content":{"rendered":"\n<p>A FIEMG Regional Zona da Mata realiza, no dia 13 de abril, o treinamento \u201cMelhores Pr\u00e1ticas de Cobran\u00e7a e Recupera\u00e7\u00e3o de Cr\u00e9dito\u201d, uma capacita\u00e7\u00e3o voltada a empres\u00e1rios, gestores e profissionais que desejam aprimorar a gest\u00e3o financeira e reduzir impactos da inadimpl\u00eancia nas empresas.\u00a0<\/p>\n\n\n\n<p>Com carga hor\u00e1ria de 8 horas\/aula, o curso ser\u00e1 realizado presencialmente na sede da FIEMG Regional ZM, no complexo da Escola SESI&nbsp;Granbery, em Juiz de Fora, e prop\u00f5e uma abordagem pr\u00e1tica e estrat\u00e9gica sobre cr\u00e9dito, cobran\u00e7a e recupera\u00e7\u00e3o financeira.&nbsp;<\/p>\n\n\n\n<p>A proposta do treinamento parte de um conceito fundamental: a inadimpl\u00eancia n\u00e3o come\u00e7a na cobran\u00e7a, mas sim na concess\u00e3o de cr\u00e9dito e na qualidade das informa\u00e7\u00f5es utilizadas ao longo do processo. A partir dessa perspectiva, os participantes ser\u00e3o conduzidos a compreender todo o ciclo \u2014 desde a an\u00e1lise de cr\u00e9dito at\u00e9 a recupera\u00e7\u00e3o de valores \u2014 com foco em efici\u00eancia, organiza\u00e7\u00e3o e relacionamento.&nbsp;<\/p>\n\n\n\n<p>A metodologia adotada \u00e9 ativa e participativa, combinando aulas expositivas e interativas com din\u00e2micas de grupo, exerc\u00edcios pr\u00e1ticos e simula\u00e7\u00f5es baseadas em situa\u00e7\u00f5es reais do ambiente empresarial. A&nbsp;ideia \u00e9 permitir que os participantes desenvolvam solu\u00e7\u00f5es aplic\u00e1veis ao seu dia a dia, fortalecendo tanto compet\u00eancias t\u00e9cnicas quanto habilidades comportamentais.&nbsp;<\/p>\n\n\n\n<p>Entre os principais resultados esperados est\u00e1 o desenvolvimento de compet\u00eancias essenciais para profissionais da \u00e1rea, como comunica\u00e7\u00e3o, negocia\u00e7\u00e3o, empatia e estrat\u00e9gia. O treinamento refor\u00e7a que a cobran\u00e7a, quando bem estruturada, deixa de ser apenas uma a\u00e7\u00e3o corretiva e passa a ser uma ferramenta estrat\u00e9gica para a sa\u00fade financeira das empresas.&nbsp;<\/p>\n\n\n\n<p>A capacita\u00e7\u00e3o ser\u00e1 conduzida por Luciano Heringer, especialista com ampla experi\u00eancia nas \u00e1reas de gest\u00e3o financeira e direito. P\u00f3s-graduado em Gest\u00e3o Estrat\u00e9gica e Transfer\u00eancia da Informa\u00e7\u00e3o e em Direito Notarial e Registral, Heringer \u00e9 educador financeiro e membro da Associa\u00e7\u00e3o Brasileira de Educadores Financeiros (ABEFIN). Com mais de 35 anos de atua\u00e7\u00e3o no Banco do Brasil e mais de 1.500 horas dedicadas a treinamentos, o facilitador traz uma abordagem pr\u00e1tica, baseada em viv\u00eancias reais do mercado.&nbsp;<\/p>\n\n\n\n<p>O treinamento \u00e9 direcionado a empres\u00e1rios, diretores, gestores e analistas financeiros, al\u00e9m de profissionais que atuam diretamente com cr\u00e9dito e cobran\u00e7a ou que tenham interesse em aprimorar seus conhecimentos na \u00e1rea.&nbsp;<\/p>\n\n\n\n<p>As inscri\u00e7\u00f5es est\u00e3o abertas, com investimento de R$ 370,00 para empresas associadas \u00e0 FIEMG e R$ 395,00 para demais participantes. O valor inclui servi\u00e7o de alimenta\u00e7\u00e3o completo durante o evento.\u00a0<\/p>\n\n\n\n<p><strong>Garanta sua participa\u00e7\u00e3o e prepare sua empresa para atender \u00e0s exig\u00eancias da NR-01 com mais efici\u00eancia, estrat\u00e9gia e seguran\u00e7a.<\/strong>&nbsp;<\/p>\n\n\n\n<p>.<\/p>\n\n\n\n<p><strong>TOME NOTA:<\/strong>&nbsp;<\/p>\n\n\n\n<p><strong>Data: <\/strong>13 de abril de 2026&nbsp;<br><strong>Hor\u00e1rio:<\/strong> 8h30 \u00e0s 17h30&nbsp;<br><strong>Local: <\/strong>FIEMG Regional Zona da Mata \u2013 Rua Batista de Oliveira, 1145,&nbsp;Granbery&nbsp;\u2013 Juiz de Fora\/MG&nbsp;<br><strong>Investimento:<\/strong> R$ 370,00 (associados&nbsp;aos Sindicatos filiados \u00e0&nbsp;FIEMG) | R$ 395,00 (demais&nbsp;interessados)&nbsp;<\/p>\n\n\n\n<p><strong>Informa\u00e7\u00f5es:<\/strong>&nbsp;<a href=\"mailto:gpeixoto@fiemg.com.br\" target=\"_blank\" rel=\"noreferrer noopener\">gpeixoto@fiemg.com.br<\/a>&nbsp;<\/p>\n\n\n\n<p><strong>Clique&nbsp;<a href=\"https:\/\/www.sympla.com.br\/evento\/treinamento-melhores-praticas-cobranca-e-recuperacao-de-credito\/3348977?_gl=1*1y3k6xu*_gcl_aw*R0NMLjE3NjgyMTkxOTMuQ2owS0NRaUExSkxMQmhDREFSSXNBQVZmeTdqQXR1SzRfYzBwODZGamd3SmJhQjdHN3JkWWNLVm5lVHhlckxNbUZfMjlfZnNsMVZzcFdLd2FBdWtXRUFMd193Y0I.*_gcl_au*OTUwMDg0ODk0LjE3Njc4ODc4NjMuMjk1NDk0MjQ1LjE3NzM2ODEyMTcuMTc3MzY4MzMwMA..*_ga*MTM5NjgyNTIzNi4xNzY3ODg3ODY0*_ga_KXH10SQTZF*czE3NzM2ODAzMzIkbzM5JGcxJHQxNzczNjgzOTI0JGoxOCRsMCRoMjA1OTE1NjM3Ng..\" target=\"_blank\" rel=\"noreferrer noopener\">AQUI&nbsp;<\/a>ou na imagem abaixo para se inscrever.&nbsp;<\/strong><\/p>\n\n\n\n<p>.<\/p>\n\n\n\n<figure class=\"wp-block-image size-large is-resized\"><a href=\"https:\/\/www.sympla.com.br\/evento\/treinamento-melhores-praticas-cobranca-e-recuperacao-de-credito\/3348977?_gl=1*1y3k6xu*_gcl_aw*R0NMLjE3NjgyMTkxOTMuQ2owS0NRaUExSkxMQmhDREFSSXNBQVZmeTdqQXR1SzRfYzBwODZGamd3SmJhQjdHN3JkWWNLVm5lVHhlckxNbUZfMjlfZnNsMVZzcFdLd2FBdWtXRUFMd193Y0I.*_gcl_au*OTUwMDg0ODk0LjE3Njc4ODc4NjMuMjk1NDk0MjQ1LjE3NzM2ODEyMTcuMTc3MzY4MzMwMA..*_ga*MTM5NjgyNTIzNi4xNzY3ODg3ODY0*_ga_KXH10SQTZF*czE3NzM2ODAzMzIkbzM5JGcxJHQxNzczNjgzOTI0JGoxOCRsMCRoMjA1OTE1NjM3Ng..\"><img fetchpriority=\"high\" decoding=\"async\" width=\"737\" height=\"1024\" src=\"https:\/\/www.fiemg.com.br\/regional-zona-da-mata\/wp-content\/uploads\/sites\/26\/2026\/03\/Cartaz-Melhores-praticas-cobranca-737x1024.jpeg\" alt=\"\" class=\"wp-image-5436\" style=\"width:516px;height:auto\" srcset=\"https:\/\/www.fiemg.com.br\/regional-zona-da-mata\/wp-content\/uploads\/sites\/26\/2026\/03\/Cartaz-Melhores-praticas-cobranca-737x1024.jpeg 737w, https:\/\/www.fiemg.com.br\/regional-zona-da-mata\/wp-content\/uploads\/sites\/26\/2026\/03\/Cartaz-Melhores-praticas-cobranca-216x300.jpeg 216w, https:\/\/www.fiemg.com.br\/regional-zona-da-mata\/wp-content\/uploads\/sites\/26\/2026\/03\/Cartaz-Melhores-praticas-cobranca-768x1067.jpeg 768w, https:\/\/www.fiemg.com.br\/regional-zona-da-mata\/wp-content\/uploads\/sites\/26\/2026\/03\/Cartaz-Melhores-praticas-cobranca.jpeg 1080w\" sizes=\"(max-width: 737px) 100vw, 737px\" \/><\/a><\/figure>\n\n\n\n<p>.<\/p>\n\n\n\n<p><em>Graciele Vianna<\/em><\/p>\n\n\n\n<p><strong>Imprensa FIEMG<\/strong><\/p>\n","protected":false},"featured_media":5435,"template":"","categories":[5],"tags":[],"class_list":["post-5433","noticias","type-noticias","status-publish","has-post-thumbnail","hentry","category-capacitacao-empresarial"],"acf":[],"yoast_head":"<!-- This site is optimized with the Yoast SEO plugin v26.2 - https:\/\/yoast.com\/wordpress\/plugins\/seo\/ -->\n<title>Melhores pr\u00e1ticas de cobran\u00e7a e recupera\u00e7\u00e3o de cr\u00e9dito \u00e9 tema de treinamento da FIEMG Regional Zona da Mata - Regional Zona da Mata<\/title>\n<meta name=\"robots\" content=\"index, follow, max-snippet:-1, max-image-preview:large, max-video-preview:-1\" \/>\n<link rel=\"canonical\" href=\"https:\/\/www.fiemg.com.br\/regional-zona-da-mata\/noticias\/melhores-praticas-de-cobranca-e-recuperacao-de-credito-e-tema-de-treinamento-da-fiemg-regional-zona-da-mata\/\" \/>\n<meta property=\"og:locale\" content=\"pt_BR\" \/>\n<meta property=\"og:type\" content=\"article\" \/>\n<meta property=\"og:title\" content=\"Melhores pr\u00e1ticas de cobran\u00e7a e recupera\u00e7\u00e3o de cr\u00e9dito \u00e9 tema de treinamento da FIEMG Regional Zona da Mata - Regional Zona da Mata\" \/>\n<meta property=\"og:description\" content=\"A FIEMG Regional Zona da Mata realiza, no dia 13 de abril, o treinamento \u201cMelhores Pr\u00e1ticas de Cobran\u00e7a e Recupera\u00e7\u00e3o de Cr\u00e9dito\u201d, uma capacita\u00e7\u00e3o voltada a empres\u00e1rios, gestores e profissionais que desejam aprimorar a gest\u00e3o financeira e reduzir impactos da inadimpl\u00eancia nas empresas.\u00a0 Com carga hor\u00e1ria de 8 horas\/aula, o curso ser\u00e1 realizado presencialmente na [&hellip;]\" \/>\n<meta property=\"og:url\" content=\"https:\/\/www.fiemg.com.br\/regional-zona-da-mata\/noticias\/melhores-praticas-de-cobranca-e-recuperacao-de-credito-e-tema-de-treinamento-da-fiemg-regional-zona-da-mata\/\" \/>\n<meta property=\"og:site_name\" content=\"Regional Zona da Mata\" \/>\n<meta property=\"article:modified_time\" content=\"2026-03-20T18:33:33+00:00\" \/>\n<meta property=\"og:image\" content=\"https:\/\/www.fiemg.com.br\/regional-zona-da-mata\/wp-content\/uploads\/sites\/26\/2026\/03\/Design-sem-nome-7.png\" \/>\n\t<meta property=\"og:image:width\" content=\"512\" \/>\n\t<meta property=\"og:image:height\" content=\"512\" \/>\n\t<meta property=\"og:image:type\" content=\"image\/png\" \/>\n<meta name=\"twitter:card\" content=\"summary_large_image\" \/>\n<meta name=\"twitter:label1\" content=\"Est. tempo de leitura\" \/>\n\t<meta name=\"twitter:data1\" content=\"3 minutos\" \/>\n<script type=\"application\/ld+json\" class=\"yoast-schema-graph\">{\"@context\":\"https:\/\/schema.org\",\"@graph\":[{\"@type\":\"WebPage\",\"@id\":\"https:\/\/www.fiemg.com.br\/regional-zona-da-mata\/noticias\/melhores-praticas-de-cobranca-e-recuperacao-de-credito-e-tema-de-treinamento-da-fiemg-regional-zona-da-mata\/\",\"url\":\"https:\/\/www.fiemg.com.br\/regional-zona-da-mata\/noticias\/melhores-praticas-de-cobranca-e-recuperacao-de-credito-e-tema-de-treinamento-da-fiemg-regional-zona-da-mata\/\",\"name\":\"Melhores pr\u00e1ticas de cobran\u00e7a e recupera\u00e7\u00e3o de cr\u00e9dito \u00e9 tema de treinamento da FIEMG Regional Zona da Mata - Regional Zona da Mata\",\"isPartOf\":{\"@id\":\"https:\/\/www.fiemg.com.br\/regional-zona-da-mata\/#website\"},\"primaryImageOfPage\":{\"@id\":\"https:\/\/www.fiemg.com.br\/regional-zona-da-mata\/noticias\/melhores-praticas-de-cobranca-e-recuperacao-de-credito-e-tema-de-treinamento-da-fiemg-regional-zona-da-mata\/#primaryimage\"},\"image\":{\"@id\":\"https:\/\/www.fiemg.com.br\/regional-zona-da-mata\/noticias\/melhores-praticas-de-cobranca-e-recuperacao-de-credito-e-tema-de-treinamento-da-fiemg-regional-zona-da-mata\/#primaryimage\"},\"thumbnailUrl\":\"https:\/\/www.fiemg.com.br\/regional-zona-da-mata\/wp-content\/uploads\/sites\/26\/2026\/03\/Design-sem-nome-7.png\",\"datePublished\":\"2026-03-20T18:17:27+00:00\",\"dateModified\":\"2026-03-20T18:33:33+00:00\",\"breadcrumb\":{\"@id\":\"https:\/\/www.fiemg.com.br\/regional-zona-da-mata\/noticias\/melhores-praticas-de-cobranca-e-recuperacao-de-credito-e-tema-de-treinamento-da-fiemg-regional-zona-da-mata\/#breadcrumb\"},\"inLanguage\":\"pt-BR\",\"potentialAction\":[{\"@type\":\"ReadAction\",\"target\":[\"https:\/\/www.fiemg.com.br\/regional-zona-da-mata\/noticias\/melhores-praticas-de-cobranca-e-recuperacao-de-credito-e-tema-de-treinamento-da-fiemg-regional-zona-da-mata\/\"]}]},{\"@type\":\"ImageObject\",\"inLanguage\":\"pt-BR\",\"@id\":\"https:\/\/www.fiemg.com.br\/regional-zona-da-mata\/noticias\/melhores-praticas-de-cobranca-e-recuperacao-de-credito-e-tema-de-treinamento-da-fiemg-regional-zona-da-mata\/#primaryimage\",\"url\":\"https:\/\/www.fiemg.com.br\/regional-zona-da-mata\/wp-content\/uploads\/sites\/26\/2026\/03\/Design-sem-nome-7.png\",\"contentUrl\":\"https:\/\/www.fiemg.com.br\/regional-zona-da-mata\/wp-content\/uploads\/sites\/26\/2026\/03\/Design-sem-nome-7.png\",\"width\":512,\"height\":512},{\"@type\":\"BreadcrumbList\",\"@id\":\"https:\/\/www.fiemg.com.br\/regional-zona-da-mata\/noticias\/melhores-praticas-de-cobranca-e-recuperacao-de-credito-e-tema-de-treinamento-da-fiemg-regional-zona-da-mata\/#breadcrumb\",\"itemListElement\":[{\"@type\":\"ListItem\",\"position\":1,\"name\":\"In\u00edcio\",\"item\":\"https:\/\/www.fiemg.com.br\/regional-zona-da-mata\/\"},{\"@type\":\"ListItem\",\"position\":2,\"name\":\"Capacita\u00e7\u00e3o Empresarial\",\"item\":\"https:\/\/www.fiemg.com.br\/regional-zona-da-mata\/category\/capacitacao-empresarial\/\"},{\"@type\":\"ListItem\",\"position\":3,\"name\":\"Melhores pr\u00e1ticas de cobran\u00e7a e recupera\u00e7\u00e3o de cr\u00e9dito \u00e9 tema de treinamento da FIEMG Regional Zona da Mata\"}]},{\"@type\":\"WebSite\",\"@id\":\"https:\/\/www.fiemg.com.br\/regional-zona-da-mata\/#website\",\"url\":\"https:\/\/www.fiemg.com.br\/regional-zona-da-mata\/\",\"name\":\"Regional Zona da Mata\",\"description\":\"Federa\u00e7\u00e3o das Ind\u00fastrias do Estado de Minas Gerais\",\"publisher\":{\"@id\":\"https:\/\/www.fiemg.com.br\/regional-zona-da-mata\/#organization\"},\"potentialAction\":[{\"@type\":\"SearchAction\",\"target\":{\"@type\":\"EntryPoint\",\"urlTemplate\":\"https:\/\/www.fiemg.com.br\/regional-zona-da-mata\/?s={search_term_string}\"},\"query-input\":{\"@type\":\"PropertyValueSpecification\",\"valueRequired\":true,\"valueName\":\"search_term_string\"}}],\"inLanguage\":\"pt-BR\"},{\"@type\":\"Organization\",\"@id\":\"https:\/\/www.fiemg.com.br\/regional-zona-da-mata\/#organization\",\"name\":\"Regional Zona da Mata\",\"url\":\"https:\/\/www.fiemg.com.br\/regional-zona-da-mata\/\",\"logo\":{\"@type\":\"ImageObject\",\"inLanguage\":\"pt-BR\",\"@id\":\"https:\/\/www.fiemg.com.br\/regional-zona-da-mata\/#\/schema\/logo\/image\/\",\"url\":\"https:\/\/www.fiemg.com.br\/regional-zona-da-mata\/wp-content\/uploads\/sites\/26\/2023\/02\/Ativo-1.png\",\"contentUrl\":\"https:\/\/www.fiemg.com.br\/regional-zona-da-mata\/wp-content\/uploads\/sites\/26\/2023\/02\/Ativo-1.png\",\"width\":563,\"height\":149,\"caption\":\"Regional Zona da Mata\"},\"image\":{\"@id\":\"https:\/\/www.fiemg.com.br\/regional-zona-da-mata\/#\/schema\/logo\/image\/\"}}]}<\/script>\n<!-- \/ Yoast SEO plugin. -->","yoast_head_json":{"title":"Melhores pr\u00e1ticas de cobran\u00e7a e recupera\u00e7\u00e3o de cr\u00e9dito \u00e9 tema de treinamento da FIEMG Regional Zona da Mata - Regional Zona da Mata","robots":{"index":"index","follow":"follow","max-snippet":"max-snippet:-1","max-image-preview":"max-image-preview:large","max-video-preview":"max-video-preview:-1"},"canonical":"https:\/\/www.fiemg.com.br\/regional-zona-da-mata\/noticias\/melhores-praticas-de-cobranca-e-recuperacao-de-credito-e-tema-de-treinamento-da-fiemg-regional-zona-da-mata\/","og_locale":"pt_BR","og_type":"article","og_title":"Melhores pr\u00e1ticas de cobran\u00e7a e recupera\u00e7\u00e3o de cr\u00e9dito \u00e9 tema de treinamento da FIEMG Regional Zona da Mata - Regional Zona da Mata","og_description":"A FIEMG Regional Zona da Mata realiza, no dia 13 de abril, o treinamento \u201cMelhores Pr\u00e1ticas de Cobran\u00e7a e Recupera\u00e7\u00e3o de Cr\u00e9dito\u201d, uma capacita\u00e7\u00e3o voltada a empres\u00e1rios, gestores e profissionais que desejam aprimorar a gest\u00e3o financeira e reduzir impactos da inadimpl\u00eancia nas empresas.\u00a0 Com carga hor\u00e1ria de 8 horas\/aula, o curso ser\u00e1 realizado presencialmente na [&hellip;]","og_url":"https:\/\/www.fiemg.com.br\/regional-zona-da-mata\/noticias\/melhores-praticas-de-cobranca-e-recuperacao-de-credito-e-tema-de-treinamento-da-fiemg-regional-zona-da-mata\/","og_site_name":"Regional Zona da Mata","article_modified_time":"2026-03-20T18:33:33+00:00","og_image":[{"width":512,"height":512,"url":"https:\/\/www.fiemg.com.br\/regional-zona-da-mata\/wp-content\/uploads\/sites\/26\/2026\/03\/Design-sem-nome-7.png","type":"image\/png"}],"twitter_card":"summary_large_image","twitter_misc":{"Est. tempo de leitura":"3 minutos"},"schema":{"@context":"https:\/\/schema.org","@graph":[{"@type":"WebPage","@id":"https:\/\/www.fiemg.com.br\/regional-zona-da-mata\/noticias\/melhores-praticas-de-cobranca-e-recuperacao-de-credito-e-tema-de-treinamento-da-fiemg-regional-zona-da-mata\/","url":"https:\/\/www.fiemg.com.br\/regional-zona-da-mata\/noticias\/melhores-praticas-de-cobranca-e-recuperacao-de-credito-e-tema-de-treinamento-da-fiemg-regional-zona-da-mata\/","name":"Melhores pr\u00e1ticas de cobran\u00e7a e recupera\u00e7\u00e3o de cr\u00e9dito \u00e9 tema de treinamento da FIEMG Regional Zona da Mata - Regional Zona da Mata","isPartOf":{"@id":"https:\/\/www.fiemg.com.br\/regional-zona-da-mata\/#website"},"primaryImageOfPage":{"@id":"https:\/\/www.fiemg.com.br\/regional-zona-da-mata\/noticias\/melhores-praticas-de-cobranca-e-recuperacao-de-credito-e-tema-de-treinamento-da-fiemg-regional-zona-da-mata\/#primaryimage"},"image":{"@id":"https:\/\/www.fiemg.com.br\/regional-zona-da-mata\/noticias\/melhores-praticas-de-cobranca-e-recuperacao-de-credito-e-tema-de-treinamento-da-fiemg-regional-zona-da-mata\/#primaryimage"},"thumbnailUrl":"https:\/\/www.fiemg.com.br\/regional-zona-da-mata\/wp-content\/uploads\/sites\/26\/2026\/03\/Design-sem-nome-7.png","datePublished":"2026-03-20T18:17:27+00:00","dateModified":"2026-03-20T18:33:33+00:00","breadcrumb":{"@id":"https:\/\/www.fiemg.com.br\/regional-zona-da-mata\/noticias\/melhores-praticas-de-cobranca-e-recuperacao-de-credito-e-tema-de-treinamento-da-fiemg-regional-zona-da-mata\/#breadcrumb"},"inLanguage":"pt-BR","potentialAction":[{"@type":"ReadAction","target":["https:\/\/www.fiemg.com.br\/regional-zona-da-mata\/noticias\/melhores-praticas-de-cobranca-e-recuperacao-de-credito-e-tema-de-treinamento-da-fiemg-regional-zona-da-mata\/"]}]},{"@type":"ImageObject","inLanguage":"pt-BR","@id":"https:\/\/www.fiemg.com.br\/regional-zona-da-mata\/noticias\/melhores-praticas-de-cobranca-e-recuperacao-de-credito-e-tema-de-treinamento-da-fiemg-regional-zona-da-mata\/#primaryimage","url":"https:\/\/www.fiemg.com.br\/regional-zona-da-mata\/wp-content\/uploads\/sites\/26\/2026\/03\/Design-sem-nome-7.png","contentUrl":"https:\/\/www.fiemg.com.br\/regional-zona-da-mata\/wp-content\/uploads\/sites\/26\/2026\/03\/Design-sem-nome-7.png","width":512,"height":512},{"@type":"BreadcrumbList","@id":"https:\/\/www.fiemg.com.br\/regional-zona-da-mata\/noticias\/melhores-praticas-de-cobranca-e-recuperacao-de-credito-e-tema-de-treinamento-da-fiemg-regional-zona-da-mata\/#breadcrumb","itemListElement":[{"@type":"ListItem","position":1,"name":"In\u00edcio","item":"https:\/\/www.fiemg.com.br\/regional-zona-da-mata\/"},{"@type":"ListItem","position":2,"name":"Capacita\u00e7\u00e3o Empresarial","item":"https:\/\/www.fiemg.com.br\/regional-zona-da-mata\/category\/capacitacao-empresarial\/"},{"@type":"ListItem","position":3,"name":"Melhores pr\u00e1ticas de cobran\u00e7a e recupera\u00e7\u00e3o de cr\u00e9dito \u00e9 tema de treinamento da FIEMG Regional Zona da Mata"}]},{"@type":"WebSite","@id":"https:\/\/www.fiemg.com.br\/regional-zona-da-mata\/#website","url":"https:\/\/www.fiemg.com.br\/regional-zona-da-mata\/","name":"Regional Zona da Mata","description":"Federa\u00e7\u00e3o das Ind\u00fastrias do Estado de Minas Gerais","publisher":{"@id":"https:\/\/www.fiemg.com.br\/regional-zona-da-mata\/#organization"},"potentialAction":[{"@type":"SearchAction","target":{"@type":"EntryPoint","urlTemplate":"https:\/\/www.fiemg.com.br\/regional-zona-da-mata\/?s={search_term_string}"},"query-input":{"@type":"PropertyValueSpecification","valueRequired":true,"valueName":"search_term_string"}}],"inLanguage":"pt-BR"},{"@type":"Organization","@id":"https:\/\/www.fiemg.com.br\/regional-zona-da-mata\/#organization","name":"Regional Zona da Mata","url":"https:\/\/www.fiemg.com.br\/regional-zona-da-mata\/","logo":{"@type":"ImageObject","inLanguage":"pt-BR","@id":"https:\/\/www.fiemg.com.br\/regional-zona-da-mata\/#\/schema\/logo\/image\/","url":"https:\/\/www.fiemg.com.br\/regional-zona-da-mata\/wp-content\/uploads\/sites\/26\/2023\/02\/Ativo-1.png","contentUrl":"https:\/\/www.fiemg.com.br\/regional-zona-da-mata\/wp-content\/uploads\/sites\/26\/2023\/02\/Ativo-1.png","width":563,"height":149,"caption":"Regional Zona da Mata"},"image":{"@id":"https:\/\/www.fiemg.com.br\/regional-zona-da-mata\/#\/schema\/logo\/image\/"}}]}},"_links":{"self":[{"href":"https:\/\/www.fiemg.com.br\/regional-zona-da-mata\/wp-json\/wp\/v2\/noticias\/5433","targetHints":{"allow":["GET"]}}],"collection":[{"href":"https:\/\/www.fiemg.com.br\/regional-zona-da-mata\/wp-json\/wp\/v2\/noticias"}],"about":[{"href":"https:\/\/www.fiemg.com.br\/regional-zona-da-mata\/wp-json\/wp\/v2\/types\/noticias"}],"wp:featuredmedia":[{"embeddable":true,"href":"https:\/\/www.fiemg.com.br\/regional-zona-da-mata\/wp-json\/wp\/v2\/media\/5435"}],"wp:attachment":[{"href":"https:\/\/www.fiemg.com.br\/regional-zona-da-mata\/wp-json\/wp\/v2\/media?parent=5433"}],"wp:term":[{"taxonomy":"category","embeddable":true,"href":"https:\/\/www.fiemg.com.br\/regional-zona-da-mata\/wp-json\/wp\/v2\/categories?post=5433"},{"taxonomy":"post_tag","embeddable":true,"href":"https:\/\/www.fiemg.com.br\/regional-zona-da-mata\/wp-json\/wp\/v2\/tags?post=5433"}],"curies":[{"name":"wp","href":"https:\/\/api.w.org\/{rel}","templated":true}]}}