{"id":5572,"date":"2026-04-30T09:08:39","date_gmt":"2026-04-30T12:08:39","guid":{"rendered":"https:\/\/www.fiemg.com.br\/regional-zona-da-mata\/?post_type=noticias&#038;p=5572"},"modified":"2026-04-30T09:23:22","modified_gmt":"2026-04-30T12:23:22","slug":"fiemg-regional-zm-participa-do-imersao-industria-e-reforca-agenda-estrategica-para-o-desenvolvimento-do-setor-produtivo","status":"publish","type":"noticias","link":"https:\/\/www.fiemg.com.br\/regional-zona-da-mata\/noticias\/fiemg-regional-zm-participa-do-imersao-industria-e-reforca-agenda-estrategica-para-o-desenvolvimento-do-setor-produtivo\/","title":{"rendered":"FIEMG Regional ZM participa do Imers\u00e3o Ind\u00fastria e refor\u00e7a agenda estrat\u00e9gica para o desenvolvimento do setor produtivo"},"content":{"rendered":"\n<p>A FIEMG Regional Zona da Mata marcou presen\u00e7a na 8\u00aa edi\u00e7\u00e3o do Imers\u00e3o Ind\u00fastria, realizada nos dias 23 e 24 de abril, no BH Shopping, em Belo Horizonte. A presidente da Regional, Mari\u00e2ngela Miranda Marcon, participou do evento acompanhada do analista de Rela\u00e7\u00f5es Empresariais, Gilmar Peixoto, e da consultora interna de Comunica\u00e7\u00e3o, Graciele Vianna em uma agenda voltada \u00e0 atualiza\u00e7\u00e3o estrat\u00e9gica e ao fortalecimento das conex\u00f5es institucionais. Tamb\u00e9m representando a Zona da Mata, marcaram presen\u00e7a os presidentes de sindicatos Fl\u00e1via Gonzaga (SIA-JF) e S\u00e9rgio Picoli (Sindigraf-JF).<\/p>\n\n\n\n<p>Promovido pelo Sistema FIEMG, o Imers\u00e3o Ind\u00fastria consolidou-se como um dos principais encontros do setor produtivo mineiro, reunindo empres\u00e1rios, lideran\u00e7as e especialistas de destaque nacional para discutir tend\u00eancias, inova\u00e7\u00e3o e os caminhos para o crescimento da ind\u00fastria. Com uma programa\u00e7\u00e3o din\u00e2mica, o evento combinou palestras simult\u00e2neas, espa\u00e7os de exposi\u00e7\u00e3o e ambientes de networking, proporcionando uma experi\u00eancia completa de conte\u00fado e relacionamento.<\/p>\n\n\n\n<p>Na abertura, o ent\u00e3o presidente em exerc\u00edcio da FIEMG, Carlos M\u00e1rio, destacou o papel estrat\u00e9gico do encontro como um espa\u00e7o de constru\u00e7\u00e3o coletiva. \u201cMais do que um evento, o Imers\u00e3o Ind\u00fastria \u00e9 um ponto de encontro de quem constr\u00f3i o presente e projeta o futuro da ind\u00fastria brasileira\u201d, afirmou, ao ressaltar a import\u00e2ncia do di\u00e1logo diante dos desafios estruturais do pa\u00eds.<\/p>\n\n\n\n<p>O tema central desta edi\u00e7\u00e3o \u2014 o chamado Custo Brasil \u2014 esteve no centro das discuss\u00f5es, evidenciando os impactos diretos sobre a competitividade das empresas. Segundo apresentado no evento, esse conjunto de entraves representa cerca de R$ 1,7 trilh\u00e3o por ano, afetando toda a cadeia produtiva e exigindo respostas estruturadas e articuladas.<\/p>\n\n\n\n<p>Entre os destaques da programa\u00e7\u00e3o, o comentarista pol\u00edtico e econ\u00f4mico Caio Coppolla trouxe uma an\u00e1lise cr\u00edtica sobre o cen\u00e1rio brasileiro, apontando desafios fiscais, incertezas econ\u00f4micas e a necessidade de reformas estruturais. J\u00e1 o cientista pol\u00edtico Heni Ozi Cukier (Professor HOC) abordou o impacto da geopol\u00edtica nos neg\u00f3cios, destacando como decis\u00f5es globais influenciam diretamente o ambiente econ\u00f4mico e as estrat\u00e9gias empresariais.<\/p>\n\n\n\n<p>A jornalista Fabiana Bertotti tamb\u00e9m integrou a programa\u00e7\u00e3o com uma reflex\u00e3o sobre alta performance em ambientes de press\u00e3o constante, ressaltando a import\u00e2ncia da comunica\u00e7\u00e3o e da sa\u00fade mental para a produtividade nas organiza\u00e7\u00f5es, assuntos tamb\u00e9m trabalhados de forma intensiva em apresenta\u00e7\u00f5es e debates no segundo dia do Imers\u00e3o. &nbsp;Especialistas de diferentes \u00e1reas discutiram esta quest\u00e3o e seus impactos nas rela\u00e7\u00f5es de trabalho, focando nos desafios contempor\u00e2neos enfrentados por empresas e trabalhadores.<\/p>\n\n\n\n<p>Tamb\u00e9m foi sucesso a palestra da hiperintendente de Defesa de Interesse e Gest\u00e3o, \u00c9rika Morreale, que falou sobre ativismo empresarial \u2013 do prop\u00f3sito ao impacto real. Encerrando o evento, o economista Ricardo Amorim destacou o papel estrat\u00e9gico da ind\u00fastria no pr\u00f3ximo ciclo de crescimento do pa\u00eds, apontando uma janela de oportunidades impulsionada por fatores como a reforma tribut\u00e1ria, avan\u00e7os tecnol\u00f3gicos e mudan\u00e7as no cen\u00e1rio global.<\/p>\n\n\n\n<p>Outro destaque foi a apresenta\u00e7\u00e3o do Indicador de Impacto Normativo no Custo Brasil, ferramenta in\u00e9dita desenvolvida pela FIEMG para mensurar os efeitos de normas sobre o ambiente produtivo. O estudo apontou um impacto negativo estimado em cerca de R$ 147 bilh\u00f5es nos custos de produ\u00e7\u00e3o, refor\u00e7ando a necessidade de aprimoramento regulat\u00f3rio.<\/p>\n\n\n\n<p>Durante o evento, Mari\u00e2ngela Marcon tamb\u00e9m visitou o novo estande da \u00e1rea de Desenvolvimento Sindical da FIEMG, liderada pela superintendente Laila Katina. Com uma estrutura ampliada, mais moderna e confort\u00e1vel, o espa\u00e7o foi pensado para receber presidentes de sindicatos e lideran\u00e7as com mais qualidade, fortalecendo o relacionamento institucional e o alinhamento estrat\u00e9gico entre as entidades.<\/p>\n\n\n\n<p>Para a presidente, a participa\u00e7\u00e3o da Regional Zona da Mata no Imers\u00e3o Ind\u00fastria refor\u00e7a o compromisso de sua gest\u00e3o com a atualiza\u00e7\u00e3o constante e com a busca por solu\u00e7\u00f5es para o desenvolvimento da ind\u00fastria. Segundo ela, o evento contribui para ampliar a vis\u00e3o sobre os desafios do setor e fortalecer a atua\u00e7\u00e3o conjunta entre lideran\u00e7as e institui\u00e7\u00f5es.<\/p>\n\n\n\n<p>\u201cO Imers\u00e3o Ind\u00fastria nos permite compreender melhor o cen\u00e1rio, trocar experi\u00eancias e trazer insights importantes para a nossa atua\u00e7\u00e3o na Zona da Mata. \u00c9 um espa\u00e7o fundamental para alinhar estrat\u00e9gias e pensar o futuro da ind\u00fastria com mais consist\u00eancia\u201d, destacou.<\/p>\n\n\n\n<p>.<\/p>\n\n\n\n<p><em>Graciele Vianna<\/em><\/p>\n\n\n\n<p><strong>Imprensa FIEMG<\/strong><\/p>\n","protected":false},"featured_media":5573,"template":"","categories":[],"tags":[],"class_list":["post-5572","noticias","type-noticias","status-publish","has-post-thumbnail","hentry"],"acf":[],"yoast_head":"<!-- This site is optimized with the Yoast SEO plugin v26.2 - https:\/\/yoast.com\/wordpress\/plugins\/seo\/ -->\n<title>FIEMG Regional ZM participa do Imers\u00e3o Ind\u00fastria e refor\u00e7a agenda estrat\u00e9gica para o desenvolvimento do setor produtivo - Regional Zona da Mata<\/title>\n<meta name=\"robots\" content=\"index, follow, max-snippet:-1, max-image-preview:large, max-video-preview:-1\" \/>\n<link rel=\"canonical\" href=\"https:\/\/www.fiemg.com.br\/regional-zona-da-mata\/noticias\/fiemg-regional-zm-participa-do-imersao-industria-e-reforca-agenda-estrategica-para-o-desenvolvimento-do-setor-produtivo\/\" \/>\n<meta property=\"og:locale\" content=\"pt_BR\" \/>\n<meta property=\"og:type\" content=\"article\" \/>\n<meta property=\"og:title\" content=\"FIEMG Regional ZM participa do Imers\u00e3o Ind\u00fastria e refor\u00e7a agenda estrat\u00e9gica para o desenvolvimento do setor produtivo - Regional Zona da Mata\" \/>\n<meta property=\"og:description\" content=\"A FIEMG Regional Zona da Mata marcou presen\u00e7a na 8\u00aa edi\u00e7\u00e3o do Imers\u00e3o Ind\u00fastria, realizada nos dias 23 e 24 de abril, no BH Shopping, em Belo Horizonte. A presidente da Regional, Mari\u00e2ngela Miranda Marcon, participou do evento acompanhada do analista de Rela\u00e7\u00f5es Empresariais, Gilmar Peixoto, e da consultora interna de Comunica\u00e7\u00e3o, Graciele Vianna em [&hellip;]\" \/>\n<meta property=\"og:url\" content=\"https:\/\/www.fiemg.com.br\/regional-zona-da-mata\/noticias\/fiemg-regional-zm-participa-do-imersao-industria-e-reforca-agenda-estrategica-para-o-desenvolvimento-do-setor-produtivo\/\" \/>\n<meta property=\"og:site_name\" content=\"Regional Zona da Mata\" \/>\n<meta property=\"article:modified_time\" content=\"2026-04-30T12:23:22+00:00\" \/>\n<meta property=\"og:image\" content=\"https:\/\/www.fiemg.com.br\/regional-zona-da-mata\/wp-content\/uploads\/sites\/26\/2026\/04\/Imersao-peq.png\" \/>\n\t<meta property=\"og:image:width\" content=\"512\" \/>\n\t<meta property=\"og:image:height\" content=\"512\" \/>\n\t<meta property=\"og:image:type\" content=\"image\/png\" \/>\n<meta name=\"twitter:card\" content=\"summary_large_image\" \/>\n<meta name=\"twitter:label1\" content=\"Est. tempo de leitura\" \/>\n\t<meta name=\"twitter:data1\" content=\"4 minutos\" \/>\n<script type=\"application\/ld+json\" class=\"yoast-schema-graph\">{\"@context\":\"https:\/\/schema.org\",\"@graph\":[{\"@type\":\"WebPage\",\"@id\":\"https:\/\/www.fiemg.com.br\/regional-zona-da-mata\/noticias\/fiemg-regional-zm-participa-do-imersao-industria-e-reforca-agenda-estrategica-para-o-desenvolvimento-do-setor-produtivo\/\",\"url\":\"https:\/\/www.fiemg.com.br\/regional-zona-da-mata\/noticias\/fiemg-regional-zm-participa-do-imersao-industria-e-reforca-agenda-estrategica-para-o-desenvolvimento-do-setor-produtivo\/\",\"name\":\"FIEMG Regional ZM participa do Imers\u00e3o Ind\u00fastria e refor\u00e7a agenda estrat\u00e9gica para o desenvolvimento do setor produtivo - Regional Zona da Mata\",\"isPartOf\":{\"@id\":\"https:\/\/www.fiemg.com.br\/regional-zona-da-mata\/#website\"},\"primaryImageOfPage\":{\"@id\":\"https:\/\/www.fiemg.com.br\/regional-zona-da-mata\/noticias\/fiemg-regional-zm-participa-do-imersao-industria-e-reforca-agenda-estrategica-para-o-desenvolvimento-do-setor-produtivo\/#primaryimage\"},\"image\":{\"@id\":\"https:\/\/www.fiemg.com.br\/regional-zona-da-mata\/noticias\/fiemg-regional-zm-participa-do-imersao-industria-e-reforca-agenda-estrategica-para-o-desenvolvimento-do-setor-produtivo\/#primaryimage\"},\"thumbnailUrl\":\"https:\/\/www.fiemg.com.br\/regional-zona-da-mata\/wp-content\/uploads\/sites\/26\/2026\/04\/Imersao-peq.png\",\"datePublished\":\"2026-04-30T12:08:39+00:00\",\"dateModified\":\"2026-04-30T12:23:22+00:00\",\"breadcrumb\":{\"@id\":\"https:\/\/www.fiemg.com.br\/regional-zona-da-mata\/noticias\/fiemg-regional-zm-participa-do-imersao-industria-e-reforca-agenda-estrategica-para-o-desenvolvimento-do-setor-produtivo\/#breadcrumb\"},\"inLanguage\":\"pt-BR\",\"potentialAction\":[{\"@type\":\"ReadAction\",\"target\":[\"https:\/\/www.fiemg.com.br\/regional-zona-da-mata\/noticias\/fiemg-regional-zm-participa-do-imersao-industria-e-reforca-agenda-estrategica-para-o-desenvolvimento-do-setor-produtivo\/\"]}]},{\"@type\":\"ImageObject\",\"inLanguage\":\"pt-BR\",\"@id\":\"https:\/\/www.fiemg.com.br\/regional-zona-da-mata\/noticias\/fiemg-regional-zm-participa-do-imersao-industria-e-reforca-agenda-estrategica-para-o-desenvolvimento-do-setor-produtivo\/#primaryimage\",\"url\":\"https:\/\/www.fiemg.com.br\/regional-zona-da-mata\/wp-content\/uploads\/sites\/26\/2026\/04\/Imersao-peq.png\",\"contentUrl\":\"https:\/\/www.fiemg.com.br\/regional-zona-da-mata\/wp-content\/uploads\/sites\/26\/2026\/04\/Imersao-peq.png\",\"width\":512,\"height\":512},{\"@type\":\"BreadcrumbList\",\"@id\":\"https:\/\/www.fiemg.com.br\/regional-zona-da-mata\/noticias\/fiemg-regional-zm-participa-do-imersao-industria-e-reforca-agenda-estrategica-para-o-desenvolvimento-do-setor-produtivo\/#breadcrumb\",\"itemListElement\":[{\"@type\":\"ListItem\",\"position\":1,\"name\":\"In\u00edcio\",\"item\":\"https:\/\/www.fiemg.com.br\/regional-zona-da-mata\/\"},{\"@type\":\"ListItem\",\"position\":2,\"name\":\"FIEMG Regional ZM participa do Imers\u00e3o Ind\u00fastria e refor\u00e7a agenda estrat\u00e9gica para o desenvolvimento do setor produtivo\"}]},{\"@type\":\"WebSite\",\"@id\":\"https:\/\/www.fiemg.com.br\/regional-zona-da-mata\/#website\",\"url\":\"https:\/\/www.fiemg.com.br\/regional-zona-da-mata\/\",\"name\":\"Regional Zona da Mata\",\"description\":\"Federa\u00e7\u00e3o das Ind\u00fastrias do Estado de Minas Gerais\",\"publisher\":{\"@id\":\"https:\/\/www.fiemg.com.br\/regional-zona-da-mata\/#organization\"},\"potentialAction\":[{\"@type\":\"SearchAction\",\"target\":{\"@type\":\"EntryPoint\",\"urlTemplate\":\"https:\/\/www.fiemg.com.br\/regional-zona-da-mata\/?s={search_term_string}\"},\"query-input\":{\"@type\":\"PropertyValueSpecification\",\"valueRequired\":true,\"valueName\":\"search_term_string\"}}],\"inLanguage\":\"pt-BR\"},{\"@type\":\"Organization\",\"@id\":\"https:\/\/www.fiemg.com.br\/regional-zona-da-mata\/#organization\",\"name\":\"Regional Zona da Mata\",\"url\":\"https:\/\/www.fiemg.com.br\/regional-zona-da-mata\/\",\"logo\":{\"@type\":\"ImageObject\",\"inLanguage\":\"pt-BR\",\"@id\":\"https:\/\/www.fiemg.com.br\/regional-zona-da-mata\/#\/schema\/logo\/image\/\",\"url\":\"https:\/\/www.fiemg.com.br\/regional-zona-da-mata\/wp-content\/uploads\/sites\/26\/2023\/02\/Ativo-1.png\",\"contentUrl\":\"https:\/\/www.fiemg.com.br\/regional-zona-da-mata\/wp-content\/uploads\/sites\/26\/2023\/02\/Ativo-1.png\",\"width\":563,\"height\":149,\"caption\":\"Regional Zona da Mata\"},\"image\":{\"@id\":\"https:\/\/www.fiemg.com.br\/regional-zona-da-mata\/#\/schema\/logo\/image\/\"}}]}<\/script>\n<!-- \/ Yoast SEO plugin. -->","yoast_head_json":{"title":"FIEMG Regional ZM participa do Imers\u00e3o Ind\u00fastria e refor\u00e7a agenda estrat\u00e9gica para o desenvolvimento do setor produtivo - Regional Zona da Mata","robots":{"index":"index","follow":"follow","max-snippet":"max-snippet:-1","max-image-preview":"max-image-preview:large","max-video-preview":"max-video-preview:-1"},"canonical":"https:\/\/www.fiemg.com.br\/regional-zona-da-mata\/noticias\/fiemg-regional-zm-participa-do-imersao-industria-e-reforca-agenda-estrategica-para-o-desenvolvimento-do-setor-produtivo\/","og_locale":"pt_BR","og_type":"article","og_title":"FIEMG Regional ZM participa do Imers\u00e3o Ind\u00fastria e refor\u00e7a agenda estrat\u00e9gica para o desenvolvimento do setor produtivo - Regional Zona da Mata","og_description":"A FIEMG Regional Zona da Mata marcou presen\u00e7a na 8\u00aa edi\u00e7\u00e3o do Imers\u00e3o Ind\u00fastria, realizada nos dias 23 e 24 de abril, no BH Shopping, em Belo Horizonte. A presidente da Regional, Mari\u00e2ngela Miranda Marcon, participou do evento acompanhada do analista de Rela\u00e7\u00f5es Empresariais, Gilmar Peixoto, e da consultora interna de Comunica\u00e7\u00e3o, Graciele Vianna em [&hellip;]","og_url":"https:\/\/www.fiemg.com.br\/regional-zona-da-mata\/noticias\/fiemg-regional-zm-participa-do-imersao-industria-e-reforca-agenda-estrategica-para-o-desenvolvimento-do-setor-produtivo\/","og_site_name":"Regional Zona da Mata","article_modified_time":"2026-04-30T12:23:22+00:00","og_image":[{"width":512,"height":512,"url":"https:\/\/www.fiemg.com.br\/regional-zona-da-mata\/wp-content\/uploads\/sites\/26\/2026\/04\/Imersao-peq.png","type":"image\/png"}],"twitter_card":"summary_large_image","twitter_misc":{"Est. tempo de leitura":"4 minutos"},"schema":{"@context":"https:\/\/schema.org","@graph":[{"@type":"WebPage","@id":"https:\/\/www.fiemg.com.br\/regional-zona-da-mata\/noticias\/fiemg-regional-zm-participa-do-imersao-industria-e-reforca-agenda-estrategica-para-o-desenvolvimento-do-setor-produtivo\/","url":"https:\/\/www.fiemg.com.br\/regional-zona-da-mata\/noticias\/fiemg-regional-zm-participa-do-imersao-industria-e-reforca-agenda-estrategica-para-o-desenvolvimento-do-setor-produtivo\/","name":"FIEMG Regional ZM participa do Imers\u00e3o Ind\u00fastria e refor\u00e7a agenda estrat\u00e9gica para o desenvolvimento do setor produtivo - Regional Zona da Mata","isPartOf":{"@id":"https:\/\/www.fiemg.com.br\/regional-zona-da-mata\/#website"},"primaryImageOfPage":{"@id":"https:\/\/www.fiemg.com.br\/regional-zona-da-mata\/noticias\/fiemg-regional-zm-participa-do-imersao-industria-e-reforca-agenda-estrategica-para-o-desenvolvimento-do-setor-produtivo\/#primaryimage"},"image":{"@id":"https:\/\/www.fiemg.com.br\/regional-zona-da-mata\/noticias\/fiemg-regional-zm-participa-do-imersao-industria-e-reforca-agenda-estrategica-para-o-desenvolvimento-do-setor-produtivo\/#primaryimage"},"thumbnailUrl":"https:\/\/www.fiemg.com.br\/regional-zona-da-mata\/wp-content\/uploads\/sites\/26\/2026\/04\/Imersao-peq.png","datePublished":"2026-04-30T12:08:39+00:00","dateModified":"2026-04-30T12:23:22+00:00","breadcrumb":{"@id":"https:\/\/www.fiemg.com.br\/regional-zona-da-mata\/noticias\/fiemg-regional-zm-participa-do-imersao-industria-e-reforca-agenda-estrategica-para-o-desenvolvimento-do-setor-produtivo\/#breadcrumb"},"inLanguage":"pt-BR","potentialAction":[{"@type":"ReadAction","target":["https:\/\/www.fiemg.com.br\/regional-zona-da-mata\/noticias\/fiemg-regional-zm-participa-do-imersao-industria-e-reforca-agenda-estrategica-para-o-desenvolvimento-do-setor-produtivo\/"]}]},{"@type":"ImageObject","inLanguage":"pt-BR","@id":"https:\/\/www.fiemg.com.br\/regional-zona-da-mata\/noticias\/fiemg-regional-zm-participa-do-imersao-industria-e-reforca-agenda-estrategica-para-o-desenvolvimento-do-setor-produtivo\/#primaryimage","url":"https:\/\/www.fiemg.com.br\/regional-zona-da-mata\/wp-content\/uploads\/sites\/26\/2026\/04\/Imersao-peq.png","contentUrl":"https:\/\/www.fiemg.com.br\/regional-zona-da-mata\/wp-content\/uploads\/sites\/26\/2026\/04\/Imersao-peq.png","width":512,"height":512},{"@type":"BreadcrumbList","@id":"https:\/\/www.fiemg.com.br\/regional-zona-da-mata\/noticias\/fiemg-regional-zm-participa-do-imersao-industria-e-reforca-agenda-estrategica-para-o-desenvolvimento-do-setor-produtivo\/#breadcrumb","itemListElement":[{"@type":"ListItem","position":1,"name":"In\u00edcio","item":"https:\/\/www.fiemg.com.br\/regional-zona-da-mata\/"},{"@type":"ListItem","position":2,"name":"FIEMG Regional ZM participa do Imers\u00e3o Ind\u00fastria e refor\u00e7a agenda estrat\u00e9gica para o desenvolvimento do setor produtivo"}]},{"@type":"WebSite","@id":"https:\/\/www.fiemg.com.br\/regional-zona-da-mata\/#website","url":"https:\/\/www.fiemg.com.br\/regional-zona-da-mata\/","name":"Regional Zona da Mata","description":"Federa\u00e7\u00e3o das Ind\u00fastrias do Estado de Minas Gerais","publisher":{"@id":"https:\/\/www.fiemg.com.br\/regional-zona-da-mata\/#organization"},"potentialAction":[{"@type":"SearchAction","target":{"@type":"EntryPoint","urlTemplate":"https:\/\/www.fiemg.com.br\/regional-zona-da-mata\/?s={search_term_string}"},"query-input":{"@type":"PropertyValueSpecification","valueRequired":true,"valueName":"search_term_string"}}],"inLanguage":"pt-BR"},{"@type":"Organization","@id":"https:\/\/www.fiemg.com.br\/regional-zona-da-mata\/#organization","name":"Regional Zona da Mata","url":"https:\/\/www.fiemg.com.br\/regional-zona-da-mata\/","logo":{"@type":"ImageObject","inLanguage":"pt-BR","@id":"https:\/\/www.fiemg.com.br\/regional-zona-da-mata\/#\/schema\/logo\/image\/","url":"https:\/\/www.fiemg.com.br\/regional-zona-da-mata\/wp-content\/uploads\/sites\/26\/2023\/02\/Ativo-1.png","contentUrl":"https:\/\/www.fiemg.com.br\/regional-zona-da-mata\/wp-content\/uploads\/sites\/26\/2023\/02\/Ativo-1.png","width":563,"height":149,"caption":"Regional Zona da Mata"},"image":{"@id":"https:\/\/www.fiemg.com.br\/regional-zona-da-mata\/#\/schema\/logo\/image\/"}}]}},"_links":{"self":[{"href":"https:\/\/www.fiemg.com.br\/regional-zona-da-mata\/wp-json\/wp\/v2\/noticias\/5572","targetHints":{"allow":["GET"]}}],"collection":[{"href":"https:\/\/www.fiemg.com.br\/regional-zona-da-mata\/wp-json\/wp\/v2\/noticias"}],"about":[{"href":"https:\/\/www.fiemg.com.br\/regional-zona-da-mata\/wp-json\/wp\/v2\/types\/noticias"}],"wp:featuredmedia":[{"embeddable":true,"href":"https:\/\/www.fiemg.com.br\/regional-zona-da-mata\/wp-json\/wp\/v2\/media\/5573"}],"wp:attachment":[{"href":"https:\/\/www.fiemg.com.br\/regional-zona-da-mata\/wp-json\/wp\/v2\/media?parent=5572"}],"wp:term":[{"taxonomy":"category","embeddable":true,"href":"https:\/\/www.fiemg.com.br\/regional-zona-da-mata\/wp-json\/wp\/v2\/categories?post=5572"},{"taxonomy":"post_tag","embeddable":true,"href":"https:\/\/www.fiemg.com.br\/regional-zona-da-mata\/wp-json\/wp\/v2\/tags?post=5572"}],"curies":[{"name":"wp","href":"https:\/\/api.w.org\/{rel}","templated":true}]}}