{"id":5594,"date":"2026-04-30T12:08:17","date_gmt":"2026-04-30T15:08:17","guid":{"rendered":"https:\/\/www.fiemg.com.br\/regional-zona-da-mata\/?post_type=noticias&#038;p=5594"},"modified":"2026-04-30T12:09:06","modified_gmt":"2026-04-30T15:09:06","slug":"workshop-capacita-empresarios-da-zona-da-mata-para-os-impactos-da-reforma-tributaria-e-necessidade-de-adaptacao-ao-novo-cenario-fiscal","status":"publish","type":"noticias","link":"https:\/\/www.fiemg.com.br\/regional-zona-da-mata\/noticias\/workshop-capacita-empresarios-da-zona-da-mata-para-os-impactos-da-reforma-tributaria-e-necessidade-de-adaptacao-ao-novo-cenario-fiscal\/","title":{"rendered":"Workshop capacita empres\u00e1rios da Zona da Mata para os impactos da Reforma Tribut\u00e1ria"},"content":{"rendered":"\n<p>A FIEMG Regional Zona da Mata realizou, no dia 28 de abril, o workshop \u201cDocumentos Fiscais Eletr\u00f4nicos na Reforma Tribut\u00e1ria do Consumo (RTC)\u201d, reunindo empres\u00e1rios e profissionais das \u00e1reas fiscal, tribut\u00e1ria e financeira em Juiz de Fora para discutir as transforma\u00e7\u00f5es que j\u00e1 impactam diretamente a rotina das empresas.<\/p>\n\n\n\n<p>Com uma abordagem pr\u00e1tica e atualizada, a capacita\u00e7\u00e3o trouxe clareza sobre as mudan\u00e7as na emiss\u00e3o, registro e gest\u00e3o dos documentos fiscais eletr\u00f4nicos \u2014 um dos pontos mais sens\u00edveis da Reforma Tribut\u00e1ria e essencial para garantir conformidade, reduzir riscos e manter a efici\u00eancia operacional.<\/p>\n\n\n\n<p>Ao longo do encontro, os participantes tiveram acesso a conte\u00fados estrat\u00e9gicos sobre NF-e e NFS-e, novas exig\u00eancias legais, regras de valida\u00e7\u00e3o e fiscaliza\u00e7\u00e3o, al\u00e9m de temas do dia a dia das empresas, como apura\u00e7\u00e3o, gest\u00e3o de mercadorias, intelig\u00eancia de dados, c\u00e1lculos, compliance e penalidades.<\/p>\n\n\n\n<p>Para o analista de Rela\u00e7\u00f5es Empresariais da FIEMG, Gilmar Peixoto, o workshop cumpriu seu papel ao preparar o empresariado para esse momento de transi\u00e7\u00e3o.<br>\u201cFoi um treinamento extremamente eficaz, pois trouxe esclarecimentos importantes sobre as mudan\u00e7as que impactar\u00e3o diretamente a rotina das empresas. Al\u00e9m disso, contribuiu para preparar empres\u00e1rios e profissionais para as adequa\u00e7\u00f5es necess\u00e1rias, reduzindo d\u00favidas e fortalecendo a capacidade de adapta\u00e7\u00e3o diante do novo cen\u00e1rio tribut\u00e1rio\u201d, destacou.<\/p>\n\n\n\n<p>Ele tamb\u00e9m ressaltou a import\u00e2ncia de dar continuidade \u00e0s a\u00e7\u00f5es de capacita\u00e7\u00e3o.<br>\u201cA expectativa \u00e9 avan\u00e7ar com novos conte\u00fados, aprofundando temas espec\u00edficos, com foco na aplica\u00e7\u00e3o pr\u00e1tica, nos impactos operacionais e nas oportunidades que poder\u00e3o surgir para as empresas. Seguimos comprometidos em oferecer conte\u00fados atualizados e estrat\u00e9gicos\u201d, completou.<\/p>\n\n\n\n<p>A avalia\u00e7\u00e3o dos participantes refor\u00e7ou a relev\u00e2ncia da iniciativa.<br>Para Arthur Abreu, da MAbreu Contabilidade, o workshop se destacou pela qualidade t\u00e9cnica: \u201cMuito bom! Instrutor com muito dom\u00ednio do tema. Excelente!\u201d, disse. J\u00e1 Alessandra Alves, da Rafer Ferro e A\u00e7o, ressaltou a consist\u00eancia da entrega: \u201cComo sempre, impec\u00e1vel!\u201d.<\/p>\n\n\n\n<p>O treinamento foi conduzido pelo professor Tyrone Canuto, especialista em legisla\u00e7\u00e3o do ICMS, que trouxe uma abordagem did\u00e1tica e aplicada, conectando teoria e pr\u00e1tica para facilitar a compreens\u00e3o das mudan\u00e7as e sua implementa\u00e7\u00e3o no dia a dia das empresas.<\/p>\n\n\n\n<p>Durante sua participa\u00e7\u00e3o, o instrutor chamou aten\u00e7\u00e3o para a necessidade de antecipa\u00e7\u00e3o por parte das empresas diante das mudan\u00e7as j\u00e1 em curso.<br>\u201cAo contr\u00e1rio do que muitos pensam, nem tudo est\u00e1 aguardando a regulamenta\u00e7\u00e3o do IBS e da CBS. N\u00f3s j\u00e1 temos diversos esclarecimentos t\u00e9cnicos que possibilitam que as empresas fa\u00e7am as suas adequa\u00e7\u00f5es e iniciem testes que v\u00e3o influenciar significativamente a partir de janeiro de 2027. O treinamento teve esse olhar cr\u00edtico daquilo que j\u00e1 \u00e9 poss\u00edvel fazer e daquilo que deveria estar sendo feito desde o in\u00edcio de 2026, trazendo um alerta para as empresas e ajudando a mapear todo o processo de conformidade exigido com a reforma tribut\u00e1ria\u201d, destacou.<\/p>\n\n\n\n<p>Mais do que apresentar conceitos, o workshop evidenciou a necessidade de a\u00e7\u00e3o imediata. Em um cen\u00e1rio de transforma\u00e7\u00e3o, estar preparado deixa de ser um diferencial e passa a ser uma exig\u00eancia para a competitividade.<\/p>\n\n\n\n<p>A iniciativa refor\u00e7a o compromisso da FIEMG Regional Zona da Mata em apoiar o setor produtivo com conte\u00fados relevantes e atualizados, contribuindo para que empres\u00e1rios e profissionais estejam mais seguros e preparados para os desafios \u2014 e tamb\u00e9m para as oportunidades \u2014 que surgem com a nova realidade tribut\u00e1ria.<\/p>\n\n\n\n<p>.<\/p>\n\n\n\n<p><em>Graciele Vianna<\/em><\/p>\n\n\n\n<p><strong>Imprensa<\/strong><\/p>\n","protected":false},"featured_media":5595,"template":"","categories":[5],"tags":[],"class_list":["post-5594","noticias","type-noticias","status-publish","has-post-thumbnail","hentry","category-capacitacao-empresarial"],"acf":[],"yoast_head":"<!-- This site is optimized with the Yoast SEO plugin v26.2 - https:\/\/yoast.com\/wordpress\/plugins\/seo\/ -->\n<title>Workshop capacita empres\u00e1rios da Zona da Mata para os impactos da Reforma Tribut\u00e1ria - Regional Zona da Mata<\/title>\n<meta name=\"robots\" content=\"index, follow, max-snippet:-1, max-image-preview:large, max-video-preview:-1\" \/>\n<link rel=\"canonical\" href=\"https:\/\/www.fiemg.com.br\/regional-zona-da-mata\/noticias\/workshop-capacita-empresarios-da-zona-da-mata-para-os-impactos-da-reforma-tributaria-e-necessidade-de-adaptacao-ao-novo-cenario-fiscal\/\" \/>\n<meta property=\"og:locale\" content=\"pt_BR\" \/>\n<meta property=\"og:type\" content=\"article\" \/>\n<meta property=\"og:title\" content=\"Workshop capacita empres\u00e1rios da Zona da Mata para os impactos da Reforma Tribut\u00e1ria - Regional Zona da Mata\" \/>\n<meta property=\"og:description\" content=\"A FIEMG Regional Zona da Mata realizou, no dia 28 de abril, o workshop \u201cDocumentos Fiscais Eletr\u00f4nicos na Reforma Tribut\u00e1ria do Consumo (RTC)\u201d, reunindo empres\u00e1rios e profissionais das \u00e1reas fiscal, tribut\u00e1ria e financeira em Juiz de Fora para discutir as transforma\u00e7\u00f5es que j\u00e1 impactam diretamente a rotina das empresas. Com uma abordagem pr\u00e1tica e atualizada, [&hellip;]\" \/>\n<meta property=\"og:url\" content=\"https:\/\/www.fiemg.com.br\/regional-zona-da-mata\/noticias\/workshop-capacita-empresarios-da-zona-da-mata-para-os-impactos-da-reforma-tributaria-e-necessidade-de-adaptacao-ao-novo-cenario-fiscal\/\" \/>\n<meta property=\"og:site_name\" content=\"Regional Zona da Mata\" \/>\n<meta property=\"article:modified_time\" content=\"2026-04-30T15:09:06+00:00\" \/>\n<meta property=\"og:image\" content=\"https:\/\/www.fiemg.com.br\/regional-zona-da-mata\/wp-content\/uploads\/sites\/26\/2026\/04\/curso-documentos-fiscais-peq.png\" \/>\n\t<meta property=\"og:image:width\" content=\"512\" \/>\n\t<meta property=\"og:image:height\" content=\"512\" \/>\n\t<meta property=\"og:image:type\" content=\"image\/png\" \/>\n<meta name=\"twitter:card\" content=\"summary_large_image\" \/>\n<meta name=\"twitter:label1\" content=\"Est. tempo de leitura\" \/>\n\t<meta name=\"twitter:data1\" content=\"4 minutos\" \/>\n<script type=\"application\/ld+json\" class=\"yoast-schema-graph\">{\"@context\":\"https:\/\/schema.org\",\"@graph\":[{\"@type\":\"WebPage\",\"@id\":\"https:\/\/www.fiemg.com.br\/regional-zona-da-mata\/noticias\/workshop-capacita-empresarios-da-zona-da-mata-para-os-impactos-da-reforma-tributaria-e-necessidade-de-adaptacao-ao-novo-cenario-fiscal\/\",\"url\":\"https:\/\/www.fiemg.com.br\/regional-zona-da-mata\/noticias\/workshop-capacita-empresarios-da-zona-da-mata-para-os-impactos-da-reforma-tributaria-e-necessidade-de-adaptacao-ao-novo-cenario-fiscal\/\",\"name\":\"Workshop capacita empres\u00e1rios da Zona da Mata para os impactos da Reforma Tribut\u00e1ria - Regional Zona da Mata\",\"isPartOf\":{\"@id\":\"https:\/\/www.fiemg.com.br\/regional-zona-da-mata\/#website\"},\"primaryImageOfPage\":{\"@id\":\"https:\/\/www.fiemg.com.br\/regional-zona-da-mata\/noticias\/workshop-capacita-empresarios-da-zona-da-mata-para-os-impactos-da-reforma-tributaria-e-necessidade-de-adaptacao-ao-novo-cenario-fiscal\/#primaryimage\"},\"image\":{\"@id\":\"https:\/\/www.fiemg.com.br\/regional-zona-da-mata\/noticias\/workshop-capacita-empresarios-da-zona-da-mata-para-os-impactos-da-reforma-tributaria-e-necessidade-de-adaptacao-ao-novo-cenario-fiscal\/#primaryimage\"},\"thumbnailUrl\":\"https:\/\/www.fiemg.com.br\/regional-zona-da-mata\/wp-content\/uploads\/sites\/26\/2026\/04\/curso-documentos-fiscais-peq.png\",\"datePublished\":\"2026-04-30T15:08:17+00:00\",\"dateModified\":\"2026-04-30T15:09:06+00:00\",\"breadcrumb\":{\"@id\":\"https:\/\/www.fiemg.com.br\/regional-zona-da-mata\/noticias\/workshop-capacita-empresarios-da-zona-da-mata-para-os-impactos-da-reforma-tributaria-e-necessidade-de-adaptacao-ao-novo-cenario-fiscal\/#breadcrumb\"},\"inLanguage\":\"pt-BR\",\"potentialAction\":[{\"@type\":\"ReadAction\",\"target\":[\"https:\/\/www.fiemg.com.br\/regional-zona-da-mata\/noticias\/workshop-capacita-empresarios-da-zona-da-mata-para-os-impactos-da-reforma-tributaria-e-necessidade-de-adaptacao-ao-novo-cenario-fiscal\/\"]}]},{\"@type\":\"ImageObject\",\"inLanguage\":\"pt-BR\",\"@id\":\"https:\/\/www.fiemg.com.br\/regional-zona-da-mata\/noticias\/workshop-capacita-empresarios-da-zona-da-mata-para-os-impactos-da-reforma-tributaria-e-necessidade-de-adaptacao-ao-novo-cenario-fiscal\/#primaryimage\",\"url\":\"https:\/\/www.fiemg.com.br\/regional-zona-da-mata\/wp-content\/uploads\/sites\/26\/2026\/04\/curso-documentos-fiscais-peq.png\",\"contentUrl\":\"https:\/\/www.fiemg.com.br\/regional-zona-da-mata\/wp-content\/uploads\/sites\/26\/2026\/04\/curso-documentos-fiscais-peq.png\",\"width\":512,\"height\":512},{\"@type\":\"BreadcrumbList\",\"@id\":\"https:\/\/www.fiemg.com.br\/regional-zona-da-mata\/noticias\/workshop-capacita-empresarios-da-zona-da-mata-para-os-impactos-da-reforma-tributaria-e-necessidade-de-adaptacao-ao-novo-cenario-fiscal\/#breadcrumb\",\"itemListElement\":[{\"@type\":\"ListItem\",\"position\":1,\"name\":\"In\u00edcio\",\"item\":\"https:\/\/www.fiemg.com.br\/regional-zona-da-mata\/\"},{\"@type\":\"ListItem\",\"position\":2,\"name\":\"Workshop capacita empres\u00e1rios da Zona da Mata para os impactos da Reforma Tribut\u00e1ria\"}]},{\"@type\":\"WebSite\",\"@id\":\"https:\/\/www.fiemg.com.br\/regional-zona-da-mata\/#website\",\"url\":\"https:\/\/www.fiemg.com.br\/regional-zona-da-mata\/\",\"name\":\"Regional Zona da Mata\",\"description\":\"Federa\u00e7\u00e3o das Ind\u00fastrias do Estado de Minas Gerais\",\"publisher\":{\"@id\":\"https:\/\/www.fiemg.com.br\/regional-zona-da-mata\/#organization\"},\"potentialAction\":[{\"@type\":\"SearchAction\",\"target\":{\"@type\":\"EntryPoint\",\"urlTemplate\":\"https:\/\/www.fiemg.com.br\/regional-zona-da-mata\/?s={search_term_string}\"},\"query-input\":{\"@type\":\"PropertyValueSpecification\",\"valueRequired\":true,\"valueName\":\"search_term_string\"}}],\"inLanguage\":\"pt-BR\"},{\"@type\":\"Organization\",\"@id\":\"https:\/\/www.fiemg.com.br\/regional-zona-da-mata\/#organization\",\"name\":\"Regional Zona da Mata\",\"url\":\"https:\/\/www.fiemg.com.br\/regional-zona-da-mata\/\",\"logo\":{\"@type\":\"ImageObject\",\"inLanguage\":\"pt-BR\",\"@id\":\"https:\/\/www.fiemg.com.br\/regional-zona-da-mata\/#\/schema\/logo\/image\/\",\"url\":\"https:\/\/www.fiemg.com.br\/regional-zona-da-mata\/wp-content\/uploads\/sites\/26\/2023\/02\/Ativo-1.png\",\"contentUrl\":\"https:\/\/www.fiemg.com.br\/regional-zona-da-mata\/wp-content\/uploads\/sites\/26\/2023\/02\/Ativo-1.png\",\"width\":563,\"height\":149,\"caption\":\"Regional Zona da Mata\"},\"image\":{\"@id\":\"https:\/\/www.fiemg.com.br\/regional-zona-da-mata\/#\/schema\/logo\/image\/\"}}]}<\/script>\n<!-- \/ Yoast SEO plugin. -->","yoast_head_json":{"title":"Workshop capacita empres\u00e1rios da Zona da Mata para os impactos da Reforma Tribut\u00e1ria - Regional Zona da Mata","robots":{"index":"index","follow":"follow","max-snippet":"max-snippet:-1","max-image-preview":"max-image-preview:large","max-video-preview":"max-video-preview:-1"},"canonical":"https:\/\/www.fiemg.com.br\/regional-zona-da-mata\/noticias\/workshop-capacita-empresarios-da-zona-da-mata-para-os-impactos-da-reforma-tributaria-e-necessidade-de-adaptacao-ao-novo-cenario-fiscal\/","og_locale":"pt_BR","og_type":"article","og_title":"Workshop capacita empres\u00e1rios da Zona da Mata para os impactos da Reforma Tribut\u00e1ria - Regional Zona da Mata","og_description":"A FIEMG Regional Zona da Mata realizou, no dia 28 de abril, o workshop \u201cDocumentos Fiscais Eletr\u00f4nicos na Reforma Tribut\u00e1ria do Consumo (RTC)\u201d, reunindo empres\u00e1rios e profissionais das \u00e1reas fiscal, tribut\u00e1ria e financeira em Juiz de Fora para discutir as transforma\u00e7\u00f5es que j\u00e1 impactam diretamente a rotina das empresas. Com uma abordagem pr\u00e1tica e atualizada, [&hellip;]","og_url":"https:\/\/www.fiemg.com.br\/regional-zona-da-mata\/noticias\/workshop-capacita-empresarios-da-zona-da-mata-para-os-impactos-da-reforma-tributaria-e-necessidade-de-adaptacao-ao-novo-cenario-fiscal\/","og_site_name":"Regional Zona da Mata","article_modified_time":"2026-04-30T15:09:06+00:00","og_image":[{"width":512,"height":512,"url":"https:\/\/www.fiemg.com.br\/regional-zona-da-mata\/wp-content\/uploads\/sites\/26\/2026\/04\/curso-documentos-fiscais-peq.png","type":"image\/png"}],"twitter_card":"summary_large_image","twitter_misc":{"Est. tempo de leitura":"4 minutos"},"schema":{"@context":"https:\/\/schema.org","@graph":[{"@type":"WebPage","@id":"https:\/\/www.fiemg.com.br\/regional-zona-da-mata\/noticias\/workshop-capacita-empresarios-da-zona-da-mata-para-os-impactos-da-reforma-tributaria-e-necessidade-de-adaptacao-ao-novo-cenario-fiscal\/","url":"https:\/\/www.fiemg.com.br\/regional-zona-da-mata\/noticias\/workshop-capacita-empresarios-da-zona-da-mata-para-os-impactos-da-reforma-tributaria-e-necessidade-de-adaptacao-ao-novo-cenario-fiscal\/","name":"Workshop capacita empres\u00e1rios da Zona da Mata para os impactos da Reforma Tribut\u00e1ria - Regional Zona da Mata","isPartOf":{"@id":"https:\/\/www.fiemg.com.br\/regional-zona-da-mata\/#website"},"primaryImageOfPage":{"@id":"https:\/\/www.fiemg.com.br\/regional-zona-da-mata\/noticias\/workshop-capacita-empresarios-da-zona-da-mata-para-os-impactos-da-reforma-tributaria-e-necessidade-de-adaptacao-ao-novo-cenario-fiscal\/#primaryimage"},"image":{"@id":"https:\/\/www.fiemg.com.br\/regional-zona-da-mata\/noticias\/workshop-capacita-empresarios-da-zona-da-mata-para-os-impactos-da-reforma-tributaria-e-necessidade-de-adaptacao-ao-novo-cenario-fiscal\/#primaryimage"},"thumbnailUrl":"https:\/\/www.fiemg.com.br\/regional-zona-da-mata\/wp-content\/uploads\/sites\/26\/2026\/04\/curso-documentos-fiscais-peq.png","datePublished":"2026-04-30T15:08:17+00:00","dateModified":"2026-04-30T15:09:06+00:00","breadcrumb":{"@id":"https:\/\/www.fiemg.com.br\/regional-zona-da-mata\/noticias\/workshop-capacita-empresarios-da-zona-da-mata-para-os-impactos-da-reforma-tributaria-e-necessidade-de-adaptacao-ao-novo-cenario-fiscal\/#breadcrumb"},"inLanguage":"pt-BR","potentialAction":[{"@type":"ReadAction","target":["https:\/\/www.fiemg.com.br\/regional-zona-da-mata\/noticias\/workshop-capacita-empresarios-da-zona-da-mata-para-os-impactos-da-reforma-tributaria-e-necessidade-de-adaptacao-ao-novo-cenario-fiscal\/"]}]},{"@type":"ImageObject","inLanguage":"pt-BR","@id":"https:\/\/www.fiemg.com.br\/regional-zona-da-mata\/noticias\/workshop-capacita-empresarios-da-zona-da-mata-para-os-impactos-da-reforma-tributaria-e-necessidade-de-adaptacao-ao-novo-cenario-fiscal\/#primaryimage","url":"https:\/\/www.fiemg.com.br\/regional-zona-da-mata\/wp-content\/uploads\/sites\/26\/2026\/04\/curso-documentos-fiscais-peq.png","contentUrl":"https:\/\/www.fiemg.com.br\/regional-zona-da-mata\/wp-content\/uploads\/sites\/26\/2026\/04\/curso-documentos-fiscais-peq.png","width":512,"height":512},{"@type":"BreadcrumbList","@id":"https:\/\/www.fiemg.com.br\/regional-zona-da-mata\/noticias\/workshop-capacita-empresarios-da-zona-da-mata-para-os-impactos-da-reforma-tributaria-e-necessidade-de-adaptacao-ao-novo-cenario-fiscal\/#breadcrumb","itemListElement":[{"@type":"ListItem","position":1,"name":"In\u00edcio","item":"https:\/\/www.fiemg.com.br\/regional-zona-da-mata\/"},{"@type":"ListItem","position":2,"name":"Workshop capacita empres\u00e1rios da Zona da Mata para os impactos da Reforma Tribut\u00e1ria"}]},{"@type":"WebSite","@id":"https:\/\/www.fiemg.com.br\/regional-zona-da-mata\/#website","url":"https:\/\/www.fiemg.com.br\/regional-zona-da-mata\/","name":"Regional Zona da Mata","description":"Federa\u00e7\u00e3o das Ind\u00fastrias do Estado de Minas Gerais","publisher":{"@id":"https:\/\/www.fiemg.com.br\/regional-zona-da-mata\/#organization"},"potentialAction":[{"@type":"SearchAction","target":{"@type":"EntryPoint","urlTemplate":"https:\/\/www.fiemg.com.br\/regional-zona-da-mata\/?s={search_term_string}"},"query-input":{"@type":"PropertyValueSpecification","valueRequired":true,"valueName":"search_term_string"}}],"inLanguage":"pt-BR"},{"@type":"Organization","@id":"https:\/\/www.fiemg.com.br\/regional-zona-da-mata\/#organization","name":"Regional Zona da Mata","url":"https:\/\/www.fiemg.com.br\/regional-zona-da-mata\/","logo":{"@type":"ImageObject","inLanguage":"pt-BR","@id":"https:\/\/www.fiemg.com.br\/regional-zona-da-mata\/#\/schema\/logo\/image\/","url":"https:\/\/www.fiemg.com.br\/regional-zona-da-mata\/wp-content\/uploads\/sites\/26\/2023\/02\/Ativo-1.png","contentUrl":"https:\/\/www.fiemg.com.br\/regional-zona-da-mata\/wp-content\/uploads\/sites\/26\/2023\/02\/Ativo-1.png","width":563,"height":149,"caption":"Regional Zona da Mata"},"image":{"@id":"https:\/\/www.fiemg.com.br\/regional-zona-da-mata\/#\/schema\/logo\/image\/"}}]}},"_links":{"self":[{"href":"https:\/\/www.fiemg.com.br\/regional-zona-da-mata\/wp-json\/wp\/v2\/noticias\/5594","targetHints":{"allow":["GET"]}}],"collection":[{"href":"https:\/\/www.fiemg.com.br\/regional-zona-da-mata\/wp-json\/wp\/v2\/noticias"}],"about":[{"href":"https:\/\/www.fiemg.com.br\/regional-zona-da-mata\/wp-json\/wp\/v2\/types\/noticias"}],"wp:featuredmedia":[{"embeddable":true,"href":"https:\/\/www.fiemg.com.br\/regional-zona-da-mata\/wp-json\/wp\/v2\/media\/5595"}],"wp:attachment":[{"href":"https:\/\/www.fiemg.com.br\/regional-zona-da-mata\/wp-json\/wp\/v2\/media?parent=5594"}],"wp:term":[{"taxonomy":"category","embeddable":true,"href":"https:\/\/www.fiemg.com.br\/regional-zona-da-mata\/wp-json\/wp\/v2\/categories?post=5594"},{"taxonomy":"post_tag","embeddable":true,"href":"https:\/\/www.fiemg.com.br\/regional-zona-da-mata\/wp-json\/wp\/v2\/tags?post=5594"}],"curies":[{"name":"wp","href":"https:\/\/api.w.org\/{rel}","templated":true}]}}