{"id":6418,"date":"2026-09-04T15:51:33","date_gmt":"2026-09-04T18:51:33","guid":{"rendered":"https:\/\/www.fiemg.com.br\/regional-zona-da-mata\/?post_type=noticias&#038;p=6418"},"modified":"2026-09-04T15:51:34","modified_gmt":"2026-09-04T18:51:34","slug":"mariangela-marcon-defende-conexao-entre-instituicoes-para-fortalecer-inovacao-na-zona-da-mata","status":"publish","type":"noticias","link":"https:\/\/www.fiemg.com.br\/regional-zona-da-mata\/noticias\/mariangela-marcon-defende-conexao-entre-instituicoes-para-fortalecer-inovacao-na-zona-da-mata\/","title":{"rendered":"Mari\u00e2ngela Marcon defende conex\u00e3o entre institui\u00e7\u00f5es para fortalecer inova\u00e7\u00e3o na Zona da Mata"},"content":{"rendered":"\n<p class=\"wp-block-paragraph\">A constru\u00e7\u00e3o de um ecossistema de inova\u00e7\u00e3o mais conectado e capaz de gerar resultados concretos para as empresas foi o tema central da participa\u00e7\u00e3o da presidente da FIEMG Regional Zona da Mata e do Sindivest JF-GV, Mari\u00e2ngela Marcon, no JF Summit 2026. A presidente integrou o painel \u201cEcossistemas de Inova\u00e7\u00e3o \u2013 Quem te ajuda na Zona da Mata Mineira?\u201d, realizado na Arena Critt, ao lado de representantes do poder p\u00fablico, institui\u00e7\u00f5es de ensino, entidades de apoio e do setor produtivo.<\/p>\n\n\n\n<p class=\"wp-block-paragraph\">O evento, realizado nos dias 27 e 28 de agosto, no Terrazzo, em Juiz de Fora, reuniu cerca de 6 mil participantes, entre empres\u00e1rios, empreendedores, gestores, profissionais, estudantes, lideran\u00e7as e criadores de conte\u00fado, com uma programa\u00e7\u00e3o voltada ao empreendedorismo, inova\u00e7\u00e3o, neg\u00f3cios e desenvolvimento regional. Esta foi a 4\u00aa edi\u00e7\u00e3o do encontro, que contou com palestras de grandes nomes do cen\u00e1rio nacional, como Nina Silva, C\u00edntia Chagas, Felipe Titto, Alex Monteiro, Fernanda Venturini, Carlos Busch, Thiago Godoy e Nizo Neto, entre outros convidados. A programa\u00e7\u00e3o tamb\u00e9m importantes empreendedores da regi\u00e3o, quatro arenas de conte\u00fado simult\u00e2neas ao palco principal, feira de neg\u00f3cios e feira gastron\u00f4mica.<\/p>\n\n\n\n<p class=\"wp-block-paragraph\">Durante sua participa\u00e7\u00e3o no debate da Arena Critt, no dia 28 de agosto, Mari\u00e2ngela Marcon destacou que a Zona da Mata possui importantes ativos para construir um ambiente mais inovador, como universidades, centros de pesquisa, empresas, startups, institui\u00e7\u00f5es de apoio e organiza\u00e7\u00f5es que oferecem conhecimento e solu\u00e7\u00f5es ao setor produtivo. Para ela, o principal desafio \u00e9 ampliar a conex\u00e3o entre esses atores e criar mecanismos permanentes de articula\u00e7\u00e3o. \u201cA Zona da Mata n\u00e3o precisa necessariamente criar mais institui\u00e7\u00f5es. N\u00f3s j\u00e1 temos muitos atores importantes. Precisamos conectar melhor o que j\u00e1 existe, aproximar as demandas reais das empresas das compet\u00eancias dispon\u00edveis e trabalhar de forma mais integrada na busca por solu\u00e7\u00f5es\u201d, afirmou.<\/p>\n\n\n\n<p class=\"wp-block-paragraph\">Segundo a presidente, a ind\u00fastria deve estar no centro desse movimento, apresentando seus desafios para que a rede de institui\u00e7\u00f5es possa identificar caminhos, tecnologias e conhecimentos capazes de gerar resultados pr\u00e1ticos. \u201cA ind\u00fastria tem problemas e temos formas de ajud\u00e1-la. Precisamos criar mais espa\u00e7os de di\u00e1logo, onde as empresas possam apresentar suas necessidades e encontrar quem possui conhecimento, tecnologia e capacidade para contribuir com solu\u00e7\u00f5es\u201d, disse. Mari\u00e2ngela ressaltou que Juiz de Fora ainda n\u00e3o possui um hub log\u00edstico, apesar de ter todas as condi\u00e7\u00f5es para isso, como ferrovia, rodovias, aeroportos e porto seco. \u201cTenho o sonho de criar aqui um condom\u00ednio compartilhado do Vestu\u00e1rio e dentro de mim tenho uma pressa que traz o sentimento de que ainda n\u00e3o estamos acelerados o suficiente\u201d, afirmou.<\/p>\n\n\n\n<p class=\"wp-block-paragraph\">A presidente Mari\u00e2ngela defendeu tamb\u00e9m uma mudan\u00e7a de perspectiva na constru\u00e7\u00e3o dos ecossistemas de inova\u00e7\u00e3o: sair de um modelo baseado apenas na apresenta\u00e7\u00e3o de institui\u00e7\u00f5es e servi\u00e7os dispon\u00edveis e avan\u00e7ar para uma atua\u00e7\u00e3o orientada pelos desafios concretos das empresas. \u201cA pergunta n\u00e3o deve ser apenas \u2018o que cada institui\u00e7\u00e3o tem para oferecer?\u2019. Precisamos perguntar: quais problemas nossas empresas precisam resolver? A partir da\u00ed, conseguimos conectar conhecimento, tecnologia e recursos para transformar desafios em oportunidades\u201d, explicou.<\/p>\n\n\n\n<p class=\"wp-block-paragraph\"><strong>Integra\u00e7\u00e3o regional para gerar competitividade<\/strong><\/p>\n\n\n\n<p class=\"wp-block-paragraph\">O painel contou ainda com a participa\u00e7\u00e3o do secret\u00e1rio de Desenvolvimento Sustent\u00e1vel e Inclusivo, da Inova\u00e7\u00e3o e Competitividade de Juiz de Fora, Ignacio Delgado; do presidente da Ag\u00eancia de Desenvolvimento de Juiz de Fora e Regi\u00e3o, C\u00e9lio Chagas; e do analista t\u00e9cnico do Sebrae Minas em Juiz de Fora, Paulo Ver\u00edssimo. A media\u00e7\u00e3o foi conduzida por D\u00e9bora Marques, gerente de Empreendedorismo da Universidade Federal de Juiz de Fora (UFJF).<\/p>\n\n\n\n<p class=\"wp-block-paragraph\">Ao logo do debate, os participantes discutiram a import\u00e2ncia de fortalecer uma vis\u00e3o regional de inova\u00e7\u00e3o, ampliando conex\u00f5es entre Juiz de Fora e munic\u00edpios da Zona da Mata. Mari\u00e2ngela ressaltou que a regi\u00e3o possui diferentes voca\u00e7\u00f5es econ\u00f4micas e exemplos de desenvolvimento que podem inspirar novos avan\u00e7os. Ela citou, por exemplo, o polo moveleiro de Ub\u00e1 como refer\u00eancia nacional e destacou que a troca de experi\u00eancias entre munic\u00edpios pode contribuir para ampliar oportunidades e fortalecer cadeias produtivas.<\/p>\n\n\n\n<p class=\"wp-block-paragraph\">Durante a conversa, os participantes refor\u00e7aram que Juiz de Fora e a Zona da Mata j\u00e1 possuem iniciativas importantes voltadas \u00e0 inova\u00e7\u00e3o, mas precisam avan\u00e7ar na integra\u00e7\u00e3o entre os diferentes atores para ampliar impactos e gerar mais resultados para empresas e sociedade. Para a presidente da FIEMG Regional ZM, a inova\u00e7\u00e3o depende de projetos compartilhados e de uma atua\u00e7\u00e3o conjunta entre empresas, institui\u00e7\u00f5es e poder p\u00fablico. \u201cSe n\u00e3o tivermos coordena\u00e7\u00e3o, muitas iniciativas podem ficar pelo caminho. Precisamos trabalhar projetos compartilhados, aumentar nossa conectividade e construir solu\u00e7\u00f5es coletivas. Temos condi\u00e7\u00f5es de ir mais longe, mas precisamos caminhar juntos\u201d, afirmou Mari\u00e2ngela Marcon.<\/p>\n\n\n\n<p class=\"wp-block-paragraph\">.<\/p>\n\n\n\n<p class=\"wp-block-paragraph\"><em>Graciele Vianna<\/em><\/p>\n\n\n\n<p class=\"wp-block-paragraph\"><strong>Imprensa FIEMG<\/strong><\/p>\n","protected":false},"featured_media":6427,"template":"","categories":[15],"tags":[],"class_list":["post-6418","noticias","type-noticias","status-publish","has-post-thumbnail","hentry","category-desenvolvimento-industrial"],"acf":[],"yoast_head":"<!-- This site is optimized with the Yoast SEO plugin v27.7 - https:\/\/yoast.com\/product\/yoast-seo-wordpress\/ -->\n<title>Mari\u00e2ngela Marcon defende conex\u00e3o entre institui\u00e7\u00f5es para fortalecer inova\u00e7\u00e3o na Zona da Mata - Regional Zona da Mata<\/title>\n<meta name=\"robots\" content=\"index, follow, max-snippet:-1, max-image-preview:large, max-video-preview:-1\" \/>\n<link rel=\"canonical\" href=\"https:\/\/www.fiemg.com.br\/regional-zona-da-mata\/noticias\/mariangela-marcon-defende-conexao-entre-instituicoes-para-fortalecer-inovacao-na-zona-da-mata\/\" \/>\n<meta property=\"og:locale\" content=\"pt_BR\" \/>\n<meta property=\"og:type\" content=\"article\" \/>\n<meta property=\"og:title\" content=\"Mari\u00e2ngela Marcon defende conex\u00e3o entre institui\u00e7\u00f5es para fortalecer inova\u00e7\u00e3o na Zona da Mata - Regional Zona da Mata\" \/>\n<meta property=\"og:description\" content=\"A constru\u00e7\u00e3o de um ecossistema de inova\u00e7\u00e3o mais conectado e capaz de gerar resultados concretos para as empresas foi o tema central da participa\u00e7\u00e3o da presidente da FIEMG Regional Zona da Mata e do Sindivest JF-GV, Mari\u00e2ngela Marcon, no JF Summit 2026. A presidente integrou o painel \u201cEcossistemas de Inova\u00e7\u00e3o \u2013 Quem te ajuda na [&hellip;]\" \/>\n<meta property=\"og:url\" content=\"https:\/\/www.fiemg.com.br\/regional-zona-da-mata\/noticias\/mariangela-marcon-defende-conexao-entre-instituicoes-para-fortalecer-inovacao-na-zona-da-mata\/\" \/>\n<meta property=\"og:site_name\" content=\"Regional Zona da Mata\" \/>\n<meta property=\"article:modified_time\" content=\"2026-09-04T18:51:34+00:00\" \/>\n<meta property=\"og:image\" content=\"https:\/\/www.fiemg.com.br\/regional-zona-da-mata\/wp-content\/uploads\/sites\/26\/2026\/09\/JF-SUMMIT-PEQ.png\" \/>\n\t<meta property=\"og:image:width\" content=\"512\" \/>\n\t<meta property=\"og:image:height\" content=\"512\" \/>\n\t<meta property=\"og:image:type\" content=\"image\/png\" \/>\n<meta name=\"twitter:card\" content=\"summary_large_image\" \/>\n<meta name=\"twitter:label1\" content=\"Est. tempo de leitura\" \/>\n\t<meta name=\"twitter:data1\" content=\"5 minutos\" \/>\n<script type=\"application\/ld+json\" class=\"yoast-schema-graph\">{\"@context\":\"https:\\\/\\\/schema.org\",\"@graph\":[{\"@type\":\"WebPage\",\"@id\":\"https:\\\/\\\/www.fiemg.com.br\\\/regional-zona-da-mata\\\/noticias\\\/mariangela-marcon-defende-conexao-entre-instituicoes-para-fortalecer-inovacao-na-zona-da-mata\\\/\",\"url\":\"https:\\\/\\\/www.fiemg.com.br\\\/regional-zona-da-mata\\\/noticias\\\/mariangela-marcon-defende-conexao-entre-instituicoes-para-fortalecer-inovacao-na-zona-da-mata\\\/\",\"name\":\"Mari\u00e2ngela Marcon defende conex\u00e3o entre institui\u00e7\u00f5es para fortalecer inova\u00e7\u00e3o na Zona da Mata - Regional Zona da Mata\",\"isPartOf\":{\"@id\":\"https:\\\/\\\/www.fiemg.com.br\\\/regional-zona-da-mata\\\/#website\"},\"primaryImageOfPage\":{\"@id\":\"https:\\\/\\\/www.fiemg.com.br\\\/regional-zona-da-mata\\\/noticias\\\/mariangela-marcon-defende-conexao-entre-instituicoes-para-fortalecer-inovacao-na-zona-da-mata\\\/#primaryimage\"},\"image\":{\"@id\":\"https:\\\/\\\/www.fiemg.com.br\\\/regional-zona-da-mata\\\/noticias\\\/mariangela-marcon-defende-conexao-entre-instituicoes-para-fortalecer-inovacao-na-zona-da-mata\\\/#primaryimage\"},\"thumbnailUrl\":\"https:\\\/\\\/www.fiemg.com.br\\\/regional-zona-da-mata\\\/wp-content\\\/uploads\\\/sites\\\/26\\\/2026\\\/09\\\/JF-SUMMIT-PEQ.png\",\"datePublished\":\"2026-09-04T18:51:33+00:00\",\"dateModified\":\"2026-09-04T18:51:34+00:00\",\"breadcrumb\":{\"@id\":\"https:\\\/\\\/www.fiemg.com.br\\\/regional-zona-da-mata\\\/noticias\\\/mariangela-marcon-defende-conexao-entre-instituicoes-para-fortalecer-inovacao-na-zona-da-mata\\\/#breadcrumb\"},\"inLanguage\":\"pt-BR\",\"potentialAction\":[{\"@type\":\"ReadAction\",\"target\":[\"https:\\\/\\\/www.fiemg.com.br\\\/regional-zona-da-mata\\\/noticias\\\/mariangela-marcon-defende-conexao-entre-instituicoes-para-fortalecer-inovacao-na-zona-da-mata\\\/\"]}]},{\"@type\":\"ImageObject\",\"inLanguage\":\"pt-BR\",\"@id\":\"https:\\\/\\\/www.fiemg.com.br\\\/regional-zona-da-mata\\\/noticias\\\/mariangela-marcon-defende-conexao-entre-instituicoes-para-fortalecer-inovacao-na-zona-da-mata\\\/#primaryimage\",\"url\":\"https:\\\/\\\/www.fiemg.com.br\\\/regional-zona-da-mata\\\/wp-content\\\/uploads\\\/sites\\\/26\\\/2026\\\/09\\\/JF-SUMMIT-PEQ.png\",\"contentUrl\":\"https:\\\/\\\/www.fiemg.com.br\\\/regional-zona-da-mata\\\/wp-content\\\/uploads\\\/sites\\\/26\\\/2026\\\/09\\\/JF-SUMMIT-PEQ.png\",\"width\":512,\"height\":512},{\"@type\":\"BreadcrumbList\",\"@id\":\"https:\\\/\\\/www.fiemg.com.br\\\/regional-zona-da-mata\\\/noticias\\\/mariangela-marcon-defende-conexao-entre-instituicoes-para-fortalecer-inovacao-na-zona-da-mata\\\/#breadcrumb\",\"itemListElement\":[{\"@type\":\"ListItem\",\"position\":1,\"name\":\"In\u00edcio\",\"item\":\"https:\\\/\\\/www.fiemg.com.br\\\/regional-zona-da-mata\\\/\"},{\"@type\":\"ListItem\",\"position\":2,\"name\":\"Mari\u00e2ngela Marcon defende conex\u00e3o entre institui\u00e7\u00f5es para fortalecer inova\u00e7\u00e3o na Zona da Mata\"}]},{\"@type\":\"WebSite\",\"@id\":\"https:\\\/\\\/www.fiemg.com.br\\\/regional-zona-da-mata\\\/#website\",\"url\":\"https:\\\/\\\/www.fiemg.com.br\\\/regional-zona-da-mata\\\/\",\"name\":\"Regional Zona da Mata\",\"description\":\"Federa\u00e7\u00e3o das Ind\u00fastrias do Estado de Minas Gerais\",\"publisher\":{\"@id\":\"https:\\\/\\\/www.fiemg.com.br\\\/regional-zona-da-mata\\\/#organization\"},\"potentialAction\":[{\"@type\":\"SearchAction\",\"target\":{\"@type\":\"EntryPoint\",\"urlTemplate\":\"https:\\\/\\\/www.fiemg.com.br\\\/regional-zona-da-mata\\\/?s={search_term_string}\"},\"query-input\":{\"@type\":\"PropertyValueSpecification\",\"valueRequired\":true,\"valueName\":\"search_term_string\"}}],\"inLanguage\":\"pt-BR\"},{\"@type\":\"Organization\",\"@id\":\"https:\\\/\\\/www.fiemg.com.br\\\/regional-zona-da-mata\\\/#organization\",\"name\":\"Regional Zona da Mata\",\"url\":\"https:\\\/\\\/www.fiemg.com.br\\\/regional-zona-da-mata\\\/\",\"logo\":{\"@type\":\"ImageObject\",\"inLanguage\":\"pt-BR\",\"@id\":\"https:\\\/\\\/www.fiemg.com.br\\\/regional-zona-da-mata\\\/#\\\/schema\\\/logo\\\/image\\\/\",\"url\":\"https:\\\/\\\/www.fiemg.com.br\\\/regional-zona-da-mata\\\/wp-content\\\/uploads\\\/sites\\\/26\\\/2023\\\/02\\\/Ativo-1.png\",\"contentUrl\":\"https:\\\/\\\/www.fiemg.com.br\\\/regional-zona-da-mata\\\/wp-content\\\/uploads\\\/sites\\\/26\\\/2023\\\/02\\\/Ativo-1.png\",\"width\":563,\"height\":149,\"caption\":\"Regional Zona da Mata\"},\"image\":{\"@id\":\"https:\\\/\\\/www.fiemg.com.br\\\/regional-zona-da-mata\\\/#\\\/schema\\\/logo\\\/image\\\/\"}}]}<\/script>\n<!-- \/ Yoast SEO plugin. -->","yoast_head_json":{"title":"Mari\u00e2ngela Marcon defende conex\u00e3o entre institui\u00e7\u00f5es para fortalecer inova\u00e7\u00e3o na Zona da Mata - Regional Zona da Mata","robots":{"index":"index","follow":"follow","max-snippet":"max-snippet:-1","max-image-preview":"max-image-preview:large","max-video-preview":"max-video-preview:-1"},"canonical":"https:\/\/www.fiemg.com.br\/regional-zona-da-mata\/noticias\/mariangela-marcon-defende-conexao-entre-instituicoes-para-fortalecer-inovacao-na-zona-da-mata\/","og_locale":"pt_BR","og_type":"article","og_title":"Mari\u00e2ngela Marcon defende conex\u00e3o entre institui\u00e7\u00f5es para fortalecer inova\u00e7\u00e3o na Zona da Mata - Regional Zona da Mata","og_description":"A constru\u00e7\u00e3o de um ecossistema de inova\u00e7\u00e3o mais conectado e capaz de gerar resultados concretos para as empresas foi o tema central da participa\u00e7\u00e3o da presidente da FIEMG Regional Zona da Mata e do Sindivest JF-GV, Mari\u00e2ngela Marcon, no JF Summit 2026. A presidente integrou o painel \u201cEcossistemas de Inova\u00e7\u00e3o \u2013 Quem te ajuda na [&hellip;]","og_url":"https:\/\/www.fiemg.com.br\/regional-zona-da-mata\/noticias\/mariangela-marcon-defende-conexao-entre-instituicoes-para-fortalecer-inovacao-na-zona-da-mata\/","og_site_name":"Regional Zona da Mata","article_modified_time":"2026-09-04T18:51:34+00:00","og_image":[{"width":512,"height":512,"url":"https:\/\/www.fiemg.com.br\/regional-zona-da-mata\/wp-content\/uploads\/sites\/26\/2026\/09\/JF-SUMMIT-PEQ.png","type":"image\/png"}],"twitter_card":"summary_large_image","twitter_misc":{"Est. tempo de leitura":"5 minutos"},"schema":{"@context":"https:\/\/schema.org","@graph":[{"@type":"WebPage","@id":"https:\/\/www.fiemg.com.br\/regional-zona-da-mata\/noticias\/mariangela-marcon-defende-conexao-entre-instituicoes-para-fortalecer-inovacao-na-zona-da-mata\/","url":"https:\/\/www.fiemg.com.br\/regional-zona-da-mata\/noticias\/mariangela-marcon-defende-conexao-entre-instituicoes-para-fortalecer-inovacao-na-zona-da-mata\/","name":"Mari\u00e2ngela Marcon defende conex\u00e3o entre institui\u00e7\u00f5es para fortalecer inova\u00e7\u00e3o na Zona da Mata - Regional Zona da Mata","isPartOf":{"@id":"https:\/\/www.fiemg.com.br\/regional-zona-da-mata\/#website"},"primaryImageOfPage":{"@id":"https:\/\/www.fiemg.com.br\/regional-zona-da-mata\/noticias\/mariangela-marcon-defende-conexao-entre-instituicoes-para-fortalecer-inovacao-na-zona-da-mata\/#primaryimage"},"image":{"@id":"https:\/\/www.fiemg.com.br\/regional-zona-da-mata\/noticias\/mariangela-marcon-defende-conexao-entre-instituicoes-para-fortalecer-inovacao-na-zona-da-mata\/#primaryimage"},"thumbnailUrl":"https:\/\/www.fiemg.com.br\/regional-zona-da-mata\/wp-content\/uploads\/sites\/26\/2026\/09\/JF-SUMMIT-PEQ.png","datePublished":"2026-09-04T18:51:33+00:00","dateModified":"2026-09-04T18:51:34+00:00","breadcrumb":{"@id":"https:\/\/www.fiemg.com.br\/regional-zona-da-mata\/noticias\/mariangela-marcon-defende-conexao-entre-instituicoes-para-fortalecer-inovacao-na-zona-da-mata\/#breadcrumb"},"inLanguage":"pt-BR","potentialAction":[{"@type":"ReadAction","target":["https:\/\/www.fiemg.com.br\/regional-zona-da-mata\/noticias\/mariangela-marcon-defende-conexao-entre-instituicoes-para-fortalecer-inovacao-na-zona-da-mata\/"]}]},{"@type":"ImageObject","inLanguage":"pt-BR","@id":"https:\/\/www.fiemg.com.br\/regional-zona-da-mata\/noticias\/mariangela-marcon-defende-conexao-entre-instituicoes-para-fortalecer-inovacao-na-zona-da-mata\/#primaryimage","url":"https:\/\/www.fiemg.com.br\/regional-zona-da-mata\/wp-content\/uploads\/sites\/26\/2026\/09\/JF-SUMMIT-PEQ.png","contentUrl":"https:\/\/www.fiemg.com.br\/regional-zona-da-mata\/wp-content\/uploads\/sites\/26\/2026\/09\/JF-SUMMIT-PEQ.png","width":512,"height":512},{"@type":"BreadcrumbList","@id":"https:\/\/www.fiemg.com.br\/regional-zona-da-mata\/noticias\/mariangela-marcon-defende-conexao-entre-instituicoes-para-fortalecer-inovacao-na-zona-da-mata\/#breadcrumb","itemListElement":[{"@type":"ListItem","position":1,"name":"In\u00edcio","item":"https:\/\/www.fiemg.com.br\/regional-zona-da-mata\/"},{"@type":"ListItem","position":2,"name":"Mari\u00e2ngela Marcon defende conex\u00e3o entre institui\u00e7\u00f5es para fortalecer inova\u00e7\u00e3o na Zona da Mata"}]},{"@type":"WebSite","@id":"https:\/\/www.fiemg.com.br\/regional-zona-da-mata\/#website","url":"https:\/\/www.fiemg.com.br\/regional-zona-da-mata\/","name":"Regional Zona da Mata","description":"Federa\u00e7\u00e3o das Ind\u00fastrias do Estado de Minas Gerais","publisher":{"@id":"https:\/\/www.fiemg.com.br\/regional-zona-da-mata\/#organization"},"potentialAction":[{"@type":"SearchAction","target":{"@type":"EntryPoint","urlTemplate":"https:\/\/www.fiemg.com.br\/regional-zona-da-mata\/?s={search_term_string}"},"query-input":{"@type":"PropertyValueSpecification","valueRequired":true,"valueName":"search_term_string"}}],"inLanguage":"pt-BR"},{"@type":"Organization","@id":"https:\/\/www.fiemg.com.br\/regional-zona-da-mata\/#organization","name":"Regional Zona da Mata","url":"https:\/\/www.fiemg.com.br\/regional-zona-da-mata\/","logo":{"@type":"ImageObject","inLanguage":"pt-BR","@id":"https:\/\/www.fiemg.com.br\/regional-zona-da-mata\/#\/schema\/logo\/image\/","url":"https:\/\/www.fiemg.com.br\/regional-zona-da-mata\/wp-content\/uploads\/sites\/26\/2023\/02\/Ativo-1.png","contentUrl":"https:\/\/www.fiemg.com.br\/regional-zona-da-mata\/wp-content\/uploads\/sites\/26\/2023\/02\/Ativo-1.png","width":563,"height":149,"caption":"Regional Zona da Mata"},"image":{"@id":"https:\/\/www.fiemg.com.br\/regional-zona-da-mata\/#\/schema\/logo\/image\/"}}]}},"_links":{"self":[{"href":"https:\/\/www.fiemg.com.br\/regional-zona-da-mata\/wp-json\/wp\/v2\/noticias\/6418","targetHints":{"allow":["GET"]}}],"collection":[{"href":"https:\/\/www.fiemg.com.br\/regional-zona-da-mata\/wp-json\/wp\/v2\/noticias"}],"about":[{"href":"https:\/\/www.fiemg.com.br\/regional-zona-da-mata\/wp-json\/wp\/v2\/types\/noticias"}],"wp:featuredmedia":[{"embeddable":true,"href":"https:\/\/www.fiemg.com.br\/regional-zona-da-mata\/wp-json\/wp\/v2\/media\/6427"}],"wp:attachment":[{"href":"https:\/\/www.fiemg.com.br\/regional-zona-da-mata\/wp-json\/wp\/v2\/media?parent=6418"}],"wp:term":[{"taxonomy":"category","embeddable":true,"href":"https:\/\/www.fiemg.com.br\/regional-zona-da-mata\/wp-json\/wp\/v2\/categories?post=6418"},{"taxonomy":"post_tag","embeddable":true,"href":"https:\/\/www.fiemg.com.br\/regional-zona-da-mata\/wp-json\/wp\/v2\/tags?post=6418"}],"curies":[{"name":"wp","href":"https:\/\/api.w.org\/{rel}","templated":true}]}}