{"id":2206,"date":"2024-01-25T13:03:47","date_gmt":"2024-01-25T16:03:47","guid":{"rendered":"https:\/\/www.fiemg.com.br\/regional-zona-da-mata\/?p=2206"},"modified":"2024-01-25T13:04:03","modified_gmt":"2024-01-25T16:04:03","slug":"senai-abre-mais-de-5-mil-vagas-para-cursos-tecnicos-em-minas","status":"publish","type":"post","link":"https:\/\/www.fiemg.com.br\/regional-zona-da-mata\/senai-abre-mais-de-5-mil-vagas-para-cursos-tecnicos-em-minas\/","title":{"rendered":"SENAI abre mais de 5 mil vagas para cursos t\u00e9cnicos em Minas"},"content":{"rendered":"\n<p>A partir desta quarta-feira (24\/1), o SENAI MG abre mais de 5.500 vagas para cursos t\u00e9cnicos em suas unidades em Minas Gerais. O diferencial est\u00e1 no valor da primeira mensalidade \u2013 que \u00e9 R$ 79,90 para todos os cursos. J\u00e1 as demais mensalidades t\u00eam valor fixo e variam conforme o curso e a unidade escolhidos.<\/p>\n\n\n\n<p>As inscri\u00e7\u00f5es podem ser feitas at\u00e9 o dia 25\/2 pelo&nbsp;<a href=\"https:\/\/www.fiemg.com.br\/cursos-tecnicos-senai\/\">site<\/a><a href=\"https:\/\/www.fiemg.com.br\/cursos-tecnicos-senai\/\" target=\"_blank\" rel=\"noreferrer noopener\">&nbsp;da FIEMG<\/a>, onde tamb\u00e9m \u00e9 poss\u00edvel consultar todos os cursos e unidades do SENAI com vagas dispon\u00edveis, bem como o valor do curso a partir da segunda mensalidade. As aulas t\u00eam in\u00edcio previsto para 04\/3 e a dura\u00e7\u00e3o dos cursos varia de 12 a 18 meses, conforme a qualifica\u00e7\u00e3o escolhida.<\/p>\n\n\n\n<p>Entre as modalidades de cursos dispon\u00edveis est\u00e3o: T\u00e9cnico em Log\u00edstica; T\u00e9cnico em Mec\u00e2nica; T\u00e9cnico em Eletrot\u00e9cnica; T\u00e9cnico em Vestu\u00e1rio; T\u00e9cnico em Soldagem; T\u00e9cnico em Seguran\u00e7a do Trabalho; T\u00e9cnico em Refrigera\u00e7\u00e3o e Climatiza\u00e7\u00e3o; T\u00e9cnico em Redes de Computadores; T\u00e9cnico em Qu\u00edmica; T\u00e9cnico em Qualidade; T\u00e9cnico em Planejamento e Controle de Produ\u00e7\u00e3o; T\u00e9cnico em Panifica\u00e7\u00e3o; T\u00e9cnico em Modelagem do Vestu\u00e1rio; T\u00e9cnico em Minera\u00e7\u00e3o; T\u00e9cnico em Metalurgia; T\u00e9cnico em Meio Ambiente e T\u00e9cnico em Mecatr\u00f4nica.<\/p>\n\n\n\n<p><strong>Inscri\u00e7\u00f5es<\/strong><\/p>\n\n\n\n<p>As inscri\u00e7\u00f5es para os cursos t\u00e9cnicos do SENAI MG podem ser feitas por meio do preenchimento de um formul\u00e1rio de pr\u00e9-matr\u00edcula no&nbsp;<a href=\"https:\/\/www.fiemg.com.br\/cursos-tecnicos-senai\/\">s<\/a><a href=\"https:\/\/www.fiemg.com.br\/cursos-tecnicos-senai\/\" target=\"_blank\" rel=\"noreferrer noopener\">ite da FIEMG<\/a>. Em seguida, o interessado deve realizar o pagamento do boleto e comparecer \u00e0 unidade do SENAI escolhida at\u00e9 o dia 29\/2 com os documentos exigidos para concluir a matr\u00edcula.&nbsp;<\/p>\n\n\n\n<p><strong>Cursos T\u00e9cnicos do SENAI<\/strong><br><strong><a href=\"https:\/\/www.fiemg.com.br\/cursos-tecnicos-senai\/\">Clique aqui para fazer sua inscri\u00e7\u00e3<\/a><a href=\"https:\/\/www.fiemg.com.br\/cursos-tecnicos-senai\/\" target=\"_blank\" rel=\"noreferrer noopener\">o<\/a><\/strong><br><strong>Prazo:&nbsp;<\/strong>de 24 de janeiro a 25 de fevereiro<br><strong>In\u00edcio das aulas:&nbsp;<\/strong>4 de mar\u00e7o<\/p>\n\n\n\n<p><\/p>\n","protected":false},"excerpt":{"rendered":"<p>A partir desta quarta-feira (24\/1), o SENAI MG abre mais de 5.500 vagas para cursos t\u00e9cnicos em suas unidades em Minas Gerais. O diferencial est\u00e1 no valor da primeira mensalidade \u2013 que \u00e9 R$ 79,90 para todos os cursos. J\u00e1 as demais mensalidades t\u00eam valor fixo e variam conforme o curso e a unidade escolhidos. [&hellip;]<\/p>\n","protected":false},"author":53,"featured_media":2208,"comment_status":"open","ping_status":"open","sticky":false,"template":"","format":"standard","meta":{"footnotes":""},"categories":[16,33],"tags":[],"class_list":["post-2206","post","type-post","status-publish","format-standard","has-post-thumbnail","hentry","category-educacao","category-senai"],"acf":[],"yoast_head":"<!-- This site is optimized with the Yoast SEO plugin v26.2 - https:\/\/yoast.com\/wordpress\/plugins\/seo\/ -->\n<title>SENAI abre mais de 5 mil vagas para cursos t\u00e9cnicos em Minas - Regional Zona da Mata<\/title>\n<meta name=\"robots\" content=\"index, follow, max-snippet:-1, max-image-preview:large, max-video-preview:-1\" \/>\n<link rel=\"canonical\" href=\"https:\/\/www.fiemg.com.br\/regional-zona-da-mata\/senai-abre-mais-de-5-mil-vagas-para-cursos-tecnicos-em-minas\/\" \/>\n<meta property=\"og:locale\" content=\"pt_BR\" \/>\n<meta property=\"og:type\" content=\"article\" \/>\n<meta property=\"og:title\" content=\"SENAI abre mais de 5 mil vagas para cursos t\u00e9cnicos em Minas - Regional Zona da Mata\" \/>\n<meta property=\"og:description\" content=\"A partir desta quarta-feira (24\/1), o SENAI MG abre mais de 5.500 vagas para cursos t\u00e9cnicos em suas unidades em Minas Gerais. O diferencial est\u00e1 no valor da primeira mensalidade \u2013 que \u00e9 R$ 79,90 para todos os cursos. J\u00e1 as demais mensalidades t\u00eam valor fixo e variam conforme o curso e a unidade escolhidos. [&hellip;]\" \/>\n<meta property=\"og:url\" content=\"https:\/\/www.fiemg.com.br\/regional-zona-da-mata\/senai-abre-mais-de-5-mil-vagas-para-cursos-tecnicos-em-minas\/\" \/>\n<meta property=\"og:site_name\" content=\"Regional Zona da Mata\" \/>\n<meta property=\"article:published_time\" content=\"2024-01-25T16:03:47+00:00\" \/>\n<meta property=\"article:modified_time\" content=\"2024-01-25T16:04:03+00:00\" \/>\n<meta property=\"og:image\" content=\"https:\/\/www.fiemg.com.br\/regional-zona-da-mata\/wp-content\/uploads\/sites\/26\/2024\/01\/campanha-senai-capa.jpg\" \/>\n\t<meta property=\"og:image:width\" content=\"300\" \/>\n\t<meta property=\"og:image:height\" content=\"200\" \/>\n\t<meta property=\"og:image:type\" content=\"image\/jpeg\" \/>\n<meta name=\"author\" content=\"gvianna@fiemg.com.br\" \/>\n<meta name=\"twitter:card\" content=\"summary_large_image\" \/>\n<meta name=\"twitter:label1\" content=\"Escrito por\" \/>\n\t<meta name=\"twitter:data1\" content=\"gvianna@fiemg.com.br\" \/>\n\t<meta name=\"twitter:label2\" content=\"Est. tempo de leitura\" \/>\n\t<meta name=\"twitter:data2\" content=\"2 minutos\" \/>\n<script type=\"application\/ld+json\" class=\"yoast-schema-graph\">{\"@context\":\"https:\/\/schema.org\",\"@graph\":[{\"@type\":\"Article\",\"@id\":\"https:\/\/www.fiemg.com.br\/regional-zona-da-mata\/senai-abre-mais-de-5-mil-vagas-para-cursos-tecnicos-em-minas\/#article\",\"isPartOf\":{\"@id\":\"https:\/\/www.fiemg.com.br\/regional-zona-da-mata\/senai-abre-mais-de-5-mil-vagas-para-cursos-tecnicos-em-minas\/\"},\"author\":{\"name\":\"gvianna@fiemg.com.br\",\"@id\":\"https:\/\/www.fiemg.com.br\/regional-zona-da-mata\/#\/schema\/person\/5dd09535c09e96b8cbc36f459ca2be44\"},\"headline\":\"SENAI abre mais de 5 mil vagas para cursos t\u00e9cnicos em Minas\",\"datePublished\":\"2024-01-25T16:03:47+00:00\",\"dateModified\":\"2024-01-25T16:04:03+00:00\",\"mainEntityOfPage\":{\"@id\":\"https:\/\/www.fiemg.com.br\/regional-zona-da-mata\/senai-abre-mais-de-5-mil-vagas-para-cursos-tecnicos-em-minas\/\"},\"wordCount\":325,\"commentCount\":0,\"publisher\":{\"@id\":\"https:\/\/www.fiemg.com.br\/regional-zona-da-mata\/#organization\"},\"image\":{\"@id\":\"https:\/\/www.fiemg.com.br\/regional-zona-da-mata\/senai-abre-mais-de-5-mil-vagas-para-cursos-tecnicos-em-minas\/#primaryimage\"},\"thumbnailUrl\":\"https:\/\/www.fiemg.com.br\/regional-zona-da-mata\/wp-content\/uploads\/sites\/26\/2024\/01\/campanha-senai-capa.jpg\",\"articleSection\":[\"Educa\u00e7\u00e3o\",\"Senai\"],\"inLanguage\":\"pt-BR\",\"potentialAction\":[{\"@type\":\"CommentAction\",\"name\":\"Comment\",\"target\":[\"https:\/\/www.fiemg.com.br\/regional-zona-da-mata\/senai-abre-mais-de-5-mil-vagas-para-cursos-tecnicos-em-minas\/#respond\"]}]},{\"@type\":\"WebPage\",\"@id\":\"https:\/\/www.fiemg.com.br\/regional-zona-da-mata\/senai-abre-mais-de-5-mil-vagas-para-cursos-tecnicos-em-minas\/\",\"url\":\"https:\/\/www.fiemg.com.br\/regional-zona-da-mata\/senai-abre-mais-de-5-mil-vagas-para-cursos-tecnicos-em-minas\/\",\"name\":\"SENAI abre mais de 5 mil vagas para cursos t\u00e9cnicos em Minas - Regional Zona da Mata\",\"isPartOf\":{\"@id\":\"https:\/\/www.fiemg.com.br\/regional-zona-da-mata\/#website\"},\"primaryImageOfPage\":{\"@id\":\"https:\/\/www.fiemg.com.br\/regional-zona-da-mata\/senai-abre-mais-de-5-mil-vagas-para-cursos-tecnicos-em-minas\/#primaryimage\"},\"image\":{\"@id\":\"https:\/\/www.fiemg.com.br\/regional-zona-da-mata\/senai-abre-mais-de-5-mil-vagas-para-cursos-tecnicos-em-minas\/#primaryimage\"},\"thumbnailUrl\":\"https:\/\/www.fiemg.com.br\/regional-zona-da-mata\/wp-content\/uploads\/sites\/26\/2024\/01\/campanha-senai-capa.jpg\",\"datePublished\":\"2024-01-25T16:03:47+00:00\",\"dateModified\":\"2024-01-25T16:04:03+00:00\",\"breadcrumb\":{\"@id\":\"https:\/\/www.fiemg.com.br\/regional-zona-da-mata\/senai-abre-mais-de-5-mil-vagas-para-cursos-tecnicos-em-minas\/#breadcrumb\"},\"inLanguage\":\"pt-BR\",\"potentialAction\":[{\"@type\":\"ReadAction\",\"target\":[\"https:\/\/www.fiemg.com.br\/regional-zona-da-mata\/senai-abre-mais-de-5-mil-vagas-para-cursos-tecnicos-em-minas\/\"]}]},{\"@type\":\"ImageObject\",\"inLanguage\":\"pt-BR\",\"@id\":\"https:\/\/www.fiemg.com.br\/regional-zona-da-mata\/senai-abre-mais-de-5-mil-vagas-para-cursos-tecnicos-em-minas\/#primaryimage\",\"url\":\"https:\/\/www.fiemg.com.br\/regional-zona-da-mata\/wp-content\/uploads\/sites\/26\/2024\/01\/campanha-senai-capa.jpg\",\"contentUrl\":\"https:\/\/www.fiemg.com.br\/regional-zona-da-mata\/wp-content\/uploads\/sites\/26\/2024\/01\/campanha-senai-capa.jpg\",\"width\":300,\"height\":200},{\"@type\":\"BreadcrumbList\",\"@id\":\"https:\/\/www.fiemg.com.br\/regional-zona-da-mata\/senai-abre-mais-de-5-mil-vagas-para-cursos-tecnicos-em-minas\/#breadcrumb\",\"itemListElement\":[{\"@type\":\"ListItem\",\"position\":1,\"name\":\"In\u00edcio\",\"item\":\"https:\/\/www.fiemg.com.br\/regional-zona-da-mata\/\"},{\"@type\":\"ListItem\",\"position\":2,\"name\":\"SENAI abre mais de 5 mil vagas para cursos t\u00e9cnicos em Minas\"}]},{\"@type\":\"WebSite\",\"@id\":\"https:\/\/www.fiemg.com.br\/regional-zona-da-mata\/#website\",\"url\":\"https:\/\/www.fiemg.com.br\/regional-zona-da-mata\/\",\"name\":\"Regional Zona da Mata\",\"description\":\"Federa\u00e7\u00e3o das Ind\u00fastrias do Estado de Minas Gerais\",\"publisher\":{\"@id\":\"https:\/\/www.fiemg.com.br\/regional-zona-da-mata\/#organization\"},\"potentialAction\":[{\"@type\":\"SearchAction\",\"target\":{\"@type\":\"EntryPoint\",\"urlTemplate\":\"https:\/\/www.fiemg.com.br\/regional-zona-da-mata\/?s={search_term_string}\"},\"query-input\":{\"@type\":\"PropertyValueSpecification\",\"valueRequired\":true,\"valueName\":\"search_term_string\"}}],\"inLanguage\":\"pt-BR\"},{\"@type\":\"Organization\",\"@id\":\"https:\/\/www.fiemg.com.br\/regional-zona-da-mata\/#organization\",\"name\":\"Regional Zona da Mata\",\"url\":\"https:\/\/www.fiemg.com.br\/regional-zona-da-mata\/\",\"logo\":{\"@type\":\"ImageObject\",\"inLanguage\":\"pt-BR\",\"@id\":\"https:\/\/www.fiemg.com.br\/regional-zona-da-mata\/#\/schema\/logo\/image\/\",\"url\":\"https:\/\/www.fiemg.com.br\/regional-zona-da-mata\/wp-content\/uploads\/sites\/26\/2023\/02\/Ativo-1.png\",\"contentUrl\":\"https:\/\/www.fiemg.com.br\/regional-zona-da-mata\/wp-content\/uploads\/sites\/26\/2023\/02\/Ativo-1.png\",\"width\":563,\"height\":149,\"caption\":\"Regional Zona da Mata\"},\"image\":{\"@id\":\"https:\/\/www.fiemg.com.br\/regional-zona-da-mata\/#\/schema\/logo\/image\/\"}},{\"@type\":\"Person\",\"@id\":\"https:\/\/www.fiemg.com.br\/regional-zona-da-mata\/#\/schema\/person\/5dd09535c09e96b8cbc36f459ca2be44\",\"name\":\"gvianna@fiemg.com.br\",\"image\":{\"@type\":\"ImageObject\",\"inLanguage\":\"pt-BR\",\"@id\":\"https:\/\/www.fiemg.com.br\/regional-zona-da-mata\/#\/schema\/person\/image\/\",\"url\":\"https:\/\/secure.gravatar.com\/avatar\/76802dee15a00df00e256e6d178f6a2b4ebe61cd136291ba3eced3aefe503bfb?s=96&d=mm&r=g\",\"contentUrl\":\"https:\/\/secure.gravatar.com\/avatar\/76802dee15a00df00e256e6d178f6a2b4ebe61cd136291ba3eced3aefe503bfb?s=96&d=mm&r=g\",\"caption\":\"gvianna@fiemg.com.br\"},\"url\":\"https:\/\/www.fiemg.com.br\/regional-zona-da-mata\/author\/gviannafiemg-com-br\/\"}]}<\/script>\n<!-- \/ Yoast SEO plugin. -->","yoast_head_json":{"title":"SENAI abre mais de 5 mil vagas para cursos t\u00e9cnicos em Minas - Regional Zona da Mata","robots":{"index":"index","follow":"follow","max-snippet":"max-snippet:-1","max-image-preview":"max-image-preview:large","max-video-preview":"max-video-preview:-1"},"canonical":"https:\/\/www.fiemg.com.br\/regional-zona-da-mata\/senai-abre-mais-de-5-mil-vagas-para-cursos-tecnicos-em-minas\/","og_locale":"pt_BR","og_type":"article","og_title":"SENAI abre mais de 5 mil vagas para cursos t\u00e9cnicos em Minas - Regional Zona da Mata","og_description":"A partir desta quarta-feira (24\/1), o SENAI MG abre mais de 5.500 vagas para cursos t\u00e9cnicos em suas unidades em Minas Gerais. O diferencial est\u00e1 no valor da primeira mensalidade \u2013 que \u00e9 R$ 79,90 para todos os cursos. J\u00e1 as demais mensalidades t\u00eam valor fixo e variam conforme o curso e a unidade escolhidos. [&hellip;]","og_url":"https:\/\/www.fiemg.com.br\/regional-zona-da-mata\/senai-abre-mais-de-5-mil-vagas-para-cursos-tecnicos-em-minas\/","og_site_name":"Regional Zona da Mata","article_published_time":"2024-01-25T16:03:47+00:00","article_modified_time":"2024-01-25T16:04:03+00:00","og_image":[{"width":300,"height":200,"url":"https:\/\/www.fiemg.com.br\/regional-zona-da-mata\/wp-content\/uploads\/sites\/26\/2024\/01\/campanha-senai-capa.jpg","type":"image\/jpeg"}],"author":"gvianna@fiemg.com.br","twitter_card":"summary_large_image","twitter_misc":{"Escrito por":"gvianna@fiemg.com.br","Est. tempo de leitura":"2 minutos"},"schema":{"@context":"https:\/\/schema.org","@graph":[{"@type":"Article","@id":"https:\/\/www.fiemg.com.br\/regional-zona-da-mata\/senai-abre-mais-de-5-mil-vagas-para-cursos-tecnicos-em-minas\/#article","isPartOf":{"@id":"https:\/\/www.fiemg.com.br\/regional-zona-da-mata\/senai-abre-mais-de-5-mil-vagas-para-cursos-tecnicos-em-minas\/"},"author":{"name":"gvianna@fiemg.com.br","@id":"https:\/\/www.fiemg.com.br\/regional-zona-da-mata\/#\/schema\/person\/5dd09535c09e96b8cbc36f459ca2be44"},"headline":"SENAI abre mais de 5 mil vagas para cursos t\u00e9cnicos em Minas","datePublished":"2024-01-25T16:03:47+00:00","dateModified":"2024-01-25T16:04:03+00:00","mainEntityOfPage":{"@id":"https:\/\/www.fiemg.com.br\/regional-zona-da-mata\/senai-abre-mais-de-5-mil-vagas-para-cursos-tecnicos-em-minas\/"},"wordCount":325,"commentCount":0,"publisher":{"@id":"https:\/\/www.fiemg.com.br\/regional-zona-da-mata\/#organization"},"image":{"@id":"https:\/\/www.fiemg.com.br\/regional-zona-da-mata\/senai-abre-mais-de-5-mil-vagas-para-cursos-tecnicos-em-minas\/#primaryimage"},"thumbnailUrl":"https:\/\/www.fiemg.com.br\/regional-zona-da-mata\/wp-content\/uploads\/sites\/26\/2024\/01\/campanha-senai-capa.jpg","articleSection":["Educa\u00e7\u00e3o","Senai"],"inLanguage":"pt-BR","potentialAction":[{"@type":"CommentAction","name":"Comment","target":["https:\/\/www.fiemg.com.br\/regional-zona-da-mata\/senai-abre-mais-de-5-mil-vagas-para-cursos-tecnicos-em-minas\/#respond"]}]},{"@type":"WebPage","@id":"https:\/\/www.fiemg.com.br\/regional-zona-da-mata\/senai-abre-mais-de-5-mil-vagas-para-cursos-tecnicos-em-minas\/","url":"https:\/\/www.fiemg.com.br\/regional-zona-da-mata\/senai-abre-mais-de-5-mil-vagas-para-cursos-tecnicos-em-minas\/","name":"SENAI abre mais de 5 mil vagas para cursos t\u00e9cnicos em Minas - Regional Zona da Mata","isPartOf":{"@id":"https:\/\/www.fiemg.com.br\/regional-zona-da-mata\/#website"},"primaryImageOfPage":{"@id":"https:\/\/www.fiemg.com.br\/regional-zona-da-mata\/senai-abre-mais-de-5-mil-vagas-para-cursos-tecnicos-em-minas\/#primaryimage"},"image":{"@id":"https:\/\/www.fiemg.com.br\/regional-zona-da-mata\/senai-abre-mais-de-5-mil-vagas-para-cursos-tecnicos-em-minas\/#primaryimage"},"thumbnailUrl":"https:\/\/www.fiemg.com.br\/regional-zona-da-mata\/wp-content\/uploads\/sites\/26\/2024\/01\/campanha-senai-capa.jpg","datePublished":"2024-01-25T16:03:47+00:00","dateModified":"2024-01-25T16:04:03+00:00","breadcrumb":{"@id":"https:\/\/www.fiemg.com.br\/regional-zona-da-mata\/senai-abre-mais-de-5-mil-vagas-para-cursos-tecnicos-em-minas\/#breadcrumb"},"inLanguage":"pt-BR","potentialAction":[{"@type":"ReadAction","target":["https:\/\/www.fiemg.com.br\/regional-zona-da-mata\/senai-abre-mais-de-5-mil-vagas-para-cursos-tecnicos-em-minas\/"]}]},{"@type":"ImageObject","inLanguage":"pt-BR","@id":"https:\/\/www.fiemg.com.br\/regional-zona-da-mata\/senai-abre-mais-de-5-mil-vagas-para-cursos-tecnicos-em-minas\/#primaryimage","url":"https:\/\/www.fiemg.com.br\/regional-zona-da-mata\/wp-content\/uploads\/sites\/26\/2024\/01\/campanha-senai-capa.jpg","contentUrl":"https:\/\/www.fiemg.com.br\/regional-zona-da-mata\/wp-content\/uploads\/sites\/26\/2024\/01\/campanha-senai-capa.jpg","width":300,"height":200},{"@type":"BreadcrumbList","@id":"https:\/\/www.fiemg.com.br\/regional-zona-da-mata\/senai-abre-mais-de-5-mil-vagas-para-cursos-tecnicos-em-minas\/#breadcrumb","itemListElement":[{"@type":"ListItem","position":1,"name":"In\u00edcio","item":"https:\/\/www.fiemg.com.br\/regional-zona-da-mata\/"},{"@type":"ListItem","position":2,"name":"SENAI abre mais de 5 mil vagas para cursos t\u00e9cnicos em Minas"}]},{"@type":"WebSite","@id":"https:\/\/www.fiemg.com.br\/regional-zona-da-mata\/#website","url":"https:\/\/www.fiemg.com.br\/regional-zona-da-mata\/","name":"Regional Zona da Mata","description":"Federa\u00e7\u00e3o das Ind\u00fastrias do Estado de Minas Gerais","publisher":{"@id":"https:\/\/www.fiemg.com.br\/regional-zona-da-mata\/#organization"},"potentialAction":[{"@type":"SearchAction","target":{"@type":"EntryPoint","urlTemplate":"https:\/\/www.fiemg.com.br\/regional-zona-da-mata\/?s={search_term_string}"},"query-input":{"@type":"PropertyValueSpecification","valueRequired":true,"valueName":"search_term_string"}}],"inLanguage":"pt-BR"},{"@type":"Organization","@id":"https:\/\/www.fiemg.com.br\/regional-zona-da-mata\/#organization","name":"Regional Zona da Mata","url":"https:\/\/www.fiemg.com.br\/regional-zona-da-mata\/","logo":{"@type":"ImageObject","inLanguage":"pt-BR","@id":"https:\/\/www.fiemg.com.br\/regional-zona-da-mata\/#\/schema\/logo\/image\/","url":"https:\/\/www.fiemg.com.br\/regional-zona-da-mata\/wp-content\/uploads\/sites\/26\/2023\/02\/Ativo-1.png","contentUrl":"https:\/\/www.fiemg.com.br\/regional-zona-da-mata\/wp-content\/uploads\/sites\/26\/2023\/02\/Ativo-1.png","width":563,"height":149,"caption":"Regional Zona da Mata"},"image":{"@id":"https:\/\/www.fiemg.com.br\/regional-zona-da-mata\/#\/schema\/logo\/image\/"}},{"@type":"Person","@id":"https:\/\/www.fiemg.com.br\/regional-zona-da-mata\/#\/schema\/person\/5dd09535c09e96b8cbc36f459ca2be44","name":"gvianna@fiemg.com.br","image":{"@type":"ImageObject","inLanguage":"pt-BR","@id":"https:\/\/www.fiemg.com.br\/regional-zona-da-mata\/#\/schema\/person\/image\/","url":"https:\/\/secure.gravatar.com\/avatar\/76802dee15a00df00e256e6d178f6a2b4ebe61cd136291ba3eced3aefe503bfb?s=96&d=mm&r=g","contentUrl":"https:\/\/secure.gravatar.com\/avatar\/76802dee15a00df00e256e6d178f6a2b4ebe61cd136291ba3eced3aefe503bfb?s=96&d=mm&r=g","caption":"gvianna@fiemg.com.br"},"url":"https:\/\/www.fiemg.com.br\/regional-zona-da-mata\/author\/gviannafiemg-com-br\/"}]}},"_links":{"self":[{"href":"https:\/\/www.fiemg.com.br\/regional-zona-da-mata\/wp-json\/wp\/v2\/posts\/2206","targetHints":{"allow":["GET"]}}],"collection":[{"href":"https:\/\/www.fiemg.com.br\/regional-zona-da-mata\/wp-json\/wp\/v2\/posts"}],"about":[{"href":"https:\/\/www.fiemg.com.br\/regional-zona-da-mata\/wp-json\/wp\/v2\/types\/post"}],"author":[{"embeddable":true,"href":"https:\/\/www.fiemg.com.br\/regional-zona-da-mata\/wp-json\/wp\/v2\/users\/53"}],"replies":[{"embeddable":true,"href":"https:\/\/www.fiemg.com.br\/regional-zona-da-mata\/wp-json\/wp\/v2\/comments?post=2206"}],"version-history":[{"count":0,"href":"https:\/\/www.fiemg.com.br\/regional-zona-da-mata\/wp-json\/wp\/v2\/posts\/2206\/revisions"}],"wp:featuredmedia":[{"embeddable":true,"href":"https:\/\/www.fiemg.com.br\/regional-zona-da-mata\/wp-json\/wp\/v2\/media\/2208"}],"wp:attachment":[{"href":"https:\/\/www.fiemg.com.br\/regional-zona-da-mata\/wp-json\/wp\/v2\/media?parent=2206"}],"wp:term":[{"taxonomy":"category","embeddable":true,"href":"https:\/\/www.fiemg.com.br\/regional-zona-da-mata\/wp-json\/wp\/v2\/categories?post=2206"},{"taxonomy":"post_tag","embeddable":true,"href":"https:\/\/www.fiemg.com.br\/regional-zona-da-mata\/wp-json\/wp\/v2\/tags?post=2206"}],"curies":[{"name":"wp","href":"https:\/\/api.w.org\/{rel}","templated":true}]}}