{"id":287,"date":"2025-04-10T14:05:27","date_gmt":"2025-04-10T17:05:27","guid":{"rendered":"https:\/\/www.fiemg.com.br\/sala-de-imprensa\/noticias\/micro-e-pequenas-empresas-contam-com-apoio-do-sebrae-minas-para-expor-criacoes-autorais-e-fortalecer-conexoes-comerciais-no-maior-salao-de-negocios-de-moda-da-america-latina\/"},"modified":"2025-04-10T14:05:29","modified_gmt":"2025-04-10T17:05:29","slug":"micro-e-pequenas-empresas-contam-com-apoio-do-sebrae-minas-para-expor-criacoes-autorais-e-fortalecer-conexoes-comerciais-no-maior-salao-de-negocios-de-moda-da-america-latina","status":"publish","type":"noticias","link":"https:\/\/www.fiemg.com.br\/sala-de-imprensa\/noticias\/micro-e-pequenas-empresas-contam-com-apoio-do-sebrae-minas-para-expor-criacoes-autorais-e-fortalecer-conexoes-comerciais-no-maior-salao-de-negocios-de-moda-da-america-latina\/","title":{"rendered":"SEBRAE Minas impulsiona novos neg\u00f3cios e d\u00e1 visibilidade a marcas emergentes no Minas Trend"},"content":{"rendered":"\n<p>Com o objetivo de ampliar a presen\u00e7a de pequenos neg\u00f3cios e impulsionar o empreendedorismo no setor da moda, o SEBRAE Minas marca presen\u00e7a como parceiro master da 33\u00aa edi\u00e7\u00e3o do Minas Trend. A institui\u00e7\u00e3o viabilizou a participa\u00e7\u00e3o de 40 micro e pequenas empresas de diferentes segmentos \u2014 como cal\u00e7ados, bolsas e vestu\u00e1rio \u2014 em um dos maiores sal\u00f5es de neg\u00f3cios do pa\u00eds.<\/p>\n\n\n\n<p>A marca Arte Sana, do munic\u00edpio ga\u00facho de Novo Hamburgo, especializada em pe\u00e7as premium com couro ex\u00f3tico e t\u00e9cnicas manuais, participa pela quarta vez do Minas Trend. \u201cCada edi\u00e7\u00e3o \u00e9 uma vitrine para capta\u00e7\u00e3o de novos clientes e um term\u00f4metro para o mercado. Com o apoio do SEBRAE Minas, tivemos acesso a uma rede de consultorias em estilo, vitrine e comercial, al\u00e9m de subs\u00eddio financeiro que faz toda a diferen\u00e7a\u201d, destaca Luciana, diretora de estilo da marca.<\/p>\n\n\n\n<p>J\u00e1 a diretora Janine Passini, que d\u00e1 nome \u00e0 pr\u00f3pria marca de vestu\u00e1rio feminino, aposta em pe\u00e7as atemporais com foco em conforto e empoderamento real. Esta \u00e9 sua terceira participa\u00e7\u00e3o no evento, tamb\u00e9m viabilizada com o apoio da institui\u00e7\u00e3o. \u201c\u00c9 uma feira com um p\u00fablico diferente, mais aberto a descobrir novas marcas. Amplia bastante o leque de clientes e ainda proporciona conex\u00f5es valiosas com diversos expositores e lojistas e viabiliza a gera\u00e7\u00e3o de neg\u00f3cios para al\u00e9m da feira.\u201d, afirma.<\/p>\n\n\n\n<p>Representando o setor cal\u00e7adista, a marca Espadrilles, comandada por Alex Zimmermann, retorna ao Minas Trend ap\u00f3s uma pausa desde 2022. \u201cSomos os \u00fanicos no Brasil a produzir espadrilles com solados espanh\u00f3is originais. Nosso processo \u00e9 totalmente artesanal e sustent\u00e1vel, com menor consumo de cola e energia em compara\u00e7\u00e3o aos cal\u00e7ados convencionais. Mais do que um produto, oferecemos uma experi\u00eancia aut\u00eantica \u2014 marcada por identidade mediterr\u00e2nea, leveza e versatilidade\u201d, destaca o fundador. A marca v\u00ea no evento uma oportunidade estrat\u00e9gica para compreender melhor o perfil da mulher brasileira em diferentes regi\u00f5es \u2014 especialmente no Sudeste, Nordeste e Centro-Oeste \u2014 e, assim, aprimorar sua cria\u00e7\u00e3o de forma ainda mais conectada com o p\u00fablico.<\/p>\n\n\n\n<p>O apoio do SEBRAE Minas vai al\u00e9m do subs\u00eddio financeiro. As marcas contam com uma jornada completa de prepara\u00e7\u00e3o, que inclui orienta\u00e7\u00e3o em branding, vitrine, produto e estrat\u00e9gia comercial. Para muitas delas, o Minas Trend representa o primeiro grande passo rumo \u00e0 consolida\u00e7\u00e3o no mercado nacional \u2014 e at\u00e9 internacional.<\/p>\n\n\n\n<p>O Minas Trend \u00e9 uma realiza\u00e7\u00e3o da FIEMG, por iniciativa de sua C\u00e2mara da Ind\u00fastria de Insumos e Transforma\u00e7\u00e3o do Vestu\u00e1rio, Cal\u00e7ados e Acess\u00f3rios, e suas entidades SESI e SENAI, com patroc\u00ednio da Companhia de Desenvolvimento de Minas Gerais (Codemge),&nbsp; apoio m\u00e1ster do Sebrae Minas, e apoio da Rede Minas, R\u00e1dio Inconfid\u00eancia, Jornal Estado de Minas e Una.<\/p>\n\n\n\n<p><strong>Servi\u00e7o<\/strong><\/p>\n\n\n\n<p><strong>33\u00aa edi\u00e7\u00e3o do Minas Trend<\/strong><strong><br><\/strong><strong>Data: <\/strong>8 a 10 de abril de 2025<br><strong>Local:<\/strong> BH Shopping \u2013 BR-356, 3049, Belvedere, Belo Horizonte<\/p>\n","protected":false},"featured_media":288,"template":"","categories":[],"tags":[114,133],"class_list":["post-287","noticias","type-noticias","status-publish","has-post-thumbnail","hentry","tag-mw","tag-sebrae"],"acf":[],"yoast_head":"<!-- This site is optimized with the Yoast SEO plugin v26.2 - https:\/\/yoast.com\/wordpress\/plugins\/seo\/ -->\n<title>SEBRAE Minas impulsiona novos neg\u00f3cios e d\u00e1 visibilidade a marcas emergentes no Minas Trend - Sala de imprensa<\/title>\n<meta name=\"description\" content=\"Micro e pequenas empresas contam com apoio do SEBRAE Minas para expor cria\u00e7\u00f5es autorais e fortalecer conex\u00f5es comerciais no maior sal\u00e3o de neg\u00f3cios de moda da Am\u00e9rica Latina\" \/>\n<meta name=\"robots\" content=\"index, follow, max-snippet:-1, max-image-preview:large, max-video-preview:-1\" \/>\n<link rel=\"canonical\" href=\"https:\/\/www.fiemg.com.br\/sala-de-imprensa\/noticias\/micro-e-pequenas-empresas-contam-com-apoio-do-sebrae-minas-para-expor-criacoes-autorais-e-fortalecer-conexoes-comerciais-no-maior-salao-de-negocios-de-moda-da-america-latina\/\" \/>\n<meta property=\"og:locale\" content=\"pt_BR\" \/>\n<meta property=\"og:type\" content=\"article\" \/>\n<meta property=\"og:title\" content=\"SEBRAE Minas impulsiona novos neg\u00f3cios e d\u00e1 visibilidade a marcas emergentes no Minas Trend - Sala de imprensa\" \/>\n<meta property=\"og:description\" content=\"Micro e pequenas empresas contam com apoio do SEBRAE Minas para expor cria\u00e7\u00f5es autorais e fortalecer conex\u00f5es comerciais no maior sal\u00e3o de neg\u00f3cios de moda da Am\u00e9rica Latina\" \/>\n<meta property=\"og:url\" content=\"https:\/\/www.fiemg.com.br\/sala-de-imprensa\/noticias\/micro-e-pequenas-empresas-contam-com-apoio-do-sebrae-minas-para-expor-criacoes-autorais-e-fortalecer-conexoes-comerciais-no-maior-salao-de-negocios-de-moda-da-america-latina\/\" \/>\n<meta property=\"og:site_name\" content=\"Sala de imprensa\" \/>\n<meta property=\"article:modified_time\" content=\"2025-04-10T17:05:29+00:00\" \/>\n<meta property=\"og:image\" content=\"https:\/\/www.fiemg.com.br\/sala-de-imprensa\/wp-content\/uploads\/sites\/31\/2025\/04\/SEBRAE-MW-Thumb-1024x1024.png\" \/>\n\t<meta property=\"og:image:width\" content=\"1024\" \/>\n\t<meta property=\"og:image:height\" content=\"1024\" \/>\n\t<meta property=\"og:image:type\" content=\"image\/png\" \/>\n<meta name=\"twitter:card\" content=\"summary_large_image\" \/>\n<meta name=\"twitter:label1\" content=\"Est. tempo de leitura\" \/>\n\t<meta name=\"twitter:data1\" content=\"3 minutos\" \/>\n<script type=\"application\/ld+json\" class=\"yoast-schema-graph\">{\"@context\":\"https:\/\/schema.org\",\"@graph\":[{\"@type\":\"WebPage\",\"@id\":\"https:\/\/www.fiemg.com.br\/sala-de-imprensa\/noticias\/micro-e-pequenas-empresas-contam-com-apoio-do-sebrae-minas-para-expor-criacoes-autorais-e-fortalecer-conexoes-comerciais-no-maior-salao-de-negocios-de-moda-da-america-latina\/\",\"url\":\"https:\/\/www.fiemg.com.br\/sala-de-imprensa\/noticias\/micro-e-pequenas-empresas-contam-com-apoio-do-sebrae-minas-para-expor-criacoes-autorais-e-fortalecer-conexoes-comerciais-no-maior-salao-de-negocios-de-moda-da-america-latina\/\",\"name\":\"SEBRAE Minas impulsiona novos neg\u00f3cios e d\u00e1 visibilidade a marcas emergentes no Minas Trend - Sala de imprensa\",\"isPartOf\":{\"@id\":\"https:\/\/www.fiemg.com.br\/sala-de-imprensa\/#website\"},\"primaryImageOfPage\":{\"@id\":\"https:\/\/www.fiemg.com.br\/sala-de-imprensa\/noticias\/micro-e-pequenas-empresas-contam-com-apoio-do-sebrae-minas-para-expor-criacoes-autorais-e-fortalecer-conexoes-comerciais-no-maior-salao-de-negocios-de-moda-da-america-latina\/#primaryimage\"},\"image\":{\"@id\":\"https:\/\/www.fiemg.com.br\/sala-de-imprensa\/noticias\/micro-e-pequenas-empresas-contam-com-apoio-do-sebrae-minas-para-expor-criacoes-autorais-e-fortalecer-conexoes-comerciais-no-maior-salao-de-negocios-de-moda-da-america-latina\/#primaryimage\"},\"thumbnailUrl\":\"https:\/\/www.fiemg.com.br\/sala-de-imprensa\/wp-content\/uploads\/sites\/31\/2025\/04\/SEBRAE-MW-Thumb.png\",\"datePublished\":\"2025-04-10T17:05:27+00:00\",\"dateModified\":\"2025-04-10T17:05:29+00:00\",\"description\":\"Micro e pequenas empresas contam com apoio do SEBRAE Minas para expor cria\u00e7\u00f5es autorais e fortalecer conex\u00f5es comerciais no maior sal\u00e3o de neg\u00f3cios de moda da Am\u00e9rica Latina\",\"breadcrumb\":{\"@id\":\"https:\/\/www.fiemg.com.br\/sala-de-imprensa\/noticias\/micro-e-pequenas-empresas-contam-com-apoio-do-sebrae-minas-para-expor-criacoes-autorais-e-fortalecer-conexoes-comerciais-no-maior-salao-de-negocios-de-moda-da-america-latina\/#breadcrumb\"},\"inLanguage\":\"pt-BR\",\"potentialAction\":[{\"@type\":\"ReadAction\",\"target\":[\"https:\/\/www.fiemg.com.br\/sala-de-imprensa\/noticias\/micro-e-pequenas-empresas-contam-com-apoio-do-sebrae-minas-para-expor-criacoes-autorais-e-fortalecer-conexoes-comerciais-no-maior-salao-de-negocios-de-moda-da-america-latina\/\"]}]},{\"@type\":\"ImageObject\",\"inLanguage\":\"pt-BR\",\"@id\":\"https:\/\/www.fiemg.com.br\/sala-de-imprensa\/noticias\/micro-e-pequenas-empresas-contam-com-apoio-do-sebrae-minas-para-expor-criacoes-autorais-e-fortalecer-conexoes-comerciais-no-maior-salao-de-negocios-de-moda-da-america-latina\/#primaryimage\",\"url\":\"https:\/\/www.fiemg.com.br\/sala-de-imprensa\/wp-content\/uploads\/sites\/31\/2025\/04\/SEBRAE-MW-Thumb.png\",\"contentUrl\":\"https:\/\/www.fiemg.com.br\/sala-de-imprensa\/wp-content\/uploads\/sites\/31\/2025\/04\/SEBRAE-MW-Thumb.png\",\"width\":1600,\"height\":1600},{\"@type\":\"BreadcrumbList\",\"@id\":\"https:\/\/www.fiemg.com.br\/sala-de-imprensa\/noticias\/micro-e-pequenas-empresas-contam-com-apoio-do-sebrae-minas-para-expor-criacoes-autorais-e-fortalecer-conexoes-comerciais-no-maior-salao-de-negocios-de-moda-da-america-latina\/#breadcrumb\",\"itemListElement\":[{\"@type\":\"ListItem\",\"position\":1,\"name\":\"In\u00edcio\",\"item\":\"https:\/\/www.fiemg.com.br\/sala-de-imprensa\/\"},{\"@type\":\"ListItem\",\"position\":2,\"name\":\"SEBRAE Minas impulsiona novos neg\u00f3cios e d\u00e1 visibilidade a marcas emergentes no Minas Trend\"}]},{\"@type\":\"WebSite\",\"@id\":\"https:\/\/www.fiemg.com.br\/sala-de-imprensa\/#website\",\"url\":\"https:\/\/www.fiemg.com.br\/sala-de-imprensa\/\",\"name\":\"Sala de imprensa\",\"description\":\"\",\"publisher\":{\"@id\":\"https:\/\/www.fiemg.com.br\/sala-de-imprensa\/#organization\"},\"potentialAction\":[{\"@type\":\"SearchAction\",\"target\":{\"@type\":\"EntryPoint\",\"urlTemplate\":\"https:\/\/www.fiemg.com.br\/sala-de-imprensa\/?s={search_term_string}\"},\"query-input\":{\"@type\":\"PropertyValueSpecification\",\"valueRequired\":true,\"valueName\":\"search_term_string\"}}],\"inLanguage\":\"pt-BR\"},{\"@type\":\"Organization\",\"@id\":\"https:\/\/www.fiemg.com.br\/sala-de-imprensa\/#organization\",\"name\":\"Sala de imprensa\",\"url\":\"https:\/\/www.fiemg.com.br\/sala-de-imprensa\/\",\"logo\":{\"@type\":\"ImageObject\",\"inLanguage\":\"pt-BR\",\"@id\":\"https:\/\/www.fiemg.com.br\/sala-de-imprensa\/#\/schema\/logo\/image\/\",\"url\":\"https:\/\/www.fiemg.com.br\/sala-de-imprensa\/wp-content\/uploads\/sites\/31\/2025\/01\/Sistema-Fiemg_1.svg\",\"contentUrl\":\"https:\/\/www.fiemg.com.br\/sala-de-imprensa\/wp-content\/uploads\/sites\/31\/2025\/01\/Sistema-Fiemg_1.svg\",\"width\":472.89,\"height\":238.13,\"caption\":\"Sala de imprensa\"},\"image\":{\"@id\":\"https:\/\/www.fiemg.com.br\/sala-de-imprensa\/#\/schema\/logo\/image\/\"}}]}<\/script>\n<!-- \/ Yoast SEO plugin. -->","yoast_head_json":{"title":"SEBRAE Minas impulsiona novos neg\u00f3cios e d\u00e1 visibilidade a marcas emergentes no Minas Trend - Sala de imprensa","description":"Micro e pequenas empresas contam com apoio do SEBRAE Minas para expor cria\u00e7\u00f5es autorais e fortalecer conex\u00f5es comerciais no maior sal\u00e3o de neg\u00f3cios de moda da Am\u00e9rica Latina","robots":{"index":"index","follow":"follow","max-snippet":"max-snippet:-1","max-image-preview":"max-image-preview:large","max-video-preview":"max-video-preview:-1"},"canonical":"https:\/\/www.fiemg.com.br\/sala-de-imprensa\/noticias\/micro-e-pequenas-empresas-contam-com-apoio-do-sebrae-minas-para-expor-criacoes-autorais-e-fortalecer-conexoes-comerciais-no-maior-salao-de-negocios-de-moda-da-america-latina\/","og_locale":"pt_BR","og_type":"article","og_title":"SEBRAE Minas impulsiona novos neg\u00f3cios e d\u00e1 visibilidade a marcas emergentes no Minas Trend - Sala de imprensa","og_description":"Micro e pequenas empresas contam com apoio do SEBRAE Minas para expor cria\u00e7\u00f5es autorais e fortalecer conex\u00f5es comerciais no maior sal\u00e3o de neg\u00f3cios de moda da Am\u00e9rica Latina","og_url":"https:\/\/www.fiemg.com.br\/sala-de-imprensa\/noticias\/micro-e-pequenas-empresas-contam-com-apoio-do-sebrae-minas-para-expor-criacoes-autorais-e-fortalecer-conexoes-comerciais-no-maior-salao-de-negocios-de-moda-da-america-latina\/","og_site_name":"Sala de imprensa","article_modified_time":"2025-04-10T17:05:29+00:00","og_image":[{"width":1024,"height":1024,"url":"https:\/\/www.fiemg.com.br\/sala-de-imprensa\/wp-content\/uploads\/sites\/31\/2025\/04\/SEBRAE-MW-Thumb-1024x1024.png","type":"image\/png"}],"twitter_card":"summary_large_image","twitter_misc":{"Est. tempo de leitura":"3 minutos"},"schema":{"@context":"https:\/\/schema.org","@graph":[{"@type":"WebPage","@id":"https:\/\/www.fiemg.com.br\/sala-de-imprensa\/noticias\/micro-e-pequenas-empresas-contam-com-apoio-do-sebrae-minas-para-expor-criacoes-autorais-e-fortalecer-conexoes-comerciais-no-maior-salao-de-negocios-de-moda-da-america-latina\/","url":"https:\/\/www.fiemg.com.br\/sala-de-imprensa\/noticias\/micro-e-pequenas-empresas-contam-com-apoio-do-sebrae-minas-para-expor-criacoes-autorais-e-fortalecer-conexoes-comerciais-no-maior-salao-de-negocios-de-moda-da-america-latina\/","name":"SEBRAE Minas impulsiona novos neg\u00f3cios e d\u00e1 visibilidade a marcas emergentes no Minas Trend - Sala de imprensa","isPartOf":{"@id":"https:\/\/www.fiemg.com.br\/sala-de-imprensa\/#website"},"primaryImageOfPage":{"@id":"https:\/\/www.fiemg.com.br\/sala-de-imprensa\/noticias\/micro-e-pequenas-empresas-contam-com-apoio-do-sebrae-minas-para-expor-criacoes-autorais-e-fortalecer-conexoes-comerciais-no-maior-salao-de-negocios-de-moda-da-america-latina\/#primaryimage"},"image":{"@id":"https:\/\/www.fiemg.com.br\/sala-de-imprensa\/noticias\/micro-e-pequenas-empresas-contam-com-apoio-do-sebrae-minas-para-expor-criacoes-autorais-e-fortalecer-conexoes-comerciais-no-maior-salao-de-negocios-de-moda-da-america-latina\/#primaryimage"},"thumbnailUrl":"https:\/\/www.fiemg.com.br\/sala-de-imprensa\/wp-content\/uploads\/sites\/31\/2025\/04\/SEBRAE-MW-Thumb.png","datePublished":"2025-04-10T17:05:27+00:00","dateModified":"2025-04-10T17:05:29+00:00","description":"Micro e pequenas empresas contam com apoio do SEBRAE Minas para expor cria\u00e7\u00f5es autorais e fortalecer conex\u00f5es comerciais no maior sal\u00e3o de neg\u00f3cios de moda da Am\u00e9rica Latina","breadcrumb":{"@id":"https:\/\/www.fiemg.com.br\/sala-de-imprensa\/noticias\/micro-e-pequenas-empresas-contam-com-apoio-do-sebrae-minas-para-expor-criacoes-autorais-e-fortalecer-conexoes-comerciais-no-maior-salao-de-negocios-de-moda-da-america-latina\/#breadcrumb"},"inLanguage":"pt-BR","potentialAction":[{"@type":"ReadAction","target":["https:\/\/www.fiemg.com.br\/sala-de-imprensa\/noticias\/micro-e-pequenas-empresas-contam-com-apoio-do-sebrae-minas-para-expor-criacoes-autorais-e-fortalecer-conexoes-comerciais-no-maior-salao-de-negocios-de-moda-da-america-latina\/"]}]},{"@type":"ImageObject","inLanguage":"pt-BR","@id":"https:\/\/www.fiemg.com.br\/sala-de-imprensa\/noticias\/micro-e-pequenas-empresas-contam-com-apoio-do-sebrae-minas-para-expor-criacoes-autorais-e-fortalecer-conexoes-comerciais-no-maior-salao-de-negocios-de-moda-da-america-latina\/#primaryimage","url":"https:\/\/www.fiemg.com.br\/sala-de-imprensa\/wp-content\/uploads\/sites\/31\/2025\/04\/SEBRAE-MW-Thumb.png","contentUrl":"https:\/\/www.fiemg.com.br\/sala-de-imprensa\/wp-content\/uploads\/sites\/31\/2025\/04\/SEBRAE-MW-Thumb.png","width":1600,"height":1600},{"@type":"BreadcrumbList","@id":"https:\/\/www.fiemg.com.br\/sala-de-imprensa\/noticias\/micro-e-pequenas-empresas-contam-com-apoio-do-sebrae-minas-para-expor-criacoes-autorais-e-fortalecer-conexoes-comerciais-no-maior-salao-de-negocios-de-moda-da-america-latina\/#breadcrumb","itemListElement":[{"@type":"ListItem","position":1,"name":"In\u00edcio","item":"https:\/\/www.fiemg.com.br\/sala-de-imprensa\/"},{"@type":"ListItem","position":2,"name":"SEBRAE Minas impulsiona novos neg\u00f3cios e d\u00e1 visibilidade a marcas emergentes no Minas Trend"}]},{"@type":"WebSite","@id":"https:\/\/www.fiemg.com.br\/sala-de-imprensa\/#website","url":"https:\/\/www.fiemg.com.br\/sala-de-imprensa\/","name":"Sala de imprensa","description":"","publisher":{"@id":"https:\/\/www.fiemg.com.br\/sala-de-imprensa\/#organization"},"potentialAction":[{"@type":"SearchAction","target":{"@type":"EntryPoint","urlTemplate":"https:\/\/www.fiemg.com.br\/sala-de-imprensa\/?s={search_term_string}"},"query-input":{"@type":"PropertyValueSpecification","valueRequired":true,"valueName":"search_term_string"}}],"inLanguage":"pt-BR"},{"@type":"Organization","@id":"https:\/\/www.fiemg.com.br\/sala-de-imprensa\/#organization","name":"Sala de imprensa","url":"https:\/\/www.fiemg.com.br\/sala-de-imprensa\/","logo":{"@type":"ImageObject","inLanguage":"pt-BR","@id":"https:\/\/www.fiemg.com.br\/sala-de-imprensa\/#\/schema\/logo\/image\/","url":"https:\/\/www.fiemg.com.br\/sala-de-imprensa\/wp-content\/uploads\/sites\/31\/2025\/01\/Sistema-Fiemg_1.svg","contentUrl":"https:\/\/www.fiemg.com.br\/sala-de-imprensa\/wp-content\/uploads\/sites\/31\/2025\/01\/Sistema-Fiemg_1.svg","width":472.89,"height":238.13,"caption":"Sala de imprensa"},"image":{"@id":"https:\/\/www.fiemg.com.br\/sala-de-imprensa\/#\/schema\/logo\/image\/"}}]}},"_links":{"self":[{"href":"https:\/\/www.fiemg.com.br\/sala-de-imprensa\/wp-json\/wp\/v2\/noticias\/287","targetHints":{"allow":["GET"]}}],"collection":[{"href":"https:\/\/www.fiemg.com.br\/sala-de-imprensa\/wp-json\/wp\/v2\/noticias"}],"about":[{"href":"https:\/\/www.fiemg.com.br\/sala-de-imprensa\/wp-json\/wp\/v2\/types\/noticias"}],"wp:featuredmedia":[{"embeddable":true,"href":"https:\/\/www.fiemg.com.br\/sala-de-imprensa\/wp-json\/wp\/v2\/media\/288"}],"wp:attachment":[{"href":"https:\/\/www.fiemg.com.br\/sala-de-imprensa\/wp-json\/wp\/v2\/media?parent=287"}],"wp:term":[{"taxonomy":"category","embeddable":true,"href":"https:\/\/www.fiemg.com.br\/sala-de-imprensa\/wp-json\/wp\/v2\/categories?post=287"},{"taxonomy":"post_tag","embeddable":true,"href":"https:\/\/www.fiemg.com.br\/sala-de-imprensa\/wp-json\/wp\/v2\/tags?post=287"}],"curies":[{"name":"wp","href":"https:\/\/api.w.org\/{rel}","templated":true}]}}