{"id":303,"date":"2025-04-11T15:52:04","date_gmt":"2025-04-11T18:52:04","guid":{"rendered":"https:\/\/www.fiemg.com.br\/sala-de-imprensa\/noticias\/mais-de-1-800-pessoas-participaram-dos-desfiles-e-palestras-realizados-no-bh-shopping-democratizando-o-acesso-a-moda-e-a-informacao\/"},"modified":"2025-04-11T15:52:06","modified_gmt":"2025-04-11T18:52:06","slug":"mais-de-1-800-pessoas-participaram-dos-desfiles-e-palestras-realizados-no-bh-shopping-democratizando-o-acesso-a-moda-e-a-informacao","status":"publish","type":"noticias","link":"https:\/\/www.fiemg.com.br\/sala-de-imprensa\/noticias\/mais-de-1-800-pessoas-participaram-dos-desfiles-e-palestras-realizados-no-bh-shopping-democratizando-o-acesso-a-moda-e-a-informacao\/","title":{"rendered":"Minas Trend consolida programa\u00e7\u00e3o gratuita como um dos grandes atrativos da 33\u00aa edi\u00e7\u00e3o"},"content":{"rendered":"\n<p><br>Moda, conhecimento e conex\u00e3o com o p\u00fablico marcaram a programa\u00e7\u00e3o gratuita da 33\u00aa edi\u00e7\u00e3o do Minas Trend, realizada de 8 a 10 de abril de 2025, no BH Shopping. Ao todo, cerca de 1.890 pessoas participaram das atividades abertas ao p\u00fablico, que reuniram oito desfiles e sete palestras com especialistas renomados do setor.<\/p>\n\n\n\n<p>No universo encantador do Minas Trend Kids, com participa\u00e7\u00e3o especial da influenciadora mirim e cantora Juju Menotti na abertura, 44 marcas apresentaram suas novas cole\u00e7\u00f5es em desfiles que exaltaram a criatividade, o estilo e o olhar inovador das grifes infantis. Mais do que um espet\u00e1culo visual, a passarela foi palco de tend\u00eancias que refor\u00e7am o potencial transformador da moda desde a inf\u00e2ncia.<\/p>\n\n\n\n<p>As palestras gratuitas tamb\u00e9m foram destaque, atraindo 1.330 pessoas ao longo dos tr\u00eas dias de evento. Com tem\u00e1ticas que passaram por sustentabilidade, branding, estrat\u00e9gias de venda, comunica\u00e7\u00e3o, tend\u00eancias e valoriza\u00e7\u00e3o cultural, os encontros proporcionaram uma verdadeira imers\u00e3o em temas atuais e estrat\u00e9gicos para toda a cadeia produtiva da moda.<br><br><strong>Vozes que inspiram<\/strong> &#8211; A empres\u00e1ria Marcia Kemp, fundadora e diretora criativa da Nannacay, marca de bolsas e acess\u00f3rios artesanais, foi uma das palestrantes convidadas e destacou a pot\u00eancia da troca de experi\u00eancias proporcionada pelo evento: \u201cPalestrar no 33\u00ba Minas Trend foi uma experi\u00eancia extremamente enriquecedora. Em um ambiente que valoriza tanto o design inovador quanto o artesanato, pude reafirmar e compartilhar o prop\u00f3sito da Nannacay: resgatar e valorizar as tradi\u00e7\u00f5es artesanais enquanto impulsionamos a visibilidade e o empoderamento das comunidades com as quais trabalhamos\u201d, afirma Kemp.<\/p>\n\n\n\n<p>O impacto da programa\u00e7\u00e3o gratuita tamb\u00e9m foi sentido por quem esteve no p\u00fablico. Visitantes destacaram a import\u00e2ncia do acesso democr\u00e1tico \u00e0 moda e ao conhecimento:  \u201cPoder assistir ao desfile da minha filha e de tantas outras crian\u00e7as foi um privil\u00e9gio. Quando a gente vivencia de perto, entende a dimens\u00e3o e a import\u00e2ncia desse evento \u2014 n\u00e3o s\u00f3 para quem est\u00e1 na passarela, mas para todo o p\u00fablico que tem acesso gratuito a uma experi\u00eancia t\u00e3o bem organizada, sens\u00edvel e inspiradora. O Minas Trend vai al\u00e9m da moda: \u00e9 um evento que conecta, emociona, valoriza cada detalhe e, acima de tudo, inspira todos que t\u00eam a oportunidade de viv\u00ea-lo de perto\u201d, conta, emocionada, Aryane Coelho, m\u00e3e da modelo mirim Lu\u00edsa Cioto.<\/p>\n\n\n\n<p>\u201cO tema \u2018Olhe. Olhe de novo\u2019 se refletiu em cada momento vivido. Poder assistir aos desfiles com emo\u00e7\u00e3o, participar de palestras gratuitas t\u00e3o ricas em conte\u00fado e perceber o cuidado em cada detalhe tornaram a minha experi\u00eancia ainda mais especial. Foram tr\u00eas dias incr\u00edveis, que me fizeram olhar mais uma vez para a moda com encantamento e refor\u00e7aram a import\u00e2ncia de eventos como esse. J\u00e1 fico na expectativa pela pr\u00f3xima edi\u00e7\u00e3o\u201d, afirmou Marina Soalheiro, m\u00e3e da modelo mirim Maia Soalheiro. <br><br><strong>Moda para todos<\/strong> &#8211; Fl\u00e1vio Roscoe, presidente da FIEMG, ressaltou o papel estrat\u00e9gico da programa\u00e7\u00e3o aberta ao p\u00fablico: \u201cO BH Shopping respira moda e, nesta edi\u00e7\u00e3o, com a nossa programa\u00e7\u00e3o gratuita, abrimos as portas para o p\u00fablico. O Minas Trend n\u00e3o apenas inspira tend\u00eancias, mas movimenta a economia e fomenta conex\u00f5es que se desdobram em oportunidades reais de neg\u00f3cios.\u201d<\/p>\n\n\n\n<p>Ao promover uma programa\u00e7\u00e3o acess\u00edvel, relevante e conectada com os desafios e transforma\u00e7\u00f5es do setor, o Minas Trend reafirma seu papel como vitrine de inova\u00e7\u00e3o e plataforma de fomento ao desenvolvimento da moda mineira e brasileira.<\/p>\n\n\n\n<p>Realizado de 8 a 10 de abril, o Minas Trend \u00e9 uma iniciativa da FIEMG, por iniciativa de sua C\u00e2mara da Ind\u00fastria de Insumos e Transforma\u00e7\u00e3o do Vestu\u00e1rio, Cal\u00e7ados e Acess\u00f3rios, e de suas entidades SESI e SENAI, com patroc\u00ednio da Companhia de Desenvolvimento de Minas Gerais (Codemge), apoio m\u00e1ster do Sebrae Minas e apoio da Rede Minas, R\u00e1dio Inconfid\u00eancia, Jornal Estado de Minas e Una.<\/p>\n","protected":false},"featured_media":0,"template":"","categories":[],"tags":[],"class_list":["post-303","noticias","type-noticias","status-publish","hentry"],"acf":[],"yoast_head":"<!-- This site is optimized with the Yoast SEO plugin v26.2 - https:\/\/yoast.com\/wordpress\/plugins\/seo\/ -->\n<title>Minas Trend consolida programa\u00e7\u00e3o gratuita como um dos grandes atrativos da 33\u00aa edi\u00e7\u00e3o - Sala de imprensa<\/title>\n<meta name=\"robots\" content=\"index, follow, max-snippet:-1, max-image-preview:large, max-video-preview:-1\" \/>\n<link rel=\"canonical\" href=\"https:\/\/www.fiemg.com.br\/sala-de-imprensa\/noticias\/mais-de-1-800-pessoas-participaram-dos-desfiles-e-palestras-realizados-no-bh-shopping-democratizando-o-acesso-a-moda-e-a-informacao\/\" \/>\n<meta property=\"og:locale\" content=\"pt_BR\" \/>\n<meta property=\"og:type\" content=\"article\" \/>\n<meta property=\"og:title\" content=\"Minas Trend consolida programa\u00e7\u00e3o gratuita como um dos grandes atrativos da 33\u00aa edi\u00e7\u00e3o - Sala de imprensa\" \/>\n<meta property=\"og:description\" content=\"Moda, conhecimento e conex\u00e3o com o p\u00fablico marcaram a programa\u00e7\u00e3o gratuita da 33\u00aa edi\u00e7\u00e3o do Minas Trend, realizada de 8 a 10 de abril de 2025, no BH Shopping. Ao todo, cerca de 1.890 pessoas participaram das atividades abertas ao p\u00fablico, que reuniram oito desfiles e sete palestras com especialistas renomados do setor. No universo [&hellip;]\" \/>\n<meta property=\"og:url\" content=\"https:\/\/www.fiemg.com.br\/sala-de-imprensa\/noticias\/mais-de-1-800-pessoas-participaram-dos-desfiles-e-palestras-realizados-no-bh-shopping-democratizando-o-acesso-a-moda-e-a-informacao\/\" \/>\n<meta property=\"og:site_name\" content=\"Sala de imprensa\" \/>\n<meta property=\"article:modified_time\" content=\"2025-04-11T18:52:06+00:00\" \/>\n<meta name=\"twitter:card\" content=\"summary_large_image\" \/>\n<meta name=\"twitter:label1\" content=\"Est. tempo de leitura\" \/>\n\t<meta name=\"twitter:data1\" content=\"3 minutos\" \/>\n<script type=\"application\/ld+json\" class=\"yoast-schema-graph\">{\"@context\":\"https:\/\/schema.org\",\"@graph\":[{\"@type\":\"WebPage\",\"@id\":\"https:\/\/www.fiemg.com.br\/sala-de-imprensa\/noticias\/mais-de-1-800-pessoas-participaram-dos-desfiles-e-palestras-realizados-no-bh-shopping-democratizando-o-acesso-a-moda-e-a-informacao\/\",\"url\":\"https:\/\/www.fiemg.com.br\/sala-de-imprensa\/noticias\/mais-de-1-800-pessoas-participaram-dos-desfiles-e-palestras-realizados-no-bh-shopping-democratizando-o-acesso-a-moda-e-a-informacao\/\",\"name\":\"Minas Trend consolida programa\u00e7\u00e3o gratuita como um dos grandes atrativos da 33\u00aa edi\u00e7\u00e3o - Sala de imprensa\",\"isPartOf\":{\"@id\":\"https:\/\/www.fiemg.com.br\/sala-de-imprensa\/#website\"},\"datePublished\":\"2025-04-11T18:52:04+00:00\",\"dateModified\":\"2025-04-11T18:52:06+00:00\",\"breadcrumb\":{\"@id\":\"https:\/\/www.fiemg.com.br\/sala-de-imprensa\/noticias\/mais-de-1-800-pessoas-participaram-dos-desfiles-e-palestras-realizados-no-bh-shopping-democratizando-o-acesso-a-moda-e-a-informacao\/#breadcrumb\"},\"inLanguage\":\"pt-BR\",\"potentialAction\":[{\"@type\":\"ReadAction\",\"target\":[\"https:\/\/www.fiemg.com.br\/sala-de-imprensa\/noticias\/mais-de-1-800-pessoas-participaram-dos-desfiles-e-palestras-realizados-no-bh-shopping-democratizando-o-acesso-a-moda-e-a-informacao\/\"]}]},{\"@type\":\"BreadcrumbList\",\"@id\":\"https:\/\/www.fiemg.com.br\/sala-de-imprensa\/noticias\/mais-de-1-800-pessoas-participaram-dos-desfiles-e-palestras-realizados-no-bh-shopping-democratizando-o-acesso-a-moda-e-a-informacao\/#breadcrumb\",\"itemListElement\":[{\"@type\":\"ListItem\",\"position\":1,\"name\":\"In\u00edcio\",\"item\":\"https:\/\/www.fiemg.com.br\/sala-de-imprensa\/\"},{\"@type\":\"ListItem\",\"position\":2,\"name\":\"Minas Trend consolida programa\u00e7\u00e3o gratuita como um dos grandes atrativos da 33\u00aa edi\u00e7\u00e3o\"}]},{\"@type\":\"WebSite\",\"@id\":\"https:\/\/www.fiemg.com.br\/sala-de-imprensa\/#website\",\"url\":\"https:\/\/www.fiemg.com.br\/sala-de-imprensa\/\",\"name\":\"Sala de imprensa\",\"description\":\"\",\"publisher\":{\"@id\":\"https:\/\/www.fiemg.com.br\/sala-de-imprensa\/#organization\"},\"potentialAction\":[{\"@type\":\"SearchAction\",\"target\":{\"@type\":\"EntryPoint\",\"urlTemplate\":\"https:\/\/www.fiemg.com.br\/sala-de-imprensa\/?s={search_term_string}\"},\"query-input\":{\"@type\":\"PropertyValueSpecification\",\"valueRequired\":true,\"valueName\":\"search_term_string\"}}],\"inLanguage\":\"pt-BR\"},{\"@type\":\"Organization\",\"@id\":\"https:\/\/www.fiemg.com.br\/sala-de-imprensa\/#organization\",\"name\":\"Sala de imprensa\",\"url\":\"https:\/\/www.fiemg.com.br\/sala-de-imprensa\/\",\"logo\":{\"@type\":\"ImageObject\",\"inLanguage\":\"pt-BR\",\"@id\":\"https:\/\/www.fiemg.com.br\/sala-de-imprensa\/#\/schema\/logo\/image\/\",\"url\":\"https:\/\/www.fiemg.com.br\/sala-de-imprensa\/wp-content\/uploads\/sites\/31\/2025\/01\/Sistema-Fiemg_1.svg\",\"contentUrl\":\"https:\/\/www.fiemg.com.br\/sala-de-imprensa\/wp-content\/uploads\/sites\/31\/2025\/01\/Sistema-Fiemg_1.svg\",\"width\":472.89,\"height\":238.13,\"caption\":\"Sala de imprensa\"},\"image\":{\"@id\":\"https:\/\/www.fiemg.com.br\/sala-de-imprensa\/#\/schema\/logo\/image\/\"}}]}<\/script>\n<!-- \/ Yoast SEO plugin. -->","yoast_head_json":{"title":"Minas Trend consolida programa\u00e7\u00e3o gratuita como um dos grandes atrativos da 33\u00aa edi\u00e7\u00e3o - Sala de imprensa","robots":{"index":"index","follow":"follow","max-snippet":"max-snippet:-1","max-image-preview":"max-image-preview:large","max-video-preview":"max-video-preview:-1"},"canonical":"https:\/\/www.fiemg.com.br\/sala-de-imprensa\/noticias\/mais-de-1-800-pessoas-participaram-dos-desfiles-e-palestras-realizados-no-bh-shopping-democratizando-o-acesso-a-moda-e-a-informacao\/","og_locale":"pt_BR","og_type":"article","og_title":"Minas Trend consolida programa\u00e7\u00e3o gratuita como um dos grandes atrativos da 33\u00aa edi\u00e7\u00e3o - Sala de imprensa","og_description":"Moda, conhecimento e conex\u00e3o com o p\u00fablico marcaram a programa\u00e7\u00e3o gratuita da 33\u00aa edi\u00e7\u00e3o do Minas Trend, realizada de 8 a 10 de abril de 2025, no BH Shopping. Ao todo, cerca de 1.890 pessoas participaram das atividades abertas ao p\u00fablico, que reuniram oito desfiles e sete palestras com especialistas renomados do setor. No universo [&hellip;]","og_url":"https:\/\/www.fiemg.com.br\/sala-de-imprensa\/noticias\/mais-de-1-800-pessoas-participaram-dos-desfiles-e-palestras-realizados-no-bh-shopping-democratizando-o-acesso-a-moda-e-a-informacao\/","og_site_name":"Sala de imprensa","article_modified_time":"2025-04-11T18:52:06+00:00","twitter_card":"summary_large_image","twitter_misc":{"Est. tempo de leitura":"3 minutos"},"schema":{"@context":"https:\/\/schema.org","@graph":[{"@type":"WebPage","@id":"https:\/\/www.fiemg.com.br\/sala-de-imprensa\/noticias\/mais-de-1-800-pessoas-participaram-dos-desfiles-e-palestras-realizados-no-bh-shopping-democratizando-o-acesso-a-moda-e-a-informacao\/","url":"https:\/\/www.fiemg.com.br\/sala-de-imprensa\/noticias\/mais-de-1-800-pessoas-participaram-dos-desfiles-e-palestras-realizados-no-bh-shopping-democratizando-o-acesso-a-moda-e-a-informacao\/","name":"Minas Trend consolida programa\u00e7\u00e3o gratuita como um dos grandes atrativos da 33\u00aa edi\u00e7\u00e3o - Sala de imprensa","isPartOf":{"@id":"https:\/\/www.fiemg.com.br\/sala-de-imprensa\/#website"},"datePublished":"2025-04-11T18:52:04+00:00","dateModified":"2025-04-11T18:52:06+00:00","breadcrumb":{"@id":"https:\/\/www.fiemg.com.br\/sala-de-imprensa\/noticias\/mais-de-1-800-pessoas-participaram-dos-desfiles-e-palestras-realizados-no-bh-shopping-democratizando-o-acesso-a-moda-e-a-informacao\/#breadcrumb"},"inLanguage":"pt-BR","potentialAction":[{"@type":"ReadAction","target":["https:\/\/www.fiemg.com.br\/sala-de-imprensa\/noticias\/mais-de-1-800-pessoas-participaram-dos-desfiles-e-palestras-realizados-no-bh-shopping-democratizando-o-acesso-a-moda-e-a-informacao\/"]}]},{"@type":"BreadcrumbList","@id":"https:\/\/www.fiemg.com.br\/sala-de-imprensa\/noticias\/mais-de-1-800-pessoas-participaram-dos-desfiles-e-palestras-realizados-no-bh-shopping-democratizando-o-acesso-a-moda-e-a-informacao\/#breadcrumb","itemListElement":[{"@type":"ListItem","position":1,"name":"In\u00edcio","item":"https:\/\/www.fiemg.com.br\/sala-de-imprensa\/"},{"@type":"ListItem","position":2,"name":"Minas Trend consolida programa\u00e7\u00e3o gratuita como um dos grandes atrativos da 33\u00aa edi\u00e7\u00e3o"}]},{"@type":"WebSite","@id":"https:\/\/www.fiemg.com.br\/sala-de-imprensa\/#website","url":"https:\/\/www.fiemg.com.br\/sala-de-imprensa\/","name":"Sala de imprensa","description":"","publisher":{"@id":"https:\/\/www.fiemg.com.br\/sala-de-imprensa\/#organization"},"potentialAction":[{"@type":"SearchAction","target":{"@type":"EntryPoint","urlTemplate":"https:\/\/www.fiemg.com.br\/sala-de-imprensa\/?s={search_term_string}"},"query-input":{"@type":"PropertyValueSpecification","valueRequired":true,"valueName":"search_term_string"}}],"inLanguage":"pt-BR"},{"@type":"Organization","@id":"https:\/\/www.fiemg.com.br\/sala-de-imprensa\/#organization","name":"Sala de imprensa","url":"https:\/\/www.fiemg.com.br\/sala-de-imprensa\/","logo":{"@type":"ImageObject","inLanguage":"pt-BR","@id":"https:\/\/www.fiemg.com.br\/sala-de-imprensa\/#\/schema\/logo\/image\/","url":"https:\/\/www.fiemg.com.br\/sala-de-imprensa\/wp-content\/uploads\/sites\/31\/2025\/01\/Sistema-Fiemg_1.svg","contentUrl":"https:\/\/www.fiemg.com.br\/sala-de-imprensa\/wp-content\/uploads\/sites\/31\/2025\/01\/Sistema-Fiemg_1.svg","width":472.89,"height":238.13,"caption":"Sala de imprensa"},"image":{"@id":"https:\/\/www.fiemg.com.br\/sala-de-imprensa\/#\/schema\/logo\/image\/"}}]}},"_links":{"self":[{"href":"https:\/\/www.fiemg.com.br\/sala-de-imprensa\/wp-json\/wp\/v2\/noticias\/303","targetHints":{"allow":["GET"]}}],"collection":[{"href":"https:\/\/www.fiemg.com.br\/sala-de-imprensa\/wp-json\/wp\/v2\/noticias"}],"about":[{"href":"https:\/\/www.fiemg.com.br\/sala-de-imprensa\/wp-json\/wp\/v2\/types\/noticias"}],"wp:attachment":[{"href":"https:\/\/www.fiemg.com.br\/sala-de-imprensa\/wp-json\/wp\/v2\/media?parent=303"}],"wp:term":[{"taxonomy":"category","embeddable":true,"href":"https:\/\/www.fiemg.com.br\/sala-de-imprensa\/wp-json\/wp\/v2\/categories?post=303"},{"taxonomy":"post_tag","embeddable":true,"href":"https:\/\/www.fiemg.com.br\/sala-de-imprensa\/wp-json\/wp\/v2\/tags?post=303"}],"curies":[{"name":"wp","href":"https:\/\/api.w.org\/{rel}","templated":true}]}}