{"id":317,"date":"2025-04-24T13:42:48","date_gmt":"2025-04-24T16:42:48","guid":{"rendered":"https:\/\/www.fiemg.com.br\/sala-de-imprensa\/noticias\/fiemg-participa-de-nova-rodada-de-negociacao-sobre-a-nr-01-e-celebra-prazo-de-transicao-para-empresas\/"},"modified":"2025-04-24T14:00:16","modified_gmt":"2025-04-24T17:00:16","slug":"fiemg-participa-de-nova-rodada-de-negociacao-sobre-a-nr-01-e-celebra-prazo-de-transicao-para-empresas","status":"publish","type":"noticias","link":"https:\/\/www.fiemg.com.br\/sala-de-imprensa\/noticias\/fiemg-participa-de-nova-rodada-de-negociacao-sobre-a-nr-01-e-celebra-prazo-de-transicao-para-empresas\/","title":{"rendered":"FIEMG participa de nova rodada de negocia\u00e7\u00e3o sobre a NR-01 e celebra prazo de transi\u00e7\u00e3o para empresas"},"content":{"rendered":"\n<figure class=\"wp-block-image aligncenter size-large\"><img fetchpriority=\"high\" decoding=\"async\" width=\"1024\" height=\"431\" src=\"https:\/\/www.fiemg.com.br\/sala-de-imprensa\/wp-content\/uploads\/sites\/31\/2025\/04\/norma-1024x431.jpg\" alt=\"\" class=\"wp-image-319\" srcset=\"https:\/\/www.fiemg.com.br\/sala-de-imprensa\/wp-content\/uploads\/sites\/31\/2025\/04\/norma-1024x431.jpg 1024w, https:\/\/www.fiemg.com.br\/sala-de-imprensa\/wp-content\/uploads\/sites\/31\/2025\/04\/norma-300x126.jpg 300w, https:\/\/www.fiemg.com.br\/sala-de-imprensa\/wp-content\/uploads\/sites\/31\/2025\/04\/norma-768x323.jpg 768w, https:\/\/www.fiemg.com.br\/sala-de-imprensa\/wp-content\/uploads\/sites\/31\/2025\/04\/norma-1536x647.jpg 1536w, https:\/\/www.fiemg.com.br\/sala-de-imprensa\/wp-content\/uploads\/sites\/31\/2025\/04\/norma.jpg 1900w\" sizes=\"(max-width: 1024px) 100vw, 1024px\" \/><\/figure>\n\n\n\n<p><\/p>\n\n\n\n<p>A atua\u00e7\u00e3o da Federa\u00e7\u00e3o das Ind\u00fastrias do Estado de Minas Gerais (FIEMG) junto ao governo federal resultou em avan\u00e7os significativos na regulamenta\u00e7\u00e3o da Norma Regulamentadora n\u00ba 1 (NR-01). Ap\u00f3s nova reuni\u00e3o com o ministro do Trabalho e Emprego, Luiz Marinho, realizada nesta quinta-feira (24\/04), ficou definido que nenhuma empresa ser\u00e1 autuada no per\u00edodo de um ano, garantindo tempo adequado para adapta\u00e7\u00e3o \u00e0s novas exig\u00eancias. Tamb\u00e9m ser\u00e1 publicada uma vers\u00e3o informativa e educativa da norma, com a inclus\u00e3o de um guia orientativo.<\/p>\n\n\n\n<p>Um grupo de monitoramento ser\u00e1 criado para acompanhar a implementa\u00e7\u00e3o durante esse per\u00edodo. Para o presidente da FIEMG, Fl\u00e1vio Roscoe, a decis\u00e3o representa um avan\u00e7o essencial para garantir seguran\u00e7a jur\u00eddica \u00e0s empresas e efetividade na aplica\u00e7\u00e3o das medidas. \u201cDecis\u00e3o muito importante para que as empresas tenham um ano para se preparar e, dessa maneira, no momento em que a fiscaliza\u00e7\u00e3o come\u00e7ar a cobrar das empresas a implementa\u00e7\u00e3o das medidas, elas estejam completamente prontas para responder ao desafio da nova legisla\u00e7\u00e3o, dando seguran\u00e7a aos processos e \u00e0 sa\u00fade dos trabalhadores\u201d, afirmou. <\/p>\n\n\n\n<p>A FIEMG considera a promo\u00e7\u00e3o da sa\u00fade mental no ambiente de trabalho uma pauta leg\u00edtima e essencial para o desenvolvimento de ambientes laborais mais humanos e produtivos. No entanto, a entidade refor\u00e7a que a regulamenta\u00e7\u00e3o de temas complexos exige clareza t\u00e9cnica, objetividade e previsibilidade jur\u00eddica. <\/p>\n\n\n\n<p>Em reuni\u00e3o anterior com o Minist\u00e9rio do Trabalho, Roscoe j\u00e1 havia proposto a cria\u00e7\u00e3o de um cronograma de implementa\u00e7\u00e3o e a publica\u00e7\u00e3o de diretrizes orientativas. \u201cA sa\u00fade mental n\u00e3o \u00e9 uma ci\u00eancia exata. Se n\u00e3o houver um limite claro de responsabilidade, corremos o risco de paralisar o processo produtivo sem crit\u00e9rios t\u00e9cnicos\u201d, alertou o presidente. A NR-01, norma do Minist\u00e9rio do Trabalho e Emprego, estabelece diretrizes gerais sobre seguran\u00e7a e sa\u00fade no trabalho. Sua atualiza\u00e7\u00e3o mais recente, promovida pela Portaria n\u00ba 1.419, foi publicada em 2024 e est\u00e1 prevista para entrar em vigor em maio.<\/p>\n\n\n\n<p><\/p>\n\n\n\n<p><strong>Imprensa FIEMG<\/strong><\/p>\n\n\n\n<p><\/p>\n","protected":false},"featured_media":318,"template":"","categories":[7],"tags":[9,17],"class_list":["post-317","noticias","type-noticias","status-publish","has-post-thumbnail","hentry","category-desenvolvimento-industrial","tag-fiemg","tag-industria"],"acf":[],"yoast_head":"<!-- This site is optimized with the Yoast SEO plugin v26.2 - https:\/\/yoast.com\/wordpress\/plugins\/seo\/ -->\n<title>FIEMG participa de nova rodada de negocia\u00e7\u00e3o sobre a NR-01 e celebra prazo de transi\u00e7\u00e3o para empresas - Sala de imprensa<\/title>\n<meta name=\"description\" content=\"Medida garante um ano sem autua\u00e7\u00f5es, al\u00e9m da publica\u00e7\u00e3o de guia orientativo e cria\u00e7\u00e3o de grupo de monitoramento\" \/>\n<meta name=\"robots\" content=\"index, follow, max-snippet:-1, max-image-preview:large, max-video-preview:-1\" \/>\n<link rel=\"canonical\" href=\"https:\/\/www.fiemg.com.br\/sala-de-imprensa\/noticias\/fiemg-participa-de-nova-rodada-de-negociacao-sobre-a-nr-01-e-celebra-prazo-de-transicao-para-empresas\/\" \/>\n<meta property=\"og:locale\" content=\"pt_BR\" \/>\n<meta property=\"og:type\" content=\"article\" \/>\n<meta property=\"og:title\" content=\"FIEMG participa de nova rodada de negocia\u00e7\u00e3o sobre a NR-01 e celebra prazo de transi\u00e7\u00e3o para empresas - Sala de imprensa\" \/>\n<meta property=\"og:description\" content=\"Medida garante um ano sem autua\u00e7\u00f5es, al\u00e9m da publica\u00e7\u00e3o de guia orientativo e cria\u00e7\u00e3o de grupo de monitoramento\" \/>\n<meta property=\"og:url\" content=\"https:\/\/www.fiemg.com.br\/sala-de-imprensa\/noticias\/fiemg-participa-de-nova-rodada-de-negociacao-sobre-a-nr-01-e-celebra-prazo-de-transicao-para-empresas\/\" \/>\n<meta property=\"og:site_name\" content=\"Sala de imprensa\" \/>\n<meta property=\"article:modified_time\" content=\"2025-04-24T17:00:16+00:00\" \/>\n<meta property=\"og:image\" content=\"https:\/\/www.fiemg.com.br\/sala-de-imprensa\/wp-content\/uploads\/sites\/31\/2025\/04\/flavio-ministro.png\" \/>\n\t<meta property=\"og:image:width\" content=\"295\" \/>\n\t<meta property=\"og:image:height\" content=\"289\" \/>\n\t<meta property=\"og:image:type\" content=\"image\/png\" \/>\n<meta name=\"twitter:card\" content=\"summary_large_image\" \/>\n<meta name=\"twitter:label1\" content=\"Est. tempo de leitura\" \/>\n\t<meta name=\"twitter:data1\" content=\"3 minutos\" \/>\n<script type=\"application\/ld+json\" class=\"yoast-schema-graph\">{\"@context\":\"https:\/\/schema.org\",\"@graph\":[{\"@type\":\"WebPage\",\"@id\":\"https:\/\/www.fiemg.com.br\/sala-de-imprensa\/noticias\/fiemg-participa-de-nova-rodada-de-negociacao-sobre-a-nr-01-e-celebra-prazo-de-transicao-para-empresas\/\",\"url\":\"https:\/\/www.fiemg.com.br\/sala-de-imprensa\/noticias\/fiemg-participa-de-nova-rodada-de-negociacao-sobre-a-nr-01-e-celebra-prazo-de-transicao-para-empresas\/\",\"name\":\"FIEMG participa de nova rodada de negocia\u00e7\u00e3o sobre a NR-01 e celebra prazo de transi\u00e7\u00e3o para empresas - Sala de imprensa\",\"isPartOf\":{\"@id\":\"https:\/\/www.fiemg.com.br\/sala-de-imprensa\/#website\"},\"primaryImageOfPage\":{\"@id\":\"https:\/\/www.fiemg.com.br\/sala-de-imprensa\/noticias\/fiemg-participa-de-nova-rodada-de-negociacao-sobre-a-nr-01-e-celebra-prazo-de-transicao-para-empresas\/#primaryimage\"},\"image\":{\"@id\":\"https:\/\/www.fiemg.com.br\/sala-de-imprensa\/noticias\/fiemg-participa-de-nova-rodada-de-negociacao-sobre-a-nr-01-e-celebra-prazo-de-transicao-para-empresas\/#primaryimage\"},\"thumbnailUrl\":\"https:\/\/www.fiemg.com.br\/sala-de-imprensa\/wp-content\/uploads\/sites\/31\/2025\/04\/flavio-ministro.png\",\"datePublished\":\"2025-04-24T16:42:48+00:00\",\"dateModified\":\"2025-04-24T17:00:16+00:00\",\"description\":\"Medida garante um ano sem autua\u00e7\u00f5es, al\u00e9m da publica\u00e7\u00e3o de guia orientativo e cria\u00e7\u00e3o de grupo de monitoramento\",\"breadcrumb\":{\"@id\":\"https:\/\/www.fiemg.com.br\/sala-de-imprensa\/noticias\/fiemg-participa-de-nova-rodada-de-negociacao-sobre-a-nr-01-e-celebra-prazo-de-transicao-para-empresas\/#breadcrumb\"},\"inLanguage\":\"pt-BR\",\"potentialAction\":[{\"@type\":\"ReadAction\",\"target\":[\"https:\/\/www.fiemg.com.br\/sala-de-imprensa\/noticias\/fiemg-participa-de-nova-rodada-de-negociacao-sobre-a-nr-01-e-celebra-prazo-de-transicao-para-empresas\/\"]}]},{\"@type\":\"ImageObject\",\"inLanguage\":\"pt-BR\",\"@id\":\"https:\/\/www.fiemg.com.br\/sala-de-imprensa\/noticias\/fiemg-participa-de-nova-rodada-de-negociacao-sobre-a-nr-01-e-celebra-prazo-de-transicao-para-empresas\/#primaryimage\",\"url\":\"https:\/\/www.fiemg.com.br\/sala-de-imprensa\/wp-content\/uploads\/sites\/31\/2025\/04\/flavio-ministro.png\",\"contentUrl\":\"https:\/\/www.fiemg.com.br\/sala-de-imprensa\/wp-content\/uploads\/sites\/31\/2025\/04\/flavio-ministro.png\",\"width\":295,\"height\":289},{\"@type\":\"BreadcrumbList\",\"@id\":\"https:\/\/www.fiemg.com.br\/sala-de-imprensa\/noticias\/fiemg-participa-de-nova-rodada-de-negociacao-sobre-a-nr-01-e-celebra-prazo-de-transicao-para-empresas\/#breadcrumb\",\"itemListElement\":[{\"@type\":\"ListItem\",\"position\":1,\"name\":\"In\u00edcio\",\"item\":\"https:\/\/www.fiemg.com.br\/sala-de-imprensa\/\"},{\"@type\":\"ListItem\",\"position\":2,\"name\":\"FIEMG participa de nova rodada de negocia\u00e7\u00e3o sobre a NR-01 e celebra prazo de transi\u00e7\u00e3o para empresas\"}]},{\"@type\":\"WebSite\",\"@id\":\"https:\/\/www.fiemg.com.br\/sala-de-imprensa\/#website\",\"url\":\"https:\/\/www.fiemg.com.br\/sala-de-imprensa\/\",\"name\":\"Sala de imprensa\",\"description\":\"\",\"publisher\":{\"@id\":\"https:\/\/www.fiemg.com.br\/sala-de-imprensa\/#organization\"},\"potentialAction\":[{\"@type\":\"SearchAction\",\"target\":{\"@type\":\"EntryPoint\",\"urlTemplate\":\"https:\/\/www.fiemg.com.br\/sala-de-imprensa\/?s={search_term_string}\"},\"query-input\":{\"@type\":\"PropertyValueSpecification\",\"valueRequired\":true,\"valueName\":\"search_term_string\"}}],\"inLanguage\":\"pt-BR\"},{\"@type\":\"Organization\",\"@id\":\"https:\/\/www.fiemg.com.br\/sala-de-imprensa\/#organization\",\"name\":\"Sala de imprensa\",\"url\":\"https:\/\/www.fiemg.com.br\/sala-de-imprensa\/\",\"logo\":{\"@type\":\"ImageObject\",\"inLanguage\":\"pt-BR\",\"@id\":\"https:\/\/www.fiemg.com.br\/sala-de-imprensa\/#\/schema\/logo\/image\/\",\"url\":\"https:\/\/www.fiemg.com.br\/sala-de-imprensa\/wp-content\/uploads\/sites\/31\/2025\/01\/Sistema-Fiemg_1.svg\",\"contentUrl\":\"https:\/\/www.fiemg.com.br\/sala-de-imprensa\/wp-content\/uploads\/sites\/31\/2025\/01\/Sistema-Fiemg_1.svg\",\"width\":472.89,\"height\":238.13,\"caption\":\"Sala de imprensa\"},\"image\":{\"@id\":\"https:\/\/www.fiemg.com.br\/sala-de-imprensa\/#\/schema\/logo\/image\/\"}}]}<\/script>\n<!-- \/ Yoast SEO plugin. -->","yoast_head_json":{"title":"FIEMG participa de nova rodada de negocia\u00e7\u00e3o sobre a NR-01 e celebra prazo de transi\u00e7\u00e3o para empresas - Sala de imprensa","description":"Medida garante um ano sem autua\u00e7\u00f5es, al\u00e9m da publica\u00e7\u00e3o de guia orientativo e cria\u00e7\u00e3o de grupo de monitoramento","robots":{"index":"index","follow":"follow","max-snippet":"max-snippet:-1","max-image-preview":"max-image-preview:large","max-video-preview":"max-video-preview:-1"},"canonical":"https:\/\/www.fiemg.com.br\/sala-de-imprensa\/noticias\/fiemg-participa-de-nova-rodada-de-negociacao-sobre-a-nr-01-e-celebra-prazo-de-transicao-para-empresas\/","og_locale":"pt_BR","og_type":"article","og_title":"FIEMG participa de nova rodada de negocia\u00e7\u00e3o sobre a NR-01 e celebra prazo de transi\u00e7\u00e3o para empresas - Sala de imprensa","og_description":"Medida garante um ano sem autua\u00e7\u00f5es, al\u00e9m da publica\u00e7\u00e3o de guia orientativo e cria\u00e7\u00e3o de grupo de monitoramento","og_url":"https:\/\/www.fiemg.com.br\/sala-de-imprensa\/noticias\/fiemg-participa-de-nova-rodada-de-negociacao-sobre-a-nr-01-e-celebra-prazo-de-transicao-para-empresas\/","og_site_name":"Sala de imprensa","article_modified_time":"2025-04-24T17:00:16+00:00","og_image":[{"width":295,"height":289,"url":"https:\/\/www.fiemg.com.br\/sala-de-imprensa\/wp-content\/uploads\/sites\/31\/2025\/04\/flavio-ministro.png","type":"image\/png"}],"twitter_card":"summary_large_image","twitter_misc":{"Est. tempo de leitura":"3 minutos"},"schema":{"@context":"https:\/\/schema.org","@graph":[{"@type":"WebPage","@id":"https:\/\/www.fiemg.com.br\/sala-de-imprensa\/noticias\/fiemg-participa-de-nova-rodada-de-negociacao-sobre-a-nr-01-e-celebra-prazo-de-transicao-para-empresas\/","url":"https:\/\/www.fiemg.com.br\/sala-de-imprensa\/noticias\/fiemg-participa-de-nova-rodada-de-negociacao-sobre-a-nr-01-e-celebra-prazo-de-transicao-para-empresas\/","name":"FIEMG participa de nova rodada de negocia\u00e7\u00e3o sobre a NR-01 e celebra prazo de transi\u00e7\u00e3o para empresas - Sala de imprensa","isPartOf":{"@id":"https:\/\/www.fiemg.com.br\/sala-de-imprensa\/#website"},"primaryImageOfPage":{"@id":"https:\/\/www.fiemg.com.br\/sala-de-imprensa\/noticias\/fiemg-participa-de-nova-rodada-de-negociacao-sobre-a-nr-01-e-celebra-prazo-de-transicao-para-empresas\/#primaryimage"},"image":{"@id":"https:\/\/www.fiemg.com.br\/sala-de-imprensa\/noticias\/fiemg-participa-de-nova-rodada-de-negociacao-sobre-a-nr-01-e-celebra-prazo-de-transicao-para-empresas\/#primaryimage"},"thumbnailUrl":"https:\/\/www.fiemg.com.br\/sala-de-imprensa\/wp-content\/uploads\/sites\/31\/2025\/04\/flavio-ministro.png","datePublished":"2025-04-24T16:42:48+00:00","dateModified":"2025-04-24T17:00:16+00:00","description":"Medida garante um ano sem autua\u00e7\u00f5es, al\u00e9m da publica\u00e7\u00e3o de guia orientativo e cria\u00e7\u00e3o de grupo de monitoramento","breadcrumb":{"@id":"https:\/\/www.fiemg.com.br\/sala-de-imprensa\/noticias\/fiemg-participa-de-nova-rodada-de-negociacao-sobre-a-nr-01-e-celebra-prazo-de-transicao-para-empresas\/#breadcrumb"},"inLanguage":"pt-BR","potentialAction":[{"@type":"ReadAction","target":["https:\/\/www.fiemg.com.br\/sala-de-imprensa\/noticias\/fiemg-participa-de-nova-rodada-de-negociacao-sobre-a-nr-01-e-celebra-prazo-de-transicao-para-empresas\/"]}]},{"@type":"ImageObject","inLanguage":"pt-BR","@id":"https:\/\/www.fiemg.com.br\/sala-de-imprensa\/noticias\/fiemg-participa-de-nova-rodada-de-negociacao-sobre-a-nr-01-e-celebra-prazo-de-transicao-para-empresas\/#primaryimage","url":"https:\/\/www.fiemg.com.br\/sala-de-imprensa\/wp-content\/uploads\/sites\/31\/2025\/04\/flavio-ministro.png","contentUrl":"https:\/\/www.fiemg.com.br\/sala-de-imprensa\/wp-content\/uploads\/sites\/31\/2025\/04\/flavio-ministro.png","width":295,"height":289},{"@type":"BreadcrumbList","@id":"https:\/\/www.fiemg.com.br\/sala-de-imprensa\/noticias\/fiemg-participa-de-nova-rodada-de-negociacao-sobre-a-nr-01-e-celebra-prazo-de-transicao-para-empresas\/#breadcrumb","itemListElement":[{"@type":"ListItem","position":1,"name":"In\u00edcio","item":"https:\/\/www.fiemg.com.br\/sala-de-imprensa\/"},{"@type":"ListItem","position":2,"name":"FIEMG participa de nova rodada de negocia\u00e7\u00e3o sobre a NR-01 e celebra prazo de transi\u00e7\u00e3o para empresas"}]},{"@type":"WebSite","@id":"https:\/\/www.fiemg.com.br\/sala-de-imprensa\/#website","url":"https:\/\/www.fiemg.com.br\/sala-de-imprensa\/","name":"Sala de imprensa","description":"","publisher":{"@id":"https:\/\/www.fiemg.com.br\/sala-de-imprensa\/#organization"},"potentialAction":[{"@type":"SearchAction","target":{"@type":"EntryPoint","urlTemplate":"https:\/\/www.fiemg.com.br\/sala-de-imprensa\/?s={search_term_string}"},"query-input":{"@type":"PropertyValueSpecification","valueRequired":true,"valueName":"search_term_string"}}],"inLanguage":"pt-BR"},{"@type":"Organization","@id":"https:\/\/www.fiemg.com.br\/sala-de-imprensa\/#organization","name":"Sala de imprensa","url":"https:\/\/www.fiemg.com.br\/sala-de-imprensa\/","logo":{"@type":"ImageObject","inLanguage":"pt-BR","@id":"https:\/\/www.fiemg.com.br\/sala-de-imprensa\/#\/schema\/logo\/image\/","url":"https:\/\/www.fiemg.com.br\/sala-de-imprensa\/wp-content\/uploads\/sites\/31\/2025\/01\/Sistema-Fiemg_1.svg","contentUrl":"https:\/\/www.fiemg.com.br\/sala-de-imprensa\/wp-content\/uploads\/sites\/31\/2025\/01\/Sistema-Fiemg_1.svg","width":472.89,"height":238.13,"caption":"Sala de imprensa"},"image":{"@id":"https:\/\/www.fiemg.com.br\/sala-de-imprensa\/#\/schema\/logo\/image\/"}}]}},"_links":{"self":[{"href":"https:\/\/www.fiemg.com.br\/sala-de-imprensa\/wp-json\/wp\/v2\/noticias\/317","targetHints":{"allow":["GET"]}}],"collection":[{"href":"https:\/\/www.fiemg.com.br\/sala-de-imprensa\/wp-json\/wp\/v2\/noticias"}],"about":[{"href":"https:\/\/www.fiemg.com.br\/sala-de-imprensa\/wp-json\/wp\/v2\/types\/noticias"}],"wp:featuredmedia":[{"embeddable":true,"href":"https:\/\/www.fiemg.com.br\/sala-de-imprensa\/wp-json\/wp\/v2\/media\/318"}],"wp:attachment":[{"href":"https:\/\/www.fiemg.com.br\/sala-de-imprensa\/wp-json\/wp\/v2\/media?parent=317"}],"wp:term":[{"taxonomy":"category","embeddable":true,"href":"https:\/\/www.fiemg.com.br\/sala-de-imprensa\/wp-json\/wp\/v2\/categories?post=317"},{"taxonomy":"post_tag","embeddable":true,"href":"https:\/\/www.fiemg.com.br\/sala-de-imprensa\/wp-json\/wp\/v2\/tags?post=317"}],"curies":[{"name":"wp","href":"https:\/\/api.w.org\/{rel}","templated":true}]}}