{"id":439,"date":"2025-07-17T10:15:03","date_gmt":"2025-07-17T13:15:03","guid":{"rendered":"https:\/\/www.fiemg.com.br\/sala-de-imprensa\/noticias\/fiemg-celebra-aprovacao-da-lei-geral-de-licenciamento-ambiental-pelo-congresso-nacional\/"},"modified":"2025-07-17T10:17:13","modified_gmt":"2025-07-17T13:17:13","slug":"fiemg-celebra-aprovacao-da-lei-geral-de-licenciamento-ambiental-pelo-congresso-nacional","status":"publish","type":"noticias","link":"https:\/\/www.fiemg.com.br\/sala-de-imprensa\/noticias\/fiemg-celebra-aprovacao-da-lei-geral-de-licenciamento-ambiental-pelo-congresso-nacional\/","title":{"rendered":"FIEMG celebra aprova\u00e7\u00e3o da Lei Geral de Licenciamento Ambiental pelo Congresso Nacional"},"content":{"rendered":"\n<p><br>A Federa\u00e7\u00e3o das Ind\u00fastrias do Estado de Minas Gerais (FIEMG) comemora a aprova\u00e7\u00e3o da Lei Geral de Licenciamento Ambiental, aprovada na madrugada desta quarta-feira pelo Congresso Nacional. Ap\u00f3s quase duas d\u00e9cadas de debates, o Brasil avan\u00e7a em dire\u00e7\u00e3o a um modelo mais eficiente, seguro e \u00e1gil de licenciamento ambiental, fundamental para destravar obras e impulsionar o desenvolvimento sustent\u00e1vel do pa\u00eds.<\/p>\n\n\n\n<p>A nova legisla\u00e7\u00e3o representa um marco hist\u00f3rico, ao estabelecer regras claras e simplificadas para os processos de licenciamento, garantindo seguran\u00e7a jur\u00eddica para empreendedores e gestores p\u00fablicos, sem abrir m\u00e3o da prote\u00e7\u00e3o ambiental. Atualmente, mais de 5.600 obras p\u00fablicas est\u00e3o paralisadas ou aguardando licenciamento em fun\u00e7\u00e3o da complexidade e inseguran\u00e7a dos processos. Com a nova lei, essas obras \u2014 muitas delas voltadas \u00e0 sa\u00fade, saneamento e infraestrutura b\u00e1sica \u2014 poder\u00e3o sair do papel, beneficiando diretamente a popula\u00e7\u00e3o brasileira.<\/p>\n\n\n\n<p>&#8220;A aprova\u00e7\u00e3o da Lei Geral de Licenciamento Ambiental \u00e9 uma excelente not\u00edcia para o Brasil. Ganhamos em celeridade, em seguran\u00e7a jur\u00eddica e, sobretudo, em desenvolvimento. A legisla\u00e7\u00e3o n\u00e3o precariza o meio ambiente \u2014 ao contr\u00e1rio, ela garante crit\u00e9rios t\u00e9cnicos e objetivos, dando mais efici\u00eancia ao processo e reduzindo entraves burocr\u00e1ticos&#8221;, avalia o presidente da FIEMG, Fl\u00e1vio Roscoe.<\/p>\n\n\n\n<p>A entidade tamb\u00e9m destaca que o texto aprovado contempla a inclus\u00e3o da atividade de minera\u00e7\u00e3o no escopo da legisla\u00e7\u00e3o, al\u00e9m de diferenciar os n\u00edveis de exig\u00eancia conforme o impacto ambiental das atividades, com regras mais simples para empreendimentos de baixo risco. A medida tamb\u00e9m fortalece o papel do pa\u00eds como refer\u00eancia ambiental mundial, com mais de 67% de seu territ\u00f3rio preservado e uma matriz energ\u00e9tica majoritariamente limpa.<\/p>\n\n\n\n<p>A FIEMG parabeniza o Congresso Nacional pela aprova\u00e7\u00e3o, em especial o presidente da C\u00e2mara dos Deputados, deputado federal Hugo Motta, o presidente do Senado, Davi Alcolumbre, e todos os parlamentares que atuaram de forma respons\u00e1vel e comprometida com o futuro do Brasil e espera que o Presidente da Rep\u00fablica sancione a lei.<br>\u201cAo simplificar sem precarizar, o Brasil d\u00e1 um passo importante rumo \u00e0 sustentabilidade com desenvolvimento. Essa nova legisla\u00e7\u00e3o vai permitir que obras essenciais avancem, investimentos se concretizem e que o pa\u00eds continue crescendo com responsabilidade ambiental\u201d, ressalta Roscoe.<\/p>\n\n\n\n<p><strong><em>Por Sistema FIEMG<\/em><\/strong><\/p>\n\n\n\n<p><\/p>\n","protected":false},"featured_media":438,"template":"","categories":[7],"tags":[142,9,43,70,28,40],"class_list":["post-439","noticias","type-noticias","status-publish","has-post-thumbnail","hentry","category-desenvolvimento-industrial","tag-ciemg","tag-fiemg","tag-iel","tag-meio-ambiente","tag-senai","tag-sesi"],"acf":[],"yoast_head":"<!-- This site is optimized with the Yoast SEO plugin v26.2 - https:\/\/yoast.com\/wordpress\/plugins\/seo\/ -->\n<title>FIEMG celebra aprova\u00e7\u00e3o da Lei Geral de Licenciamento Ambiental pelo Congresso Nacional - Sala de imprensa<\/title>\n<meta name=\"robots\" content=\"index, follow, max-snippet:-1, max-image-preview:large, max-video-preview:-1\" \/>\n<link rel=\"canonical\" href=\"https:\/\/www.fiemg.com.br\/sala-de-imprensa\/noticias\/fiemg-celebra-aprovacao-da-lei-geral-de-licenciamento-ambiental-pelo-congresso-nacional\/\" \/>\n<meta property=\"og:locale\" content=\"pt_BR\" \/>\n<meta property=\"og:type\" content=\"article\" \/>\n<meta property=\"og:title\" content=\"FIEMG celebra aprova\u00e7\u00e3o da Lei Geral de Licenciamento Ambiental pelo Congresso Nacional - Sala de imprensa\" \/>\n<meta property=\"og:description\" content=\"A Federa\u00e7\u00e3o das Ind\u00fastrias do Estado de Minas Gerais (FIEMG) comemora a aprova\u00e7\u00e3o da Lei Geral de Licenciamento Ambiental, aprovada na madrugada desta quarta-feira pelo Congresso Nacional. Ap\u00f3s quase duas d\u00e9cadas de debates, o Brasil avan\u00e7a em dire\u00e7\u00e3o a um modelo mais eficiente, seguro e \u00e1gil de licenciamento ambiental, fundamental para destravar obras e impulsionar [&hellip;]\" \/>\n<meta property=\"og:url\" content=\"https:\/\/www.fiemg.com.br\/sala-de-imprensa\/noticias\/fiemg-celebra-aprovacao-da-lei-geral-de-licenciamento-ambiental-pelo-congresso-nacional\/\" \/>\n<meta property=\"og:site_name\" content=\"Sala de imprensa\" \/>\n<meta property=\"article:modified_time\" content=\"2025-07-17T13:17:13+00:00\" \/>\n<meta property=\"og:image\" content=\"https:\/\/www.fiemg.com.br\/sala-de-imprensa\/wp-content\/uploads\/sites\/31\/2025\/07\/Thumb_Sistema-FIEMG-01.png\" \/>\n\t<meta property=\"og:image:width\" content=\"512\" \/>\n\t<meta property=\"og:image:height\" content=\"512\" \/>\n\t<meta property=\"og:image:type\" content=\"image\/png\" \/>\n<meta name=\"twitter:card\" content=\"summary_large_image\" \/>\n<meta name=\"twitter:label1\" content=\"Est. tempo de leitura\" \/>\n\t<meta name=\"twitter:data1\" content=\"3 minutos\" \/>\n<script type=\"application\/ld+json\" class=\"yoast-schema-graph\">{\"@context\":\"https:\/\/schema.org\",\"@graph\":[{\"@type\":\"WebPage\",\"@id\":\"https:\/\/www.fiemg.com.br\/sala-de-imprensa\/noticias\/fiemg-celebra-aprovacao-da-lei-geral-de-licenciamento-ambiental-pelo-congresso-nacional\/\",\"url\":\"https:\/\/www.fiemg.com.br\/sala-de-imprensa\/noticias\/fiemg-celebra-aprovacao-da-lei-geral-de-licenciamento-ambiental-pelo-congresso-nacional\/\",\"name\":\"FIEMG celebra aprova\u00e7\u00e3o da Lei Geral de Licenciamento Ambiental pelo Congresso Nacional - Sala de imprensa\",\"isPartOf\":{\"@id\":\"https:\/\/www.fiemg.com.br\/sala-de-imprensa\/#website\"},\"primaryImageOfPage\":{\"@id\":\"https:\/\/www.fiemg.com.br\/sala-de-imprensa\/noticias\/fiemg-celebra-aprovacao-da-lei-geral-de-licenciamento-ambiental-pelo-congresso-nacional\/#primaryimage\"},\"image\":{\"@id\":\"https:\/\/www.fiemg.com.br\/sala-de-imprensa\/noticias\/fiemg-celebra-aprovacao-da-lei-geral-de-licenciamento-ambiental-pelo-congresso-nacional\/#primaryimage\"},\"thumbnailUrl\":\"https:\/\/www.fiemg.com.br\/sala-de-imprensa\/wp-content\/uploads\/sites\/31\/2025\/07\/Thumb_Sistema-FIEMG-01.png\",\"datePublished\":\"2025-07-17T13:15:03+00:00\",\"dateModified\":\"2025-07-17T13:17:13+00:00\",\"breadcrumb\":{\"@id\":\"https:\/\/www.fiemg.com.br\/sala-de-imprensa\/noticias\/fiemg-celebra-aprovacao-da-lei-geral-de-licenciamento-ambiental-pelo-congresso-nacional\/#breadcrumb\"},\"inLanguage\":\"pt-BR\",\"potentialAction\":[{\"@type\":\"ReadAction\",\"target\":[\"https:\/\/www.fiemg.com.br\/sala-de-imprensa\/noticias\/fiemg-celebra-aprovacao-da-lei-geral-de-licenciamento-ambiental-pelo-congresso-nacional\/\"]}]},{\"@type\":\"ImageObject\",\"inLanguage\":\"pt-BR\",\"@id\":\"https:\/\/www.fiemg.com.br\/sala-de-imprensa\/noticias\/fiemg-celebra-aprovacao-da-lei-geral-de-licenciamento-ambiental-pelo-congresso-nacional\/#primaryimage\",\"url\":\"https:\/\/www.fiemg.com.br\/sala-de-imprensa\/wp-content\/uploads\/sites\/31\/2025\/07\/Thumb_Sistema-FIEMG-01.png\",\"contentUrl\":\"https:\/\/www.fiemg.com.br\/sala-de-imprensa\/wp-content\/uploads\/sites\/31\/2025\/07\/Thumb_Sistema-FIEMG-01.png\",\"width\":512,\"height\":512},{\"@type\":\"BreadcrumbList\",\"@id\":\"https:\/\/www.fiemg.com.br\/sala-de-imprensa\/noticias\/fiemg-celebra-aprovacao-da-lei-geral-de-licenciamento-ambiental-pelo-congresso-nacional\/#breadcrumb\",\"itemListElement\":[{\"@type\":\"ListItem\",\"position\":1,\"name\":\"In\u00edcio\",\"item\":\"https:\/\/www.fiemg.com.br\/sala-de-imprensa\/\"},{\"@type\":\"ListItem\",\"position\":2,\"name\":\"FIEMG celebra aprova\u00e7\u00e3o da Lei Geral de Licenciamento Ambiental pelo Congresso Nacional\"}]},{\"@type\":\"WebSite\",\"@id\":\"https:\/\/www.fiemg.com.br\/sala-de-imprensa\/#website\",\"url\":\"https:\/\/www.fiemg.com.br\/sala-de-imprensa\/\",\"name\":\"Sala de imprensa\",\"description\":\"\",\"publisher\":{\"@id\":\"https:\/\/www.fiemg.com.br\/sala-de-imprensa\/#organization\"},\"potentialAction\":[{\"@type\":\"SearchAction\",\"target\":{\"@type\":\"EntryPoint\",\"urlTemplate\":\"https:\/\/www.fiemg.com.br\/sala-de-imprensa\/?s={search_term_string}\"},\"query-input\":{\"@type\":\"PropertyValueSpecification\",\"valueRequired\":true,\"valueName\":\"search_term_string\"}}],\"inLanguage\":\"pt-BR\"},{\"@type\":\"Organization\",\"@id\":\"https:\/\/www.fiemg.com.br\/sala-de-imprensa\/#organization\",\"name\":\"Sala de imprensa\",\"url\":\"https:\/\/www.fiemg.com.br\/sala-de-imprensa\/\",\"logo\":{\"@type\":\"ImageObject\",\"inLanguage\":\"pt-BR\",\"@id\":\"https:\/\/www.fiemg.com.br\/sala-de-imprensa\/#\/schema\/logo\/image\/\",\"url\":\"https:\/\/www.fiemg.com.br\/sala-de-imprensa\/wp-content\/uploads\/sites\/31\/2025\/01\/Sistema-Fiemg_1.svg\",\"contentUrl\":\"https:\/\/www.fiemg.com.br\/sala-de-imprensa\/wp-content\/uploads\/sites\/31\/2025\/01\/Sistema-Fiemg_1.svg\",\"width\":472.89,\"height\":238.13,\"caption\":\"Sala de imprensa\"},\"image\":{\"@id\":\"https:\/\/www.fiemg.com.br\/sala-de-imprensa\/#\/schema\/logo\/image\/\"}}]}<\/script>\n<!-- \/ Yoast SEO plugin. -->","yoast_head_json":{"title":"FIEMG celebra aprova\u00e7\u00e3o da Lei Geral de Licenciamento Ambiental pelo Congresso Nacional - Sala de imprensa","robots":{"index":"index","follow":"follow","max-snippet":"max-snippet:-1","max-image-preview":"max-image-preview:large","max-video-preview":"max-video-preview:-1"},"canonical":"https:\/\/www.fiemg.com.br\/sala-de-imprensa\/noticias\/fiemg-celebra-aprovacao-da-lei-geral-de-licenciamento-ambiental-pelo-congresso-nacional\/","og_locale":"pt_BR","og_type":"article","og_title":"FIEMG celebra aprova\u00e7\u00e3o da Lei Geral de Licenciamento Ambiental pelo Congresso Nacional - Sala de imprensa","og_description":"A Federa\u00e7\u00e3o das Ind\u00fastrias do Estado de Minas Gerais (FIEMG) comemora a aprova\u00e7\u00e3o da Lei Geral de Licenciamento Ambiental, aprovada na madrugada desta quarta-feira pelo Congresso Nacional. Ap\u00f3s quase duas d\u00e9cadas de debates, o Brasil avan\u00e7a em dire\u00e7\u00e3o a um modelo mais eficiente, seguro e \u00e1gil de licenciamento ambiental, fundamental para destravar obras e impulsionar [&hellip;]","og_url":"https:\/\/www.fiemg.com.br\/sala-de-imprensa\/noticias\/fiemg-celebra-aprovacao-da-lei-geral-de-licenciamento-ambiental-pelo-congresso-nacional\/","og_site_name":"Sala de imprensa","article_modified_time":"2025-07-17T13:17:13+00:00","og_image":[{"width":512,"height":512,"url":"https:\/\/www.fiemg.com.br\/sala-de-imprensa\/wp-content\/uploads\/sites\/31\/2025\/07\/Thumb_Sistema-FIEMG-01.png","type":"image\/png"}],"twitter_card":"summary_large_image","twitter_misc":{"Est. tempo de leitura":"3 minutos"},"schema":{"@context":"https:\/\/schema.org","@graph":[{"@type":"WebPage","@id":"https:\/\/www.fiemg.com.br\/sala-de-imprensa\/noticias\/fiemg-celebra-aprovacao-da-lei-geral-de-licenciamento-ambiental-pelo-congresso-nacional\/","url":"https:\/\/www.fiemg.com.br\/sala-de-imprensa\/noticias\/fiemg-celebra-aprovacao-da-lei-geral-de-licenciamento-ambiental-pelo-congresso-nacional\/","name":"FIEMG celebra aprova\u00e7\u00e3o da Lei Geral de Licenciamento Ambiental pelo Congresso Nacional - Sala de imprensa","isPartOf":{"@id":"https:\/\/www.fiemg.com.br\/sala-de-imprensa\/#website"},"primaryImageOfPage":{"@id":"https:\/\/www.fiemg.com.br\/sala-de-imprensa\/noticias\/fiemg-celebra-aprovacao-da-lei-geral-de-licenciamento-ambiental-pelo-congresso-nacional\/#primaryimage"},"image":{"@id":"https:\/\/www.fiemg.com.br\/sala-de-imprensa\/noticias\/fiemg-celebra-aprovacao-da-lei-geral-de-licenciamento-ambiental-pelo-congresso-nacional\/#primaryimage"},"thumbnailUrl":"https:\/\/www.fiemg.com.br\/sala-de-imprensa\/wp-content\/uploads\/sites\/31\/2025\/07\/Thumb_Sistema-FIEMG-01.png","datePublished":"2025-07-17T13:15:03+00:00","dateModified":"2025-07-17T13:17:13+00:00","breadcrumb":{"@id":"https:\/\/www.fiemg.com.br\/sala-de-imprensa\/noticias\/fiemg-celebra-aprovacao-da-lei-geral-de-licenciamento-ambiental-pelo-congresso-nacional\/#breadcrumb"},"inLanguage":"pt-BR","potentialAction":[{"@type":"ReadAction","target":["https:\/\/www.fiemg.com.br\/sala-de-imprensa\/noticias\/fiemg-celebra-aprovacao-da-lei-geral-de-licenciamento-ambiental-pelo-congresso-nacional\/"]}]},{"@type":"ImageObject","inLanguage":"pt-BR","@id":"https:\/\/www.fiemg.com.br\/sala-de-imprensa\/noticias\/fiemg-celebra-aprovacao-da-lei-geral-de-licenciamento-ambiental-pelo-congresso-nacional\/#primaryimage","url":"https:\/\/www.fiemg.com.br\/sala-de-imprensa\/wp-content\/uploads\/sites\/31\/2025\/07\/Thumb_Sistema-FIEMG-01.png","contentUrl":"https:\/\/www.fiemg.com.br\/sala-de-imprensa\/wp-content\/uploads\/sites\/31\/2025\/07\/Thumb_Sistema-FIEMG-01.png","width":512,"height":512},{"@type":"BreadcrumbList","@id":"https:\/\/www.fiemg.com.br\/sala-de-imprensa\/noticias\/fiemg-celebra-aprovacao-da-lei-geral-de-licenciamento-ambiental-pelo-congresso-nacional\/#breadcrumb","itemListElement":[{"@type":"ListItem","position":1,"name":"In\u00edcio","item":"https:\/\/www.fiemg.com.br\/sala-de-imprensa\/"},{"@type":"ListItem","position":2,"name":"FIEMG celebra aprova\u00e7\u00e3o da Lei Geral de Licenciamento Ambiental pelo Congresso Nacional"}]},{"@type":"WebSite","@id":"https:\/\/www.fiemg.com.br\/sala-de-imprensa\/#website","url":"https:\/\/www.fiemg.com.br\/sala-de-imprensa\/","name":"Sala de imprensa","description":"","publisher":{"@id":"https:\/\/www.fiemg.com.br\/sala-de-imprensa\/#organization"},"potentialAction":[{"@type":"SearchAction","target":{"@type":"EntryPoint","urlTemplate":"https:\/\/www.fiemg.com.br\/sala-de-imprensa\/?s={search_term_string}"},"query-input":{"@type":"PropertyValueSpecification","valueRequired":true,"valueName":"search_term_string"}}],"inLanguage":"pt-BR"},{"@type":"Organization","@id":"https:\/\/www.fiemg.com.br\/sala-de-imprensa\/#organization","name":"Sala de imprensa","url":"https:\/\/www.fiemg.com.br\/sala-de-imprensa\/","logo":{"@type":"ImageObject","inLanguage":"pt-BR","@id":"https:\/\/www.fiemg.com.br\/sala-de-imprensa\/#\/schema\/logo\/image\/","url":"https:\/\/www.fiemg.com.br\/sala-de-imprensa\/wp-content\/uploads\/sites\/31\/2025\/01\/Sistema-Fiemg_1.svg","contentUrl":"https:\/\/www.fiemg.com.br\/sala-de-imprensa\/wp-content\/uploads\/sites\/31\/2025\/01\/Sistema-Fiemg_1.svg","width":472.89,"height":238.13,"caption":"Sala de imprensa"},"image":{"@id":"https:\/\/www.fiemg.com.br\/sala-de-imprensa\/#\/schema\/logo\/image\/"}}]}},"_links":{"self":[{"href":"https:\/\/www.fiemg.com.br\/sala-de-imprensa\/wp-json\/wp\/v2\/noticias\/439","targetHints":{"allow":["GET"]}}],"collection":[{"href":"https:\/\/www.fiemg.com.br\/sala-de-imprensa\/wp-json\/wp\/v2\/noticias"}],"about":[{"href":"https:\/\/www.fiemg.com.br\/sala-de-imprensa\/wp-json\/wp\/v2\/types\/noticias"}],"wp:featuredmedia":[{"embeddable":true,"href":"https:\/\/www.fiemg.com.br\/sala-de-imprensa\/wp-json\/wp\/v2\/media\/438"}],"wp:attachment":[{"href":"https:\/\/www.fiemg.com.br\/sala-de-imprensa\/wp-json\/wp\/v2\/media?parent=439"}],"wp:term":[{"taxonomy":"category","embeddable":true,"href":"https:\/\/www.fiemg.com.br\/sala-de-imprensa\/wp-json\/wp\/v2\/categories?post=439"},{"taxonomy":"post_tag","embeddable":true,"href":"https:\/\/www.fiemg.com.br\/sala-de-imprensa\/wp-json\/wp\/v2\/tags?post=439"}],"curies":[{"name":"wp","href":"https:\/\/api.w.org\/{rel}","templated":true}]}}