{"id":462,"date":"2025-08-05T11:28:27","date_gmt":"2025-08-05T14:28:27","guid":{"rendered":"https:\/\/www.fiemg.com.br\/sala-de-imprensa\/noticias\/mesmo-com-excecoes-tarifas-dos-eua-devem-tirar-r-258-bilhoes-do-pib-brasileiro\/"},"modified":"2025-08-05T16:40:54","modified_gmt":"2025-08-05T19:40:54","slug":"mesmo-com-excecoes-tarifas-dos-eua-devem-tirar-r-258-bilhoes-do-pib-brasileiro","status":"publish","type":"noticias","link":"https:\/\/www.fiemg.com.br\/sala-de-imprensa\/noticias\/mesmo-com-excecoes-tarifas-dos-eua-devem-tirar-r-258-bilhoes-do-pib-brasileiro\/","title":{"rendered":"Mesmo com exce\u00e7\u00f5es, tarifas dos EUA devem tirar R$ 25,8 bilh\u00f5es do PIB brasileiro"},"content":{"rendered":"\n<figure class=\"wp-block-image aligncenter size-large\"><img fetchpriority=\"high\" decoding=\"async\" width=\"1024\" height=\"450\" src=\"https:\/\/www.fiemg.com.br\/sala-de-imprensa\/wp-content\/uploads\/sites\/31\/2025\/08\/banco-imagens-1024x450.png\" alt=\"\" class=\"wp-image-464\" srcset=\"https:\/\/www.fiemg.com.br\/sala-de-imprensa\/wp-content\/uploads\/sites\/31\/2025\/08\/banco-imagens-1024x450.png 1024w, https:\/\/www.fiemg.com.br\/sala-de-imprensa\/wp-content\/uploads\/sites\/31\/2025\/08\/banco-imagens-300x132.png 300w, https:\/\/www.fiemg.com.br\/sala-de-imprensa\/wp-content\/uploads\/sites\/31\/2025\/08\/banco-imagens-768x338.png 768w, https:\/\/www.fiemg.com.br\/sala-de-imprensa\/wp-content\/uploads\/sites\/31\/2025\/08\/banco-imagens.png 1137w\" sizes=\"(max-width: 1024px) 100vw, 1024px\" \/><\/figure>\n\n\n\n<p><\/p>\n\n\n\n<p>A Federa\u00e7\u00e3o das Ind\u00fastrias do Estado de Minas Gerais (FIEMG) divulgou nesta ter\u00e7a-feira (5\/8) estudo detalhado sobre os impactos econ\u00f4micos do decreto assinado pelo presidente dos Estados Unidos, Donald Trump, no \u00faltimo dia 30 de julho. A medida imp\u00f5e tarifas adicionais de 40% sobre uma ampla gama de produtos brasileiros exportados aos EUA &#8211; que j\u00e1 estavam sujeitos, desde abril deste ano, a tarifas de 10% &#8211; e entra em vigor no dia 6 de agosto. Apesar da isen\u00e7\u00e3o concedida a 694 produtos \u2014 o que representa cerca de 45% do valor exportado pelo Brasil ao mercado norte-americano \u2014 os efeitos sobre a economia nacional ainda ser\u00e3o expressivos.<\/p>\n\n\n\n<p>Com base na simula\u00e7\u00e3o feita pela FIEMG, estima-se que a imposi\u00e7\u00e3o da tarifa pode reduzir o PIB brasileiro em R$ 25,8 bilh\u00f5es no curto prazo e at\u00e9 R$ 110 bilh\u00f5es no longo prazo. A perda de renda das fam\u00edlias poder\u00e1 alcan\u00e7ar R$ 2,74 bilh\u00f5es em at\u00e9 dois anos, al\u00e9m da redu\u00e7\u00e3o de 146 mil postos de trabalho formais e informais.<\/p>\n\n\n\n<p>Os setores industriais mais atingidos, segundo o estudo, ser\u00e3o a siderurgia, a fabrica\u00e7\u00e3o de produtos de madeira, de cal\u00e7ados e de m\u00e1quinas e equipamentos mec\u00e2nicos. Na agropecu\u00e1ria, destaca-se o impacto sobre a pecu\u00e1ria, especialmente a cadeia da carne bovina, que segue fora da lista de isen\u00e7\u00f5es tarif\u00e1rias e representa parcela significativa da pauta exportadora nacional.<\/p>\n\n\n\n<p>De acordo com o estudo da FIEMG, o Brasil exportou aproximadamente US$ 40,4 bilh\u00f5es aos EUA em 2024, o equivalente a 1,8% do PIB nacional. Metade desse valor est\u00e1 concentrado em combust\u00edveis minerais, ferro e a\u00e7o, e m\u00e1quinas e equipamentos \u2014 setores diretamente afetados pelas novas tarifas. Os produtos brasileiros que seguem sujeitos \u00e0 taxa\u00e7\u00e3o representam cerca de 55% das exporta\u00e7\u00f5es ao mercado americano, somando aproximadamente US$ 22 bilh\u00f5es. Entre os itens mais impactados est\u00e3o caf\u00e9, carne bovina, produtos semimanufaturados de ferro e a\u00e7o e produtos manufaturados.<\/p>\n\n\n\n<p>O estudo completo est\u00e1 dispon\u00edvel <a href=\"https:\/\/www.fiemg.com.br\/wp-content\/uploads\/2025\/08\/EA202508_01_Estudo-Tarifa-Trump_-BRASIL-Versao-II-aliquota-de-40-e-produtos-isentos-1.pdf\" target=\"_blank\" rel=\"noreferrer noopener\">aqui<\/a>. <\/p>\n\n\n\n<p><strong>Impactos sobre Minas Gerais<\/strong><\/p>\n\n\n\n<p>Minas Gerais, terceiro maior Estado exportador para os Estados Unidos, com US$ 4,6 bilh\u00f5es em exporta\u00e7\u00f5es em 2024, tamb\u00e9m ser\u00e1 significativamente afetado. O Estado ter\u00e1 aproximadamente 37% de suas exporta\u00e7\u00f5es isentas, com destaque para itens como ferro fundido, ferro-ni\u00f3bio e aeronaves. No entanto, 63% da pauta mineira permanece sujeita \u00e0 tarifa, atingindo produtos como caf\u00e9, carnes bovinas e tubos de a\u00e7o.<\/p>\n\n\n\n<p>No curto prazo, a economia mineira poder\u00e1 ter uma perda de R$ 4,7 bilh\u00f5es no PIB e redu\u00e7\u00e3o de mais de 30 mil empregos em prazo de at\u00e9 2 anos. Em um horizonte de 5 a 10 anos, os impactos podem ultrapassar R$ 15,8 bilh\u00f5es no PIB estadual e eliminar mais de 172 mil postos de trabalho. Os efeitos recaem principalmente sobre os setores de siderurgia, pecu\u00e1ria, fabrica\u00e7\u00e3o de produtos da madeira e cal\u00e7ados.<\/p>\n\n\n\n<p>Clique <a href=\"https:\/\/www.fiemg.com.br\/wp-content\/uploads\/2025\/08\/EA202508_01_Estudo-Tarifa-Trump_-MG-Versao-II-aliquota-de-40-e-produtos-isentos-.pdf\" target=\"_blank\" rel=\"noreferrer noopener\">aqui<\/a> e confira a pesquisa que mostra os impactos das tarifas norte-americanas para a economia de Minas Gerais.<\/p>\n\n\n\n<p><strong>Diplomacia como solu\u00e7\u00e3o<\/strong><\/p>\n\n\n\n<p>Para o presidente da FIEMG, Fl\u00e1vio Roscoe, o momento exige maturidade e di\u00e1logo institucional. \u201cA imposi\u00e7\u00e3o dessas tarifas, ainda que parcialmente suavizada pelas isen\u00e7\u00f5es, foi unilateral e sem negocia\u00e7\u00e3o com o governo brasileiro. \u00c9 fundamental que o Brasil atue diplomaticamente para ampliar o n\u00famero de produtos isentos, preservar sua competitividade no mercado internacional e proteger empregos e investimentos nacionais\u201d, destaca Roscoe.<\/p>\n\n\n\n<p>A FIEMG refor\u00e7a que a via diplom\u00e1tica \u00e9 o caminho mais eficaz para mitigar os impactos negativos da medida e garantir o fortalecimento da rela\u00e7\u00e3o comercial estrat\u00e9gica entre Brasil e Estados Unidos.<\/p>\n\n\n\n<p><\/p>\n\n\n\n<p><strong>Imprensa FIEMG<\/strong><\/p>\n","protected":false},"featured_media":463,"template":"","categories":[97],"tags":[9,17],"class_list":["post-462","noticias","type-noticias","status-publish","has-post-thumbnail","hentry","category-estudos-economicos","tag-fiemg","tag-industria"],"acf":[],"yoast_head":"<!-- This site is optimized with the Yoast SEO plugin v26.2 - https:\/\/yoast.com\/wordpress\/plugins\/seo\/ -->\n<title>Mesmo com exce\u00e7\u00f5es, tarifas dos EUA devem tirar R$ 25,8 bilh\u00f5es do PIB brasileiro - Sala de imprensa<\/title>\n<meta name=\"robots\" content=\"index, follow, max-snippet:-1, max-image-preview:large, max-video-preview:-1\" \/>\n<link rel=\"canonical\" href=\"https:\/\/www.fiemg.com.br\/sala-de-imprensa\/noticias\/mesmo-com-excecoes-tarifas-dos-eua-devem-tirar-r-258-bilhoes-do-pib-brasileiro\/\" \/>\n<meta property=\"og:locale\" content=\"pt_BR\" \/>\n<meta property=\"og:type\" content=\"article\" \/>\n<meta property=\"og:title\" content=\"Mesmo com exce\u00e7\u00f5es, tarifas dos EUA devem tirar R$ 25,8 bilh\u00f5es do PIB brasileiro - Sala de imprensa\" \/>\n<meta property=\"og:description\" content=\"A Federa\u00e7\u00e3o das Ind\u00fastrias do Estado de Minas Gerais (FIEMG) divulgou nesta ter\u00e7a-feira (5\/8) estudo detalhado sobre os impactos econ\u00f4micos do decreto assinado pelo presidente dos Estados Unidos, Donald Trump, no \u00faltimo dia 30 de julho. A medida imp\u00f5e tarifas adicionais de 40% sobre uma ampla gama de produtos brasileiros exportados aos EUA &#8211; que [&hellip;]\" \/>\n<meta property=\"og:url\" content=\"https:\/\/www.fiemg.com.br\/sala-de-imprensa\/noticias\/mesmo-com-excecoes-tarifas-dos-eua-devem-tirar-r-258-bilhoes-do-pib-brasileiro\/\" \/>\n<meta property=\"og:site_name\" content=\"Sala de imprensa\" \/>\n<meta property=\"article:modified_time\" content=\"2025-08-05T19:40:54+00:00\" \/>\n<meta property=\"og:image\" content=\"https:\/\/www.fiemg.com.br\/wp-content\/uploads\/2025\/08\/banco-imagens-1024x450.png\" \/>\n<meta name=\"twitter:card\" content=\"summary_large_image\" \/>\n<meta name=\"twitter:label1\" content=\"Est. tempo de leitura\" \/>\n\t<meta name=\"twitter:data1\" content=\"3 minutos\" \/>\n<script type=\"application\/ld+json\" class=\"yoast-schema-graph\">{\"@context\":\"https:\/\/schema.org\",\"@graph\":[{\"@type\":\"WebPage\",\"@id\":\"https:\/\/www.fiemg.com.br\/sala-de-imprensa\/noticias\/mesmo-com-excecoes-tarifas-dos-eua-devem-tirar-r-258-bilhoes-do-pib-brasileiro\/\",\"url\":\"https:\/\/www.fiemg.com.br\/sala-de-imprensa\/noticias\/mesmo-com-excecoes-tarifas-dos-eua-devem-tirar-r-258-bilhoes-do-pib-brasileiro\/\",\"name\":\"Mesmo com exce\u00e7\u00f5es, tarifas dos EUA devem tirar R$ 25,8 bilh\u00f5es do PIB brasileiro - Sala de imprensa\",\"isPartOf\":{\"@id\":\"https:\/\/www.fiemg.com.br\/sala-de-imprensa\/#website\"},\"primaryImageOfPage\":{\"@id\":\"https:\/\/www.fiemg.com.br\/sala-de-imprensa\/noticias\/mesmo-com-excecoes-tarifas-dos-eua-devem-tirar-r-258-bilhoes-do-pib-brasileiro\/#primaryimage\"},\"image\":{\"@id\":\"https:\/\/www.fiemg.com.br\/sala-de-imprensa\/noticias\/mesmo-com-excecoes-tarifas-dos-eua-devem-tirar-r-258-bilhoes-do-pib-brasileiro\/#primaryimage\"},\"thumbnailUrl\":\"https:\/\/www.fiemg.com.br\/sala-de-imprensa\/wp-content\/uploads\/sites\/31\/2025\/08\/ind-mini.png\",\"datePublished\":\"2025-08-05T14:28:27+00:00\",\"dateModified\":\"2025-08-05T19:40:54+00:00\",\"breadcrumb\":{\"@id\":\"https:\/\/www.fiemg.com.br\/sala-de-imprensa\/noticias\/mesmo-com-excecoes-tarifas-dos-eua-devem-tirar-r-258-bilhoes-do-pib-brasileiro\/#breadcrumb\"},\"inLanguage\":\"pt-BR\",\"potentialAction\":[{\"@type\":\"ReadAction\",\"target\":[\"https:\/\/www.fiemg.com.br\/sala-de-imprensa\/noticias\/mesmo-com-excecoes-tarifas-dos-eua-devem-tirar-r-258-bilhoes-do-pib-brasileiro\/\"]}]},{\"@type\":\"ImageObject\",\"inLanguage\":\"pt-BR\",\"@id\":\"https:\/\/www.fiemg.com.br\/sala-de-imprensa\/noticias\/mesmo-com-excecoes-tarifas-dos-eua-devem-tirar-r-258-bilhoes-do-pib-brasileiro\/#primaryimage\",\"url\":\"https:\/\/www.fiemg.com.br\/sala-de-imprensa\/wp-content\/uploads\/sites\/31\/2025\/08\/ind-mini.png\",\"contentUrl\":\"https:\/\/www.fiemg.com.br\/sala-de-imprensa\/wp-content\/uploads\/sites\/31\/2025\/08\/ind-mini.png\",\"width\":273,\"height\":263},{\"@type\":\"BreadcrumbList\",\"@id\":\"https:\/\/www.fiemg.com.br\/sala-de-imprensa\/noticias\/mesmo-com-excecoes-tarifas-dos-eua-devem-tirar-r-258-bilhoes-do-pib-brasileiro\/#breadcrumb\",\"itemListElement\":[{\"@type\":\"ListItem\",\"position\":1,\"name\":\"In\u00edcio\",\"item\":\"https:\/\/www.fiemg.com.br\/sala-de-imprensa\/\"},{\"@type\":\"ListItem\",\"position\":2,\"name\":\"Mesmo com exce\u00e7\u00f5es, tarifas dos EUA devem tirar R$ 25,8 bilh\u00f5es do PIB brasileiro\"}]},{\"@type\":\"WebSite\",\"@id\":\"https:\/\/www.fiemg.com.br\/sala-de-imprensa\/#website\",\"url\":\"https:\/\/www.fiemg.com.br\/sala-de-imprensa\/\",\"name\":\"Sala de imprensa\",\"description\":\"\",\"publisher\":{\"@id\":\"https:\/\/www.fiemg.com.br\/sala-de-imprensa\/#organization\"},\"potentialAction\":[{\"@type\":\"SearchAction\",\"target\":{\"@type\":\"EntryPoint\",\"urlTemplate\":\"https:\/\/www.fiemg.com.br\/sala-de-imprensa\/?s={search_term_string}\"},\"query-input\":{\"@type\":\"PropertyValueSpecification\",\"valueRequired\":true,\"valueName\":\"search_term_string\"}}],\"inLanguage\":\"pt-BR\"},{\"@type\":\"Organization\",\"@id\":\"https:\/\/www.fiemg.com.br\/sala-de-imprensa\/#organization\",\"name\":\"Sala de imprensa\",\"url\":\"https:\/\/www.fiemg.com.br\/sala-de-imprensa\/\",\"logo\":{\"@type\":\"ImageObject\",\"inLanguage\":\"pt-BR\",\"@id\":\"https:\/\/www.fiemg.com.br\/sala-de-imprensa\/#\/schema\/logo\/image\/\",\"url\":\"https:\/\/www.fiemg.com.br\/sala-de-imprensa\/wp-content\/uploads\/sites\/31\/2025\/01\/Sistema-Fiemg_1.svg\",\"contentUrl\":\"https:\/\/www.fiemg.com.br\/sala-de-imprensa\/wp-content\/uploads\/sites\/31\/2025\/01\/Sistema-Fiemg_1.svg\",\"width\":472.89,\"height\":238.13,\"caption\":\"Sala de imprensa\"},\"image\":{\"@id\":\"https:\/\/www.fiemg.com.br\/sala-de-imprensa\/#\/schema\/logo\/image\/\"}}]}<\/script>\n<!-- \/ Yoast SEO plugin. -->","yoast_head_json":{"title":"Mesmo com exce\u00e7\u00f5es, tarifas dos EUA devem tirar R$ 25,8 bilh\u00f5es do PIB brasileiro - Sala de imprensa","robots":{"index":"index","follow":"follow","max-snippet":"max-snippet:-1","max-image-preview":"max-image-preview:large","max-video-preview":"max-video-preview:-1"},"canonical":"https:\/\/www.fiemg.com.br\/sala-de-imprensa\/noticias\/mesmo-com-excecoes-tarifas-dos-eua-devem-tirar-r-258-bilhoes-do-pib-brasileiro\/","og_locale":"pt_BR","og_type":"article","og_title":"Mesmo com exce\u00e7\u00f5es, tarifas dos EUA devem tirar R$ 25,8 bilh\u00f5es do PIB brasileiro - Sala de imprensa","og_description":"A Federa\u00e7\u00e3o das Ind\u00fastrias do Estado de Minas Gerais (FIEMG) divulgou nesta ter\u00e7a-feira (5\/8) estudo detalhado sobre os impactos econ\u00f4micos do decreto assinado pelo presidente dos Estados Unidos, Donald Trump, no \u00faltimo dia 30 de julho. A medida imp\u00f5e tarifas adicionais de 40% sobre uma ampla gama de produtos brasileiros exportados aos EUA &#8211; que [&hellip;]","og_url":"https:\/\/www.fiemg.com.br\/sala-de-imprensa\/noticias\/mesmo-com-excecoes-tarifas-dos-eua-devem-tirar-r-258-bilhoes-do-pib-brasileiro\/","og_site_name":"Sala de imprensa","article_modified_time":"2025-08-05T19:40:54+00:00","og_image":[{"url":"https:\/\/www.fiemg.com.br\/wp-content\/uploads\/2025\/08\/banco-imagens-1024x450.png","type":"","width":"","height":""}],"twitter_card":"summary_large_image","twitter_misc":{"Est. tempo de leitura":"3 minutos"},"schema":{"@context":"https:\/\/schema.org","@graph":[{"@type":"WebPage","@id":"https:\/\/www.fiemg.com.br\/sala-de-imprensa\/noticias\/mesmo-com-excecoes-tarifas-dos-eua-devem-tirar-r-258-bilhoes-do-pib-brasileiro\/","url":"https:\/\/www.fiemg.com.br\/sala-de-imprensa\/noticias\/mesmo-com-excecoes-tarifas-dos-eua-devem-tirar-r-258-bilhoes-do-pib-brasileiro\/","name":"Mesmo com exce\u00e7\u00f5es, tarifas dos EUA devem tirar R$ 25,8 bilh\u00f5es do PIB brasileiro - Sala de imprensa","isPartOf":{"@id":"https:\/\/www.fiemg.com.br\/sala-de-imprensa\/#website"},"primaryImageOfPage":{"@id":"https:\/\/www.fiemg.com.br\/sala-de-imprensa\/noticias\/mesmo-com-excecoes-tarifas-dos-eua-devem-tirar-r-258-bilhoes-do-pib-brasileiro\/#primaryimage"},"image":{"@id":"https:\/\/www.fiemg.com.br\/sala-de-imprensa\/noticias\/mesmo-com-excecoes-tarifas-dos-eua-devem-tirar-r-258-bilhoes-do-pib-brasileiro\/#primaryimage"},"thumbnailUrl":"https:\/\/www.fiemg.com.br\/sala-de-imprensa\/wp-content\/uploads\/sites\/31\/2025\/08\/ind-mini.png","datePublished":"2025-08-05T14:28:27+00:00","dateModified":"2025-08-05T19:40:54+00:00","breadcrumb":{"@id":"https:\/\/www.fiemg.com.br\/sala-de-imprensa\/noticias\/mesmo-com-excecoes-tarifas-dos-eua-devem-tirar-r-258-bilhoes-do-pib-brasileiro\/#breadcrumb"},"inLanguage":"pt-BR","potentialAction":[{"@type":"ReadAction","target":["https:\/\/www.fiemg.com.br\/sala-de-imprensa\/noticias\/mesmo-com-excecoes-tarifas-dos-eua-devem-tirar-r-258-bilhoes-do-pib-brasileiro\/"]}]},{"@type":"ImageObject","inLanguage":"pt-BR","@id":"https:\/\/www.fiemg.com.br\/sala-de-imprensa\/noticias\/mesmo-com-excecoes-tarifas-dos-eua-devem-tirar-r-258-bilhoes-do-pib-brasileiro\/#primaryimage","url":"https:\/\/www.fiemg.com.br\/sala-de-imprensa\/wp-content\/uploads\/sites\/31\/2025\/08\/ind-mini.png","contentUrl":"https:\/\/www.fiemg.com.br\/sala-de-imprensa\/wp-content\/uploads\/sites\/31\/2025\/08\/ind-mini.png","width":273,"height":263},{"@type":"BreadcrumbList","@id":"https:\/\/www.fiemg.com.br\/sala-de-imprensa\/noticias\/mesmo-com-excecoes-tarifas-dos-eua-devem-tirar-r-258-bilhoes-do-pib-brasileiro\/#breadcrumb","itemListElement":[{"@type":"ListItem","position":1,"name":"In\u00edcio","item":"https:\/\/www.fiemg.com.br\/sala-de-imprensa\/"},{"@type":"ListItem","position":2,"name":"Mesmo com exce\u00e7\u00f5es, tarifas dos EUA devem tirar R$ 25,8 bilh\u00f5es do PIB brasileiro"}]},{"@type":"WebSite","@id":"https:\/\/www.fiemg.com.br\/sala-de-imprensa\/#website","url":"https:\/\/www.fiemg.com.br\/sala-de-imprensa\/","name":"Sala de imprensa","description":"","publisher":{"@id":"https:\/\/www.fiemg.com.br\/sala-de-imprensa\/#organization"},"potentialAction":[{"@type":"SearchAction","target":{"@type":"EntryPoint","urlTemplate":"https:\/\/www.fiemg.com.br\/sala-de-imprensa\/?s={search_term_string}"},"query-input":{"@type":"PropertyValueSpecification","valueRequired":true,"valueName":"search_term_string"}}],"inLanguage":"pt-BR"},{"@type":"Organization","@id":"https:\/\/www.fiemg.com.br\/sala-de-imprensa\/#organization","name":"Sala de imprensa","url":"https:\/\/www.fiemg.com.br\/sala-de-imprensa\/","logo":{"@type":"ImageObject","inLanguage":"pt-BR","@id":"https:\/\/www.fiemg.com.br\/sala-de-imprensa\/#\/schema\/logo\/image\/","url":"https:\/\/www.fiemg.com.br\/sala-de-imprensa\/wp-content\/uploads\/sites\/31\/2025\/01\/Sistema-Fiemg_1.svg","contentUrl":"https:\/\/www.fiemg.com.br\/sala-de-imprensa\/wp-content\/uploads\/sites\/31\/2025\/01\/Sistema-Fiemg_1.svg","width":472.89,"height":238.13,"caption":"Sala de imprensa"},"image":{"@id":"https:\/\/www.fiemg.com.br\/sala-de-imprensa\/#\/schema\/logo\/image\/"}}]}},"_links":{"self":[{"href":"https:\/\/www.fiemg.com.br\/sala-de-imprensa\/wp-json\/wp\/v2\/noticias\/462","targetHints":{"allow":["GET"]}}],"collection":[{"href":"https:\/\/www.fiemg.com.br\/sala-de-imprensa\/wp-json\/wp\/v2\/noticias"}],"about":[{"href":"https:\/\/www.fiemg.com.br\/sala-de-imprensa\/wp-json\/wp\/v2\/types\/noticias"}],"wp:featuredmedia":[{"embeddable":true,"href":"https:\/\/www.fiemg.com.br\/sala-de-imprensa\/wp-json\/wp\/v2\/media\/463"}],"wp:attachment":[{"href":"https:\/\/www.fiemg.com.br\/sala-de-imprensa\/wp-json\/wp\/v2\/media?parent=462"}],"wp:term":[{"taxonomy":"category","embeddable":true,"href":"https:\/\/www.fiemg.com.br\/sala-de-imprensa\/wp-json\/wp\/v2\/categories?post=462"},{"taxonomy":"post_tag","embeddable":true,"href":"https:\/\/www.fiemg.com.br\/sala-de-imprensa\/wp-json\/wp\/v2\/tags?post=462"}],"curies":[{"name":"wp","href":"https:\/\/api.w.org\/{rel}","templated":true}]}}