{"id":56,"date":"2024-12-26T17:11:33","date_gmt":"2024-12-26T20:11:33","guid":{"rendered":"https:\/\/fiemg1dev.wpenginepowered.com\/sala-de-imprensa\/noticias\/cit-senai-e-st-george-iniciam-projeto-com-foco-em-economia-circular-e-sustentabilidade\/"},"modified":"2025-01-16T16:14:47","modified_gmt":"2025-01-16T19:14:47","slug":"cit-senai-e-st-george-iniciam-projeto-com-foco-em-economia-circular-e-sustentabilidade","status":"publish","type":"noticias","link":"https:\/\/www.fiemg.com.br\/sala-de-imprensa\/noticias\/cit-senai-e-st-george-iniciam-projeto-com-foco-em-economia-circular-e-sustentabilidade\/","title":{"rendered":"CIT SENAI e St George iniciam projeto com foco em economia circular e sustentabilidade\u00a0"},"content":{"rendered":"\n<p>Dando continuidade \u00e0s parcerias iniciadas a partir da assinatura de Memorandos de Entendimento (MoUs) ao longo dos \u00faltimos meses, a mineradora australiana St George e o Centro de Inova\u00e7\u00e3o e Tecnologia (CIT SENAI) firmaram um Termo de Coopera\u00e7\u00e3o no \u00faltimo dia 17 de dezembro, marcando mais um importante avan\u00e7o na colabora\u00e7\u00e3o entre as institui\u00e7\u00f5es.&nbsp;<\/p>\n\n\n\n<p>O projeto tem como foco o Aproveitamento Sustent\u00e1vel de Rejeitos para Produ\u00e7\u00e3o de Ligas Met\u00e1licas Estrat\u00e9gicas, cujo objetivo \u00e9 desenvolver uma rota tecnol\u00f3gica inovadora e sustent\u00e1vel para o reaproveitamento de rejeitos provenientes da concentra\u00e7\u00e3o de min\u00e9rios de terras raras (ETR), contendo ni\u00f3bio. A iniciativa busca transformar esses rejeitos em produtos de alto valor agregado, como ligas met\u00e1licas estrat\u00e9gicas, promovendo a economia circular e alinhando-se \u00e0s melhores pr\u00e1ticas de ESG.<\/p>\n\n\n\n<p>Al\u00e9m disso, o projeto \u00e9 mais um passo na dire\u00e7\u00e3o de fortalecer a cadeia produtiva nacional e aumentar a competitividade do setor mineral brasileiro no mercado global, al\u00e9m de reafirmar o compromisso do CIT SENAI &#8211; por meio do Instituto SENAI de Inova\u00e7\u00e3o em Processamento Mineral &#8211; e da St George em unir esfor\u00e7os para transformar desafios da ind\u00fastria de minera\u00e7\u00e3o e tamb\u00e9m da \u00e1rea de transi\u00e7\u00e3o energ\u00e9tica, em oportunidades tecnol\u00f3gicas e econ\u00f4micas.<\/p>\n\n\n\n<p>\u201cA parceria entre as institui\u00e7\u00f5es, que j\u00e1 demonstraram seu potencial estrat\u00e9gico nos MoUs assinados previamente, agora avan\u00e7a com a\u00e7\u00f5es concretas para impulsionar a inova\u00e7\u00e3o e a sustentabilidade no setor mineral\u201d, destacou o coordenador de Inova\u00e7\u00e3o do CIT SENAI, Andr\u00e9 Lu\u00eds Pimenta.&nbsp;<\/p>\n\n\n\n<p>O projeto de Aproveitamento Sustent\u00e1vel de Rejeitos para Produ\u00e7\u00e3o de Ligas Met\u00e1licas Estrat\u00e9gicas entre a St George e o CIT SENAI \u00e9 fomentado pela Empresa Brasileira de Pesquisa e Inova\u00e7\u00e3o Industrial (EMBRAPII), refor\u00e7ando o compromisso com a inova\u00e7\u00e3o e o desenvolvimento sustent\u00e1vel.<\/p>\n\n\n\n<p><strong>MoUs<\/strong><\/p>\n\n\n\n<p>No in\u00edcio do m\u00eas de dezembro, a St George e o Instituto de Terras Raras do Centro de Inova\u00e7\u00e3o e Tecnologia (CIT SENAI ITR) <a href=\"https:\/\/www.fiemg.com.br\/noticias\/cit-senai-itr-e-st-george-assinam-parceria-para-pesquisa-sobre-terras-raras-em-minas-gerais\/\" target=\"_blank\" rel=\"noreferrer noopener\">assinaram dois Memorandos de Entendimento (MoUs)<\/a> para iniciarem um projeto pioneiro voltado ao desenvolvimento de \u00edm\u00e3s de terras raras no Estado e de otimiza\u00e7\u00e3o de produ\u00e7\u00e3o de produtos de ni\u00f3bio e terras raras, em BH, Ita\u00fana e Lagoa Santa.<\/p>\n\n\n\n<p>Os MoUs t\u00eam vig\u00eancia de cinco anos e preveem a realiza\u00e7\u00e3o de projetos experimentais, a\u00e7\u00f5es conjuntas e a busca por solu\u00e7\u00f5es inovadoras que contribuam para o avan\u00e7o tecnol\u00f3gico da ind\u00fastria mineira. Os documentos s\u00e3o desdobramentos do MoU assinado em outubro durante a Miss\u00e3o Austr\u00e1lia, quando a FIEMG e o governo de Minas Gerais assinaram uma parceria com a St George Mining visando o aporte de R$2 bi no Projeto Arax\u00e1, voltado para a extra\u00e7\u00e3o de ni\u00f3bio e terras raras na regi\u00e3o do Alto Parana\u00edba.<\/p>\n\n\n\n<p><em>Tha\u00eds Mota<\/em><br><strong>Imprensa FIEMG<\/strong><\/p>\n","protected":false},"featured_media":58,"template":"","categories":[7],"tags":[8,9,10,11],"class_list":["post-56","noticias","type-noticias","status-publish","has-post-thumbnail","hentry","category-desenvolvimento-industrial","tag-cit-senai","tag-fiemg","tag-parceria","tag-st-george"],"acf":[],"yoast_head":"<!-- This site is optimized with the Yoast SEO plugin v26.2 - https:\/\/yoast.com\/wordpress\/plugins\/seo\/ -->\n<title>CIT SENAI e St George iniciam projeto com foco em economia circular e sustentabilidade\u00a0 - Sala de imprensa<\/title>\n<meta name=\"robots\" content=\"index, follow, max-snippet:-1, max-image-preview:large, max-video-preview:-1\" \/>\n<link rel=\"canonical\" href=\"https:\/\/www.fiemg.com.br\/sala-de-imprensa\/noticias\/cit-senai-e-st-george-iniciam-projeto-com-foco-em-economia-circular-e-sustentabilidade\/\" \/>\n<meta property=\"og:locale\" content=\"pt_BR\" \/>\n<meta property=\"og:type\" content=\"article\" \/>\n<meta property=\"og:title\" content=\"CIT SENAI e St George iniciam projeto com foco em economia circular e sustentabilidade\u00a0 - Sala de imprensa\" \/>\n<meta property=\"og:description\" content=\"Dando continuidade \u00e0s parcerias iniciadas a partir da assinatura de Memorandos de Entendimento (MoUs) ao longo dos \u00faltimos meses, a mineradora australiana St George e o Centro de Inova\u00e7\u00e3o e Tecnologia (CIT SENAI) firmaram um Termo de Coopera\u00e7\u00e3o no \u00faltimo dia 17 de dezembro, marcando mais um importante avan\u00e7o na colabora\u00e7\u00e3o entre as institui\u00e7\u00f5es.&nbsp; O [&hellip;]\" \/>\n<meta property=\"og:url\" content=\"https:\/\/www.fiemg.com.br\/sala-de-imprensa\/noticias\/cit-senai-e-st-george-iniciam-projeto-com-foco-em-economia-circular-e-sustentabilidade\/\" \/>\n<meta property=\"og:site_name\" content=\"Sala de imprensa\" \/>\n<meta property=\"article:modified_time\" content=\"2025-01-16T19:14:47+00:00\" \/>\n<meta property=\"og:image\" content=\"https:\/\/www.fiemg.com.br\/sala-de-imprensa\/wp-content\/uploads\/sites\/31\/2025\/01\/Mou-St-George-1.jpg\" \/>\n\t<meta property=\"og:image:width\" content=\"512\" \/>\n\t<meta property=\"og:image:height\" content=\"512\" \/>\n\t<meta property=\"og:image:type\" content=\"image\/jpeg\" \/>\n<meta name=\"twitter:card\" content=\"summary_large_image\" \/>\n<meta name=\"twitter:label1\" content=\"Est. tempo de leitura\" \/>\n\t<meta name=\"twitter:data1\" content=\"3 minutos\" \/>\n<script type=\"application\/ld+json\" class=\"yoast-schema-graph\">{\"@context\":\"https:\/\/schema.org\",\"@graph\":[{\"@type\":\"WebPage\",\"@id\":\"https:\/\/www.fiemg.com.br\/sala-de-imprensa\/noticias\/cit-senai-e-st-george-iniciam-projeto-com-foco-em-economia-circular-e-sustentabilidade\/\",\"url\":\"https:\/\/www.fiemg.com.br\/sala-de-imprensa\/noticias\/cit-senai-e-st-george-iniciam-projeto-com-foco-em-economia-circular-e-sustentabilidade\/\",\"name\":\"CIT SENAI e St George iniciam projeto com foco em economia circular e sustentabilidade\u00a0 - Sala de imprensa\",\"isPartOf\":{\"@id\":\"https:\/\/www.fiemg.com.br\/sala-de-imprensa\/#website\"},\"primaryImageOfPage\":{\"@id\":\"https:\/\/www.fiemg.com.br\/sala-de-imprensa\/noticias\/cit-senai-e-st-george-iniciam-projeto-com-foco-em-economia-circular-e-sustentabilidade\/#primaryimage\"},\"image\":{\"@id\":\"https:\/\/www.fiemg.com.br\/sala-de-imprensa\/noticias\/cit-senai-e-st-george-iniciam-projeto-com-foco-em-economia-circular-e-sustentabilidade\/#primaryimage\"},\"thumbnailUrl\":\"https:\/\/www.fiemg.com.br\/sala-de-imprensa\/wp-content\/uploads\/sites\/31\/2025\/01\/Mou-St-George-1.jpg\",\"datePublished\":\"2024-12-26T20:11:33+00:00\",\"dateModified\":\"2025-01-16T19:14:47+00:00\",\"breadcrumb\":{\"@id\":\"https:\/\/www.fiemg.com.br\/sala-de-imprensa\/noticias\/cit-senai-e-st-george-iniciam-projeto-com-foco-em-economia-circular-e-sustentabilidade\/#breadcrumb\"},\"inLanguage\":\"pt-BR\",\"potentialAction\":[{\"@type\":\"ReadAction\",\"target\":[\"https:\/\/www.fiemg.com.br\/sala-de-imprensa\/noticias\/cit-senai-e-st-george-iniciam-projeto-com-foco-em-economia-circular-e-sustentabilidade\/\"]}]},{\"@type\":\"ImageObject\",\"inLanguage\":\"pt-BR\",\"@id\":\"https:\/\/www.fiemg.com.br\/sala-de-imprensa\/noticias\/cit-senai-e-st-george-iniciam-projeto-com-foco-em-economia-circular-e-sustentabilidade\/#primaryimage\",\"url\":\"https:\/\/www.fiemg.com.br\/sala-de-imprensa\/wp-content\/uploads\/sites\/31\/2025\/01\/Mou-St-George-1.jpg\",\"contentUrl\":\"https:\/\/www.fiemg.com.br\/sala-de-imprensa\/wp-content\/uploads\/sites\/31\/2025\/01\/Mou-St-George-1.jpg\",\"width\":512,\"height\":512},{\"@type\":\"BreadcrumbList\",\"@id\":\"https:\/\/www.fiemg.com.br\/sala-de-imprensa\/noticias\/cit-senai-e-st-george-iniciam-projeto-com-foco-em-economia-circular-e-sustentabilidade\/#breadcrumb\",\"itemListElement\":[{\"@type\":\"ListItem\",\"position\":1,\"name\":\"In\u00edcio\",\"item\":\"https:\/\/www.fiemg.com.br\/sala-de-imprensa\/\"},{\"@type\":\"ListItem\",\"position\":2,\"name\":\"CIT SENAI e St George iniciam projeto com foco em economia circular e sustentabilidade\u00a0\"}]},{\"@type\":\"WebSite\",\"@id\":\"https:\/\/www.fiemg.com.br\/sala-de-imprensa\/#website\",\"url\":\"https:\/\/www.fiemg.com.br\/sala-de-imprensa\/\",\"name\":\"Sala de imprensa\",\"description\":\"\",\"publisher\":{\"@id\":\"https:\/\/www.fiemg.com.br\/sala-de-imprensa\/#organization\"},\"potentialAction\":[{\"@type\":\"SearchAction\",\"target\":{\"@type\":\"EntryPoint\",\"urlTemplate\":\"https:\/\/www.fiemg.com.br\/sala-de-imprensa\/?s={search_term_string}\"},\"query-input\":{\"@type\":\"PropertyValueSpecification\",\"valueRequired\":true,\"valueName\":\"search_term_string\"}}],\"inLanguage\":\"pt-BR\"},{\"@type\":\"Organization\",\"@id\":\"https:\/\/www.fiemg.com.br\/sala-de-imprensa\/#organization\",\"name\":\"Sala de imprensa\",\"url\":\"https:\/\/www.fiemg.com.br\/sala-de-imprensa\/\",\"logo\":{\"@type\":\"ImageObject\",\"inLanguage\":\"pt-BR\",\"@id\":\"https:\/\/www.fiemg.com.br\/sala-de-imprensa\/#\/schema\/logo\/image\/\",\"url\":\"https:\/\/www.fiemg.com.br\/sala-de-imprensa\/wp-content\/uploads\/sites\/31\/2025\/01\/Sistema-Fiemg_1.svg\",\"contentUrl\":\"https:\/\/www.fiemg.com.br\/sala-de-imprensa\/wp-content\/uploads\/sites\/31\/2025\/01\/Sistema-Fiemg_1.svg\",\"width\":472.89,\"height\":238.13,\"caption\":\"Sala de imprensa\"},\"image\":{\"@id\":\"https:\/\/www.fiemg.com.br\/sala-de-imprensa\/#\/schema\/logo\/image\/\"}}]}<\/script>\n<!-- \/ Yoast SEO plugin. -->","yoast_head_json":{"title":"CIT SENAI e St George iniciam projeto com foco em economia circular e sustentabilidade\u00a0 - Sala de imprensa","robots":{"index":"index","follow":"follow","max-snippet":"max-snippet:-1","max-image-preview":"max-image-preview:large","max-video-preview":"max-video-preview:-1"},"canonical":"https:\/\/www.fiemg.com.br\/sala-de-imprensa\/noticias\/cit-senai-e-st-george-iniciam-projeto-com-foco-em-economia-circular-e-sustentabilidade\/","og_locale":"pt_BR","og_type":"article","og_title":"CIT SENAI e St George iniciam projeto com foco em economia circular e sustentabilidade\u00a0 - Sala de imprensa","og_description":"Dando continuidade \u00e0s parcerias iniciadas a partir da assinatura de Memorandos de Entendimento (MoUs) ao longo dos \u00faltimos meses, a mineradora australiana St George e o Centro de Inova\u00e7\u00e3o e Tecnologia (CIT SENAI) firmaram um Termo de Coopera\u00e7\u00e3o no \u00faltimo dia 17 de dezembro, marcando mais um importante avan\u00e7o na colabora\u00e7\u00e3o entre as institui\u00e7\u00f5es.&nbsp; O [&hellip;]","og_url":"https:\/\/www.fiemg.com.br\/sala-de-imprensa\/noticias\/cit-senai-e-st-george-iniciam-projeto-com-foco-em-economia-circular-e-sustentabilidade\/","og_site_name":"Sala de imprensa","article_modified_time":"2025-01-16T19:14:47+00:00","og_image":[{"width":512,"height":512,"url":"https:\/\/www.fiemg.com.br\/sala-de-imprensa\/wp-content\/uploads\/sites\/31\/2025\/01\/Mou-St-George-1.jpg","type":"image\/jpeg"}],"twitter_card":"summary_large_image","twitter_misc":{"Est. tempo de leitura":"3 minutos"},"schema":{"@context":"https:\/\/schema.org","@graph":[{"@type":"WebPage","@id":"https:\/\/www.fiemg.com.br\/sala-de-imprensa\/noticias\/cit-senai-e-st-george-iniciam-projeto-com-foco-em-economia-circular-e-sustentabilidade\/","url":"https:\/\/www.fiemg.com.br\/sala-de-imprensa\/noticias\/cit-senai-e-st-george-iniciam-projeto-com-foco-em-economia-circular-e-sustentabilidade\/","name":"CIT SENAI e St George iniciam projeto com foco em economia circular e sustentabilidade\u00a0 - Sala de imprensa","isPartOf":{"@id":"https:\/\/www.fiemg.com.br\/sala-de-imprensa\/#website"},"primaryImageOfPage":{"@id":"https:\/\/www.fiemg.com.br\/sala-de-imprensa\/noticias\/cit-senai-e-st-george-iniciam-projeto-com-foco-em-economia-circular-e-sustentabilidade\/#primaryimage"},"image":{"@id":"https:\/\/www.fiemg.com.br\/sala-de-imprensa\/noticias\/cit-senai-e-st-george-iniciam-projeto-com-foco-em-economia-circular-e-sustentabilidade\/#primaryimage"},"thumbnailUrl":"https:\/\/www.fiemg.com.br\/sala-de-imprensa\/wp-content\/uploads\/sites\/31\/2025\/01\/Mou-St-George-1.jpg","datePublished":"2024-12-26T20:11:33+00:00","dateModified":"2025-01-16T19:14:47+00:00","breadcrumb":{"@id":"https:\/\/www.fiemg.com.br\/sala-de-imprensa\/noticias\/cit-senai-e-st-george-iniciam-projeto-com-foco-em-economia-circular-e-sustentabilidade\/#breadcrumb"},"inLanguage":"pt-BR","potentialAction":[{"@type":"ReadAction","target":["https:\/\/www.fiemg.com.br\/sala-de-imprensa\/noticias\/cit-senai-e-st-george-iniciam-projeto-com-foco-em-economia-circular-e-sustentabilidade\/"]}]},{"@type":"ImageObject","inLanguage":"pt-BR","@id":"https:\/\/www.fiemg.com.br\/sala-de-imprensa\/noticias\/cit-senai-e-st-george-iniciam-projeto-com-foco-em-economia-circular-e-sustentabilidade\/#primaryimage","url":"https:\/\/www.fiemg.com.br\/sala-de-imprensa\/wp-content\/uploads\/sites\/31\/2025\/01\/Mou-St-George-1.jpg","contentUrl":"https:\/\/www.fiemg.com.br\/sala-de-imprensa\/wp-content\/uploads\/sites\/31\/2025\/01\/Mou-St-George-1.jpg","width":512,"height":512},{"@type":"BreadcrumbList","@id":"https:\/\/www.fiemg.com.br\/sala-de-imprensa\/noticias\/cit-senai-e-st-george-iniciam-projeto-com-foco-em-economia-circular-e-sustentabilidade\/#breadcrumb","itemListElement":[{"@type":"ListItem","position":1,"name":"In\u00edcio","item":"https:\/\/www.fiemg.com.br\/sala-de-imprensa\/"},{"@type":"ListItem","position":2,"name":"CIT SENAI e St George iniciam projeto com foco em economia circular e sustentabilidade\u00a0"}]},{"@type":"WebSite","@id":"https:\/\/www.fiemg.com.br\/sala-de-imprensa\/#website","url":"https:\/\/www.fiemg.com.br\/sala-de-imprensa\/","name":"Sala de imprensa","description":"","publisher":{"@id":"https:\/\/www.fiemg.com.br\/sala-de-imprensa\/#organization"},"potentialAction":[{"@type":"SearchAction","target":{"@type":"EntryPoint","urlTemplate":"https:\/\/www.fiemg.com.br\/sala-de-imprensa\/?s={search_term_string}"},"query-input":{"@type":"PropertyValueSpecification","valueRequired":true,"valueName":"search_term_string"}}],"inLanguage":"pt-BR"},{"@type":"Organization","@id":"https:\/\/www.fiemg.com.br\/sala-de-imprensa\/#organization","name":"Sala de imprensa","url":"https:\/\/www.fiemg.com.br\/sala-de-imprensa\/","logo":{"@type":"ImageObject","inLanguage":"pt-BR","@id":"https:\/\/www.fiemg.com.br\/sala-de-imprensa\/#\/schema\/logo\/image\/","url":"https:\/\/www.fiemg.com.br\/sala-de-imprensa\/wp-content\/uploads\/sites\/31\/2025\/01\/Sistema-Fiemg_1.svg","contentUrl":"https:\/\/www.fiemg.com.br\/sala-de-imprensa\/wp-content\/uploads\/sites\/31\/2025\/01\/Sistema-Fiemg_1.svg","width":472.89,"height":238.13,"caption":"Sala de imprensa"},"image":{"@id":"https:\/\/www.fiemg.com.br\/sala-de-imprensa\/#\/schema\/logo\/image\/"}}]}},"_links":{"self":[{"href":"https:\/\/www.fiemg.com.br\/sala-de-imprensa\/wp-json\/wp\/v2\/noticias\/56","targetHints":{"allow":["GET"]}}],"collection":[{"href":"https:\/\/www.fiemg.com.br\/sala-de-imprensa\/wp-json\/wp\/v2\/noticias"}],"about":[{"href":"https:\/\/www.fiemg.com.br\/sala-de-imprensa\/wp-json\/wp\/v2\/types\/noticias"}],"wp:featuredmedia":[{"embeddable":true,"href":"https:\/\/www.fiemg.com.br\/sala-de-imprensa\/wp-json\/wp\/v2\/media\/58"}],"wp:attachment":[{"href":"https:\/\/www.fiemg.com.br\/sala-de-imprensa\/wp-json\/wp\/v2\/media?parent=56"}],"wp:term":[{"taxonomy":"category","embeddable":true,"href":"https:\/\/www.fiemg.com.br\/sala-de-imprensa\/wp-json\/wp\/v2\/categories?post=56"},{"taxonomy":"post_tag","embeddable":true,"href":"https:\/\/www.fiemg.com.br\/sala-de-imprensa\/wp-json\/wp\/v2\/tags?post=56"}],"curies":[{"name":"wp","href":"https:\/\/api.w.org\/{rel}","templated":true}]}}