{"id":779,"date":"2026-01-13T17:08:30","date_gmt":"2026-01-13T20:08:30","guid":{"rendered":"https:\/\/www.fiemg.com.br\/sala-de-imprensa\/noticias\/faculdade-senai-abre-inscricoes-para-pos-graduacoes\/"},"modified":"2026-01-13T17:52:11","modified_gmt":"2026-01-13T20:52:11","slug":"faculdade-senai-abre-inscricoes-para-pos-graduacoes","status":"publish","type":"noticias","link":"https:\/\/www.fiemg.com.br\/sala-de-imprensa\/noticias\/faculdade-senai-abre-inscricoes-para-pos-graduacoes\/","title":{"rendered":"Faculdade SENAI abre inscri\u00e7\u00f5es para p\u00f3s-gradua\u00e7\u00f5es"},"content":{"rendered":"\n<p>A Faculdade SENAI de Minas Gerais abriu inscri\u00e7\u00f5es para sua primeira oferta oficial de cursos de p\u00f3s-gradua\u00e7\u00e3o lato sensu em 2026. A iniciativa consolida uma nova etapa da institui\u00e7\u00e3o e tem como estrat\u00e9gia ampliar a forma\u00e7\u00e3o profissional, com foco em tecnologia, inova\u00e7\u00e3o e lideran\u00e7a industrial.&nbsp;<\/p>\n\n\n\n<p>As inscri\u00e7\u00f5es seguem abertas at\u00e9 27 de fevereiro de 2026 e devem ser feitas exclusivamente <a href=\"https:\/\/faculdadesenaimg.fiemg.com.br\/#cursos\">neste link<\/a>.&nbsp;<\/p>\n\n\n\n<p>Segundo o gerente de Educa\u00e7\u00e3o Profissional e Tecnol\u00f3gica do SENAI, Ricardo Aloysio, o principal diferencial das p\u00f3s-gradua\u00e7\u00f5es da Faculdade SENAI est\u00e1 na conex\u00e3o direta com as necessidades reais do setor produtivo.\u201cAs nossas p\u00f3s-gradua\u00e7\u00f5es s\u00e3o constru\u00eddas com foco nas dores que as ind\u00fastrias est\u00e3o passando. N\u00e3o s\u00e3o forma\u00e7\u00f5es gen\u00e9ricas, s\u00e3o cursos pensados para resolver problemas reais\u201d, afirma.&nbsp;<\/p>\n\n\n\n<p>A integra\u00e7\u00e3o ao Sistema FIEMG garante conex\u00e3o direta com sindicatos, ind\u00fastrias parceiras e polos de inova\u00e7\u00e3o, ampliando as oportunidades de networking e aplica\u00e7\u00e3o pr\u00e1tica do conhecimento.<\/p>\n\n\n\n<p>Aloysio destaca ainda que a proposta inclui especializa\u00e7\u00f5es in\u00e9ditas no mercado, alinhadas \u00e0s demandas das ind\u00fastrias mineiras. \u201cJ\u00e1 desenvolvemos p\u00f3s em manufatura avan\u00e7ada, 5G aplicado \u00e0 Ind\u00fastria 4.0 e hidrog\u00eanio verde. S\u00e3o cursos que ningu\u00e9m mais est\u00e1 oferecendo e que atendem dores muito espec\u00edficas das ind\u00fastrias de Minas Gerais\u201d, completa.<\/p>\n\n\n\n<p>Todos os cursos t\u00eam dura\u00e7\u00e3o de 12 meses, com aulas ao vivo duas vezes por semana, nos formatos semipresencial ou EaD, conforme a especializa\u00e7\u00e3o. Ao todo, s\u00e3o quatro especializa\u00e7\u00f5es:<\/p>\n\n\n\n<p>1. <strong>Engenharia de Rob\u00f3tica Industrial<\/strong> \u2013 voltada a engenheiros, tecn\u00f3logos e gestores industriais interessados na integra\u00e7\u00e3o de tecnologias 4.0. O curso prepara profissionais capazes de projetar, implementar e gerenciar sistemas robotizados, com forte \u00eanfase em automa\u00e7\u00e3o, integra\u00e7\u00e3o digital e otimiza\u00e7\u00e3o de processos fabris. Entre os diferenciais est\u00e3o o aprendizado pr\u00e1tico em infraestrutura de ponta, como a F\u00e1brica 4.0, a atua\u00e7\u00e3o de docentes com experi\u00eancia na ind\u00fastria e a previs\u00e3o de uma imers\u00e3o presencial ao final do curso.<\/p>\n\n\n\n<p>2. <strong>Design de Moda Digital e Intelig\u00eancia Artificial<\/strong> \u2013 direcionada a profissionais da moda, design e economia criativa que desejam inovar a partir do uso de tecnologias digitais e intelig\u00eancia artificial. A forma\u00e7\u00e3o integra criatividade, dados e tecnologia, com aplica\u00e7\u00e3o de ferramentas como modelagem 3D, realidade aumentada, simula\u00e7\u00f5es digitais e an\u00e1lise preditiva de tend\u00eancias, al\u00e9m de foco em empreendedorismo e inova\u00e7\u00e3o sustent\u00e1vel.<\/p>\n\n\n\n<p>3. <strong>Intelig\u00eancia Artificial Aplicada em Processos Industriais<\/strong> \u2013 tem como foco a automa\u00e7\u00e3o inteligente e a melhoria da performance produtiva. O curso capacita profissionais para atuar desde a coleta e o tratamento de dados at\u00e9 a modelagem preditiva e a tomada de decis\u00e3o em tempo real, com aplica\u00e7\u00f5es em manuten\u00e7\u00e3o preditiva, controle de qualidade, log\u00edstica e gest\u00e3o de ativos industriais, al\u00e9m de projeto integrador com desafios reais propostos por empresas parceiras.<\/p>\n\n\n\n<p>4. <strong>Inova\u00e7\u00e3o Tecnol\u00f3gica e Prototipagem Industrial<\/strong> \u2013 voltada a profissionais que desejam se destacar em pesquisa, desenvolvimento e inova\u00e7\u00e3o (PD&amp;I), desenvolvimento de produtos e gest\u00e3o da inova\u00e7\u00e3o. O curso prepara especialistas para liderar projetos inovadores, criar e validar prot\u00f3tipos e aplicar tecnologias da Ind\u00fastria 4.0, como manufatura aditiva, simula\u00e7\u00e3o avan\u00e7ada e sensores inteligentes, aliando vis\u00e3o estrat\u00e9gica e foco em resultados.<\/p>\n\n\n\n<p>Todas as informa\u00e7\u00f5es sobre os cursos, grade curricular e investimento, est\u00e3o dispon\u00edveis em <a href=\"http:\/\/faculdadesenaimg.com.br\">faculdadesenaimg.com.br<\/a>.<\/p>\n\n\n\n<p><em>Ana Paula Motta<\/em><em><br><\/em><strong>Imprensa FIEMG<\/strong><\/p>\n","protected":false},"featured_media":781,"template":"","categories":[7,32],"tags":[323,166,324,325,326],"class_list":["post-779","noticias","type-noticias","status-publish","has-post-thumbnail","hentry","category-desenvolvimento-industrial","category-educacao","tag-cursos-de-pos-graduacao","tag-faculdade-senai","tag-inteligencia-artificial","tag-pos-graduacao-faculdade-senai","tag-robotica"],"acf":[],"yoast_head":"<!-- This site is optimized with the Yoast SEO plugin v26.2 - https:\/\/yoast.com\/wordpress\/plugins\/seo\/ -->\n<title>Faculdade SENAI abre inscri\u00e7\u00f5es para p\u00f3s-gradua\u00e7\u00f5es - Sala de imprensa<\/title>\n<meta name=\"robots\" content=\"index, follow, max-snippet:-1, max-image-preview:large, max-video-preview:-1\" \/>\n<link rel=\"canonical\" href=\"https:\/\/www.fiemg.com.br\/sala-de-imprensa\/noticias\/faculdade-senai-abre-inscricoes-para-pos-graduacoes\/\" \/>\n<meta property=\"og:locale\" content=\"pt_BR\" \/>\n<meta property=\"og:type\" content=\"article\" \/>\n<meta property=\"og:title\" content=\"Faculdade SENAI abre inscri\u00e7\u00f5es para p\u00f3s-gradua\u00e7\u00f5es - Sala de imprensa\" \/>\n<meta property=\"og:description\" content=\"A Faculdade SENAI de Minas Gerais abriu inscri\u00e7\u00f5es para sua primeira oferta oficial de cursos de p\u00f3s-gradua\u00e7\u00e3o lato sensu em 2026. A iniciativa consolida uma nova etapa da institui\u00e7\u00e3o e tem como estrat\u00e9gia ampliar a forma\u00e7\u00e3o profissional, com foco em tecnologia, inova\u00e7\u00e3o e lideran\u00e7a industrial.&nbsp; As inscri\u00e7\u00f5es seguem abertas at\u00e9 27 de fevereiro de 2026 [&hellip;]\" \/>\n<meta property=\"og:url\" content=\"https:\/\/www.fiemg.com.br\/sala-de-imprensa\/noticias\/faculdade-senai-abre-inscricoes-para-pos-graduacoes\/\" \/>\n<meta property=\"og:site_name\" content=\"Sala de imprensa\" \/>\n<meta property=\"article:modified_time\" content=\"2026-01-13T20:52:11+00:00\" \/>\n<meta property=\"og:image\" content=\"https:\/\/www.fiemg.com.br\/sala-de-imprensa\/wp-content\/uploads\/sites\/31\/2026\/01\/faculdade-senai-pos-graduacao-2026-inscricao.jpg\" \/>\n\t<meta property=\"og:image:width\" content=\"1200\" \/>\n\t<meta property=\"og:image:height\" content=\"1200\" \/>\n\t<meta property=\"og:image:type\" content=\"image\/jpeg\" \/>\n<meta name=\"twitter:card\" content=\"summary_large_image\" \/>\n<meta name=\"twitter:label1\" content=\"Est. tempo de leitura\" \/>\n\t<meta name=\"twitter:data1\" content=\"4 minutos\" \/>\n<script type=\"application\/ld+json\" class=\"yoast-schema-graph\">{\"@context\":\"https:\/\/schema.org\",\"@graph\":[{\"@type\":\"WebPage\",\"@id\":\"https:\/\/www.fiemg.com.br\/sala-de-imprensa\/noticias\/faculdade-senai-abre-inscricoes-para-pos-graduacoes\/\",\"url\":\"https:\/\/www.fiemg.com.br\/sala-de-imprensa\/noticias\/faculdade-senai-abre-inscricoes-para-pos-graduacoes\/\",\"name\":\"Faculdade SENAI abre inscri\u00e7\u00f5es para p\u00f3s-gradua\u00e7\u00f5es - Sala de imprensa\",\"isPartOf\":{\"@id\":\"https:\/\/www.fiemg.com.br\/sala-de-imprensa\/#website\"},\"primaryImageOfPage\":{\"@id\":\"https:\/\/www.fiemg.com.br\/sala-de-imprensa\/noticias\/faculdade-senai-abre-inscricoes-para-pos-graduacoes\/#primaryimage\"},\"image\":{\"@id\":\"https:\/\/www.fiemg.com.br\/sala-de-imprensa\/noticias\/faculdade-senai-abre-inscricoes-para-pos-graduacoes\/#primaryimage\"},\"thumbnailUrl\":\"https:\/\/www.fiemg.com.br\/sala-de-imprensa\/wp-content\/uploads\/sites\/31\/2026\/01\/faculdade-senai-pos-graduacao-2026-inscricao.jpg\",\"datePublished\":\"2026-01-13T20:08:30+00:00\",\"dateModified\":\"2026-01-13T20:52:11+00:00\",\"breadcrumb\":{\"@id\":\"https:\/\/www.fiemg.com.br\/sala-de-imprensa\/noticias\/faculdade-senai-abre-inscricoes-para-pos-graduacoes\/#breadcrumb\"},\"inLanguage\":\"pt-BR\",\"potentialAction\":[{\"@type\":\"ReadAction\",\"target\":[\"https:\/\/www.fiemg.com.br\/sala-de-imprensa\/noticias\/faculdade-senai-abre-inscricoes-para-pos-graduacoes\/\"]}]},{\"@type\":\"ImageObject\",\"inLanguage\":\"pt-BR\",\"@id\":\"https:\/\/www.fiemg.com.br\/sala-de-imprensa\/noticias\/faculdade-senai-abre-inscricoes-para-pos-graduacoes\/#primaryimage\",\"url\":\"https:\/\/www.fiemg.com.br\/sala-de-imprensa\/wp-content\/uploads\/sites\/31\/2026\/01\/faculdade-senai-pos-graduacao-2026-inscricao.jpg\",\"contentUrl\":\"https:\/\/www.fiemg.com.br\/sala-de-imprensa\/wp-content\/uploads\/sites\/31\/2026\/01\/faculdade-senai-pos-graduacao-2026-inscricao.jpg\",\"width\":1200,\"height\":1200,\"caption\":\"Faculdade SENAI abre inscri\u00e7\u00f5es para p\u00f3s-gradua\u00e7\u00f5es\"},{\"@type\":\"BreadcrumbList\",\"@id\":\"https:\/\/www.fiemg.com.br\/sala-de-imprensa\/noticias\/faculdade-senai-abre-inscricoes-para-pos-graduacoes\/#breadcrumb\",\"itemListElement\":[{\"@type\":\"ListItem\",\"position\":1,\"name\":\"In\u00edcio\",\"item\":\"https:\/\/www.fiemg.com.br\/sala-de-imprensa\/\"},{\"@type\":\"ListItem\",\"position\":2,\"name\":\"Faculdade SENAI abre inscri\u00e7\u00f5es para p\u00f3s-gradua\u00e7\u00f5es\"}]},{\"@type\":\"WebSite\",\"@id\":\"https:\/\/www.fiemg.com.br\/sala-de-imprensa\/#website\",\"url\":\"https:\/\/www.fiemg.com.br\/sala-de-imprensa\/\",\"name\":\"Sala de imprensa\",\"description\":\"\",\"publisher\":{\"@id\":\"https:\/\/www.fiemg.com.br\/sala-de-imprensa\/#organization\"},\"potentialAction\":[{\"@type\":\"SearchAction\",\"target\":{\"@type\":\"EntryPoint\",\"urlTemplate\":\"https:\/\/www.fiemg.com.br\/sala-de-imprensa\/?s={search_term_string}\"},\"query-input\":{\"@type\":\"PropertyValueSpecification\",\"valueRequired\":true,\"valueName\":\"search_term_string\"}}],\"inLanguage\":\"pt-BR\"},{\"@type\":\"Organization\",\"@id\":\"https:\/\/www.fiemg.com.br\/sala-de-imprensa\/#organization\",\"name\":\"Sala de imprensa\",\"url\":\"https:\/\/www.fiemg.com.br\/sala-de-imprensa\/\",\"logo\":{\"@type\":\"ImageObject\",\"inLanguage\":\"pt-BR\",\"@id\":\"https:\/\/www.fiemg.com.br\/sala-de-imprensa\/#\/schema\/logo\/image\/\",\"url\":\"https:\/\/www.fiemg.com.br\/sala-de-imprensa\/wp-content\/uploads\/sites\/31\/2025\/01\/Sistema-Fiemg_1.svg\",\"contentUrl\":\"https:\/\/www.fiemg.com.br\/sala-de-imprensa\/wp-content\/uploads\/sites\/31\/2025\/01\/Sistema-Fiemg_1.svg\",\"width\":472.89,\"height\":238.13,\"caption\":\"Sala de imprensa\"},\"image\":{\"@id\":\"https:\/\/www.fiemg.com.br\/sala-de-imprensa\/#\/schema\/logo\/image\/\"}}]}<\/script>\n<!-- \/ Yoast SEO plugin. -->","yoast_head_json":{"title":"Faculdade SENAI abre inscri\u00e7\u00f5es para p\u00f3s-gradua\u00e7\u00f5es - Sala de imprensa","robots":{"index":"index","follow":"follow","max-snippet":"max-snippet:-1","max-image-preview":"max-image-preview:large","max-video-preview":"max-video-preview:-1"},"canonical":"https:\/\/www.fiemg.com.br\/sala-de-imprensa\/noticias\/faculdade-senai-abre-inscricoes-para-pos-graduacoes\/","og_locale":"pt_BR","og_type":"article","og_title":"Faculdade SENAI abre inscri\u00e7\u00f5es para p\u00f3s-gradua\u00e7\u00f5es - Sala de imprensa","og_description":"A Faculdade SENAI de Minas Gerais abriu inscri\u00e7\u00f5es para sua primeira oferta oficial de cursos de p\u00f3s-gradua\u00e7\u00e3o lato sensu em 2026. A iniciativa consolida uma nova etapa da institui\u00e7\u00e3o e tem como estrat\u00e9gia ampliar a forma\u00e7\u00e3o profissional, com foco em tecnologia, inova\u00e7\u00e3o e lideran\u00e7a industrial.&nbsp; As inscri\u00e7\u00f5es seguem abertas at\u00e9 27 de fevereiro de 2026 [&hellip;]","og_url":"https:\/\/www.fiemg.com.br\/sala-de-imprensa\/noticias\/faculdade-senai-abre-inscricoes-para-pos-graduacoes\/","og_site_name":"Sala de imprensa","article_modified_time":"2026-01-13T20:52:11+00:00","og_image":[{"width":1200,"height":1200,"url":"https:\/\/www.fiemg.com.br\/sala-de-imprensa\/wp-content\/uploads\/sites\/31\/2026\/01\/faculdade-senai-pos-graduacao-2026-inscricao.jpg","type":"image\/jpeg"}],"twitter_card":"summary_large_image","twitter_misc":{"Est. tempo de leitura":"4 minutos"},"schema":{"@context":"https:\/\/schema.org","@graph":[{"@type":"WebPage","@id":"https:\/\/www.fiemg.com.br\/sala-de-imprensa\/noticias\/faculdade-senai-abre-inscricoes-para-pos-graduacoes\/","url":"https:\/\/www.fiemg.com.br\/sala-de-imprensa\/noticias\/faculdade-senai-abre-inscricoes-para-pos-graduacoes\/","name":"Faculdade SENAI abre inscri\u00e7\u00f5es para p\u00f3s-gradua\u00e7\u00f5es - Sala de imprensa","isPartOf":{"@id":"https:\/\/www.fiemg.com.br\/sala-de-imprensa\/#website"},"primaryImageOfPage":{"@id":"https:\/\/www.fiemg.com.br\/sala-de-imprensa\/noticias\/faculdade-senai-abre-inscricoes-para-pos-graduacoes\/#primaryimage"},"image":{"@id":"https:\/\/www.fiemg.com.br\/sala-de-imprensa\/noticias\/faculdade-senai-abre-inscricoes-para-pos-graduacoes\/#primaryimage"},"thumbnailUrl":"https:\/\/www.fiemg.com.br\/sala-de-imprensa\/wp-content\/uploads\/sites\/31\/2026\/01\/faculdade-senai-pos-graduacao-2026-inscricao.jpg","datePublished":"2026-01-13T20:08:30+00:00","dateModified":"2026-01-13T20:52:11+00:00","breadcrumb":{"@id":"https:\/\/www.fiemg.com.br\/sala-de-imprensa\/noticias\/faculdade-senai-abre-inscricoes-para-pos-graduacoes\/#breadcrumb"},"inLanguage":"pt-BR","potentialAction":[{"@type":"ReadAction","target":["https:\/\/www.fiemg.com.br\/sala-de-imprensa\/noticias\/faculdade-senai-abre-inscricoes-para-pos-graduacoes\/"]}]},{"@type":"ImageObject","inLanguage":"pt-BR","@id":"https:\/\/www.fiemg.com.br\/sala-de-imprensa\/noticias\/faculdade-senai-abre-inscricoes-para-pos-graduacoes\/#primaryimage","url":"https:\/\/www.fiemg.com.br\/sala-de-imprensa\/wp-content\/uploads\/sites\/31\/2026\/01\/faculdade-senai-pos-graduacao-2026-inscricao.jpg","contentUrl":"https:\/\/www.fiemg.com.br\/sala-de-imprensa\/wp-content\/uploads\/sites\/31\/2026\/01\/faculdade-senai-pos-graduacao-2026-inscricao.jpg","width":1200,"height":1200,"caption":"Faculdade SENAI abre inscri\u00e7\u00f5es para p\u00f3s-gradua\u00e7\u00f5es"},{"@type":"BreadcrumbList","@id":"https:\/\/www.fiemg.com.br\/sala-de-imprensa\/noticias\/faculdade-senai-abre-inscricoes-para-pos-graduacoes\/#breadcrumb","itemListElement":[{"@type":"ListItem","position":1,"name":"In\u00edcio","item":"https:\/\/www.fiemg.com.br\/sala-de-imprensa\/"},{"@type":"ListItem","position":2,"name":"Faculdade SENAI abre inscri\u00e7\u00f5es para p\u00f3s-gradua\u00e7\u00f5es"}]},{"@type":"WebSite","@id":"https:\/\/www.fiemg.com.br\/sala-de-imprensa\/#website","url":"https:\/\/www.fiemg.com.br\/sala-de-imprensa\/","name":"Sala de imprensa","description":"","publisher":{"@id":"https:\/\/www.fiemg.com.br\/sala-de-imprensa\/#organization"},"potentialAction":[{"@type":"SearchAction","target":{"@type":"EntryPoint","urlTemplate":"https:\/\/www.fiemg.com.br\/sala-de-imprensa\/?s={search_term_string}"},"query-input":{"@type":"PropertyValueSpecification","valueRequired":true,"valueName":"search_term_string"}}],"inLanguage":"pt-BR"},{"@type":"Organization","@id":"https:\/\/www.fiemg.com.br\/sala-de-imprensa\/#organization","name":"Sala de imprensa","url":"https:\/\/www.fiemg.com.br\/sala-de-imprensa\/","logo":{"@type":"ImageObject","inLanguage":"pt-BR","@id":"https:\/\/www.fiemg.com.br\/sala-de-imprensa\/#\/schema\/logo\/image\/","url":"https:\/\/www.fiemg.com.br\/sala-de-imprensa\/wp-content\/uploads\/sites\/31\/2025\/01\/Sistema-Fiemg_1.svg","contentUrl":"https:\/\/www.fiemg.com.br\/sala-de-imprensa\/wp-content\/uploads\/sites\/31\/2025\/01\/Sistema-Fiemg_1.svg","width":472.89,"height":238.13,"caption":"Sala de imprensa"},"image":{"@id":"https:\/\/www.fiemg.com.br\/sala-de-imprensa\/#\/schema\/logo\/image\/"}}]}},"_links":{"self":[{"href":"https:\/\/www.fiemg.com.br\/sala-de-imprensa\/wp-json\/wp\/v2\/noticias\/779","targetHints":{"allow":["GET"]}}],"collection":[{"href":"https:\/\/www.fiemg.com.br\/sala-de-imprensa\/wp-json\/wp\/v2\/noticias"}],"about":[{"href":"https:\/\/www.fiemg.com.br\/sala-de-imprensa\/wp-json\/wp\/v2\/types\/noticias"}],"wp:featuredmedia":[{"embeddable":true,"href":"https:\/\/www.fiemg.com.br\/sala-de-imprensa\/wp-json\/wp\/v2\/media\/781"}],"wp:attachment":[{"href":"https:\/\/www.fiemg.com.br\/sala-de-imprensa\/wp-json\/wp\/v2\/media?parent=779"}],"wp:term":[{"taxonomy":"category","embeddable":true,"href":"https:\/\/www.fiemg.com.br\/sala-de-imprensa\/wp-json\/wp\/v2\/categories?post=779"},{"taxonomy":"post_tag","embeddable":true,"href":"https:\/\/www.fiemg.com.br\/sala-de-imprensa\/wp-json\/wp\/v2\/tags?post=779"}],"curies":[{"name":"wp","href":"https:\/\/api.w.org\/{rel}","templated":true}]}}