{"id":842,"date":"2026-03-11T18:25:03","date_gmt":"2026-03-11T21:25:03","guid":{"rendered":"https:\/\/www.fiemg.com.br\/sala-de-imprensa\/noticias\/projeto-do-rodoanel-de-bh-e-debatido-por-industria-governo-e-trabalhadores\/"},"modified":"2026-03-11T18:25:03","modified_gmt":"2026-03-11T21:25:03","slug":"projeto-do-rodoanel-de-bh-e-debatido-por-industria-governo-e-trabalhadores","status":"publish","type":"noticias","link":"https:\/\/www.fiemg.com.br\/sala-de-imprensa\/noticias\/projeto-do-rodoanel-de-bh-e-debatido-por-industria-governo-e-trabalhadores\/","title":{"rendered":"Projeto do Rodoanel de BH \u00e9 debatido por ind\u00fastria, governo e trabalhadores"},"content":{"rendered":"\n<p>O projeto do Rodoanel da Regi\u00e3o Metropolitana de Belo Horizonte foi tema de debate nesta quarta-feira (11\/3), durante reuni\u00e3o do F\u00f3rum Emprego e Renda da Federa\u00e7\u00e3o das Ind\u00fastrias do Estado de Minas Gerais (FIEMG). Considerada uma das principais obras de infraestrutura em discuss\u00e3o no estado, a iniciativa busca reduzir o tr\u00e1fego de ve\u00edculos pesados no Anel Rodovi\u00e1rio de Belo Horizonte, diminuir acidentes e melhorar a log\u00edstica na Regi\u00e3o Metropolitana.<\/p>\n\n\n\n<p>A proposta prev\u00ea a constru\u00e7\u00e3o de cerca de 70 quil\u00f4metros de rodovias, conectando as principais estradas que chegam \u00e0 capital mineira e permitindo que caminh\u00f5es contornem a cidade sem precisar atravessar \u00e1reas urbanas de munic\u00edpios como Belo Horizonte, Contagem e Betim. A estimativa \u00e9 que a nova via retire aproximadamente 5 mil caminh\u00f5es por dia do tr\u00e2nsito urbano.<\/p>\n\n\n\n<p>O presidente da FIEMG, Fl\u00e1vio Roscoe, afirmou que o projeto pode ajudar a resolver um dos principais gargalos de mobilidade da regi\u00e3o metropolitana.Segundo ele, o Anel Rodovi\u00e1rio deixou de cumprir sua fun\u00e7\u00e3o original de desviar o transporte pesado e acabou se transformando em uma via urbana intensamente utilizada.<\/p>\n\n\n\n<p>&#8220;Estamos falando de uma obra que pode salvar vidas. Hoje, o Anel Rodovi\u00e1rio \u00e9 um gargalo estrutural da regi\u00e3o metropolitana e registra acidentes com frequ\u00eancia. A retirada do tr\u00e1fego pesado da \u00e1rea urbana \u00e9 fundamental para melhorar a seguran\u00e7a e a mobilidade&#8221;, afirmou. Roscoe tamb\u00e9m destacou que a infraestrutura log\u00edstica tem impacto direto na competitividade da economia mineira. Para ele, a exist\u00eancia de uma rede de transportes eficiente \u00e9 essencial para atrair investimentos e manter empresas instaladas na regi\u00e3o.<\/p>\n\n\n\n<p><strong>Investimento e log\u00edstica<\/strong><\/p>\n\n\n\n<p>O secret\u00e1rio de Estado de Infraestrutura, Mobilidade e Parcerias, Pedro Bruno, afirmou que o Rodoanel est\u00e1 entre as prioridades do governo estadual na \u00e1rea de mobilidade. Segundo ele, Minas Gerais tem posi\u00e7\u00e3o estrat\u00e9gica no transporte de cargas no pa\u00eds, e a Regi\u00e3o Metropolitana de Belo Horizonte funciona como um importante centro de circula\u00e7\u00e3o de mercadorias. &#8220;Hoje Belo Horizonte est\u00e1 entre as capitais com menor \u00edndice de fluidez no tr\u00e2nsito. Muitas vezes se leva muito tempo para percorrer dist\u00e2ncias curtas. O Rodoanel permitir\u00e1 que o transporte de carga contorne a cidade, reduzindo congestionamentos e melhorando a mobilidade&#8221;, afirmou.<\/p>\n\n\n\n<figure class=\"wp-block-image aligncenter size-large\"><img fetchpriority=\"high\" decoding=\"async\" width=\"1024\" height=\"396\" src=\"https:\/\/www.fiemg.com.br\/sala-de-imprensa\/wp-content\/uploads\/sites\/31\/2026\/03\/rodoanel_interna_2-1024x396.jpeg\" alt=\"Projeto do Rodoanel de BH avan\u00e7a e \u00e9 debatido por governo, ind\u00fastria e trabalhadores\" class=\"wp-image-844\" srcset=\"https:\/\/www.fiemg.com.br\/sala-de-imprensa\/wp-content\/uploads\/sites\/31\/2026\/03\/rodoanel_interna_2-1024x396.jpeg 1024w, https:\/\/www.fiemg.com.br\/sala-de-imprensa\/wp-content\/uploads\/sites\/31\/2026\/03\/rodoanel_interna_2-300x116.jpeg 300w, https:\/\/www.fiemg.com.br\/sala-de-imprensa\/wp-content\/uploads\/sites\/31\/2026\/03\/rodoanel_interna_2-768x297.jpeg 768w, https:\/\/www.fiemg.com.br\/sala-de-imprensa\/wp-content\/uploads\/sites\/31\/2026\/03\/rodoanel_interna_2.jpeg 1080w\" sizes=\"(max-width: 1024px) 100vw, 1024px\" \/><\/figure>\n\n\n\n<p>O projeto prev\u00ea investimento de cerca de R$5 bilh\u00f5es e deve beneficiar aproximadamente 6 milh\u00f5es de moradores da regi\u00e3o metropolitana. O contrato de concess\u00e3o foi assinado em mar\u00e7o de 2023 e o governo trabalha para viabilizar o in\u00edcio das obras em 2026. Segundo o secret\u00e1rio, os projetos de engenharia e os estudos de desapropria\u00e7\u00e3o j\u00e1 est\u00e3o prontos para a fase de execu\u00e7\u00e3o. O avan\u00e7o da obra depende agora da conclus\u00e3o do processo de licenciamento ambiental.<\/p>\n\n\n\n<p><strong>Obra preparada para come\u00e7ar<\/strong><\/p>\n\n\n\n<p>De acordo com o gerente de Engenharia do Rodoanel BH, Thiago Valandro, o projeto j\u00e1 est\u00e1 tecnicamente estruturado para iniciar as obras assim que o licenciamento ambiental for conclu\u00eddo. Os projetos de engenharia est\u00e3o em est\u00e1gio avan\u00e7ado e os processos de desapropria\u00e7\u00e3o est\u00e3o em andamento. A expectativa \u00e9 mobilizar diversas frentes de trabalho simultaneamente ao longo do tra\u00e7ado.<\/p>\n\n\n\n<p>A rodovia ter\u00e1 duas faixas de rolamento por sentido, acostamentos e 49 obras de arte especiais, como viadutos, pontes e passagens inferiores. Segundo Valandro, os recursos necess\u00e1rios para a obra j\u00e1 est\u00e3o garantidos. Cerca de 60% do investimento vir\u00e1 do acordo firmado com a Vale e 40% corresponde ao capital da concession\u00e1ria respons\u00e1vel pelo empreendimento. A rodovia tamb\u00e9m contar\u00e1 com ped\u00e1gio no modelo <em>free flow<\/em>, sistema que elimina pra\u00e7as f\u00edsicas de cobran\u00e7a e utiliza tecnologia para identifica\u00e7\u00e3o autom\u00e1tica dos ve\u00edculos, controle total de acessos, moderno sistema de pesagem de ve\u00edculos pesado, oito interse\u00e7\u00f5es de acesso, servi\u00e7o de atendimento ao usu\u00e1rio e cinco dispositivos de retorno.<\/p>\n\n\n\n<p><strong>Impacto econ\u00f4mico e empregos<\/strong><\/p>\n\n\n\n<p>Para o presidente do Sindicato da Ind\u00fastria da Constru\u00e7\u00e3o Pesada no Estado de Minas Gerais (Sicepot-MG), Bruno Lig\u00f3rio, o Rodoanel representa um projeto estrat\u00e9gico para o desenvolvimento econ\u00f4mico do estado. Segundo ele, investimentos em infraestrutura t\u00eam efeito multiplicador na economia. &#8220;Al\u00e9m dos empregos diretos na constru\u00e7\u00e3o, h\u00e1 impactos em toda a cadeia produtiva. Obras de infraestrutura reduzem custos log\u00edsticos, atraem investimentos e fortalecem a competitividade do estado&#8221;, afirmou. Lig\u00f3rio tamb\u00e9m destacou que o projeto dever\u00e1 integrar importantes rodovias que passam pela regi\u00e3o metropolitana, como a BR-381 e a BR-040, facilitando o escoamento da produ\u00e7\u00e3o industrial, mineral e do agroneg\u00f3cio.<\/p>\n\n\n\n<p>J\u00e1 o representante dos trabalhadores e copresidente do F\u00f3rum Emprego e Renda, Jos\u00e9 Afranes de Carvalho, afirmou que a obra pode trazer benef\u00edcios tamb\u00e9m para a rotina dos trabalhadores da Grande BH. Segundo ele, congestionamentos frequentes no Anel Rodovi\u00e1rio afetam diretamente o deslocamento entre casa e trabalho, aumentando o tempo gasto no tr\u00e2nsito e reduzindo o per\u00edodo de descanso.<br><br><em>Clique <a href=\"https:\/\/www.flickr.com\/photos\/sistemafiemg\/albums\/72177720332503034\/\" target=\"_blank\" rel=\"noreferrer noopener\">aqui<\/a> e veja mais fotos da reuni\u00e3o<\/em><br><a href=\"https:\/\/drive.google.com\/drive\/folders\/1Y3iMqgXvpKJthaFjRTMoz2mSgAPib-dg?usp=sharing\">Acesse a entrevista coletiva da reuni\u00e3o<\/a><em><br><\/em><br><em>Rafael Passos<br><\/em><strong>Imprensa FIEMG<\/strong><\/p>\n","protected":false},"featured_media":843,"template":"","categories":[7],"tags":[9,336,162,337],"class_list":["post-842","noticias","type-noticias","status-publish","has-post-thumbnail","hentry","category-desenvolvimento-industrial","tag-fiemg","tag-forum","tag-infraestrutura","tag-rodoanel"],"acf":[],"yoast_head":"<!-- This site is optimized with the Yoast SEO plugin v26.2 - https:\/\/yoast.com\/wordpress\/plugins\/seo\/ -->\n<title>Projeto do Rodoanel de BH \u00e9 debatido por ind\u00fastria, governo e trabalhadores - Sala de imprensa<\/title>\n<meta name=\"description\" content=\"Obra de R$ 5 bilh\u00f5es pode retirar cerca de 5 mil caminh\u00f5es por dia do Anel Rodovi\u00e1rio e melhorar a mobilidade na Grande BH\" \/>\n<meta name=\"robots\" content=\"index, follow, max-snippet:-1, max-image-preview:large, max-video-preview:-1\" \/>\n<link rel=\"canonical\" href=\"https:\/\/www.fiemg.com.br\/sala-de-imprensa\/noticias\/projeto-do-rodoanel-de-bh-e-debatido-por-industria-governo-e-trabalhadores\/\" \/>\n<meta property=\"og:locale\" content=\"pt_BR\" \/>\n<meta property=\"og:type\" content=\"article\" \/>\n<meta property=\"og:title\" content=\"Projeto do Rodoanel de BH \u00e9 debatido por ind\u00fastria, governo e trabalhadores - Sala de imprensa\" \/>\n<meta property=\"og:description\" content=\"Obra de R$ 5 bilh\u00f5es pode retirar cerca de 5 mil caminh\u00f5es por dia do Anel Rodovi\u00e1rio e melhorar a mobilidade na Grande BH\" \/>\n<meta property=\"og:url\" content=\"https:\/\/www.fiemg.com.br\/sala-de-imprensa\/noticias\/projeto-do-rodoanel-de-bh-e-debatido-por-industria-governo-e-trabalhadores\/\" \/>\n<meta property=\"og:site_name\" content=\"Sala de imprensa\" \/>\n<meta property=\"og:image\" content=\"https:\/\/www.fiemg.com.br\/sala-de-imprensa\/wp-content\/uploads\/sites\/31\/2026\/03\/rodoanel_thumb.jpeg\" \/>\n\t<meta property=\"og:image:width\" content=\"512\" \/>\n\t<meta property=\"og:image:height\" content=\"512\" \/>\n\t<meta property=\"og:image:type\" content=\"image\/jpeg\" \/>\n<meta name=\"twitter:card\" content=\"summary_large_image\" \/>\n<meta name=\"twitter:label1\" content=\"Est. tempo de leitura\" \/>\n\t<meta name=\"twitter:data1\" content=\"5 minutos\" \/>\n<script type=\"application\/ld+json\" class=\"yoast-schema-graph\">{\"@context\":\"https:\/\/schema.org\",\"@graph\":[{\"@type\":\"WebPage\",\"@id\":\"https:\/\/www.fiemg.com.br\/sala-de-imprensa\/noticias\/projeto-do-rodoanel-de-bh-e-debatido-por-industria-governo-e-trabalhadores\/\",\"url\":\"https:\/\/www.fiemg.com.br\/sala-de-imprensa\/noticias\/projeto-do-rodoanel-de-bh-e-debatido-por-industria-governo-e-trabalhadores\/\",\"name\":\"Projeto do Rodoanel de BH \u00e9 debatido por ind\u00fastria, governo e trabalhadores - Sala de imprensa\",\"isPartOf\":{\"@id\":\"https:\/\/www.fiemg.com.br\/sala-de-imprensa\/#website\"},\"primaryImageOfPage\":{\"@id\":\"https:\/\/www.fiemg.com.br\/sala-de-imprensa\/noticias\/projeto-do-rodoanel-de-bh-e-debatido-por-industria-governo-e-trabalhadores\/#primaryimage\"},\"image\":{\"@id\":\"https:\/\/www.fiemg.com.br\/sala-de-imprensa\/noticias\/projeto-do-rodoanel-de-bh-e-debatido-por-industria-governo-e-trabalhadores\/#primaryimage\"},\"thumbnailUrl\":\"https:\/\/www.fiemg.com.br\/sala-de-imprensa\/wp-content\/uploads\/sites\/31\/2026\/03\/rodoanel_thumb.jpeg\",\"datePublished\":\"2026-03-11T21:25:03+00:00\",\"description\":\"Obra de R$ 5 bilh\u00f5es pode retirar cerca de 5 mil caminh\u00f5es por dia do Anel Rodovi\u00e1rio e melhorar a mobilidade na Grande BH\",\"breadcrumb\":{\"@id\":\"https:\/\/www.fiemg.com.br\/sala-de-imprensa\/noticias\/projeto-do-rodoanel-de-bh-e-debatido-por-industria-governo-e-trabalhadores\/#breadcrumb\"},\"inLanguage\":\"pt-BR\",\"potentialAction\":[{\"@type\":\"ReadAction\",\"target\":[\"https:\/\/www.fiemg.com.br\/sala-de-imprensa\/noticias\/projeto-do-rodoanel-de-bh-e-debatido-por-industria-governo-e-trabalhadores\/\"]}]},{\"@type\":\"ImageObject\",\"inLanguage\":\"pt-BR\",\"@id\":\"https:\/\/www.fiemg.com.br\/sala-de-imprensa\/noticias\/projeto-do-rodoanel-de-bh-e-debatido-por-industria-governo-e-trabalhadores\/#primaryimage\",\"url\":\"https:\/\/www.fiemg.com.br\/sala-de-imprensa\/wp-content\/uploads\/sites\/31\/2026\/03\/rodoanel_thumb.jpeg\",\"contentUrl\":\"https:\/\/www.fiemg.com.br\/sala-de-imprensa\/wp-content\/uploads\/sites\/31\/2026\/03\/rodoanel_thumb.jpeg\",\"width\":512,\"height\":512,\"caption\":\"Projeto do Rodoanel de BH avan\u00e7a e \u00e9 debatido por governo, ind\u00fastria e trabalhadores\"},{\"@type\":\"BreadcrumbList\",\"@id\":\"https:\/\/www.fiemg.com.br\/sala-de-imprensa\/noticias\/projeto-do-rodoanel-de-bh-e-debatido-por-industria-governo-e-trabalhadores\/#breadcrumb\",\"itemListElement\":[{\"@type\":\"ListItem\",\"position\":1,\"name\":\"In\u00edcio\",\"item\":\"https:\/\/www.fiemg.com.br\/sala-de-imprensa\/\"},{\"@type\":\"ListItem\",\"position\":2,\"name\":\"Projeto do Rodoanel de BH \u00e9 debatido por ind\u00fastria, governo e trabalhadores\"}]},{\"@type\":\"WebSite\",\"@id\":\"https:\/\/www.fiemg.com.br\/sala-de-imprensa\/#website\",\"url\":\"https:\/\/www.fiemg.com.br\/sala-de-imprensa\/\",\"name\":\"Sala de imprensa\",\"description\":\"\",\"publisher\":{\"@id\":\"https:\/\/www.fiemg.com.br\/sala-de-imprensa\/#organization\"},\"potentialAction\":[{\"@type\":\"SearchAction\",\"target\":{\"@type\":\"EntryPoint\",\"urlTemplate\":\"https:\/\/www.fiemg.com.br\/sala-de-imprensa\/?s={search_term_string}\"},\"query-input\":{\"@type\":\"PropertyValueSpecification\",\"valueRequired\":true,\"valueName\":\"search_term_string\"}}],\"inLanguage\":\"pt-BR\"},{\"@type\":\"Organization\",\"@id\":\"https:\/\/www.fiemg.com.br\/sala-de-imprensa\/#organization\",\"name\":\"Sala de imprensa\",\"url\":\"https:\/\/www.fiemg.com.br\/sala-de-imprensa\/\",\"logo\":{\"@type\":\"ImageObject\",\"inLanguage\":\"pt-BR\",\"@id\":\"https:\/\/www.fiemg.com.br\/sala-de-imprensa\/#\/schema\/logo\/image\/\",\"url\":\"https:\/\/www.fiemg.com.br\/sala-de-imprensa\/wp-content\/uploads\/sites\/31\/2025\/01\/Sistema-Fiemg_1.svg\",\"contentUrl\":\"https:\/\/www.fiemg.com.br\/sala-de-imprensa\/wp-content\/uploads\/sites\/31\/2025\/01\/Sistema-Fiemg_1.svg\",\"width\":472.89,\"height\":238.13,\"caption\":\"Sala de imprensa\"},\"image\":{\"@id\":\"https:\/\/www.fiemg.com.br\/sala-de-imprensa\/#\/schema\/logo\/image\/\"}}]}<\/script>\n<!-- \/ Yoast SEO plugin. -->","yoast_head_json":{"title":"Projeto do Rodoanel de BH \u00e9 debatido por ind\u00fastria, governo e trabalhadores - Sala de imprensa","description":"Obra de R$ 5 bilh\u00f5es pode retirar cerca de 5 mil caminh\u00f5es por dia do Anel Rodovi\u00e1rio e melhorar a mobilidade na Grande BH","robots":{"index":"index","follow":"follow","max-snippet":"max-snippet:-1","max-image-preview":"max-image-preview:large","max-video-preview":"max-video-preview:-1"},"canonical":"https:\/\/www.fiemg.com.br\/sala-de-imprensa\/noticias\/projeto-do-rodoanel-de-bh-e-debatido-por-industria-governo-e-trabalhadores\/","og_locale":"pt_BR","og_type":"article","og_title":"Projeto do Rodoanel de BH \u00e9 debatido por ind\u00fastria, governo e trabalhadores - Sala de imprensa","og_description":"Obra de R$ 5 bilh\u00f5es pode retirar cerca de 5 mil caminh\u00f5es por dia do Anel Rodovi\u00e1rio e melhorar a mobilidade na Grande BH","og_url":"https:\/\/www.fiemg.com.br\/sala-de-imprensa\/noticias\/projeto-do-rodoanel-de-bh-e-debatido-por-industria-governo-e-trabalhadores\/","og_site_name":"Sala de imprensa","og_image":[{"width":512,"height":512,"url":"https:\/\/www.fiemg.com.br\/sala-de-imprensa\/wp-content\/uploads\/sites\/31\/2026\/03\/rodoanel_thumb.jpeg","type":"image\/jpeg"}],"twitter_card":"summary_large_image","twitter_misc":{"Est. tempo de leitura":"5 minutos"},"schema":{"@context":"https:\/\/schema.org","@graph":[{"@type":"WebPage","@id":"https:\/\/www.fiemg.com.br\/sala-de-imprensa\/noticias\/projeto-do-rodoanel-de-bh-e-debatido-por-industria-governo-e-trabalhadores\/","url":"https:\/\/www.fiemg.com.br\/sala-de-imprensa\/noticias\/projeto-do-rodoanel-de-bh-e-debatido-por-industria-governo-e-trabalhadores\/","name":"Projeto do Rodoanel de BH \u00e9 debatido por ind\u00fastria, governo e trabalhadores - Sala de imprensa","isPartOf":{"@id":"https:\/\/www.fiemg.com.br\/sala-de-imprensa\/#website"},"primaryImageOfPage":{"@id":"https:\/\/www.fiemg.com.br\/sala-de-imprensa\/noticias\/projeto-do-rodoanel-de-bh-e-debatido-por-industria-governo-e-trabalhadores\/#primaryimage"},"image":{"@id":"https:\/\/www.fiemg.com.br\/sala-de-imprensa\/noticias\/projeto-do-rodoanel-de-bh-e-debatido-por-industria-governo-e-trabalhadores\/#primaryimage"},"thumbnailUrl":"https:\/\/www.fiemg.com.br\/sala-de-imprensa\/wp-content\/uploads\/sites\/31\/2026\/03\/rodoanel_thumb.jpeg","datePublished":"2026-03-11T21:25:03+00:00","description":"Obra de R$ 5 bilh\u00f5es pode retirar cerca de 5 mil caminh\u00f5es por dia do Anel Rodovi\u00e1rio e melhorar a mobilidade na Grande BH","breadcrumb":{"@id":"https:\/\/www.fiemg.com.br\/sala-de-imprensa\/noticias\/projeto-do-rodoanel-de-bh-e-debatido-por-industria-governo-e-trabalhadores\/#breadcrumb"},"inLanguage":"pt-BR","potentialAction":[{"@type":"ReadAction","target":["https:\/\/www.fiemg.com.br\/sala-de-imprensa\/noticias\/projeto-do-rodoanel-de-bh-e-debatido-por-industria-governo-e-trabalhadores\/"]}]},{"@type":"ImageObject","inLanguage":"pt-BR","@id":"https:\/\/www.fiemg.com.br\/sala-de-imprensa\/noticias\/projeto-do-rodoanel-de-bh-e-debatido-por-industria-governo-e-trabalhadores\/#primaryimage","url":"https:\/\/www.fiemg.com.br\/sala-de-imprensa\/wp-content\/uploads\/sites\/31\/2026\/03\/rodoanel_thumb.jpeg","contentUrl":"https:\/\/www.fiemg.com.br\/sala-de-imprensa\/wp-content\/uploads\/sites\/31\/2026\/03\/rodoanel_thumb.jpeg","width":512,"height":512,"caption":"Projeto do Rodoanel de BH avan\u00e7a e \u00e9 debatido por governo, ind\u00fastria e trabalhadores"},{"@type":"BreadcrumbList","@id":"https:\/\/www.fiemg.com.br\/sala-de-imprensa\/noticias\/projeto-do-rodoanel-de-bh-e-debatido-por-industria-governo-e-trabalhadores\/#breadcrumb","itemListElement":[{"@type":"ListItem","position":1,"name":"In\u00edcio","item":"https:\/\/www.fiemg.com.br\/sala-de-imprensa\/"},{"@type":"ListItem","position":2,"name":"Projeto do Rodoanel de BH \u00e9 debatido por ind\u00fastria, governo e trabalhadores"}]},{"@type":"WebSite","@id":"https:\/\/www.fiemg.com.br\/sala-de-imprensa\/#website","url":"https:\/\/www.fiemg.com.br\/sala-de-imprensa\/","name":"Sala de imprensa","description":"","publisher":{"@id":"https:\/\/www.fiemg.com.br\/sala-de-imprensa\/#organization"},"potentialAction":[{"@type":"SearchAction","target":{"@type":"EntryPoint","urlTemplate":"https:\/\/www.fiemg.com.br\/sala-de-imprensa\/?s={search_term_string}"},"query-input":{"@type":"PropertyValueSpecification","valueRequired":true,"valueName":"search_term_string"}}],"inLanguage":"pt-BR"},{"@type":"Organization","@id":"https:\/\/www.fiemg.com.br\/sala-de-imprensa\/#organization","name":"Sala de imprensa","url":"https:\/\/www.fiemg.com.br\/sala-de-imprensa\/","logo":{"@type":"ImageObject","inLanguage":"pt-BR","@id":"https:\/\/www.fiemg.com.br\/sala-de-imprensa\/#\/schema\/logo\/image\/","url":"https:\/\/www.fiemg.com.br\/sala-de-imprensa\/wp-content\/uploads\/sites\/31\/2025\/01\/Sistema-Fiemg_1.svg","contentUrl":"https:\/\/www.fiemg.com.br\/sala-de-imprensa\/wp-content\/uploads\/sites\/31\/2025\/01\/Sistema-Fiemg_1.svg","width":472.89,"height":238.13,"caption":"Sala de imprensa"},"image":{"@id":"https:\/\/www.fiemg.com.br\/sala-de-imprensa\/#\/schema\/logo\/image\/"}}]}},"_links":{"self":[{"href":"https:\/\/www.fiemg.com.br\/sala-de-imprensa\/wp-json\/wp\/v2\/noticias\/842","targetHints":{"allow":["GET"]}}],"collection":[{"href":"https:\/\/www.fiemg.com.br\/sala-de-imprensa\/wp-json\/wp\/v2\/noticias"}],"about":[{"href":"https:\/\/www.fiemg.com.br\/sala-de-imprensa\/wp-json\/wp\/v2\/types\/noticias"}],"wp:featuredmedia":[{"embeddable":true,"href":"https:\/\/www.fiemg.com.br\/sala-de-imprensa\/wp-json\/wp\/v2\/media\/843"}],"wp:attachment":[{"href":"https:\/\/www.fiemg.com.br\/sala-de-imprensa\/wp-json\/wp\/v2\/media?parent=842"}],"wp:term":[{"taxonomy":"category","embeddable":true,"href":"https:\/\/www.fiemg.com.br\/sala-de-imprensa\/wp-json\/wp\/v2\/categories?post=842"},{"taxonomy":"post_tag","embeddable":true,"href":"https:\/\/www.fiemg.com.br\/sala-de-imprensa\/wp-json\/wp\/v2\/tags?post=842"}],"curies":[{"name":"wp","href":"https:\/\/api.w.org\/{rel}","templated":true}]}}