{"id":846,"date":"2026-03-12T17:45:42","date_gmt":"2026-03-12T20:45:42","guid":{"rendered":"https:\/\/www.fiemg.com.br\/sala-de-imprensa\/noticias\/fiemg-avalia-medidas-para-combustiveis-como-necessarias-diante-da-crise-internacional-mas-alerta-para-desafios-fiscais-e-tributarios\/"},"modified":"2026-03-12T17:45:42","modified_gmt":"2026-03-12T20:45:42","slug":"fiemg-avalia-medidas-para-combustiveis-como-necessarias-diante-da-crise-internacional-mas-alerta-para-desafios-fiscais-e-tributarios","status":"publish","type":"noticias","link":"https:\/\/www.fiemg.com.br\/sala-de-imprensa\/noticias\/fiemg-avalia-medidas-para-combustiveis-como-necessarias-diante-da-crise-internacional-mas-alerta-para-desafios-fiscais-e-tributarios\/","title":{"rendered":"FIEMG avalia medidas para combust\u00edveis como necess\u00e1rias diante da crise internacional, mas alerta para desafios fiscais e tribut\u00e1rios"},"content":{"rendered":"\n<figure class=\"wp-block-image aligncenter size-full is-resized\"><img fetchpriority=\"high\" decoding=\"async\" width=\"941\" height=\"434\" src=\"https:\/\/www.fiemg.com.br\/sala-de-imprensa\/wp-content\/uploads\/sites\/31\/2026\/03\/pis-2.png\" alt=\"\" class=\"wp-image-847\" style=\"width:1088px;height:auto\" srcset=\"https:\/\/www.fiemg.com.br\/sala-de-imprensa\/wp-content\/uploads\/sites\/31\/2026\/03\/pis-2.png 941w, https:\/\/www.fiemg.com.br\/sala-de-imprensa\/wp-content\/uploads\/sites\/31\/2026\/03\/pis-2-300x138.png 300w, https:\/\/www.fiemg.com.br\/sala-de-imprensa\/wp-content\/uploads\/sites\/31\/2026\/03\/pis-2-768x354.png 768w\" sizes=\"(max-width: 941px) 100vw, 941px\" \/><\/figure>\n\n\n\n<p>A Federa\u00e7\u00e3o das Ind\u00fastrias do Estado de Minas Gerais (FIEMG) avalia que as medidas anunciadas nesta quinta-feira (12) pelo Governo Federal para o mercado de combust\u00edveis buscam reduzir os impactos da volatilidade internacional do petr\u00f3leo sobre a economia brasileira, especialmente em um momento de forte instabilidade geopol\u00edtica no Oriente M\u00e9dio. Para a entidade, a utiliza\u00e7\u00e3o de instrumentos tribut\u00e1rios e regulat\u00f3rios para conter press\u00f5es inflacion\u00e1rias e preservar o abastecimento interno \u00e9 compreens\u00edvel em um cen\u00e1rio de crise internacional, que tem provocado aumento nos custos de energia e transporte e gerado reflexos diretos sobre a atividade econ\u00f4mica.<\/p>\n\n\n\n<p>Na avalia\u00e7\u00e3o do presidente da FIEMG, Fl\u00e1vio Roscoe, iniciativas voltadas \u00e0 estabilidade do mercado de combust\u00edveis ajudam a proteger setores estrat\u00e9gicos da economia, como transporte e ind\u00fastria, altamente dependentes do diesel. \u201cEm um cen\u00e1rio de instabilidade global, \u00e9 leg\u00edtimo que o governo utilize instrumentos de pol\u00edtica econ\u00f4mica para reduzir impactos abruptos sobre a economia dom\u00e9stica. A previsibilidade no custo dos combust\u00edveis \u00e9 fundamental para preservar a competitividade da ind\u00fastria e evitar press\u00f5es adicionais sobre a infla\u00e7\u00e3o\u201d, afirma Roscoe.<\/p>\n\n\n\n<p>O dirigente ressalta, no entanto, que o debate tamb\u00e9m exp\u00f5e desafios estruturais relacionados \u00e0 pol\u00edtica econ\u00f4mica e ao sistema tribut\u00e1rio brasileiro. \u201cHoje o governo ainda disp\u00f5e de instrumentos tribut\u00e1rios que permitem reagir rapidamente a choques externos. Com a implementa\u00e7\u00e3o da Reforma Tribut\u00e1ria do Consumo, essa margem de manobra tende a diminuir, o que exigir\u00e1 do pa\u00eds o desenvolvimento de novos mecanismos para lidar com momentos de forte instabilidade internacional\u201d, acrescenta.<\/p>\n\n\n\n<p>Para a FIEMG, o epis\u00f3dio refor\u00e7a a import\u00e2ncia de pol\u00edticas p\u00fablicas que conciliem estabilidade econ\u00f4mica, seguran\u00e7a no abastecimento e responsabilidade fiscal, fatores essenciais para a competitividade da ind\u00fastria e o crescimento sustent\u00e1vel da economia brasileira.<br><br><strong>Imprensa FIEMG<\/strong><\/p>\n","protected":false},"featured_media":848,"template":"","categories":[53],"tags":[9,17],"class_list":["post-846","noticias","type-noticias","status-publish","has-post-thumbnail","hentry","category-destaques","tag-fiemg","tag-industria"],"acf":[],"yoast_head":"<!-- This site is optimized with the Yoast SEO plugin v26.2 - https:\/\/yoast.com\/wordpress\/plugins\/seo\/ -->\n<title>FIEMG avalia medidas para combust\u00edveis como necess\u00e1rias diante da crise internacional, mas alerta para desafios fiscais e tribut\u00e1rios - Sala de imprensa<\/title>\n<meta name=\"description\" content=\"Entidade defende estabilidade no custo do combust\u00edvel para preservar competitividade da ind\u00fastria e ressalta limites futuros da pol\u00edtica tribut\u00e1ria com a reforma do sistema de consumo\" \/>\n<meta name=\"robots\" content=\"index, follow, max-snippet:-1, max-image-preview:large, max-video-preview:-1\" \/>\n<link rel=\"canonical\" href=\"https:\/\/www.fiemg.com.br\/sala-de-imprensa\/noticias\/fiemg-avalia-medidas-para-combustiveis-como-necessarias-diante-da-crise-internacional-mas-alerta-para-desafios-fiscais-e-tributarios\/\" \/>\n<meta property=\"og:locale\" content=\"pt_BR\" \/>\n<meta property=\"og:type\" content=\"article\" \/>\n<meta property=\"og:title\" content=\"FIEMG avalia medidas para combust\u00edveis como necess\u00e1rias diante da crise internacional, mas alerta para desafios fiscais e tribut\u00e1rios - Sala de imprensa\" \/>\n<meta property=\"og:description\" content=\"Entidade defende estabilidade no custo do combust\u00edvel para preservar competitividade da ind\u00fastria e ressalta limites futuros da pol\u00edtica tribut\u00e1ria com a reforma do sistema de consumo\" \/>\n<meta property=\"og:url\" content=\"https:\/\/www.fiemg.com.br\/sala-de-imprensa\/noticias\/fiemg-avalia-medidas-para-combustiveis-como-necessarias-diante-da-crise-internacional-mas-alerta-para-desafios-fiscais-e-tributarios\/\" \/>\n<meta property=\"og:site_name\" content=\"Sala de imprensa\" \/>\n<meta property=\"og:image\" content=\"https:\/\/www.fiemg.com.br\/sala-de-imprensa\/wp-content\/uploads\/sites\/31\/2026\/03\/PIS-CONFINS.jpeg\" \/>\n\t<meta property=\"og:image:width\" content=\"768\" \/>\n\t<meta property=\"og:image:height\" content=\"512\" \/>\n\t<meta property=\"og:image:type\" content=\"image\/jpeg\" \/>\n<meta name=\"twitter:card\" content=\"summary_large_image\" \/>\n<meta name=\"twitter:label1\" content=\"Est. tempo de leitura\" \/>\n\t<meta name=\"twitter:data1\" content=\"2 minutos\" \/>\n<script type=\"application\/ld+json\" class=\"yoast-schema-graph\">{\"@context\":\"https:\/\/schema.org\",\"@graph\":[{\"@type\":\"WebPage\",\"@id\":\"https:\/\/www.fiemg.com.br\/sala-de-imprensa\/noticias\/fiemg-avalia-medidas-para-combustiveis-como-necessarias-diante-da-crise-internacional-mas-alerta-para-desafios-fiscais-e-tributarios\/\",\"url\":\"https:\/\/www.fiemg.com.br\/sala-de-imprensa\/noticias\/fiemg-avalia-medidas-para-combustiveis-como-necessarias-diante-da-crise-internacional-mas-alerta-para-desafios-fiscais-e-tributarios\/\",\"name\":\"FIEMG avalia medidas para combust\u00edveis como necess\u00e1rias diante da crise internacional, mas alerta para desafios fiscais e tribut\u00e1rios - Sala de imprensa\",\"isPartOf\":{\"@id\":\"https:\/\/www.fiemg.com.br\/sala-de-imprensa\/#website\"},\"primaryImageOfPage\":{\"@id\":\"https:\/\/www.fiemg.com.br\/sala-de-imprensa\/noticias\/fiemg-avalia-medidas-para-combustiveis-como-necessarias-diante-da-crise-internacional-mas-alerta-para-desafios-fiscais-e-tributarios\/#primaryimage\"},\"image\":{\"@id\":\"https:\/\/www.fiemg.com.br\/sala-de-imprensa\/noticias\/fiemg-avalia-medidas-para-combustiveis-como-necessarias-diante-da-crise-internacional-mas-alerta-para-desafios-fiscais-e-tributarios\/#primaryimage\"},\"thumbnailUrl\":\"https:\/\/www.fiemg.com.br\/sala-de-imprensa\/wp-content\/uploads\/sites\/31\/2026\/03\/PIS-CONFINS.jpeg\",\"datePublished\":\"2026-03-12T20:45:42+00:00\",\"description\":\"Entidade defende estabilidade no custo do combust\u00edvel para preservar competitividade da ind\u00fastria e ressalta limites futuros da pol\u00edtica tribut\u00e1ria com a reforma do sistema de consumo\",\"breadcrumb\":{\"@id\":\"https:\/\/www.fiemg.com.br\/sala-de-imprensa\/noticias\/fiemg-avalia-medidas-para-combustiveis-como-necessarias-diante-da-crise-internacional-mas-alerta-para-desafios-fiscais-e-tributarios\/#breadcrumb\"},\"inLanguage\":\"pt-BR\",\"potentialAction\":[{\"@type\":\"ReadAction\",\"target\":[\"https:\/\/www.fiemg.com.br\/sala-de-imprensa\/noticias\/fiemg-avalia-medidas-para-combustiveis-como-necessarias-diante-da-crise-internacional-mas-alerta-para-desafios-fiscais-e-tributarios\/\"]}]},{\"@type\":\"ImageObject\",\"inLanguage\":\"pt-BR\",\"@id\":\"https:\/\/www.fiemg.com.br\/sala-de-imprensa\/noticias\/fiemg-avalia-medidas-para-combustiveis-como-necessarias-diante-da-crise-internacional-mas-alerta-para-desafios-fiscais-e-tributarios\/#primaryimage\",\"url\":\"https:\/\/www.fiemg.com.br\/sala-de-imprensa\/wp-content\/uploads\/sites\/31\/2026\/03\/PIS-CONFINS.jpeg\",\"contentUrl\":\"https:\/\/www.fiemg.com.br\/sala-de-imprensa\/wp-content\/uploads\/sites\/31\/2026\/03\/PIS-CONFINS.jpeg\",\"width\":768,\"height\":512},{\"@type\":\"BreadcrumbList\",\"@id\":\"https:\/\/www.fiemg.com.br\/sala-de-imprensa\/noticias\/fiemg-avalia-medidas-para-combustiveis-como-necessarias-diante-da-crise-internacional-mas-alerta-para-desafios-fiscais-e-tributarios\/#breadcrumb\",\"itemListElement\":[{\"@type\":\"ListItem\",\"position\":1,\"name\":\"In\u00edcio\",\"item\":\"https:\/\/www.fiemg.com.br\/sala-de-imprensa\/\"},{\"@type\":\"ListItem\",\"position\":2,\"name\":\"FIEMG avalia medidas para combust\u00edveis como necess\u00e1rias diante da crise internacional, mas alerta para desafios fiscais e tribut\u00e1rios\"}]},{\"@type\":\"WebSite\",\"@id\":\"https:\/\/www.fiemg.com.br\/sala-de-imprensa\/#website\",\"url\":\"https:\/\/www.fiemg.com.br\/sala-de-imprensa\/\",\"name\":\"Sala de imprensa\",\"description\":\"\",\"publisher\":{\"@id\":\"https:\/\/www.fiemg.com.br\/sala-de-imprensa\/#organization\"},\"potentialAction\":[{\"@type\":\"SearchAction\",\"target\":{\"@type\":\"EntryPoint\",\"urlTemplate\":\"https:\/\/www.fiemg.com.br\/sala-de-imprensa\/?s={search_term_string}\"},\"query-input\":{\"@type\":\"PropertyValueSpecification\",\"valueRequired\":true,\"valueName\":\"search_term_string\"}}],\"inLanguage\":\"pt-BR\"},{\"@type\":\"Organization\",\"@id\":\"https:\/\/www.fiemg.com.br\/sala-de-imprensa\/#organization\",\"name\":\"Sala de imprensa\",\"url\":\"https:\/\/www.fiemg.com.br\/sala-de-imprensa\/\",\"logo\":{\"@type\":\"ImageObject\",\"inLanguage\":\"pt-BR\",\"@id\":\"https:\/\/www.fiemg.com.br\/sala-de-imprensa\/#\/schema\/logo\/image\/\",\"url\":\"https:\/\/www.fiemg.com.br\/sala-de-imprensa\/wp-content\/uploads\/sites\/31\/2025\/01\/Sistema-Fiemg_1.svg\",\"contentUrl\":\"https:\/\/www.fiemg.com.br\/sala-de-imprensa\/wp-content\/uploads\/sites\/31\/2025\/01\/Sistema-Fiemg_1.svg\",\"width\":472.89,\"height\":238.13,\"caption\":\"Sala de imprensa\"},\"image\":{\"@id\":\"https:\/\/www.fiemg.com.br\/sala-de-imprensa\/#\/schema\/logo\/image\/\"}}]}<\/script>\n<!-- \/ Yoast SEO plugin. -->","yoast_head_json":{"title":"FIEMG avalia medidas para combust\u00edveis como necess\u00e1rias diante da crise internacional, mas alerta para desafios fiscais e tribut\u00e1rios - Sala de imprensa","description":"Entidade defende estabilidade no custo do combust\u00edvel para preservar competitividade da ind\u00fastria e ressalta limites futuros da pol\u00edtica tribut\u00e1ria com a reforma do sistema de consumo","robots":{"index":"index","follow":"follow","max-snippet":"max-snippet:-1","max-image-preview":"max-image-preview:large","max-video-preview":"max-video-preview:-1"},"canonical":"https:\/\/www.fiemg.com.br\/sala-de-imprensa\/noticias\/fiemg-avalia-medidas-para-combustiveis-como-necessarias-diante-da-crise-internacional-mas-alerta-para-desafios-fiscais-e-tributarios\/","og_locale":"pt_BR","og_type":"article","og_title":"FIEMG avalia medidas para combust\u00edveis como necess\u00e1rias diante da crise internacional, mas alerta para desafios fiscais e tribut\u00e1rios - Sala de imprensa","og_description":"Entidade defende estabilidade no custo do combust\u00edvel para preservar competitividade da ind\u00fastria e ressalta limites futuros da pol\u00edtica tribut\u00e1ria com a reforma do sistema de consumo","og_url":"https:\/\/www.fiemg.com.br\/sala-de-imprensa\/noticias\/fiemg-avalia-medidas-para-combustiveis-como-necessarias-diante-da-crise-internacional-mas-alerta-para-desafios-fiscais-e-tributarios\/","og_site_name":"Sala de imprensa","og_image":[{"width":768,"height":512,"url":"https:\/\/www.fiemg.com.br\/sala-de-imprensa\/wp-content\/uploads\/sites\/31\/2026\/03\/PIS-CONFINS.jpeg","type":"image\/jpeg"}],"twitter_card":"summary_large_image","twitter_misc":{"Est. tempo de leitura":"2 minutos"},"schema":{"@context":"https:\/\/schema.org","@graph":[{"@type":"WebPage","@id":"https:\/\/www.fiemg.com.br\/sala-de-imprensa\/noticias\/fiemg-avalia-medidas-para-combustiveis-como-necessarias-diante-da-crise-internacional-mas-alerta-para-desafios-fiscais-e-tributarios\/","url":"https:\/\/www.fiemg.com.br\/sala-de-imprensa\/noticias\/fiemg-avalia-medidas-para-combustiveis-como-necessarias-diante-da-crise-internacional-mas-alerta-para-desafios-fiscais-e-tributarios\/","name":"FIEMG avalia medidas para combust\u00edveis como necess\u00e1rias diante da crise internacional, mas alerta para desafios fiscais e tribut\u00e1rios - Sala de imprensa","isPartOf":{"@id":"https:\/\/www.fiemg.com.br\/sala-de-imprensa\/#website"},"primaryImageOfPage":{"@id":"https:\/\/www.fiemg.com.br\/sala-de-imprensa\/noticias\/fiemg-avalia-medidas-para-combustiveis-como-necessarias-diante-da-crise-internacional-mas-alerta-para-desafios-fiscais-e-tributarios\/#primaryimage"},"image":{"@id":"https:\/\/www.fiemg.com.br\/sala-de-imprensa\/noticias\/fiemg-avalia-medidas-para-combustiveis-como-necessarias-diante-da-crise-internacional-mas-alerta-para-desafios-fiscais-e-tributarios\/#primaryimage"},"thumbnailUrl":"https:\/\/www.fiemg.com.br\/sala-de-imprensa\/wp-content\/uploads\/sites\/31\/2026\/03\/PIS-CONFINS.jpeg","datePublished":"2026-03-12T20:45:42+00:00","description":"Entidade defende estabilidade no custo do combust\u00edvel para preservar competitividade da ind\u00fastria e ressalta limites futuros da pol\u00edtica tribut\u00e1ria com a reforma do sistema de consumo","breadcrumb":{"@id":"https:\/\/www.fiemg.com.br\/sala-de-imprensa\/noticias\/fiemg-avalia-medidas-para-combustiveis-como-necessarias-diante-da-crise-internacional-mas-alerta-para-desafios-fiscais-e-tributarios\/#breadcrumb"},"inLanguage":"pt-BR","potentialAction":[{"@type":"ReadAction","target":["https:\/\/www.fiemg.com.br\/sala-de-imprensa\/noticias\/fiemg-avalia-medidas-para-combustiveis-como-necessarias-diante-da-crise-internacional-mas-alerta-para-desafios-fiscais-e-tributarios\/"]}]},{"@type":"ImageObject","inLanguage":"pt-BR","@id":"https:\/\/www.fiemg.com.br\/sala-de-imprensa\/noticias\/fiemg-avalia-medidas-para-combustiveis-como-necessarias-diante-da-crise-internacional-mas-alerta-para-desafios-fiscais-e-tributarios\/#primaryimage","url":"https:\/\/www.fiemg.com.br\/sala-de-imprensa\/wp-content\/uploads\/sites\/31\/2026\/03\/PIS-CONFINS.jpeg","contentUrl":"https:\/\/www.fiemg.com.br\/sala-de-imprensa\/wp-content\/uploads\/sites\/31\/2026\/03\/PIS-CONFINS.jpeg","width":768,"height":512},{"@type":"BreadcrumbList","@id":"https:\/\/www.fiemg.com.br\/sala-de-imprensa\/noticias\/fiemg-avalia-medidas-para-combustiveis-como-necessarias-diante-da-crise-internacional-mas-alerta-para-desafios-fiscais-e-tributarios\/#breadcrumb","itemListElement":[{"@type":"ListItem","position":1,"name":"In\u00edcio","item":"https:\/\/www.fiemg.com.br\/sala-de-imprensa\/"},{"@type":"ListItem","position":2,"name":"FIEMG avalia medidas para combust\u00edveis como necess\u00e1rias diante da crise internacional, mas alerta para desafios fiscais e tribut\u00e1rios"}]},{"@type":"WebSite","@id":"https:\/\/www.fiemg.com.br\/sala-de-imprensa\/#website","url":"https:\/\/www.fiemg.com.br\/sala-de-imprensa\/","name":"Sala de imprensa","description":"","publisher":{"@id":"https:\/\/www.fiemg.com.br\/sala-de-imprensa\/#organization"},"potentialAction":[{"@type":"SearchAction","target":{"@type":"EntryPoint","urlTemplate":"https:\/\/www.fiemg.com.br\/sala-de-imprensa\/?s={search_term_string}"},"query-input":{"@type":"PropertyValueSpecification","valueRequired":true,"valueName":"search_term_string"}}],"inLanguage":"pt-BR"},{"@type":"Organization","@id":"https:\/\/www.fiemg.com.br\/sala-de-imprensa\/#organization","name":"Sala de imprensa","url":"https:\/\/www.fiemg.com.br\/sala-de-imprensa\/","logo":{"@type":"ImageObject","inLanguage":"pt-BR","@id":"https:\/\/www.fiemg.com.br\/sala-de-imprensa\/#\/schema\/logo\/image\/","url":"https:\/\/www.fiemg.com.br\/sala-de-imprensa\/wp-content\/uploads\/sites\/31\/2025\/01\/Sistema-Fiemg_1.svg","contentUrl":"https:\/\/www.fiemg.com.br\/sala-de-imprensa\/wp-content\/uploads\/sites\/31\/2025\/01\/Sistema-Fiemg_1.svg","width":472.89,"height":238.13,"caption":"Sala de imprensa"},"image":{"@id":"https:\/\/www.fiemg.com.br\/sala-de-imprensa\/#\/schema\/logo\/image\/"}}]}},"_links":{"self":[{"href":"https:\/\/www.fiemg.com.br\/sala-de-imprensa\/wp-json\/wp\/v2\/noticias\/846","targetHints":{"allow":["GET"]}}],"collection":[{"href":"https:\/\/www.fiemg.com.br\/sala-de-imprensa\/wp-json\/wp\/v2\/noticias"}],"about":[{"href":"https:\/\/www.fiemg.com.br\/sala-de-imprensa\/wp-json\/wp\/v2\/types\/noticias"}],"wp:featuredmedia":[{"embeddable":true,"href":"https:\/\/www.fiemg.com.br\/sala-de-imprensa\/wp-json\/wp\/v2\/media\/848"}],"wp:attachment":[{"href":"https:\/\/www.fiemg.com.br\/sala-de-imprensa\/wp-json\/wp\/v2\/media?parent=846"}],"wp:term":[{"taxonomy":"category","embeddable":true,"href":"https:\/\/www.fiemg.com.br\/sala-de-imprensa\/wp-json\/wp\/v2\/categories?post=846"},{"taxonomy":"post_tag","embeddable":true,"href":"https:\/\/www.fiemg.com.br\/sala-de-imprensa\/wp-json\/wp\/v2\/tags?post=846"}],"curies":[{"name":"wp","href":"https:\/\/api.w.org\/{rel}","templated":true}]}}