{"id":2039,"date":"2023-08-07T12:35:19","date_gmt":"2023-08-07T12:35:19","guid":{"rendered":"https:\/\/www.fiemg.com.br\/senai\/noticias\/abertas-as-inscricoes-para-o-concurso-silemg-de-redacao-e-desenho-2023\/"},"modified":"2023-08-08T12:57:54","modified_gmt":"2023-08-08T12:57:54","slug":"abertas-as-inscricoes-para-o-concurso-silemg-de-redacao-e-desenho-2023","status":"publish","type":"noticias","link":"https:\/\/www.fiemg.com.br\/senai\/noticias\/abertas-as-inscricoes-para-o-concurso-silemg-de-redacao-e-desenho-2023\/","title":{"rendered":"Abertas as inscri\u00e7\u00f5es para o Concurso SILEMG de Reda\u00e7\u00e3o e Desenho 2023"},"content":{"rendered":"<p><em id=\"descricao-noticia\">Estudantes do ensino fundamental e m\u00e9dio podem enviar suas produ\u00e7\u00f5es at\u00e9 o dia 31 de agosto<\/em><\/p>\n<p>Est\u00e3o abertas, at\u00e9 o dia 31 de agosto, as inscri\u00e7\u00f5es para o Concurso de Reda\u00e7\u00e3o e Desenho promovido todos os anos pelo Sindicato da Ind\u00fastria de Latic\u00ednios e Produtos Derivados no Estado de Minas Gerais. O objetivo do SILEMG \u00e9 estimular o conhecimento sobre o leite, seus derivados e sua import\u00e2ncia em uma alimenta\u00e7\u00e3o saud\u00e1vel.<\/p>\n<p>Podem participar estudantes de escolas particulares, escolas p\u00fablicas estaduais e municipais e das Redes SESI e SENAI, localizadas no estado de Minas Gerais, dos n\u00edveis fundamental, m\u00e9dio e EJA e das modalidades Curso T\u00e9cnico e Aprendizagem Industrial da Rede SENAI.<\/p>\n<p>O concurso tamb\u00e9m busca desenvolver reflex\u00f5es sobre como o conhecimento nutre e molda o futuro. Assim, o participante \u00e9 encorajado a expressar suas perspectivas baseando em conversas com a fam\u00edlia, pesquisas e orienta\u00e7\u00f5es de seus professores.<\/p>\n<p>Pra a gerente da educa\u00e7\u00e3o b\u00e1sica da Rede SESI, Fl\u00e1via Bento, o concurso \u00e9 de suma import\u00e2ncia para enriquecer o conhecimento dos estudantes. \u201cA mente n\u00e3o produz o que ela n\u00e3o tem. Ent\u00e3o, \u00e9 necess\u00e1rio que a gente abaste\u00e7a o aluno de informa\u00e7\u00e3o para que ele possa ter uma progress\u00e3o textual. Movimentos como esse, que incentivam o processo de constru\u00e7\u00e3o do conhecimento, s\u00f3 instigam o aluno a participar\u201d, explica.<\/p>\n<p>O diretor comercial da Tetra Pak Brasil, F\u00e1bio Soares, afirma que \u00e9\u00a0um prazer para a Tetra Pak apoiar esse projeto.\u00a0\u201cEm 65 anos de Tetra Pak no Brasil, a gente tem feito um trabalho muito forte, principalmente com a imagem do leite, e nada melhor do que atuar com esses jovens que est\u00e3o divulgando dentro das fam\u00edlias e das comunidades os benef\u00edcios desse alimento\u201d, diz.<\/p>\n<p>Nesta edi\u00e7\u00e3o do\u00a0<strong>Concurso SILEMG de Reda\u00e7\u00e3o e Desenho<\/strong>\u00a0ser\u00e3o tratados os seguintes temas:<\/p>\n<p><strong>Desenho:<\/strong>\u00a0\u201cO esporte pede leite\u201d &#8211; alunos do 1\u00ba ao 5\u00ba ano do Ensino Fundamental<\/p>\n<p><strong>Reda\u00e7\u00e3o<\/strong>: \u201cA hist\u00f3ria do leite em Minas Gerais\u201d &#8211; alunos do 6\u00ba ao 9\u00ba ano do Ensino Fundamental e M\u00e9dio &#8211; 1\u00ba ao 3\u00ba ano.<\/p>\n<p>Os alunos selecionados podem ganhar, conforme o grupo em que compete, um Notebook Intel Core i3 al\u00e9m de R$ 1.000, o segundo e o terceiro lugar tamb\u00e9m ganham pr\u00eamios. No regulamento est\u00e3o descritas as regras de participa\u00e7\u00e3o, bem como as premia\u00e7\u00f5es e prazos. Acesse\u00a0<a href=\"https:\/\/acrobat.adobe.com\/link\/review?uri=urn%3Aaaid%3Ascds%3AUS%3Ac2ad5aeb-f1db-3619-855a-436649f652db\" target=\"_blank\" rel=\"noopener\"><strong>aqui<\/strong><\/a>\u00a0para ler o regulamento do concurso.<\/p>\n<p>O concurso \u00e9 realizado pelo SILEMG, com patroc\u00ednio da Tetra Pak e apoio: Secretaria de Educa\u00e7\u00e3o de Minas Gerais, Secretaria de Agricultura, Sesi e SENAI.<\/p>\n<p>Lembrando que as inscri\u00e7\u00f5es devem ser realizadas, exclusivamente, pelas escolas, at\u00e9 o dia 31 agosto.<\/p>\n<p><a href=\"https:\/\/www.silemg.com.br\/concurso-redacao-desenho\" target=\"_blank\" rel=\"noopener\"><span class=\"btn\"><strong>Baixe os formul\u00e1rios de participa\u00e7\u00e3o e fa\u00e7a sua inscri\u00e7\u00e3o aqui<\/strong><\/span><\/a><\/p>\n<p><em>Ana Paula Motta<\/em><br \/>\n<strong>Imprensa FIEMG<\/strong><\/p>\n","protected":false},"featured_media":2040,"template":"","categories":[16],"tags":[],"class_list":["post-2039","noticias","type-noticias","status-publish","has-post-thumbnail","hentry","category-educacao"],"acf":[],"yoast_head":"<!-- This site is optimized with the Yoast SEO plugin v26.2 - https:\/\/yoast.com\/wordpress\/plugins\/seo\/ -->\n<title>Abertas as inscri\u00e7\u00f5es para o Concurso SILEMG de Reda\u00e7\u00e3o e Desenho 2023 - SENAI<\/title>\n<meta name=\"robots\" content=\"index, follow, max-snippet:-1, max-image-preview:large, max-video-preview:-1\" \/>\n<link rel=\"canonical\" href=\"https:\/\/www.fiemg.com.br\/senai\/noticias\/abertas-as-inscricoes-para-o-concurso-silemg-de-redacao-e-desenho-2023\/\" \/>\n<meta property=\"og:locale\" content=\"pt_BR\" \/>\n<meta property=\"og:type\" content=\"article\" \/>\n<meta property=\"og:title\" content=\"Abertas as inscri\u00e7\u00f5es para o Concurso SILEMG de Reda\u00e7\u00e3o e Desenho 2023 - SENAI\" \/>\n<meta property=\"og:description\" content=\"Estudantes do ensino fundamental e m\u00e9dio podem enviar suas produ\u00e7\u00f5es at\u00e9 o dia 31 de agosto Est\u00e3o abertas, at\u00e9 o dia 31 de agosto, as inscri\u00e7\u00f5es para o Concurso de Reda\u00e7\u00e3o e Desenho promovido todos os anos pelo Sindicato da Ind\u00fastria de Latic\u00ednios e Produtos Derivados no Estado de Minas Gerais. O objetivo do SILEMG [&hellip;]\" \/>\n<meta property=\"og:url\" content=\"https:\/\/www.fiemg.com.br\/senai\/noticias\/abertas-as-inscricoes-para-o-concurso-silemg-de-redacao-e-desenho-2023\/\" \/>\n<meta property=\"og:site_name\" content=\"SENAI\" \/>\n<meta property=\"article:modified_time\" content=\"2023-08-08T12:57:54+00:00\" \/>\n<meta property=\"og:image\" content=\"https:\/\/www.fiemg.com.br\/senai\/wp-content\/uploads\/sites\/12\/2023\/08\/banner-principal-14--e1691498522694.jpg\" \/>\n\t<meta property=\"og:image:width\" content=\"379\" \/>\n\t<meta property=\"og:image:height\" content=\"240\" \/>\n\t<meta property=\"og:image:type\" content=\"image\/jpeg\" \/>\n<meta name=\"twitter:card\" content=\"summary_large_image\" \/>\n<meta name=\"twitter:label1\" content=\"Est. tempo de leitura\" \/>\n\t<meta name=\"twitter:data1\" content=\"3 minutos\" \/>\n<script type=\"application\/ld+json\" class=\"yoast-schema-graph\">{\"@context\":\"https:\/\/schema.org\",\"@graph\":[{\"@type\":\"WebPage\",\"@id\":\"https:\/\/www.fiemg.com.br\/senai\/noticias\/abertas-as-inscricoes-para-o-concurso-silemg-de-redacao-e-desenho-2023\/\",\"url\":\"https:\/\/www.fiemg.com.br\/senai\/noticias\/abertas-as-inscricoes-para-o-concurso-silemg-de-redacao-e-desenho-2023\/\",\"name\":\"Abertas as inscri\u00e7\u00f5es para o Concurso SILEMG de Reda\u00e7\u00e3o e Desenho 2023 - SENAI\",\"isPartOf\":{\"@id\":\"https:\/\/www.fiemg.com.br\/senai\/#website\"},\"primaryImageOfPage\":{\"@id\":\"https:\/\/www.fiemg.com.br\/senai\/noticias\/abertas-as-inscricoes-para-o-concurso-silemg-de-redacao-e-desenho-2023\/#primaryimage\"},\"image\":{\"@id\":\"https:\/\/www.fiemg.com.br\/senai\/noticias\/abertas-as-inscricoes-para-o-concurso-silemg-de-redacao-e-desenho-2023\/#primaryimage\"},\"thumbnailUrl\":\"https:\/\/www.fiemg.com.br\/senai\/wp-content\/uploads\/sites\/12\/2023\/08\/banner-principal-14--e1691498522694.jpg\",\"datePublished\":\"2023-08-07T12:35:19+00:00\",\"dateModified\":\"2023-08-08T12:57:54+00:00\",\"breadcrumb\":{\"@id\":\"https:\/\/www.fiemg.com.br\/senai\/noticias\/abertas-as-inscricoes-para-o-concurso-silemg-de-redacao-e-desenho-2023\/#breadcrumb\"},\"inLanguage\":\"pt-BR\",\"potentialAction\":[{\"@type\":\"ReadAction\",\"target\":[\"https:\/\/www.fiemg.com.br\/senai\/noticias\/abertas-as-inscricoes-para-o-concurso-silemg-de-redacao-e-desenho-2023\/\"]}]},{\"@type\":\"ImageObject\",\"inLanguage\":\"pt-BR\",\"@id\":\"https:\/\/www.fiemg.com.br\/senai\/noticias\/abertas-as-inscricoes-para-o-concurso-silemg-de-redacao-e-desenho-2023\/#primaryimage\",\"url\":\"https:\/\/www.fiemg.com.br\/senai\/wp-content\/uploads\/sites\/12\/2023\/08\/banner-principal-14--e1691498522694.jpg\",\"contentUrl\":\"https:\/\/www.fiemg.com.br\/senai\/wp-content\/uploads\/sites\/12\/2023\/08\/banner-principal-14--e1691498522694.jpg\",\"width\":379,\"height\":240,\"caption\":\"Transforma\u00e7\u00e3o da Neuroci\u00eancia em Pr\u00e1tica Educacional \u00e9 tema de curso\"},{\"@type\":\"BreadcrumbList\",\"@id\":\"https:\/\/www.fiemg.com.br\/senai\/noticias\/abertas-as-inscricoes-para-o-concurso-silemg-de-redacao-e-desenho-2023\/#breadcrumb\",\"itemListElement\":[{\"@type\":\"ListItem\",\"position\":1,\"name\":\"In\u00edcio\",\"item\":\"https:\/\/www.fiemg.com.br\/senai\/\"},{\"@type\":\"ListItem\",\"position\":2,\"name\":\"Abertas as inscri\u00e7\u00f5es para o Concurso SILEMG de Reda\u00e7\u00e3o e Desenho 2023\"}]},{\"@type\":\"WebSite\",\"@id\":\"https:\/\/www.fiemg.com.br\/senai\/#website\",\"url\":\"https:\/\/www.fiemg.com.br\/senai\/\",\"name\":\"SENAI\",\"description\":\"Federa\u00e7\u00e3o das Ind\u00fastrias do Estado de Minas Gerais\",\"potentialAction\":[{\"@type\":\"SearchAction\",\"target\":{\"@type\":\"EntryPoint\",\"urlTemplate\":\"https:\/\/www.fiemg.com.br\/senai\/?s={search_term_string}\"},\"query-input\":{\"@type\":\"PropertyValueSpecification\",\"valueRequired\":true,\"valueName\":\"search_term_string\"}}],\"inLanguage\":\"pt-BR\"}]}<\/script>\n<!-- \/ Yoast SEO plugin. -->","yoast_head_json":{"title":"Abertas as inscri\u00e7\u00f5es para o Concurso SILEMG de Reda\u00e7\u00e3o e Desenho 2023 - SENAI","robots":{"index":"index","follow":"follow","max-snippet":"max-snippet:-1","max-image-preview":"max-image-preview:large","max-video-preview":"max-video-preview:-1"},"canonical":"https:\/\/www.fiemg.com.br\/senai\/noticias\/abertas-as-inscricoes-para-o-concurso-silemg-de-redacao-e-desenho-2023\/","og_locale":"pt_BR","og_type":"article","og_title":"Abertas as inscri\u00e7\u00f5es para o Concurso SILEMG de Reda\u00e7\u00e3o e Desenho 2023 - SENAI","og_description":"Estudantes do ensino fundamental e m\u00e9dio podem enviar suas produ\u00e7\u00f5es at\u00e9 o dia 31 de agosto Est\u00e3o abertas, at\u00e9 o dia 31 de agosto, as inscri\u00e7\u00f5es para o Concurso de Reda\u00e7\u00e3o e Desenho promovido todos os anos pelo Sindicato da Ind\u00fastria de Latic\u00ednios e Produtos Derivados no Estado de Minas Gerais. O objetivo do SILEMG [&hellip;]","og_url":"https:\/\/www.fiemg.com.br\/senai\/noticias\/abertas-as-inscricoes-para-o-concurso-silemg-de-redacao-e-desenho-2023\/","og_site_name":"SENAI","article_modified_time":"2023-08-08T12:57:54+00:00","og_image":[{"width":379,"height":240,"url":"https:\/\/www.fiemg.com.br\/senai\/wp-content\/uploads\/sites\/12\/2023\/08\/banner-principal-14--e1691498522694.jpg","type":"image\/jpeg"}],"twitter_card":"summary_large_image","twitter_misc":{"Est. tempo de leitura":"3 minutos"},"schema":{"@context":"https:\/\/schema.org","@graph":[{"@type":"WebPage","@id":"https:\/\/www.fiemg.com.br\/senai\/noticias\/abertas-as-inscricoes-para-o-concurso-silemg-de-redacao-e-desenho-2023\/","url":"https:\/\/www.fiemg.com.br\/senai\/noticias\/abertas-as-inscricoes-para-o-concurso-silemg-de-redacao-e-desenho-2023\/","name":"Abertas as inscri\u00e7\u00f5es para o Concurso SILEMG de Reda\u00e7\u00e3o e Desenho 2023 - SENAI","isPartOf":{"@id":"https:\/\/www.fiemg.com.br\/senai\/#website"},"primaryImageOfPage":{"@id":"https:\/\/www.fiemg.com.br\/senai\/noticias\/abertas-as-inscricoes-para-o-concurso-silemg-de-redacao-e-desenho-2023\/#primaryimage"},"image":{"@id":"https:\/\/www.fiemg.com.br\/senai\/noticias\/abertas-as-inscricoes-para-o-concurso-silemg-de-redacao-e-desenho-2023\/#primaryimage"},"thumbnailUrl":"https:\/\/www.fiemg.com.br\/senai\/wp-content\/uploads\/sites\/12\/2023\/08\/banner-principal-14--e1691498522694.jpg","datePublished":"2023-08-07T12:35:19+00:00","dateModified":"2023-08-08T12:57:54+00:00","breadcrumb":{"@id":"https:\/\/www.fiemg.com.br\/senai\/noticias\/abertas-as-inscricoes-para-o-concurso-silemg-de-redacao-e-desenho-2023\/#breadcrumb"},"inLanguage":"pt-BR","potentialAction":[{"@type":"ReadAction","target":["https:\/\/www.fiemg.com.br\/senai\/noticias\/abertas-as-inscricoes-para-o-concurso-silemg-de-redacao-e-desenho-2023\/"]}]},{"@type":"ImageObject","inLanguage":"pt-BR","@id":"https:\/\/www.fiemg.com.br\/senai\/noticias\/abertas-as-inscricoes-para-o-concurso-silemg-de-redacao-e-desenho-2023\/#primaryimage","url":"https:\/\/www.fiemg.com.br\/senai\/wp-content\/uploads\/sites\/12\/2023\/08\/banner-principal-14--e1691498522694.jpg","contentUrl":"https:\/\/www.fiemg.com.br\/senai\/wp-content\/uploads\/sites\/12\/2023\/08\/banner-principal-14--e1691498522694.jpg","width":379,"height":240,"caption":"Transforma\u00e7\u00e3o da Neuroci\u00eancia em Pr\u00e1tica Educacional \u00e9 tema de curso"},{"@type":"BreadcrumbList","@id":"https:\/\/www.fiemg.com.br\/senai\/noticias\/abertas-as-inscricoes-para-o-concurso-silemg-de-redacao-e-desenho-2023\/#breadcrumb","itemListElement":[{"@type":"ListItem","position":1,"name":"In\u00edcio","item":"https:\/\/www.fiemg.com.br\/senai\/"},{"@type":"ListItem","position":2,"name":"Abertas as inscri\u00e7\u00f5es para o Concurso SILEMG de Reda\u00e7\u00e3o e Desenho 2023"}]},{"@type":"WebSite","@id":"https:\/\/www.fiemg.com.br\/senai\/#website","url":"https:\/\/www.fiemg.com.br\/senai\/","name":"SENAI","description":"Federa\u00e7\u00e3o das Ind\u00fastrias do Estado de Minas Gerais","potentialAction":[{"@type":"SearchAction","target":{"@type":"EntryPoint","urlTemplate":"https:\/\/www.fiemg.com.br\/senai\/?s={search_term_string}"},"query-input":{"@type":"PropertyValueSpecification","valueRequired":true,"valueName":"search_term_string"}}],"inLanguage":"pt-BR"}]}},"_links":{"self":[{"href":"https:\/\/www.fiemg.com.br\/senai\/wp-json\/wp\/v2\/noticias\/2039","targetHints":{"allow":["GET"]}}],"collection":[{"href":"https:\/\/www.fiemg.com.br\/senai\/wp-json\/wp\/v2\/noticias"}],"about":[{"href":"https:\/\/www.fiemg.com.br\/senai\/wp-json\/wp\/v2\/types\/noticias"}],"wp:featuredmedia":[{"embeddable":true,"href":"https:\/\/www.fiemg.com.br\/senai\/wp-json\/wp\/v2\/media\/2040"}],"wp:attachment":[{"href":"https:\/\/www.fiemg.com.br\/senai\/wp-json\/wp\/v2\/media?parent=2039"}],"wp:term":[{"taxonomy":"category","embeddable":true,"href":"https:\/\/www.fiemg.com.br\/senai\/wp-json\/wp\/v2\/categories?post=2039"},{"taxonomy":"post_tag","embeddable":true,"href":"https:\/\/www.fiemg.com.br\/senai\/wp-json\/wp\/v2\/tags?post=2039"}],"curies":[{"name":"wp","href":"https:\/\/api.w.org\/{rel}","templated":true}]}}