{"id":2449,"date":"2024-02-27T14:23:05","date_gmt":"2024-02-27T17:23:05","guid":{"rendered":"https:\/\/www.fiemg.com.br\/senai\/noticias\/energisa-e-senai-abrem-selecao-para-curso-gratuito-de-programacao-web-para-pcd\/"},"modified":"2024-03-07T14:25:49","modified_gmt":"2024-03-07T17:25:49","slug":"energisa-e-senai-abrem-selecao-para-curso-gratuito-de-programacao-web-para-pcd","status":"publish","type":"noticias","link":"https:\/\/www.fiemg.com.br\/senai\/noticias\/energisa-e-senai-abrem-selecao-para-curso-gratuito-de-programacao-web-para-pcd\/","title":{"rendered":"Energisa e SENAI abrem sele\u00e7\u00e3o para curso gratuito de Programa\u00e7\u00e3o Web para PcD"},"content":{"rendered":"\n<p>O Grupo Energisa, em parceria com o SENAI Cataguases, abriu um processo seletivo para escolher pessoas com defici\u00eancia (PcD) para participarem de um curso gratuito de qualifica\u00e7\u00e3o em Programa\u00e7\u00e3o Web, previsto para o in\u00edcio de maio deste ano. As inscri\u00e7\u00f5es para concorrer a uma das 24 vagas do curso abrem nesta segunda-feira (26\/2) e devem ser feitas atrav\u00e9s do <a href=\"https:\/\/recrutatalentos.abler.com.br\/vagas\/curso-programador-web-senai-cataguases-999119\">site<\/a>. Com carga hor\u00e1ria total de 320 horas, os estudantes que forem aprovados na etapa seletiva ir\u00e3o aprender de forma remota, com aulas transmitidas ao vivo via plataforma <em>Google for Education.<\/em><\/p>\n\n\n\n<p>Para se candidatar, \u00e9 necess\u00e1rio ler com aten\u00e7\u00e3o todo o edital, ter no m\u00ednimo 18 anos, ensino m\u00e9dio completo, conhecimento em inform\u00e1tica b\u00e1sica e disponibilidade para participar das aulas no hor\u00e1rio estabelecido. O processo seletivo ser\u00e1 composto por algumas etapas, incluindo inscri\u00e7\u00e3o, triagem, provas de conhecimento, entrevista online e matr\u00edcula. As inscri\u00e7\u00f5es ficam abertas at\u00e9 18 de mar\u00e7o e o edital completo est\u00e1 dispon\u00edvel <a href=\"https:\/\/recrutatalentos.abler.com.br\/vagas\/curso-programador-web-senai-cataguases-999119\">neste link<\/a> .<\/p>\n\n\n\n<p>\u201cEstamos empenhados em oferecer oportunidades de qualifica\u00e7\u00e3o e desenvolvimento profissional para todos os p\u00fablicos. A abertura deste edital exclusivo para pessoas com defici\u00eancia no curso de Programa\u00e7\u00e3o Web est\u00e1 linha com as nossas diretrizes da Pol\u00edtica de Sustentabilidade do Grupo Energisa, que estabelece a ado\u00e7\u00e3o de pr\u00e1ticas que contribuam para o desenvolvimento e bem-estar da popula\u00e7\u00e3o, promovendo a diversidade. Acreditamos na import\u00e2ncia da inclus\u00e3o para propiciar o crescimento das pessoas e para trazer para a companhia uma gama de saberes que s\u00f3 tem a contribuir com o nosso neg\u00f3cio\u201d, afirma Antonio Linhares, Diretor de Gente do Grupo Energisa.<\/p>\n\n\n\n<p>\u201cPara o SENAI, a parceria com a Energisa refor\u00e7a os objetivos de desenvolvimento de pessoas e forma\u00e7\u00e3o de m\u00e3o de obra para o mercado de trabalho. Al\u00e9m disso, promove a inclus\u00e3o de pessoas com defici\u00eancia em uma \u00e1rea tecnol\u00f3gica de expans\u00e3o que tem gerado muitas oportunidades de atua\u00e7\u00e3o\u201d, relata o gerente da Unidade SENAI Cataguases, Cl\u00e1udio Gon\u00e7alves Rutz.<\/p>\n\n\n\n<p>O resultado do processo seletivo ser\u00e1 divulgado em 8 de abril. No total, ser\u00e3o selecionados 24 candidatos. A \u00faltima etapa do projeto prev\u00ea incluir todos os formados em processo seletivo para poss\u00edveis vagas no Grupo Energisa. <\/p>\n\n\n\n<p><strong>Benef\u00edcios:<\/strong><\/p>\n\n\n\n<ul class=\"wp-block-list\">\n<li><strong>Curso gratuito:<\/strong>&nbsp;Capacita\u00e7\u00e3o de alto n\u00edvel sem custo.<\/li>\n\n\n\n<li><strong>Certificado Senai:<\/strong>&nbsp;Reconhecimento e valoriza\u00e7\u00e3o no mercado de trabalho.<\/li>\n\n\n\n<li><strong>Flexibilidade:<\/strong>&nbsp;Aulas online ao vivo no per\u00edodo noturno (19h \u00e0s 21h)<\/li>\n\n\n\n<li><strong>Oportunidade de emprego:<\/strong>&nbsp;A empresa poder\u00e1 oferecer oportunidades de emprego aos alunos que se destacarem durante o projeto.<\/li>\n<\/ul>\n","protected":false},"featured_media":2450,"template":"","categories":[],"tags":[],"class_list":["post-2449","noticias","type-noticias","status-publish","has-post-thumbnail","hentry"],"acf":[],"yoast_head":"<!-- This site is optimized with the Yoast SEO plugin v26.2 - https:\/\/yoast.com\/wordpress\/plugins\/seo\/ -->\n<title>Energisa e SENAI abrem sele\u00e7\u00e3o para curso gratuito de Programa\u00e7\u00e3o Web para PcD - SENAI<\/title>\n<meta name=\"robots\" content=\"index, follow, max-snippet:-1, max-image-preview:large, max-video-preview:-1\" \/>\n<link rel=\"canonical\" href=\"https:\/\/www.fiemg.com.br\/senai\/noticias\/energisa-e-senai-abrem-selecao-para-curso-gratuito-de-programacao-web-para-pcd\/\" \/>\n<meta property=\"og:locale\" content=\"pt_BR\" \/>\n<meta property=\"og:type\" content=\"article\" \/>\n<meta property=\"og:title\" content=\"Energisa e SENAI abrem sele\u00e7\u00e3o para curso gratuito de Programa\u00e7\u00e3o Web para PcD - SENAI\" \/>\n<meta property=\"og:description\" content=\"O Grupo Energisa, em parceria com o SENAI Cataguases, abriu um processo seletivo para escolher pessoas com defici\u00eancia (PcD) para participarem de um curso gratuito de qualifica\u00e7\u00e3o em Programa\u00e7\u00e3o Web, previsto para o in\u00edcio de maio deste ano. As inscri\u00e7\u00f5es para concorrer a uma das 24 vagas do curso abrem nesta segunda-feira (26\/2) e devem [&hellip;]\" \/>\n<meta property=\"og:url\" content=\"https:\/\/www.fiemg.com.br\/senai\/noticias\/energisa-e-senai-abrem-selecao-para-curso-gratuito-de-programacao-web-para-pcd\/\" \/>\n<meta property=\"og:site_name\" content=\"SENAI\" \/>\n<meta property=\"article:modified_time\" content=\"2024-03-07T17:25:49+00:00\" \/>\n<meta property=\"og:image\" content=\"https:\/\/www.fiemg.com.br\/senai\/wp-content\/uploads\/sites\/12\/2024\/03\/senai-curso-programacao-pcd-energisa.jpg\" \/>\n\t<meta property=\"og:image:width\" content=\"300\" \/>\n\t<meta property=\"og:image:height\" content=\"200\" \/>\n\t<meta property=\"og:image:type\" content=\"image\/jpeg\" \/>\n<meta name=\"twitter:card\" content=\"summary_large_image\" \/>\n<meta name=\"twitter:label1\" content=\"Est. tempo de leitura\" \/>\n\t<meta name=\"twitter:data1\" content=\"3 minutos\" \/>\n<script type=\"application\/ld+json\" class=\"yoast-schema-graph\">{\"@context\":\"https:\/\/schema.org\",\"@graph\":[{\"@type\":\"WebPage\",\"@id\":\"https:\/\/www.fiemg.com.br\/senai\/noticias\/energisa-e-senai-abrem-selecao-para-curso-gratuito-de-programacao-web-para-pcd\/\",\"url\":\"https:\/\/www.fiemg.com.br\/senai\/noticias\/energisa-e-senai-abrem-selecao-para-curso-gratuito-de-programacao-web-para-pcd\/\",\"name\":\"Energisa e SENAI abrem sele\u00e7\u00e3o para curso gratuito de Programa\u00e7\u00e3o Web para PcD - SENAI\",\"isPartOf\":{\"@id\":\"https:\/\/www.fiemg.com.br\/senai\/#website\"},\"primaryImageOfPage\":{\"@id\":\"https:\/\/www.fiemg.com.br\/senai\/noticias\/energisa-e-senai-abrem-selecao-para-curso-gratuito-de-programacao-web-para-pcd\/#primaryimage\"},\"image\":{\"@id\":\"https:\/\/www.fiemg.com.br\/senai\/noticias\/energisa-e-senai-abrem-selecao-para-curso-gratuito-de-programacao-web-para-pcd\/#primaryimage\"},\"thumbnailUrl\":\"https:\/\/www.fiemg.com.br\/senai\/wp-content\/uploads\/sites\/12\/2024\/03\/senai-curso-programacao-pcd-energisa.jpg\",\"datePublished\":\"2024-02-27T17:23:05+00:00\",\"dateModified\":\"2024-03-07T17:25:49+00:00\",\"breadcrumb\":{\"@id\":\"https:\/\/www.fiemg.com.br\/senai\/noticias\/energisa-e-senai-abrem-selecao-para-curso-gratuito-de-programacao-web-para-pcd\/#breadcrumb\"},\"inLanguage\":\"pt-BR\",\"potentialAction\":[{\"@type\":\"ReadAction\",\"target\":[\"https:\/\/www.fiemg.com.br\/senai\/noticias\/energisa-e-senai-abrem-selecao-para-curso-gratuito-de-programacao-web-para-pcd\/\"]}]},{\"@type\":\"ImageObject\",\"inLanguage\":\"pt-BR\",\"@id\":\"https:\/\/www.fiemg.com.br\/senai\/noticias\/energisa-e-senai-abrem-selecao-para-curso-gratuito-de-programacao-web-para-pcd\/#primaryimage\",\"url\":\"https:\/\/www.fiemg.com.br\/senai\/wp-content\/uploads\/sites\/12\/2024\/03\/senai-curso-programacao-pcd-energisa.jpg\",\"contentUrl\":\"https:\/\/www.fiemg.com.br\/senai\/wp-content\/uploads\/sites\/12\/2024\/03\/senai-curso-programacao-pcd-energisa.jpg\",\"width\":300,\"height\":200,\"caption\":\"Energisa e SENAI abrem sele\u00e7\u00e3o para curso gratuito de Programa\u00e7\u00e3o Web para PcD\"},{\"@type\":\"BreadcrumbList\",\"@id\":\"https:\/\/www.fiemg.com.br\/senai\/noticias\/energisa-e-senai-abrem-selecao-para-curso-gratuito-de-programacao-web-para-pcd\/#breadcrumb\",\"itemListElement\":[{\"@type\":\"ListItem\",\"position\":1,\"name\":\"In\u00edcio\",\"item\":\"https:\/\/www.fiemg.com.br\/senai\/\"},{\"@type\":\"ListItem\",\"position\":2,\"name\":\"Energisa e SENAI abrem sele\u00e7\u00e3o para curso gratuito de Programa\u00e7\u00e3o Web para PcD\"}]},{\"@type\":\"WebSite\",\"@id\":\"https:\/\/www.fiemg.com.br\/senai\/#website\",\"url\":\"https:\/\/www.fiemg.com.br\/senai\/\",\"name\":\"SENAI\",\"description\":\"Federa\u00e7\u00e3o das Ind\u00fastrias do Estado de Minas Gerais\",\"potentialAction\":[{\"@type\":\"SearchAction\",\"target\":{\"@type\":\"EntryPoint\",\"urlTemplate\":\"https:\/\/www.fiemg.com.br\/senai\/?s={search_term_string}\"},\"query-input\":{\"@type\":\"PropertyValueSpecification\",\"valueRequired\":true,\"valueName\":\"search_term_string\"}}],\"inLanguage\":\"pt-BR\"}]}<\/script>\n<!-- \/ Yoast SEO plugin. -->","yoast_head_json":{"title":"Energisa e SENAI abrem sele\u00e7\u00e3o para curso gratuito de Programa\u00e7\u00e3o Web para PcD - SENAI","robots":{"index":"index","follow":"follow","max-snippet":"max-snippet:-1","max-image-preview":"max-image-preview:large","max-video-preview":"max-video-preview:-1"},"canonical":"https:\/\/www.fiemg.com.br\/senai\/noticias\/energisa-e-senai-abrem-selecao-para-curso-gratuito-de-programacao-web-para-pcd\/","og_locale":"pt_BR","og_type":"article","og_title":"Energisa e SENAI abrem sele\u00e7\u00e3o para curso gratuito de Programa\u00e7\u00e3o Web para PcD - SENAI","og_description":"O Grupo Energisa, em parceria com o SENAI Cataguases, abriu um processo seletivo para escolher pessoas com defici\u00eancia (PcD) para participarem de um curso gratuito de qualifica\u00e7\u00e3o em Programa\u00e7\u00e3o Web, previsto para o in\u00edcio de maio deste ano. As inscri\u00e7\u00f5es para concorrer a uma das 24 vagas do curso abrem nesta segunda-feira (26\/2) e devem [&hellip;]","og_url":"https:\/\/www.fiemg.com.br\/senai\/noticias\/energisa-e-senai-abrem-selecao-para-curso-gratuito-de-programacao-web-para-pcd\/","og_site_name":"SENAI","article_modified_time":"2024-03-07T17:25:49+00:00","og_image":[{"width":300,"height":200,"url":"https:\/\/www.fiemg.com.br\/senai\/wp-content\/uploads\/sites\/12\/2024\/03\/senai-curso-programacao-pcd-energisa.jpg","type":"image\/jpeg"}],"twitter_card":"summary_large_image","twitter_misc":{"Est. tempo de leitura":"3 minutos"},"schema":{"@context":"https:\/\/schema.org","@graph":[{"@type":"WebPage","@id":"https:\/\/www.fiemg.com.br\/senai\/noticias\/energisa-e-senai-abrem-selecao-para-curso-gratuito-de-programacao-web-para-pcd\/","url":"https:\/\/www.fiemg.com.br\/senai\/noticias\/energisa-e-senai-abrem-selecao-para-curso-gratuito-de-programacao-web-para-pcd\/","name":"Energisa e SENAI abrem sele\u00e7\u00e3o para curso gratuito de Programa\u00e7\u00e3o Web para PcD - SENAI","isPartOf":{"@id":"https:\/\/www.fiemg.com.br\/senai\/#website"},"primaryImageOfPage":{"@id":"https:\/\/www.fiemg.com.br\/senai\/noticias\/energisa-e-senai-abrem-selecao-para-curso-gratuito-de-programacao-web-para-pcd\/#primaryimage"},"image":{"@id":"https:\/\/www.fiemg.com.br\/senai\/noticias\/energisa-e-senai-abrem-selecao-para-curso-gratuito-de-programacao-web-para-pcd\/#primaryimage"},"thumbnailUrl":"https:\/\/www.fiemg.com.br\/senai\/wp-content\/uploads\/sites\/12\/2024\/03\/senai-curso-programacao-pcd-energisa.jpg","datePublished":"2024-02-27T17:23:05+00:00","dateModified":"2024-03-07T17:25:49+00:00","breadcrumb":{"@id":"https:\/\/www.fiemg.com.br\/senai\/noticias\/energisa-e-senai-abrem-selecao-para-curso-gratuito-de-programacao-web-para-pcd\/#breadcrumb"},"inLanguage":"pt-BR","potentialAction":[{"@type":"ReadAction","target":["https:\/\/www.fiemg.com.br\/senai\/noticias\/energisa-e-senai-abrem-selecao-para-curso-gratuito-de-programacao-web-para-pcd\/"]}]},{"@type":"ImageObject","inLanguage":"pt-BR","@id":"https:\/\/www.fiemg.com.br\/senai\/noticias\/energisa-e-senai-abrem-selecao-para-curso-gratuito-de-programacao-web-para-pcd\/#primaryimage","url":"https:\/\/www.fiemg.com.br\/senai\/wp-content\/uploads\/sites\/12\/2024\/03\/senai-curso-programacao-pcd-energisa.jpg","contentUrl":"https:\/\/www.fiemg.com.br\/senai\/wp-content\/uploads\/sites\/12\/2024\/03\/senai-curso-programacao-pcd-energisa.jpg","width":300,"height":200,"caption":"Energisa e SENAI abrem sele\u00e7\u00e3o para curso gratuito de Programa\u00e7\u00e3o Web para PcD"},{"@type":"BreadcrumbList","@id":"https:\/\/www.fiemg.com.br\/senai\/noticias\/energisa-e-senai-abrem-selecao-para-curso-gratuito-de-programacao-web-para-pcd\/#breadcrumb","itemListElement":[{"@type":"ListItem","position":1,"name":"In\u00edcio","item":"https:\/\/www.fiemg.com.br\/senai\/"},{"@type":"ListItem","position":2,"name":"Energisa e SENAI abrem sele\u00e7\u00e3o para curso gratuito de Programa\u00e7\u00e3o Web para PcD"}]},{"@type":"WebSite","@id":"https:\/\/www.fiemg.com.br\/senai\/#website","url":"https:\/\/www.fiemg.com.br\/senai\/","name":"SENAI","description":"Federa\u00e7\u00e3o das Ind\u00fastrias do Estado de Minas Gerais","potentialAction":[{"@type":"SearchAction","target":{"@type":"EntryPoint","urlTemplate":"https:\/\/www.fiemg.com.br\/senai\/?s={search_term_string}"},"query-input":{"@type":"PropertyValueSpecification","valueRequired":true,"valueName":"search_term_string"}}],"inLanguage":"pt-BR"}]}},"_links":{"self":[{"href":"https:\/\/www.fiemg.com.br\/senai\/wp-json\/wp\/v2\/noticias\/2449","targetHints":{"allow":["GET"]}}],"collection":[{"href":"https:\/\/www.fiemg.com.br\/senai\/wp-json\/wp\/v2\/noticias"}],"about":[{"href":"https:\/\/www.fiemg.com.br\/senai\/wp-json\/wp\/v2\/types\/noticias"}],"wp:featuredmedia":[{"embeddable":true,"href":"https:\/\/www.fiemg.com.br\/senai\/wp-json\/wp\/v2\/media\/2450"}],"wp:attachment":[{"href":"https:\/\/www.fiemg.com.br\/senai\/wp-json\/wp\/v2\/media?parent=2449"}],"wp:term":[{"taxonomy":"category","embeddable":true,"href":"https:\/\/www.fiemg.com.br\/senai\/wp-json\/wp\/v2\/categories?post=2449"},{"taxonomy":"post_tag","embeddable":true,"href":"https:\/\/www.fiemg.com.br\/senai\/wp-json\/wp\/v2\/tags?post=2449"}],"curies":[{"name":"wp","href":"https:\/\/api.w.org\/{rel}","templated":true}]}}