{"id":2463,"date":"2024-03-19T11:49:54","date_gmt":"2024-03-19T14:49:54","guid":{"rendered":"https:\/\/www.fiemg.com.br\/senai\/noticias\/governo-de-minas-e-senai-realizam-formatura-do-programa-trilhas-de-futuro-em-barbacena\/"},"modified":"2024-03-19T16:41:08","modified_gmt":"2024-03-19T19:41:08","slug":"governo-de-minas-e-senai-realizam-formatura-do-programa-trilhas-de-futuro-em-barbacena","status":"publish","type":"noticias","link":"https:\/\/www.fiemg.com.br\/senai\/noticias\/governo-de-minas-e-senai-realizam-formatura-do-programa-trilhas-de-futuro-em-barbacena\/","title":{"rendered":"Governo de Minas e SENAI realizam formatura do Programa Trilhas de Futuro em Barbacena"},"content":{"rendered":"\n<p>Em 14 de mar\u00e7o, aconteceu em Barbacena, na sede do CASSAB (Clube dos Associados, Suboficiais e Sargentos da Aeron\u00e1utica), a formatura dos alunos dos cursos t\u00e9cnicos em Edifica\u00e7\u00f5es, Eletroeletr\u00f4nica, Eletromec\u00e2nica, Eletrot\u00e9cnica e Mec\u00e2nica do SENAI, que fazem parte do Programa Trilhas de Futuro \u2013 Edi\u00e7\u00e3o 2. Essa \u00e9 uma grande iniciativa do Governo de Minas, que conta com a infraestrutura e a experi\u00eancia de escolas de forma\u00e7\u00e3o t\u00e9cnica conceituadas no estado, como o SENAI. O objetivo, ao disponibilizar \u00e0 popula\u00e7\u00e3o milhares de vagas para cursos t\u00e9cnicos gratuitos, de diferentes modalidades, \u00e9 oferecer forma\u00e7\u00e3o profissional, promovendo a empregabilidade dos jovens mineiros.<\/p>\n\n\n\n<p>O presidente da FIEMG Regional Zona da Mata e vice-presidente do Sinduscon-JF, Aur\u00e9lio Marangon Sobrinho, marcou presen\u00e7a no evento, que contou com a participa\u00e7\u00e3o do governador de Minas Gerais, Romeu Zema, do vice-governador do estado, Mateus Sim\u00f5es, dos secret\u00e1rios de estado Igor Alvarenga (Educa\u00e7\u00e3o) e Fernando Passalio (Desenvolvimento Econ\u00f4mico), do prefeito de Barbacena, Carlos Augusto Soares, e do deputado estadual Doorgal Andrada, entre outras autoridades, lideran\u00e7as, familiares e alunos. A FIEMG esteve representada tamb\u00e9m pelo diretor da escola SESI\/SENAI Barbacena, C\u00e9sar Nunes Ferreira, pelo gerente regional SESI\/SENAI Zona da Mata, Humberto Rezende, al\u00e9m da presidente do Sinduscom-Barbacena, Ana Canton, e do presidente do Simelp Barbacena, Jayme Carvalho.<\/p>\n\n\n\n<p>Em Barbacena, s\u00e3o mais de 3,7 mil jovens sendo qualificados pelo Trilhas de Futuro neste momento, em 32 cursos t\u00e9cnicos oferecidos em sete institui\u00e7\u00f5es credenciadas. Desse total, cerca de 1,3 mil j\u00e1 se formaram e se preparam para o mercado de trabalho, e quase 2,5 mil est\u00e3o matriculados na cidade. Ao abrir a solenidade de formatura, o vice-governador, professor Mateus, destacou a import\u00e2ncia do programa Trilhas de Futuro para a gera\u00e7\u00e3o de empregos no estado. \u201cH\u00e1 cinco anos, quando esta gest\u00e3o come\u00e7ou, foi dada uma tarefa para a Secretaria de Estado&nbsp;de Educa\u00e7\u00e3o: ampliar a oferta de cursos t\u00e9cnicos em Minas Gerais, pois t\u00ednhamos a preocupa\u00e7\u00e3o de dar empregabilidade, condi\u00e7\u00f5es para as pessoas trabalharem. E hoje, com iniciativas como o Trilhas de Futuro, o estado tem a menor taxa de desemprego do Sudeste. Estamos aqui para transformar a vida das pessoas e espero que esse sonho possa servir de inspira\u00e7\u00e3o para todos\u201d,&nbsp;disse.<\/p>\n\n\n\n<p>Representando os paraninfos das turmas, o instrutor Wesley de Almeida ressaltou que o SENAI n\u00e3o apenas propiciou aos alunos enfrentarem os desafios do mercado, mas os capacitou a serem cidad\u00e3os cr\u00edticos. Usem o conhecimento adquirido para modificar o mundo ao seu redor\u201d, disse. Em seguida, foram premiados com o M\u00e9rito Escolar Olavo Machado os alunos que mais se destacaram durante o curso, levando em considera\u00e7\u00e3o as m\u00e9dias globais e frequ\u00eancia.<\/p>\n\n\n\n<p>Em sua fala, o diretor do SESI\/SENAI Barbacena, C\u00e9sar Ferreira, agradeceu aos formandos por terem escolhido e confiado no SENAI, uma entidade que h\u00e1 mais de 80 anos oferece um ensino de excel\u00eancia. \u201cO Trilhas de Futuro \u00e9 uma grande realiza\u00e7\u00e3o do governo e o SENAI est\u00e1 atendendo o projeto com grande representatividade. Com grande orgulho estamos na quarta edi\u00e7\u00e3o do programa e acreditamos que investir na educa\u00e7\u00e3o profissional \u00e9 o melhor legado que um governo pode deixar para a sociedade\u201d, disse. Ele ressaltou ainda a uni\u00e3o da equipe do SENAI e a constru\u00e7\u00e3o em breve da nova sede da escola, num terreno de 14 mil m\u00b2, com muito conforto, modernidade e tecnologia.<\/p>\n\n\n\n<p>O presidente da FIEMG Regional ZM, Aur\u00e9lio Marangon Sobrinho, ressaltou que esta \u00e9 uma excelente oportunidade para o estudante desenvolver suas compet\u00eancias t\u00e9cnicas e habilidades para entrar no mercado de trabalho e poder atuar dentro das empresas com mais conhecimento e excel\u00eancia. \u201cAqui em Barbacena est\u00e3o se formando 124 alunos, que saem mais preparados para enfrentar os desafios da competitividade do mercado. Acreditamos que para que o nosso pa\u00eds se desenvolva \u00e9 fundamental investir em \u00e1reas estrat\u00e9gicas, como a Educa\u00e7\u00e3o, setor fundamental para o crescimento atual e futuro do Brasil. Conhecimento \u00e9 algo que nunca vamos perder e \u00e9 isso que voc\u00eas ganharam nesse curso. Muito sucesso a todos\u201d, finalizou.<\/p>\n\n\n\n<p>O prefeito de Barbacena, Carlos Augusto Soares, destacou seu orgulho em ter sido aluno do SENAI e hoje participar deste que \u00e9 o maior programa de educa\u00e7\u00e3o do Brasil. \u201cUma gest\u00e3o eficiente como a do governador Romeu Zema faz a diferen\u00e7a\u201d, disse. J\u00e1 o deputado estadual Doorgal Andrada afirmou que com este t\u00edtulo os alunos ter\u00e3o mais oportunidades, se colocando \u00e0 frente de quem n\u00e3o buscou isso. O secret\u00e1rio Fernando Passalio ressaltou que o diferencial deste programa \u00e9 ouvir o mercado e oferecer as vagas que ele precisa. \u201cO Trilhas de Futuro muda a vida das pessoas e escuta as demandas locais, oferecendo cursos profissionalizantes nas localidades onde h\u00e1 car\u00eancia de m\u00e3o de obra. \u00c9 um programa assertivo, que contempla as duas pontas do mercado de trabalho\u201d, disse.<\/p>\n\n\n\n<p>O secret\u00e1rio de Estado de Educa\u00e7\u00e3o, Igor de Alvarenga, enfatizou que este \u00e9 o maior programa profissionalizante do Brasil. \u201c\u00c9 fato que a forma\u00e7\u00e3o t\u00e9cnica ajuda no crescimento da cidade e \u00e9 isso que estamos trazendo para Barbacena. Em Minas, temos mais de 100 mil estudantes que fazem parte do programa \u2013 e somos, no pa\u00eds, o estado que mais oferece vagas de cursos profissionalizantes. O dobro do estado que est\u00e1 em segundo lugar\u201d, destacou.<\/p>\n\n\n\n<p>Encerrando o evento, o governador Romeu Zema disse aos alunos que ao estarem se formando eles j\u00e1 venceram uma importante etapa e demonstram ter vontade de aprender. \u201cVoc\u00eas j\u00e1 saem&nbsp;na frente de muitos\u201d, destacou. Segundo ele, o&nbsp;empenho e dedica\u00e7\u00e3o para se aprofundar nos estudos \u00e9 fundamental para o sucesso profissional.&nbsp;\u201cNa vida, nada vem f\u00e1cil. A postura de aprender faz toda a diferen\u00e7a. E lembro a voc\u00eas que&nbsp;o aprendizado n\u00e3o termina aqui, com a formatura:&nbsp;aprendemos durante toda a vida \u2013 e temos que seguir nos atualizando, nos desenvolvendo\u201d, completou.<\/p>\n\n\n\n<p>Em seguida, todos os formandos receberam seus diplomas de conclus\u00e3o. \u201cEste programa, com seu ensino de qualidade, \u00e9 um grande presente que o governo estadual est\u00e1 dando aos estudantes mineiros. A FIEMG e o SENAI est\u00e3o orgulhosos de pode entregar \u00e0 sociedade \u00f3timos profissionais\u201d, afirma o presidente da FIEMG Regional ZM, Aur\u00e9lio Marangon Sobrinho.<\/p>\n\n\n\n<h2 class=\"wp-block-heading\"><strong>Trilhas de Futuro<\/strong><\/h2>\n\n\n\n<p>O programa estadual \u00e9 direcionado a alunos que cursaram o ensino m\u00e9dio na rede estadual. Atualmente, mais de 150 mil estudantes est\u00e3o matriculados, distribu\u00eddos em 94 cursos. At\u00e9 o momento, mais de 40 mil mineiros, que n\u00e3o imaginavam retomar os estudos ou ter acesso a um curso t\u00e9cnico, se formaram pelo Trilhas de Futuro em mais de 70 cursos em diferentes \u00e1reas de atua\u00e7\u00e3o.<\/p>\n\n\n\n<p>Desde o lan\u00e7amento, em 2021, o Governo de Minas j\u00e1 ultrapassou a marca de R$ 1 bilh\u00e3o investidos no programa que est\u00e1 transformando a vida de milhares de fam\u00edlias. Somente em 2023, foram aplicados cerca de R$ 710 milh\u00f5es. Para apoiar os estudos e garantir a perman\u00eancia, o estudante recebe uma ajuda de custo para alimenta\u00e7\u00e3o e transporte no valor de R$ 20 por dia\/aula frequentada.<\/p>\n\n\n\n<p><em>Graciele Vianna<\/em><br><strong>Imprensa FIEMG<\/strong><\/p>\n","protected":false},"featured_media":2476,"template":"","categories":[16],"tags":[250,90,249,251],"class_list":["post-2463","noticias","type-noticias","status-publish","has-post-thumbnail","hentry","category-educacao","tag-formatura","tag-senai","tag-sesi","tag-trilhas-do-futuro"],"acf":[],"yoast_head":"<!-- This site is optimized with the Yoast SEO plugin v26.2 - https:\/\/yoast.com\/wordpress\/plugins\/seo\/ -->\n<title>Governo de Minas e SENAI realizam formatura do Programa Trilhas de Futuro em Barbacena - SENAI<\/title>\n<meta name=\"robots\" content=\"index, follow, max-snippet:-1, max-image-preview:large, max-video-preview:-1\" \/>\n<link rel=\"canonical\" href=\"https:\/\/www.fiemg.com.br\/senai\/noticias\/governo-de-minas-e-senai-realizam-formatura-do-programa-trilhas-de-futuro-em-barbacena\/\" \/>\n<meta property=\"og:locale\" content=\"pt_BR\" \/>\n<meta property=\"og:type\" content=\"article\" \/>\n<meta property=\"og:title\" content=\"Governo de Minas e SENAI realizam formatura do Programa Trilhas de Futuro em Barbacena - SENAI\" \/>\n<meta property=\"og:description\" content=\"Em 14 de mar\u00e7o, aconteceu em Barbacena, na sede do CASSAB (Clube dos Associados, Suboficiais e Sargentos da Aeron\u00e1utica), a formatura dos alunos dos cursos t\u00e9cnicos em Edifica\u00e7\u00f5es, Eletroeletr\u00f4nica, Eletromec\u00e2nica, Eletrot\u00e9cnica e Mec\u00e2nica do SENAI, que fazem parte do Programa Trilhas de Futuro \u2013 Edi\u00e7\u00e3o 2. Essa \u00e9 uma grande iniciativa do Governo de Minas, [&hellip;]\" \/>\n<meta property=\"og:url\" content=\"https:\/\/www.fiemg.com.br\/senai\/noticias\/governo-de-minas-e-senai-realizam-formatura-do-programa-trilhas-de-futuro-em-barbacena\/\" \/>\n<meta property=\"og:site_name\" content=\"SENAI\" \/>\n<meta property=\"article:modified_time\" content=\"2024-03-19T19:41:08+00:00\" \/>\n<meta property=\"og:image\" content=\"https:\/\/www.fiemg.com.br\/senai\/wp-content\/uploads\/sites\/12\/2023\/08\/default.png\" \/>\n\t<meta property=\"og:image:width\" content=\"300\" \/>\n\t<meta property=\"og:image:height\" content=\"300\" \/>\n\t<meta property=\"og:image:type\" content=\"image\/png\" \/>\n<meta name=\"twitter:card\" content=\"summary_large_image\" \/>\n<meta name=\"twitter:label1\" content=\"Est. tempo de leitura\" \/>\n\t<meta name=\"twitter:data1\" content=\"6 minutos\" \/>\n<script type=\"application\/ld+json\" class=\"yoast-schema-graph\">{\"@context\":\"https:\/\/schema.org\",\"@graph\":[{\"@type\":\"WebPage\",\"@id\":\"https:\/\/www.fiemg.com.br\/senai\/noticias\/governo-de-minas-e-senai-realizam-formatura-do-programa-trilhas-de-futuro-em-barbacena\/\",\"url\":\"https:\/\/www.fiemg.com.br\/senai\/noticias\/governo-de-minas-e-senai-realizam-formatura-do-programa-trilhas-de-futuro-em-barbacena\/\",\"name\":\"Governo de Minas e SENAI realizam formatura do Programa Trilhas de Futuro em Barbacena - SENAI\",\"isPartOf\":{\"@id\":\"https:\/\/www.fiemg.com.br\/senai\/#website\"},\"primaryImageOfPage\":{\"@id\":\"https:\/\/www.fiemg.com.br\/senai\/noticias\/governo-de-minas-e-senai-realizam-formatura-do-programa-trilhas-de-futuro-em-barbacena\/#primaryimage\"},\"image\":{\"@id\":\"https:\/\/www.fiemg.com.br\/senai\/noticias\/governo-de-minas-e-senai-realizam-formatura-do-programa-trilhas-de-futuro-em-barbacena\/#primaryimage\"},\"thumbnailUrl\":\"https:\/\/www.fiemg.com.br\/senai\/wp-content\/uploads\/sites\/12\/2024\/03\/formatura-trilhas-barbacena-2.jpg\",\"datePublished\":\"2024-03-19T14:49:54+00:00\",\"dateModified\":\"2024-03-19T19:41:08+00:00\",\"breadcrumb\":{\"@id\":\"https:\/\/www.fiemg.com.br\/senai\/noticias\/governo-de-minas-e-senai-realizam-formatura-do-programa-trilhas-de-futuro-em-barbacena\/#breadcrumb\"},\"inLanguage\":\"pt-BR\",\"potentialAction\":[{\"@type\":\"ReadAction\",\"target\":[\"https:\/\/www.fiemg.com.br\/senai\/noticias\/governo-de-minas-e-senai-realizam-formatura-do-programa-trilhas-de-futuro-em-barbacena\/\"]}]},{\"@type\":\"ImageObject\",\"inLanguage\":\"pt-BR\",\"@id\":\"https:\/\/www.fiemg.com.br\/senai\/noticias\/governo-de-minas-e-senai-realizam-formatura-do-programa-trilhas-de-futuro-em-barbacena\/#primaryimage\",\"url\":\"https:\/\/www.fiemg.com.br\/senai\/wp-content\/uploads\/sites\/12\/2024\/03\/formatura-trilhas-barbacena-2.jpg\",\"contentUrl\":\"https:\/\/www.fiemg.com.br\/senai\/wp-content\/uploads\/sites\/12\/2024\/03\/formatura-trilhas-barbacena-2.jpg\",\"width\":1600,\"height\":1200},{\"@type\":\"BreadcrumbList\",\"@id\":\"https:\/\/www.fiemg.com.br\/senai\/noticias\/governo-de-minas-e-senai-realizam-formatura-do-programa-trilhas-de-futuro-em-barbacena\/#breadcrumb\",\"itemListElement\":[{\"@type\":\"ListItem\",\"position\":1,\"name\":\"In\u00edcio\",\"item\":\"https:\/\/www.fiemg.com.br\/senai\/\"},{\"@type\":\"ListItem\",\"position\":2,\"name\":\"Governo de Minas e SENAI realizam formatura do Programa Trilhas de Futuro em Barbacena\"}]},{\"@type\":\"WebSite\",\"@id\":\"https:\/\/www.fiemg.com.br\/senai\/#website\",\"url\":\"https:\/\/www.fiemg.com.br\/senai\/\",\"name\":\"SENAI\",\"description\":\"Federa\u00e7\u00e3o das Ind\u00fastrias do Estado de Minas Gerais\",\"potentialAction\":[{\"@type\":\"SearchAction\",\"target\":{\"@type\":\"EntryPoint\",\"urlTemplate\":\"https:\/\/www.fiemg.com.br\/senai\/?s={search_term_string}\"},\"query-input\":{\"@type\":\"PropertyValueSpecification\",\"valueRequired\":true,\"valueName\":\"search_term_string\"}}],\"inLanguage\":\"pt-BR\"}]}<\/script>\n<!-- \/ Yoast SEO plugin. -->","yoast_head_json":{"title":"Governo de Minas e SENAI realizam formatura do Programa Trilhas de Futuro em Barbacena - SENAI","robots":{"index":"index","follow":"follow","max-snippet":"max-snippet:-1","max-image-preview":"max-image-preview:large","max-video-preview":"max-video-preview:-1"},"canonical":"https:\/\/www.fiemg.com.br\/senai\/noticias\/governo-de-minas-e-senai-realizam-formatura-do-programa-trilhas-de-futuro-em-barbacena\/","og_locale":"pt_BR","og_type":"article","og_title":"Governo de Minas e SENAI realizam formatura do Programa Trilhas de Futuro em Barbacena - SENAI","og_description":"Em 14 de mar\u00e7o, aconteceu em Barbacena, na sede do CASSAB (Clube dos Associados, Suboficiais e Sargentos da Aeron\u00e1utica), a formatura dos alunos dos cursos t\u00e9cnicos em Edifica\u00e7\u00f5es, Eletroeletr\u00f4nica, Eletromec\u00e2nica, Eletrot\u00e9cnica e Mec\u00e2nica do SENAI, que fazem parte do Programa Trilhas de Futuro \u2013 Edi\u00e7\u00e3o 2. Essa \u00e9 uma grande iniciativa do Governo de Minas, [&hellip;]","og_url":"https:\/\/www.fiemg.com.br\/senai\/noticias\/governo-de-minas-e-senai-realizam-formatura-do-programa-trilhas-de-futuro-em-barbacena\/","og_site_name":"SENAI","article_modified_time":"2024-03-19T19:41:08+00:00","og_image":[{"width":300,"height":300,"url":"https:\/\/www.fiemg.com.br\/senai\/wp-content\/uploads\/sites\/12\/2023\/08\/default.png","type":"image\/png"}],"twitter_card":"summary_large_image","twitter_misc":{"Est. tempo de leitura":"6 minutos"},"schema":{"@context":"https:\/\/schema.org","@graph":[{"@type":"WebPage","@id":"https:\/\/www.fiemg.com.br\/senai\/noticias\/governo-de-minas-e-senai-realizam-formatura-do-programa-trilhas-de-futuro-em-barbacena\/","url":"https:\/\/www.fiemg.com.br\/senai\/noticias\/governo-de-minas-e-senai-realizam-formatura-do-programa-trilhas-de-futuro-em-barbacena\/","name":"Governo de Minas e SENAI realizam formatura do Programa Trilhas de Futuro em Barbacena - SENAI","isPartOf":{"@id":"https:\/\/www.fiemg.com.br\/senai\/#website"},"primaryImageOfPage":{"@id":"https:\/\/www.fiemg.com.br\/senai\/noticias\/governo-de-minas-e-senai-realizam-formatura-do-programa-trilhas-de-futuro-em-barbacena\/#primaryimage"},"image":{"@id":"https:\/\/www.fiemg.com.br\/senai\/noticias\/governo-de-minas-e-senai-realizam-formatura-do-programa-trilhas-de-futuro-em-barbacena\/#primaryimage"},"thumbnailUrl":"https:\/\/www.fiemg.com.br\/senai\/wp-content\/uploads\/sites\/12\/2024\/03\/formatura-trilhas-barbacena-2.jpg","datePublished":"2024-03-19T14:49:54+00:00","dateModified":"2024-03-19T19:41:08+00:00","breadcrumb":{"@id":"https:\/\/www.fiemg.com.br\/senai\/noticias\/governo-de-minas-e-senai-realizam-formatura-do-programa-trilhas-de-futuro-em-barbacena\/#breadcrumb"},"inLanguage":"pt-BR","potentialAction":[{"@type":"ReadAction","target":["https:\/\/www.fiemg.com.br\/senai\/noticias\/governo-de-minas-e-senai-realizam-formatura-do-programa-trilhas-de-futuro-em-barbacena\/"]}]},{"@type":"ImageObject","inLanguage":"pt-BR","@id":"https:\/\/www.fiemg.com.br\/senai\/noticias\/governo-de-minas-e-senai-realizam-formatura-do-programa-trilhas-de-futuro-em-barbacena\/#primaryimage","url":"https:\/\/www.fiemg.com.br\/senai\/wp-content\/uploads\/sites\/12\/2024\/03\/formatura-trilhas-barbacena-2.jpg","contentUrl":"https:\/\/www.fiemg.com.br\/senai\/wp-content\/uploads\/sites\/12\/2024\/03\/formatura-trilhas-barbacena-2.jpg","width":1600,"height":1200},{"@type":"BreadcrumbList","@id":"https:\/\/www.fiemg.com.br\/senai\/noticias\/governo-de-minas-e-senai-realizam-formatura-do-programa-trilhas-de-futuro-em-barbacena\/#breadcrumb","itemListElement":[{"@type":"ListItem","position":1,"name":"In\u00edcio","item":"https:\/\/www.fiemg.com.br\/senai\/"},{"@type":"ListItem","position":2,"name":"Governo de Minas e SENAI realizam formatura do Programa Trilhas de Futuro em Barbacena"}]},{"@type":"WebSite","@id":"https:\/\/www.fiemg.com.br\/senai\/#website","url":"https:\/\/www.fiemg.com.br\/senai\/","name":"SENAI","description":"Federa\u00e7\u00e3o das Ind\u00fastrias do Estado de Minas Gerais","potentialAction":[{"@type":"SearchAction","target":{"@type":"EntryPoint","urlTemplate":"https:\/\/www.fiemg.com.br\/senai\/?s={search_term_string}"},"query-input":{"@type":"PropertyValueSpecification","valueRequired":true,"valueName":"search_term_string"}}],"inLanguage":"pt-BR"}]}},"_links":{"self":[{"href":"https:\/\/www.fiemg.com.br\/senai\/wp-json\/wp\/v2\/noticias\/2463","targetHints":{"allow":["GET"]}}],"collection":[{"href":"https:\/\/www.fiemg.com.br\/senai\/wp-json\/wp\/v2\/noticias"}],"about":[{"href":"https:\/\/www.fiemg.com.br\/senai\/wp-json\/wp\/v2\/types\/noticias"}],"wp:featuredmedia":[{"embeddable":true,"href":"https:\/\/www.fiemg.com.br\/senai\/wp-json\/wp\/v2\/media\/2476"}],"wp:attachment":[{"href":"https:\/\/www.fiemg.com.br\/senai\/wp-json\/wp\/v2\/media?parent=2463"}],"wp:term":[{"taxonomy":"category","embeddable":true,"href":"https:\/\/www.fiemg.com.br\/senai\/wp-json\/wp\/v2\/categories?post=2463"},{"taxonomy":"post_tag","embeddable":true,"href":"https:\/\/www.fiemg.com.br\/senai\/wp-json\/wp\/v2\/tags?post=2463"}],"curies":[{"name":"wp","href":"https:\/\/api.w.org\/{rel}","templated":true}]}}