{"id":2623,"date":"2024-06-21T13:27:09","date_gmt":"2024-06-21T16:27:09","guid":{"rendered":"https:\/\/www.fiemg.com.br\/senai\/noticias\/senai-euvaldo-lodi-firma-parceria-com-empresa-turbo-brasil\/"},"modified":"2024-06-21T13:27:10","modified_gmt":"2024-06-21T16:27:10","slug":"senai-euvaldo-lodi-firma-parceria-com-empresa-turbo-brasil","status":"publish","type":"noticias","link":"https:\/\/www.fiemg.com.br\/senai\/noticias\/senai-euvaldo-lodi-firma-parceria-com-empresa-turbo-brasil\/","title":{"rendered":"SENAI Euvaldo Lodi firma parceria com empresa Turbo Brasil\u00a0"},"content":{"rendered":"\n<p><\/p>\n\n\n\n<p>Com o objetivo de formar e capacitar profissionais, a unidade do SENAI Euvaldo Lodi, localizada em Contagem, firmou uma parceria com a empresa Turbo Brasil, maior empresa de repara\u00e7\u00e3o de componentes diesel da Am\u00e9rica Latina.&nbsp;&nbsp;<\/p>\n\n\n\n<p>A parceria consistiu na cria\u00e7\u00e3o de um curso de qualifica\u00e7\u00e3o voltado \u00e0s necessidades da empresa, uma vez que h\u00e1 uma dificuldade na capta\u00e7\u00e3o de m\u00e3o de obra especializada para o setor.&nbsp;<\/p>\n\n\n\n<p>A primeira turma do Curso de Qualifica\u00e7\u00e3o Profissional e Mec\u00e2nica de Componentes de Motores Diesel teve in\u00edcio em mar\u00e7o deste ano e os alunos devem concluir a forma\u00e7\u00e3o no final do m\u00eas de julho deste ano. J\u00e1 no segundo semestre, uma nova turma deve ser aberta para formar ainda mais profissionais.<\/p>\n\n\n\n<p>O curso oferece uma combina\u00e7\u00e3o \u00fanica de aulas te\u00f3ricas e pr\u00e1ticas, ministradas por profissionais experientes e altamente qualificados. As aulas te\u00f3ricas acontecem nas instala\u00e7\u00f5es do SENAI Euvaldo Lodi. J\u00e1 as aulas pr\u00e1ticas s\u00e3o realizadas na pr\u00f3pria Turbo Brasil, proporcionando aos alunos contato direto com o dia a dia da empresa e com as tecnologias mais recentes do setor.<\/p>\n\n\n\n<p>\u201cNossa miss\u00e3o \u00e9 formar jovens talentos em parceria com as escolas do entorno da nossa comunidade e em parceria com SENAI Euvaldo Lodi, formar m\u00e3o de obra especializada e assim abrir as portas da Turbo Brasil para o primeiro emprego, atrav\u00e9s de um programa customizado ao nosso segmento de Mec\u00e2nica de Sistemas Diesel, possibilitar maior qualidade na presta\u00e7\u00e3o do nosso servi\u00e7o e alavancar a empresa atrav\u00e9s de m\u00e3o e obra especializada, desenvolvendo \u00e0s compet\u00eancias necess\u00e1rias que comp\u00f5em um profissional de alta performance, buscando a melhoria da produtividade e a competitividade nos neg\u00f3cios\u201d, informou a Turbo Brasil.<\/p>\n\n\n\n<p><em>Tha\u00eds Mota<\/em><br><strong>Imprensa FIEMG<\/strong><\/p>\n","protected":false},"featured_media":2624,"template":"","categories":[15],"tags":[246,282,75,146,283,90,284],"class_list":["post-2623","noticias","type-noticias","status-publish","has-post-thumbnail","hentry","category-desenvolvimento-industrial","tag-capacitacao","tag-enai-euvaldo-lodi","tag-fiemg","tag-industria","tag-mao-de-obra","tag-senai","tag-turbo-brasil"],"acf":[],"yoast_head":"<!-- This site is optimized with the Yoast SEO plugin v26.2 - https:\/\/yoast.com\/wordpress\/plugins\/seo\/ -->\n<title>SENAI Euvaldo Lodi firma parceria com empresa Turbo Brasil\u00a0 - SENAI<\/title>\n<meta name=\"description\" content=\"Iniciativa visa a forma\u00e7\u00e3o de m\u00e3o de obra qualificada e especializada nas demandas da empresa\" \/>\n<meta name=\"robots\" content=\"index, follow, max-snippet:-1, max-image-preview:large, max-video-preview:-1\" \/>\n<link rel=\"canonical\" href=\"https:\/\/www.fiemg.com.br\/senai\/noticias\/senai-euvaldo-lodi-firma-parceria-com-empresa-turbo-brasil\/\" \/>\n<meta property=\"og:locale\" content=\"pt_BR\" \/>\n<meta property=\"og:type\" content=\"article\" \/>\n<meta property=\"og:title\" content=\"SENAI Euvaldo Lodi firma parceria com empresa Turbo Brasil\u00a0 - SENAI\" \/>\n<meta property=\"og:description\" content=\"Iniciativa visa a forma\u00e7\u00e3o de m\u00e3o de obra qualificada e especializada nas demandas da empresa\" \/>\n<meta property=\"og:url\" content=\"https:\/\/www.fiemg.com.br\/senai\/noticias\/senai-euvaldo-lodi-firma-parceria-com-empresa-turbo-brasil\/\" \/>\n<meta property=\"og:site_name\" content=\"SENAI\" \/>\n<meta property=\"article:modified_time\" content=\"2024-06-21T16:27:10+00:00\" \/>\n<meta property=\"og:image\" content=\"https:\/\/www.fiemg.com.br\/senai\/wp-content\/uploads\/sites\/12\/2024\/06\/Senai-Turbo-Brasil-1.jpg\" \/>\n\t<meta property=\"og:image:width\" content=\"512\" \/>\n\t<meta property=\"og:image:height\" content=\"512\" \/>\n\t<meta property=\"og:image:type\" content=\"image\/jpeg\" \/>\n<meta name=\"twitter:card\" content=\"summary_large_image\" \/>\n<meta name=\"twitter:label1\" content=\"Est. tempo de leitura\" \/>\n\t<meta name=\"twitter:data1\" content=\"2 minutos\" \/>\n<script type=\"application\/ld+json\" class=\"yoast-schema-graph\">{\"@context\":\"https:\/\/schema.org\",\"@graph\":[{\"@type\":\"WebPage\",\"@id\":\"https:\/\/www.fiemg.com.br\/senai\/noticias\/senai-euvaldo-lodi-firma-parceria-com-empresa-turbo-brasil\/\",\"url\":\"https:\/\/www.fiemg.com.br\/senai\/noticias\/senai-euvaldo-lodi-firma-parceria-com-empresa-turbo-brasil\/\",\"name\":\"SENAI Euvaldo Lodi firma parceria com empresa Turbo Brasil\u00a0 - SENAI\",\"isPartOf\":{\"@id\":\"https:\/\/www.fiemg.com.br\/senai\/#website\"},\"primaryImageOfPage\":{\"@id\":\"https:\/\/www.fiemg.com.br\/senai\/noticias\/senai-euvaldo-lodi-firma-parceria-com-empresa-turbo-brasil\/#primaryimage\"},\"image\":{\"@id\":\"https:\/\/www.fiemg.com.br\/senai\/noticias\/senai-euvaldo-lodi-firma-parceria-com-empresa-turbo-brasil\/#primaryimage\"},\"thumbnailUrl\":\"https:\/\/www.fiemg.com.br\/senai\/wp-content\/uploads\/sites\/12\/2024\/06\/Senai-Turbo-Brasil-1.jpg\",\"datePublished\":\"2024-06-21T16:27:09+00:00\",\"dateModified\":\"2024-06-21T16:27:10+00:00\",\"description\":\"Iniciativa visa a forma\u00e7\u00e3o de m\u00e3o de obra qualificada e especializada nas demandas da empresa\",\"breadcrumb\":{\"@id\":\"https:\/\/www.fiemg.com.br\/senai\/noticias\/senai-euvaldo-lodi-firma-parceria-com-empresa-turbo-brasil\/#breadcrumb\"},\"inLanguage\":\"pt-BR\",\"potentialAction\":[{\"@type\":\"ReadAction\",\"target\":[\"https:\/\/www.fiemg.com.br\/senai\/noticias\/senai-euvaldo-lodi-firma-parceria-com-empresa-turbo-brasil\/\"]}]},{\"@type\":\"ImageObject\",\"inLanguage\":\"pt-BR\",\"@id\":\"https:\/\/www.fiemg.com.br\/senai\/noticias\/senai-euvaldo-lodi-firma-parceria-com-empresa-turbo-brasil\/#primaryimage\",\"url\":\"https:\/\/www.fiemg.com.br\/senai\/wp-content\/uploads\/sites\/12\/2024\/06\/Senai-Turbo-Brasil-1.jpg\",\"contentUrl\":\"https:\/\/www.fiemg.com.br\/senai\/wp-content\/uploads\/sites\/12\/2024\/06\/Senai-Turbo-Brasil-1.jpg\",\"width\":512,\"height\":512},{\"@type\":\"BreadcrumbList\",\"@id\":\"https:\/\/www.fiemg.com.br\/senai\/noticias\/senai-euvaldo-lodi-firma-parceria-com-empresa-turbo-brasil\/#breadcrumb\",\"itemListElement\":[{\"@type\":\"ListItem\",\"position\":1,\"name\":\"In\u00edcio\",\"item\":\"https:\/\/www.fiemg.com.br\/senai\/\"},{\"@type\":\"ListItem\",\"position\":2,\"name\":\"SENAI Euvaldo Lodi firma parceria com empresa Turbo Brasil\u00a0\"}]},{\"@type\":\"WebSite\",\"@id\":\"https:\/\/www.fiemg.com.br\/senai\/#website\",\"url\":\"https:\/\/www.fiemg.com.br\/senai\/\",\"name\":\"SENAI\",\"description\":\"Federa\u00e7\u00e3o das Ind\u00fastrias do Estado de Minas Gerais\",\"potentialAction\":[{\"@type\":\"SearchAction\",\"target\":{\"@type\":\"EntryPoint\",\"urlTemplate\":\"https:\/\/www.fiemg.com.br\/senai\/?s={search_term_string}\"},\"query-input\":{\"@type\":\"PropertyValueSpecification\",\"valueRequired\":true,\"valueName\":\"search_term_string\"}}],\"inLanguage\":\"pt-BR\"}]}<\/script>\n<!-- \/ Yoast SEO plugin. -->","yoast_head_json":{"title":"SENAI Euvaldo Lodi firma parceria com empresa Turbo Brasil\u00a0 - SENAI","description":"Iniciativa visa a forma\u00e7\u00e3o de m\u00e3o de obra qualificada e especializada nas demandas da empresa","robots":{"index":"index","follow":"follow","max-snippet":"max-snippet:-1","max-image-preview":"max-image-preview:large","max-video-preview":"max-video-preview:-1"},"canonical":"https:\/\/www.fiemg.com.br\/senai\/noticias\/senai-euvaldo-lodi-firma-parceria-com-empresa-turbo-brasil\/","og_locale":"pt_BR","og_type":"article","og_title":"SENAI Euvaldo Lodi firma parceria com empresa Turbo Brasil\u00a0 - SENAI","og_description":"Iniciativa visa a forma\u00e7\u00e3o de m\u00e3o de obra qualificada e especializada nas demandas da empresa","og_url":"https:\/\/www.fiemg.com.br\/senai\/noticias\/senai-euvaldo-lodi-firma-parceria-com-empresa-turbo-brasil\/","og_site_name":"SENAI","article_modified_time":"2024-06-21T16:27:10+00:00","og_image":[{"width":512,"height":512,"url":"https:\/\/www.fiemg.com.br\/senai\/wp-content\/uploads\/sites\/12\/2024\/06\/Senai-Turbo-Brasil-1.jpg","type":"image\/jpeg"}],"twitter_card":"summary_large_image","twitter_misc":{"Est. tempo de leitura":"2 minutos"},"schema":{"@context":"https:\/\/schema.org","@graph":[{"@type":"WebPage","@id":"https:\/\/www.fiemg.com.br\/senai\/noticias\/senai-euvaldo-lodi-firma-parceria-com-empresa-turbo-brasil\/","url":"https:\/\/www.fiemg.com.br\/senai\/noticias\/senai-euvaldo-lodi-firma-parceria-com-empresa-turbo-brasil\/","name":"SENAI Euvaldo Lodi firma parceria com empresa Turbo Brasil\u00a0 - SENAI","isPartOf":{"@id":"https:\/\/www.fiemg.com.br\/senai\/#website"},"primaryImageOfPage":{"@id":"https:\/\/www.fiemg.com.br\/senai\/noticias\/senai-euvaldo-lodi-firma-parceria-com-empresa-turbo-brasil\/#primaryimage"},"image":{"@id":"https:\/\/www.fiemg.com.br\/senai\/noticias\/senai-euvaldo-lodi-firma-parceria-com-empresa-turbo-brasil\/#primaryimage"},"thumbnailUrl":"https:\/\/www.fiemg.com.br\/senai\/wp-content\/uploads\/sites\/12\/2024\/06\/Senai-Turbo-Brasil-1.jpg","datePublished":"2024-06-21T16:27:09+00:00","dateModified":"2024-06-21T16:27:10+00:00","description":"Iniciativa visa a forma\u00e7\u00e3o de m\u00e3o de obra qualificada e especializada nas demandas da empresa","breadcrumb":{"@id":"https:\/\/www.fiemg.com.br\/senai\/noticias\/senai-euvaldo-lodi-firma-parceria-com-empresa-turbo-brasil\/#breadcrumb"},"inLanguage":"pt-BR","potentialAction":[{"@type":"ReadAction","target":["https:\/\/www.fiemg.com.br\/senai\/noticias\/senai-euvaldo-lodi-firma-parceria-com-empresa-turbo-brasil\/"]}]},{"@type":"ImageObject","inLanguage":"pt-BR","@id":"https:\/\/www.fiemg.com.br\/senai\/noticias\/senai-euvaldo-lodi-firma-parceria-com-empresa-turbo-brasil\/#primaryimage","url":"https:\/\/www.fiemg.com.br\/senai\/wp-content\/uploads\/sites\/12\/2024\/06\/Senai-Turbo-Brasil-1.jpg","contentUrl":"https:\/\/www.fiemg.com.br\/senai\/wp-content\/uploads\/sites\/12\/2024\/06\/Senai-Turbo-Brasil-1.jpg","width":512,"height":512},{"@type":"BreadcrumbList","@id":"https:\/\/www.fiemg.com.br\/senai\/noticias\/senai-euvaldo-lodi-firma-parceria-com-empresa-turbo-brasil\/#breadcrumb","itemListElement":[{"@type":"ListItem","position":1,"name":"In\u00edcio","item":"https:\/\/www.fiemg.com.br\/senai\/"},{"@type":"ListItem","position":2,"name":"SENAI Euvaldo Lodi firma parceria com empresa Turbo Brasil\u00a0"}]},{"@type":"WebSite","@id":"https:\/\/www.fiemg.com.br\/senai\/#website","url":"https:\/\/www.fiemg.com.br\/senai\/","name":"SENAI","description":"Federa\u00e7\u00e3o das Ind\u00fastrias do Estado de Minas Gerais","potentialAction":[{"@type":"SearchAction","target":{"@type":"EntryPoint","urlTemplate":"https:\/\/www.fiemg.com.br\/senai\/?s={search_term_string}"},"query-input":{"@type":"PropertyValueSpecification","valueRequired":true,"valueName":"search_term_string"}}],"inLanguage":"pt-BR"}]}},"_links":{"self":[{"href":"https:\/\/www.fiemg.com.br\/senai\/wp-json\/wp\/v2\/noticias\/2623","targetHints":{"allow":["GET"]}}],"collection":[{"href":"https:\/\/www.fiemg.com.br\/senai\/wp-json\/wp\/v2\/noticias"}],"about":[{"href":"https:\/\/www.fiemg.com.br\/senai\/wp-json\/wp\/v2\/types\/noticias"}],"wp:featuredmedia":[{"embeddable":true,"href":"https:\/\/www.fiemg.com.br\/senai\/wp-json\/wp\/v2\/media\/2624"}],"wp:attachment":[{"href":"https:\/\/www.fiemg.com.br\/senai\/wp-json\/wp\/v2\/media?parent=2623"}],"wp:term":[{"taxonomy":"category","embeddable":true,"href":"https:\/\/www.fiemg.com.br\/senai\/wp-json\/wp\/v2\/categories?post=2623"},{"taxonomy":"post_tag","embeddable":true,"href":"https:\/\/www.fiemg.com.br\/senai\/wp-json\/wp\/v2\/tags?post=2623"}],"curies":[{"name":"wp","href":"https:\/\/api.w.org\/{rel}","templated":true}]}}