{"id":2940,"date":"2024-09-26T15:48:27","date_gmt":"2024-09-26T18:48:27","guid":{"rendered":"https:\/\/www.fiemg.com.br\/senai\/noticias\/feira-industrial-e-comercial-e-sucesso-em-cataguases\/"},"modified":"2024-09-26T15:48:27","modified_gmt":"2024-09-26T18:48:27","slug":"feira-industrial-e-comercial-e-sucesso-em-cataguases","status":"publish","type":"noticias","link":"https:\/\/www.fiemg.com.br\/senai\/noticias\/feira-industrial-e-comercial-e-sucesso-em-cataguases\/","title":{"rendered":"Feira industrial e Comercial \u00e9 sucesso em Cataguases"},"content":{"rendered":"\n<p>A Feira Industrial e Comercial de Cataguases (FINC) retornou com for\u00e7a total ap\u00f3s 26 anos. Realizada entre os dias 19 a 22 de setembro, na hist\u00f3rica Companhia Manufatora de Tecidos de Algod\u00e3o, a FINC foi realmente um evento de destaque na regi\u00e3o. Promovida pelo Sindicato Intermunicipal das Ind\u00fastrias de Energia El\u00e9trica e Empresas Prestadoras de Servi\u00e7o no Setor Privado de Energia El\u00e9trica (SIEEL), liderado por seu presidente Ricardo Mattos, e em parceria com a FIEMG, SESI e SENAI, o evento teve ainda o apoio do SEBRAE, ACIC, CDL, Sindicom\u00e9rcio e Prefeitura de Cataguases. O objetivo foi promover a atividade econ\u00f4mica, buscando conectar empres\u00e1rios, fortalecer parcerias e gerar neg\u00f3cios na Zona da Mata.<\/p>\n\n\n\n<p>A abertura oficial da FINC aconteceu no dia 19 de setembro, contando com a presen\u00e7a do presidente da FIEMG Regional Zona da Mata e do Sindipan-JF, Heveraldo Castro; da presidente do Sindivest JF-GV e da C\u00e2mara da Moda da FIEMG, Mari\u00e2ngela Marcon; da assessora de Rela\u00e7\u00f5es Sindicais da FIEMG, Laila Katina; do gerente regional SESI\/SENAI ZM, Humberto Rezende; dos representantes da Invest Minas, Renato Matozinhos, e da Secretaria de Estado de Desenvolvimento Econ\u00f4mico de Minas Gerais, Fernando Barbosa; al\u00e9m do prefeito Jos\u00e9 Henriques, empres\u00e1rios e autoridades locais.<\/p>\n\n\n\n<p>Durante a cerim\u00f4nia de abertura do evento, Eduardo Mantovani, presidente da Energisa Minas Rio, falou como representante do SIEEL, e celebrou o retorno da FINC, destacando que o evento promove a visibilidade da cidade e a atra\u00e7\u00e3o de novos investimentos. Ele anunciou a inaugura\u00e7\u00e3o de uma nova subesta\u00e7\u00e3o da Energisa para garantir suporte ao crescimento industrial local. &#8220;Estamos prontos para receber novos neg\u00f3cios e promover o desenvolvimento da regi\u00e3o&#8221;, disse.<\/p>\n\n\n\n<p>Para Marco Ant\u00f4nio Mendon\u00e7a, do Sebrae, o evento foi uma oportunidade valiosa para micro e pequenas empresas se destacarem e criarem redes de contato. Ele refor\u00e7ou o papel da inova\u00e7\u00e3o e da coopera\u00e7\u00e3o empresarial como chave para o desenvolvimento sustent\u00e1vel da regi\u00e3o.<\/p>\n\n\n\n<p>J\u00e1 Heveraldo Castro, presidente da FIEMG Regional Zona da Mata, destacou a import\u00e2ncia da feira para conectar empres\u00e1rios e gerar neg\u00f3cios, fortalecendo a competitividade das micro e pequenas empresas, que ocuparam 70% dos estandes. &#8220;A FINC \u00e9 uma oportunidade para refor\u00e7ar parcerias e impulsionar nossa ind\u00fastria&#8221;, afirmou ele, ressaltando o papel do SESI e SENAI em trazer educa\u00e7\u00e3o, inova\u00e7\u00e3o e capacita\u00e7\u00e3o tecnol\u00f3gica para a regi\u00e3o.<\/p>\n\n\n\n<p>De acordo com o presidente do SIEEL, Ricardo Mattos, a feira contou com 37 estandes, sendo 70% destinados a micro e pequenas empresas, oferecendo uma vitrine para expositores de diversos setores, que puderam mostrar seus produtos, servi\u00e7os e inova\u00e7\u00f5es tecnol\u00f3gicas. \u201cO evento foi uma plataforma de networking e interc\u00e2mbio, estimulando a gera\u00e7\u00e3o de novas rela\u00e7\u00f5es comerciais e fortalecendo a competitividade local. Empres\u00e1rios e visitantes tiveram a chance de participar de encontros de neg\u00f3cios, negocia\u00e7\u00f5es diretas e apresenta\u00e7\u00f5es de solu\u00e7\u00f5es inovadoras para a ind\u00fastria, com\u00e9rcio e presta\u00e7\u00e3o de servi\u00e7os\u201d, disse.<\/p>\n\n\n\n<p>O SESI e o SENAI montaram um estande especial para apresentar suas solu\u00e7\u00f5es em capacita\u00e7\u00e3o e inova\u00e7\u00e3o tecnol\u00f3gica voltadas ao desenvolvimento educacional e industrial. Entre as palestras apresentadas, duas foram realizadas pelo SENAI, no dia 20 de setembro, com foco em novas tecnologias e programas de desenvolvimento industrial. O instrutor de automa\u00e7\u00e3o Anderson Figueiredo da Silva abordou \u201cAplica\u00e7\u00f5es de Novas Tecnologias para a Ind\u00fastria\u201d, e o diretor do SENAI Cataguases, Cl\u00e1udio Rutz, falou sobre \u201cProgramas e Solu\u00e7\u00f5es Personalizadas para o Desenvolvimento da Ind\u00fastria\u201d.<\/p>\n\n\n\n<p>Para completar a experi\u00eancia, a FINC tamb\u00e9m contou com uma Pra\u00e7a de Alimenta\u00e7\u00e3o e uma programa\u00e7\u00e3o cultural com 10 shows musicais durante os quatro dias de evento, garantindo que o p\u00fablico tivesse n\u00e3o apenas oportunidades de neg\u00f3cios, mas tamb\u00e9m momentos de lazer e entretenimento. O ambiente de neg\u00f3cios foi aquecido pela intera\u00e7\u00e3o entre expositores, empres\u00e1rios e consumidores, favorecendo o desenvolvimento econ\u00f4mico da regi\u00e3o.<\/p>\n\n\n\n<p>Com mais de 11 mil visitantes ao longo dos quatro dias, a FINC 2024 marcou a retomada de um evento hist\u00f3rico, consolidando Cataguases como um polo industrial e comercial promissor. Com o apoio de diversas institui\u00e7\u00f5es, a feira gerou oportunidades e fortaleceu a economia regional, tornando-se um espa\u00e7o essencial para a cria\u00e7\u00e3o de novos neg\u00f3cios e parcerias.<\/p>\n\n\n\n<figure class=\"wp-block-image size-large is-resized\"><img decoding=\"async\" src=\"https:\/\/www.fiemg.com.br\/senai\/wp-content\/uploads\/sites\/12\/2024\/09\/finc9-1024x768.jpg\" alt=\"\" class=\"wp-image-2947\" style=\"width:422px;height:auto\" \/><\/figure>\n\n\n\n<p>.<\/p>\n\n\n\n<p><em>Graciele Vianna<\/em><\/p>\n\n\n\n<p><strong>Imprensa FIEMG<\/strong><\/p>\n","protected":false},"featured_media":2941,"template":"","categories":[15],"tags":[],"class_list":["post-2940","noticias","type-noticias","status-publish","has-post-thumbnail","hentry","category-desenvolvimento-industrial"],"acf":[],"yoast_head":"<!-- This site is optimized with the Yoast SEO plugin v26.2 - https:\/\/yoast.com\/wordpress\/plugins\/seo\/ -->\n<title>Feira industrial e Comercial \u00e9 sucesso em Cataguases - SENAI<\/title>\n<meta name=\"robots\" content=\"index, follow, max-snippet:-1, max-image-preview:large, max-video-preview:-1\" \/>\n<link rel=\"canonical\" href=\"https:\/\/www.fiemg.com.br\/senai\/noticias\/feira-industrial-e-comercial-e-sucesso-em-cataguases\/\" \/>\n<meta property=\"og:locale\" content=\"pt_BR\" \/>\n<meta property=\"og:type\" content=\"article\" \/>\n<meta property=\"og:title\" content=\"Feira industrial e Comercial \u00e9 sucesso em Cataguases - SENAI\" \/>\n<meta property=\"og:description\" content=\"A Feira Industrial e Comercial de Cataguases (FINC) retornou com for\u00e7a total ap\u00f3s 26 anos. Realizada entre os dias 19 a 22 de setembro, na hist\u00f3rica Companhia Manufatora de Tecidos de Algod\u00e3o, a FINC foi realmente um evento de destaque na regi\u00e3o. Promovida pelo Sindicato Intermunicipal das Ind\u00fastrias de Energia El\u00e9trica e Empresas Prestadoras de [&hellip;]\" \/>\n<meta property=\"og:url\" content=\"https:\/\/www.fiemg.com.br\/senai\/noticias\/feira-industrial-e-comercial-e-sucesso-em-cataguases\/\" \/>\n<meta property=\"og:site_name\" content=\"SENAI\" \/>\n<meta property=\"og:image\" content=\"https:\/\/www.fiemg.com.br\/senai\/wp-content\/uploads\/sites\/12\/2024\/09\/finc7-2-e1727377164868.jpg\" \/>\n\t<meta property=\"og:image:width\" content=\"1066\" \/>\n\t<meta property=\"og:image:height\" content=\"901\" \/>\n\t<meta property=\"og:image:type\" content=\"image\/jpeg\" \/>\n<meta name=\"twitter:card\" content=\"summary_large_image\" \/>\n<meta name=\"twitter:label1\" content=\"Est. tempo de leitura\" \/>\n\t<meta name=\"twitter:data1\" content=\"5 minutos\" \/>\n<script type=\"application\/ld+json\" class=\"yoast-schema-graph\">{\"@context\":\"https:\/\/schema.org\",\"@graph\":[{\"@type\":\"WebPage\",\"@id\":\"https:\/\/www.fiemg.com.br\/senai\/noticias\/feira-industrial-e-comercial-e-sucesso-em-cataguases\/\",\"url\":\"https:\/\/www.fiemg.com.br\/senai\/noticias\/feira-industrial-e-comercial-e-sucesso-em-cataguases\/\",\"name\":\"Feira industrial e Comercial \u00e9 sucesso em Cataguases - SENAI\",\"isPartOf\":{\"@id\":\"https:\/\/www.fiemg.com.br\/senai\/#website\"},\"primaryImageOfPage\":{\"@id\":\"https:\/\/www.fiemg.com.br\/senai\/noticias\/feira-industrial-e-comercial-e-sucesso-em-cataguases\/#primaryimage\"},\"image\":{\"@id\":\"https:\/\/www.fiemg.com.br\/senai\/noticias\/feira-industrial-e-comercial-e-sucesso-em-cataguases\/#primaryimage\"},\"thumbnailUrl\":\"https:\/\/www.fiemg.com.br\/senai\/wp-content\/uploads\/sites\/12\/2024\/09\/finc7-2-e1727377164868.jpg\",\"datePublished\":\"2024-09-26T18:48:27+00:00\",\"breadcrumb\":{\"@id\":\"https:\/\/www.fiemg.com.br\/senai\/noticias\/feira-industrial-e-comercial-e-sucesso-em-cataguases\/#breadcrumb\"},\"inLanguage\":\"pt-BR\",\"potentialAction\":[{\"@type\":\"ReadAction\",\"target\":[\"https:\/\/www.fiemg.com.br\/senai\/noticias\/feira-industrial-e-comercial-e-sucesso-em-cataguases\/\"]}]},{\"@type\":\"ImageObject\",\"inLanguage\":\"pt-BR\",\"@id\":\"https:\/\/www.fiemg.com.br\/senai\/noticias\/feira-industrial-e-comercial-e-sucesso-em-cataguases\/#primaryimage\",\"url\":\"https:\/\/www.fiemg.com.br\/senai\/wp-content\/uploads\/sites\/12\/2024\/09\/finc7-2-e1727377164868.jpg\",\"contentUrl\":\"https:\/\/www.fiemg.com.br\/senai\/wp-content\/uploads\/sites\/12\/2024\/09\/finc7-2-e1727377164868.jpg\",\"width\":1066,\"height\":901},{\"@type\":\"BreadcrumbList\",\"@id\":\"https:\/\/www.fiemg.com.br\/senai\/noticias\/feira-industrial-e-comercial-e-sucesso-em-cataguases\/#breadcrumb\",\"itemListElement\":[{\"@type\":\"ListItem\",\"position\":1,\"name\":\"In\u00edcio\",\"item\":\"https:\/\/www.fiemg.com.br\/senai\/\"},{\"@type\":\"ListItem\",\"position\":2,\"name\":\"Feira industrial e Comercial \u00e9 sucesso em Cataguases\"}]},{\"@type\":\"WebSite\",\"@id\":\"https:\/\/www.fiemg.com.br\/senai\/#website\",\"url\":\"https:\/\/www.fiemg.com.br\/senai\/\",\"name\":\"SENAI\",\"description\":\"Federa\u00e7\u00e3o das Ind\u00fastrias do Estado de Minas Gerais\",\"potentialAction\":[{\"@type\":\"SearchAction\",\"target\":{\"@type\":\"EntryPoint\",\"urlTemplate\":\"https:\/\/www.fiemg.com.br\/senai\/?s={search_term_string}\"},\"query-input\":{\"@type\":\"PropertyValueSpecification\",\"valueRequired\":true,\"valueName\":\"search_term_string\"}}],\"inLanguage\":\"pt-BR\"}]}<\/script>\n<!-- \/ Yoast SEO plugin. -->","yoast_head_json":{"title":"Feira industrial e Comercial \u00e9 sucesso em Cataguases - SENAI","robots":{"index":"index","follow":"follow","max-snippet":"max-snippet:-1","max-image-preview":"max-image-preview:large","max-video-preview":"max-video-preview:-1"},"canonical":"https:\/\/www.fiemg.com.br\/senai\/noticias\/feira-industrial-e-comercial-e-sucesso-em-cataguases\/","og_locale":"pt_BR","og_type":"article","og_title":"Feira industrial e Comercial \u00e9 sucesso em Cataguases - SENAI","og_description":"A Feira Industrial e Comercial de Cataguases (FINC) retornou com for\u00e7a total ap\u00f3s 26 anos. Realizada entre os dias 19 a 22 de setembro, na hist\u00f3rica Companhia Manufatora de Tecidos de Algod\u00e3o, a FINC foi realmente um evento de destaque na regi\u00e3o. Promovida pelo Sindicato Intermunicipal das Ind\u00fastrias de Energia El\u00e9trica e Empresas Prestadoras de [&hellip;]","og_url":"https:\/\/www.fiemg.com.br\/senai\/noticias\/feira-industrial-e-comercial-e-sucesso-em-cataguases\/","og_site_name":"SENAI","og_image":[{"width":1066,"height":901,"url":"https:\/\/www.fiemg.com.br\/senai\/wp-content\/uploads\/sites\/12\/2024\/09\/finc7-2-e1727377164868.jpg","type":"image\/jpeg"}],"twitter_card":"summary_large_image","twitter_misc":{"Est. tempo de leitura":"5 minutos"},"schema":{"@context":"https:\/\/schema.org","@graph":[{"@type":"WebPage","@id":"https:\/\/www.fiemg.com.br\/senai\/noticias\/feira-industrial-e-comercial-e-sucesso-em-cataguases\/","url":"https:\/\/www.fiemg.com.br\/senai\/noticias\/feira-industrial-e-comercial-e-sucesso-em-cataguases\/","name":"Feira industrial e Comercial \u00e9 sucesso em Cataguases - SENAI","isPartOf":{"@id":"https:\/\/www.fiemg.com.br\/senai\/#website"},"primaryImageOfPage":{"@id":"https:\/\/www.fiemg.com.br\/senai\/noticias\/feira-industrial-e-comercial-e-sucesso-em-cataguases\/#primaryimage"},"image":{"@id":"https:\/\/www.fiemg.com.br\/senai\/noticias\/feira-industrial-e-comercial-e-sucesso-em-cataguases\/#primaryimage"},"thumbnailUrl":"https:\/\/www.fiemg.com.br\/senai\/wp-content\/uploads\/sites\/12\/2024\/09\/finc7-2-e1727377164868.jpg","datePublished":"2024-09-26T18:48:27+00:00","breadcrumb":{"@id":"https:\/\/www.fiemg.com.br\/senai\/noticias\/feira-industrial-e-comercial-e-sucesso-em-cataguases\/#breadcrumb"},"inLanguage":"pt-BR","potentialAction":[{"@type":"ReadAction","target":["https:\/\/www.fiemg.com.br\/senai\/noticias\/feira-industrial-e-comercial-e-sucesso-em-cataguases\/"]}]},{"@type":"ImageObject","inLanguage":"pt-BR","@id":"https:\/\/www.fiemg.com.br\/senai\/noticias\/feira-industrial-e-comercial-e-sucesso-em-cataguases\/#primaryimage","url":"https:\/\/www.fiemg.com.br\/senai\/wp-content\/uploads\/sites\/12\/2024\/09\/finc7-2-e1727377164868.jpg","contentUrl":"https:\/\/www.fiemg.com.br\/senai\/wp-content\/uploads\/sites\/12\/2024\/09\/finc7-2-e1727377164868.jpg","width":1066,"height":901},{"@type":"BreadcrumbList","@id":"https:\/\/www.fiemg.com.br\/senai\/noticias\/feira-industrial-e-comercial-e-sucesso-em-cataguases\/#breadcrumb","itemListElement":[{"@type":"ListItem","position":1,"name":"In\u00edcio","item":"https:\/\/www.fiemg.com.br\/senai\/"},{"@type":"ListItem","position":2,"name":"Feira industrial e Comercial \u00e9 sucesso em Cataguases"}]},{"@type":"WebSite","@id":"https:\/\/www.fiemg.com.br\/senai\/#website","url":"https:\/\/www.fiemg.com.br\/senai\/","name":"SENAI","description":"Federa\u00e7\u00e3o das Ind\u00fastrias do Estado de Minas Gerais","potentialAction":[{"@type":"SearchAction","target":{"@type":"EntryPoint","urlTemplate":"https:\/\/www.fiemg.com.br\/senai\/?s={search_term_string}"},"query-input":{"@type":"PropertyValueSpecification","valueRequired":true,"valueName":"search_term_string"}}],"inLanguage":"pt-BR"}]}},"_links":{"self":[{"href":"https:\/\/www.fiemg.com.br\/senai\/wp-json\/wp\/v2\/noticias\/2940","targetHints":{"allow":["GET"]}}],"collection":[{"href":"https:\/\/www.fiemg.com.br\/senai\/wp-json\/wp\/v2\/noticias"}],"about":[{"href":"https:\/\/www.fiemg.com.br\/senai\/wp-json\/wp\/v2\/types\/noticias"}],"wp:featuredmedia":[{"embeddable":true,"href":"https:\/\/www.fiemg.com.br\/senai\/wp-json\/wp\/v2\/media\/2941"}],"wp:attachment":[{"href":"https:\/\/www.fiemg.com.br\/senai\/wp-json\/wp\/v2\/media?parent=2940"}],"wp:term":[{"taxonomy":"category","embeddable":true,"href":"https:\/\/www.fiemg.com.br\/senai\/wp-json\/wp\/v2\/categories?post=2940"},{"taxonomy":"post_tag","embeddable":true,"href":"https:\/\/www.fiemg.com.br\/senai\/wp-json\/wp\/v2\/tags?post=2940"}],"curies":[{"name":"wp","href":"https:\/\/api.w.org\/{rel}","templated":true}]}}