{"id":2961,"date":"2024-09-27T18:29:24","date_gmt":"2024-09-27T21:29:24","guid":{"rendered":"https:\/\/www.fiemg.com.br\/senai\/noticias\/formacao-profissional-de-classe-mundial\/"},"modified":"2024-09-27T18:31:25","modified_gmt":"2024-09-27T21:31:25","slug":"formacao-profissional-de-classe-mundial","status":"publish","type":"noticias","link":"https:\/\/www.fiemg.com.br\/senai\/noticias\/formacao-profissional-de-classe-mundial\/","title":{"rendered":"Forma\u00e7\u00e3o profissional de classe mundial"},"content":{"rendered":"\n<p>A participa\u00e7\u00e3o vitoriosa da delega\u00e7\u00e3o de Minas Gerais na maior competi\u00e7\u00e3o internacional de forma\u00e7\u00e3o profissional foi o tema principal da pauta da reuni\u00e3o dos Conselhos Regionais do SESI, SENAI e IEL. Durante o encontro, realizado na sede da FIEMG no dia 27 de setembro, o gerente do SENAI, Ricardo Aloysio fez a apresenta\u00e7\u00e3o do desempenho dos mineiros na WorldSkills que ocorreu entre os dias 10 e 15 na cidade de Lyon na Fran\u00e7a reunindo 1.400 competidores do mundo inteiro.<\/p>\n\n\n\n<p>Medalha de prata na ocupa\u00e7\u00e3o Tecnologia em Design Industrial, Victor Rodrigo de Freitas Ferreira destacou a import\u00e2ncia da estrutura do SENAI para atingir os resultados. \u201dDevo tudo isso a uma trajet\u00f3ria iniciada desde o meu primeiro curso na unidade do SENAI em Visconde do Rio Branco que me levou a ser o vencedor local na Olimp\u00edada do Conhecimento, passando por v\u00e1rias \u00e1reas diferentes ao longo de oito anos\u201d, lembrou.<\/p>\n\n\n\n<p>Inspira\u00e7\u00e3o &#8211; O presidente da FIEMG e dos Conselhos Regionais do SESI, SENAI e IEL, Fl\u00e1vio Roscoe observou que este tamb\u00e9m foi o tempo m\u00e9dio de prepara\u00e7\u00e3o da delega\u00e7\u00e3o chinesa que conquistou o primeiro lugar em pontos na competi\u00e7\u00e3o. \u201cO universo de alt\u00edssimo rendimento que \u00e9 o WorldSkills nos inspira a implementar novas estrat\u00e9gias, que aliadas ao maior investimento que estamos fazendo podem geram resultados ainda melhores n\u00e3o s\u00f3 na competi\u00e7\u00e3o internacional como para o atendimento a todas as ind\u00fastrias,\u201d ressaltou.<\/p>\n\n\n\n<p>Neste sentido, o l\u00edder industrial mineiro informou aos conselheiros que sugeriu aos gestores da participa\u00e7\u00e3o brasileira um trabalho para ampliar a atra\u00e7\u00e3o de ind\u00fastrias parceiras; bolsa de estudos, como por exemplo, de Ingl\u00eas t\u00e9cnico \u2013 que \u00e9 base da atua\u00e7\u00e3o na hora das competi\u00e7\u00f5es \u2013 e a ado\u00e7\u00e3o de um modelo de regionaliza\u00e7\u00e3o do treinamento e das competi\u00e7\u00f5es tendo como refer\u00eancia os polos de refer\u00eancia na forma\u00e7\u00e3o profissional em todo Brasil.<\/p>\n\n\n\n<p>Maior competi\u00e7\u00e3o mundial de profiss\u00f5es t\u00e9cnicas, a WorldSkills re\u00fane jovens alunos de at\u00e9 25 anos, cujas habilidades individuais e coletivas s\u00e3o avaliadas por especialistas. Durante as provas, eles realizam uma s\u00e9rie de tarefas de alto n\u00edvel t\u00e9cnico e dentro de padr\u00f5es internacionais de qualidade.<br><br>Clique <a href=\"https:\/\/www.flickr.com\/photos\/sistemafiemg\/albums\/72177720320648283\/\">aqui<\/a> e veja mais fotos da reuni\u00e3o<br><br><em>Trajano Raposo<br><\/em><strong>Imprensa FIEMG<\/strong><br><br><\/p>\n","protected":false},"featured_media":2962,"template":"","categories":[16],"tags":[142,75,90,91],"class_list":["post-2961","noticias","type-noticias","status-publish","has-post-thumbnail","hentry","category-educacao","tag-competicao","tag-fiemg","tag-senai","tag-worldskills"],"acf":[],"yoast_head":"<!-- This site is optimized with the Yoast SEO plugin v26.2 - https:\/\/yoast.com\/wordpress\/plugins\/seo\/ -->\n<title>Forma\u00e7\u00e3o profissional de classe mundial - SENAI<\/title>\n<meta name=\"description\" content=\"Campe\u00f5es mineiros da WorldSkills participaram de reuni\u00e3o dos Conselhos SESI SENAI e IEL\" \/>\n<meta name=\"robots\" content=\"index, follow, max-snippet:-1, max-image-preview:large, max-video-preview:-1\" \/>\n<link rel=\"canonical\" href=\"https:\/\/www.fiemg.com.br\/senai\/noticias\/formacao-profissional-de-classe-mundial\/\" \/>\n<meta property=\"og:locale\" content=\"pt_BR\" \/>\n<meta property=\"og:type\" content=\"article\" \/>\n<meta property=\"og:title\" content=\"Forma\u00e7\u00e3o profissional de classe mundial - SENAI\" \/>\n<meta property=\"og:description\" content=\"Campe\u00f5es mineiros da WorldSkills participaram de reuni\u00e3o dos Conselhos SESI SENAI e IEL\" \/>\n<meta property=\"og:url\" content=\"https:\/\/www.fiemg.com.br\/senai\/noticias\/formacao-profissional-de-classe-mundial\/\" \/>\n<meta property=\"og:site_name\" content=\"SENAI\" \/>\n<meta property=\"article:modified_time\" content=\"2024-09-27T21:31:25+00:00\" \/>\n<meta property=\"og:image\" content=\"https:\/\/www.fiemg.com.br\/senai\/wp-content\/uploads\/sites\/12\/2024\/09\/senai_thumb.jpeg\" \/>\n\t<meta property=\"og:image:width\" content=\"512\" \/>\n\t<meta property=\"og:image:height\" content=\"512\" \/>\n\t<meta property=\"og:image:type\" content=\"image\/jpeg\" \/>\n<meta name=\"twitter:card\" content=\"summary_large_image\" \/>\n<meta name=\"twitter:label1\" content=\"Est. tempo de leitura\" \/>\n\t<meta name=\"twitter:data1\" content=\"3 minutos\" \/>\n<script type=\"application\/ld+json\" class=\"yoast-schema-graph\">{\"@context\":\"https:\/\/schema.org\",\"@graph\":[{\"@type\":\"WebPage\",\"@id\":\"https:\/\/www.fiemg.com.br\/senai\/noticias\/formacao-profissional-de-classe-mundial\/\",\"url\":\"https:\/\/www.fiemg.com.br\/senai\/noticias\/formacao-profissional-de-classe-mundial\/\",\"name\":\"Forma\u00e7\u00e3o profissional de classe mundial - SENAI\",\"isPartOf\":{\"@id\":\"https:\/\/www.fiemg.com.br\/senai\/#website\"},\"primaryImageOfPage\":{\"@id\":\"https:\/\/www.fiemg.com.br\/senai\/noticias\/formacao-profissional-de-classe-mundial\/#primaryimage\"},\"image\":{\"@id\":\"https:\/\/www.fiemg.com.br\/senai\/noticias\/formacao-profissional-de-classe-mundial\/#primaryimage\"},\"thumbnailUrl\":\"https:\/\/www.fiemg.com.br\/senai\/wp-content\/uploads\/sites\/12\/2024\/09\/senai_thumb.jpeg\",\"datePublished\":\"2024-09-27T21:29:24+00:00\",\"dateModified\":\"2024-09-27T21:31:25+00:00\",\"description\":\"Campe\u00f5es mineiros da WorldSkills participaram de reuni\u00e3o dos Conselhos SESI SENAI e IEL\",\"breadcrumb\":{\"@id\":\"https:\/\/www.fiemg.com.br\/senai\/noticias\/formacao-profissional-de-classe-mundial\/#breadcrumb\"},\"inLanguage\":\"pt-BR\",\"potentialAction\":[{\"@type\":\"ReadAction\",\"target\":[\"https:\/\/www.fiemg.com.br\/senai\/noticias\/formacao-profissional-de-classe-mundial\/\"]}]},{\"@type\":\"ImageObject\",\"inLanguage\":\"pt-BR\",\"@id\":\"https:\/\/www.fiemg.com.br\/senai\/noticias\/formacao-profissional-de-classe-mundial\/#primaryimage\",\"url\":\"https:\/\/www.fiemg.com.br\/senai\/wp-content\/uploads\/sites\/12\/2024\/09\/senai_thumb.jpeg\",\"contentUrl\":\"https:\/\/www.fiemg.com.br\/senai\/wp-content\/uploads\/sites\/12\/2024\/09\/senai_thumb.jpeg\",\"width\":512,\"height\":512,\"caption\":\"Forma\u00e7\u00e3o profissional de classe mundial\"},{\"@type\":\"BreadcrumbList\",\"@id\":\"https:\/\/www.fiemg.com.br\/senai\/noticias\/formacao-profissional-de-classe-mundial\/#breadcrumb\",\"itemListElement\":[{\"@type\":\"ListItem\",\"position\":1,\"name\":\"In\u00edcio\",\"item\":\"https:\/\/www.fiemg.com.br\/senai\/\"},{\"@type\":\"ListItem\",\"position\":2,\"name\":\"Forma\u00e7\u00e3o profissional de classe mundial\"}]},{\"@type\":\"WebSite\",\"@id\":\"https:\/\/www.fiemg.com.br\/senai\/#website\",\"url\":\"https:\/\/www.fiemg.com.br\/senai\/\",\"name\":\"SENAI\",\"description\":\"Federa\u00e7\u00e3o das Ind\u00fastrias do Estado de Minas Gerais\",\"potentialAction\":[{\"@type\":\"SearchAction\",\"target\":{\"@type\":\"EntryPoint\",\"urlTemplate\":\"https:\/\/www.fiemg.com.br\/senai\/?s={search_term_string}\"},\"query-input\":{\"@type\":\"PropertyValueSpecification\",\"valueRequired\":true,\"valueName\":\"search_term_string\"}}],\"inLanguage\":\"pt-BR\"}]}<\/script>\n<!-- \/ Yoast SEO plugin. -->","yoast_head_json":{"title":"Forma\u00e7\u00e3o profissional de classe mundial - SENAI","description":"Campe\u00f5es mineiros da WorldSkills participaram de reuni\u00e3o dos Conselhos SESI SENAI e IEL","robots":{"index":"index","follow":"follow","max-snippet":"max-snippet:-1","max-image-preview":"max-image-preview:large","max-video-preview":"max-video-preview:-1"},"canonical":"https:\/\/www.fiemg.com.br\/senai\/noticias\/formacao-profissional-de-classe-mundial\/","og_locale":"pt_BR","og_type":"article","og_title":"Forma\u00e7\u00e3o profissional de classe mundial - SENAI","og_description":"Campe\u00f5es mineiros da WorldSkills participaram de reuni\u00e3o dos Conselhos SESI SENAI e IEL","og_url":"https:\/\/www.fiemg.com.br\/senai\/noticias\/formacao-profissional-de-classe-mundial\/","og_site_name":"SENAI","article_modified_time":"2024-09-27T21:31:25+00:00","og_image":[{"width":512,"height":512,"url":"https:\/\/www.fiemg.com.br\/senai\/wp-content\/uploads\/sites\/12\/2024\/09\/senai_thumb.jpeg","type":"image\/jpeg"}],"twitter_card":"summary_large_image","twitter_misc":{"Est. tempo de leitura":"3 minutos"},"schema":{"@context":"https:\/\/schema.org","@graph":[{"@type":"WebPage","@id":"https:\/\/www.fiemg.com.br\/senai\/noticias\/formacao-profissional-de-classe-mundial\/","url":"https:\/\/www.fiemg.com.br\/senai\/noticias\/formacao-profissional-de-classe-mundial\/","name":"Forma\u00e7\u00e3o profissional de classe mundial - SENAI","isPartOf":{"@id":"https:\/\/www.fiemg.com.br\/senai\/#website"},"primaryImageOfPage":{"@id":"https:\/\/www.fiemg.com.br\/senai\/noticias\/formacao-profissional-de-classe-mundial\/#primaryimage"},"image":{"@id":"https:\/\/www.fiemg.com.br\/senai\/noticias\/formacao-profissional-de-classe-mundial\/#primaryimage"},"thumbnailUrl":"https:\/\/www.fiemg.com.br\/senai\/wp-content\/uploads\/sites\/12\/2024\/09\/senai_thumb.jpeg","datePublished":"2024-09-27T21:29:24+00:00","dateModified":"2024-09-27T21:31:25+00:00","description":"Campe\u00f5es mineiros da WorldSkills participaram de reuni\u00e3o dos Conselhos SESI SENAI e IEL","breadcrumb":{"@id":"https:\/\/www.fiemg.com.br\/senai\/noticias\/formacao-profissional-de-classe-mundial\/#breadcrumb"},"inLanguage":"pt-BR","potentialAction":[{"@type":"ReadAction","target":["https:\/\/www.fiemg.com.br\/senai\/noticias\/formacao-profissional-de-classe-mundial\/"]}]},{"@type":"ImageObject","inLanguage":"pt-BR","@id":"https:\/\/www.fiemg.com.br\/senai\/noticias\/formacao-profissional-de-classe-mundial\/#primaryimage","url":"https:\/\/www.fiemg.com.br\/senai\/wp-content\/uploads\/sites\/12\/2024\/09\/senai_thumb.jpeg","contentUrl":"https:\/\/www.fiemg.com.br\/senai\/wp-content\/uploads\/sites\/12\/2024\/09\/senai_thumb.jpeg","width":512,"height":512,"caption":"Forma\u00e7\u00e3o profissional de classe mundial"},{"@type":"BreadcrumbList","@id":"https:\/\/www.fiemg.com.br\/senai\/noticias\/formacao-profissional-de-classe-mundial\/#breadcrumb","itemListElement":[{"@type":"ListItem","position":1,"name":"In\u00edcio","item":"https:\/\/www.fiemg.com.br\/senai\/"},{"@type":"ListItem","position":2,"name":"Forma\u00e7\u00e3o profissional de classe mundial"}]},{"@type":"WebSite","@id":"https:\/\/www.fiemg.com.br\/senai\/#website","url":"https:\/\/www.fiemg.com.br\/senai\/","name":"SENAI","description":"Federa\u00e7\u00e3o das Ind\u00fastrias do Estado de Minas Gerais","potentialAction":[{"@type":"SearchAction","target":{"@type":"EntryPoint","urlTemplate":"https:\/\/www.fiemg.com.br\/senai\/?s={search_term_string}"},"query-input":{"@type":"PropertyValueSpecification","valueRequired":true,"valueName":"search_term_string"}}],"inLanguage":"pt-BR"}]}},"_links":{"self":[{"href":"https:\/\/www.fiemg.com.br\/senai\/wp-json\/wp\/v2\/noticias\/2961","targetHints":{"allow":["GET"]}}],"collection":[{"href":"https:\/\/www.fiemg.com.br\/senai\/wp-json\/wp\/v2\/noticias"}],"about":[{"href":"https:\/\/www.fiemg.com.br\/senai\/wp-json\/wp\/v2\/types\/noticias"}],"wp:featuredmedia":[{"embeddable":true,"href":"https:\/\/www.fiemg.com.br\/senai\/wp-json\/wp\/v2\/media\/2962"}],"wp:attachment":[{"href":"https:\/\/www.fiemg.com.br\/senai\/wp-json\/wp\/v2\/media?parent=2961"}],"wp:term":[{"taxonomy":"category","embeddable":true,"href":"https:\/\/www.fiemg.com.br\/senai\/wp-json\/wp\/v2\/categories?post=2961"},{"taxonomy":"post_tag","embeddable":true,"href":"https:\/\/www.fiemg.com.br\/senai\/wp-json\/wp\/v2\/tags?post=2961"}],"curies":[{"name":"wp","href":"https:\/\/api.w.org\/{rel}","templated":true}]}}