{"id":3094,"date":"2025-02-19T09:00:00","date_gmt":"2025-02-19T12:00:00","guid":{"rendered":"https:\/\/www.fiemg.com.br\/senai\/?post_type=noticias&#038;p=3094"},"modified":"2025-03-06T15:46:59","modified_gmt":"2025-03-06T18:46:59","slug":"projeto-de-industrializacao-de-terras-raras-e-aprovado-no-programa-mover","status":"publish","type":"noticias","link":"https:\/\/www.fiemg.com.br\/senai\/noticias\/projeto-de-industrializacao-de-terras-raras-e-aprovado-no-programa-mover\/","title":{"rendered":"Projeto de industrializa\u00e7\u00e3o de terras raras \u00e9 aprovado no Programa Mover"},"content":{"rendered":"\n<p><\/p>\n\n\n\n<p>Foi aprovado na \u00faltima semana o Projeto MagBras, um marco para a industrializa\u00e7\u00e3o das terras raras no Brasil. A iniciativa estabelece uma cadeia produtiva completa de \u00edm\u00e3s permanentes de Neod\u00edmio, Ferro e Boro (NdFeB), abrangendo desde a extra\u00e7\u00e3o e beneficiamento mineral at\u00e9 a fabrica\u00e7\u00e3o e reciclagem, com aplica\u00e7\u00f5es estrat\u00e9gicas nos setores automotivo, de energia renov\u00e1vel e eletr\u00f4nico.<\/p>\n\n\n\n<p>O projeto foi aprovado na chamada de Projetos Estruturantes do Programa Mobilidade Verde e Inova\u00e7\u00e3o (Mover), lan\u00e7ada no ano passado com o apoio do Servi\u00e7o Nacional de Aprendizagem Industrial (SENAI) e da Funda\u00e7\u00e3o de Desenvolvimento da Pesquisa de Minas Gerais (Fundep).&nbsp;<\/p>\n\n\n\n<p>Por meio do programa, o Projeto MagBras receber\u00e1 R$ 73,3 milh\u00f5es, consolidando-se como a principal iniciativa para a estrutura\u00e7\u00e3o da cadeia nacional de \u00edm\u00e3s permanentes de terras raras, reduzindo a depend\u00eancia do Brasil da importa\u00e7\u00e3o desses materiais estrat\u00e9gicos.<\/p>\n\n\n\n<p>Um dos pilares dessa aprova\u00e7\u00e3o foi a infraestrutura do Instituto de Terras Raras (CIT SENAI ITR), localizado em Lagoa Santa (MG), que recebeu investimentos da Federa\u00e7\u00e3o das Ind\u00fastrias do Estado de Minas Gerais (FIEMG) para se tornar a maior planta de pesquisa aplicada na produ\u00e7\u00e3o de \u00edm\u00e3s permanentes na Am\u00e9rica do Sul.&nbsp;<\/p>\n\n\n\n<p>Com equipamentos de ponta e capacidade laboratorial avan\u00e7ada, o CIT SENAI ITR ser\u00e1 fundamental para o desenvolvimento e escalonamento das tecnologias necess\u00e1rias para a viabiliza\u00e7\u00e3o industrial do projeto. \u201cA aprova\u00e7\u00e3o do projeto garantir\u00e1 recursos para acelerar o comissionamento e o desenvolvimento dos \u00edm\u00e3s de terras raras e das rotas de fabrica\u00e7\u00e3o em Lagoa Santa\u201d, afirma o coordenador do CIT SENAI ITR, Andr\u00e9 Pimenta.<\/p>\n\n\n\n<p>J\u00e1 o gerente de Pesquisa, Desenvolvimento e Inova\u00e7\u00e3o (PD&amp;I) do CIT\/SENAI, Jos\u00e9 Luciano de Assis Pereira, destacou que o projeto pode ser o pontap\u00e9 inicial para a produ\u00e7\u00e3o de \u00edmas de terras raras no Brasil e futuramente talvez at\u00e9 de uma pol\u00edtica industrial para o setor. \u201cO projeto MagBras vai permitir que possamos fazer todo o ciclo de produ\u00e7\u00e3o de \u00edm\u00e3s permanentes de terras raras no Brasil, desde o processo de concentra\u00e7\u00e3o e separa\u00e7\u00e3o de terras raras at\u00e9 a produ\u00e7\u00e3o final do \u00edm\u00e3 permanente, que \u00e9 o produto de maior valor agregado. E qual \u00e9 a import\u00e2ncia disso? \u00c9 que hoje esse \u00e9 um mercado monopolizado pelos chineses e, a partir desse projeto, poderemos mostrar ao pa\u00eds, ao governo e \u00e0s ind\u00fastrias que o Brasil \u00e9 capaz de produzir e de se posicionar, inclusive como um player global do setor no futuro\u201d, destacou<\/p>\n\n\n\n<p>Terras raras s\u00e3o um grupo de 17 metais essenciais \u00e0 fabrica\u00e7\u00e3o de c\u00e9lulas de baterias, pain\u00e9is solares, motores de alta efici\u00eancia, elevadores, sensores e turbinas e\u00f3licas e o Brasil tem terceira maior reserva mundial deste grupo, podendo consolidar sua autonomia na produ\u00e7\u00e3o desses materiais estrat\u00e9gicos, reduzindo a depend\u00eancia de importa\u00e7\u00e3o e fortalecendo setores essenciais para a transi\u00e7\u00e3o energ\u00e9tica e inova\u00e7\u00e3o tecnol\u00f3gica.<\/p>\n\n\n\n<p><strong>Projeto MagBras<\/strong><\/p>\n\n\n\n<p>O Projeto MagBras (Demonstrator Industrial do Ciclo Completo de Produ\u00e7\u00e3o Brasileira de \u00cdm\u00e3s Permanentes de Terras Raras) \u00e9 sustentado por uma s\u00f3lida alian\u00e7a industrial, composta por empresas que atuam em diferentes elos da cadeia produtiva, desde a minera\u00e7\u00e3o at\u00e9 a aplica\u00e7\u00e3o final dos \u00edm\u00e3s, garantindo uma abordagem integrada para viabilizar a produ\u00e7\u00e3o nacional. Essa alian\u00e7a foi formada no contexto da pandemia de Covid-19, quando a ind\u00fastria nacional se uniu no \u00e2mbito do programa Made In Brazil Integrado em um esfor\u00e7o de montagem de respiradores com fabrica\u00e7\u00e3o 100% brasileira.<\/p>\n\n\n\n<p>Entre a ind\u00fastrias que comp\u00f5em a Alian\u00e7a MagBras est\u00e3o:&nbsp;<\/p>\n\n\n\n<ul class=\"wp-block-list\">\n<li>Empresas \u00e2ncoras do projeto, que impulsionam a demanda e aplica\u00e7\u00e3o dos \u00edm\u00e3s:<br>WEG, Stellantis, Schulz, Iveco, Vale e Mosaic.<br><\/li>\n\n\n\n<li>Empresas mineradoras, respons\u00e1veis pela extra\u00e7\u00e3o e processamento de terras raras, garantindo o fornecimento de neod\u00edmio (Nd), praseod\u00edmio (Pr), dispr\u00f3sio (Dy) e t\u00e9rbio (Tb):<br>Aclara, Appia, BBX, Bemisa, Borborema, Meteoric, St. George, Resouro, Taboca, Tiros e Viridion.<br><\/li>\n\n\n\n<li>Empresas da cadeia automotiva, que dar\u00e3o suporte \u00e0 defini\u00e7\u00e3o das propriedades dos \u00edm\u00e3s, determinando par\u00e2metros como for\u00e7a magn\u00e9tica, resist\u00eancia t\u00e9rmica e efici\u00eancia energ\u00e9tica:<br>Arcelor Mittal, Eion, Greylogix, Nanum, Strokmatic, Tupy, Steinert e Walbert Ferramentaria.<br><\/li>\n\n\n\n<li>Startups tecnol\u00f3gicas, que agregam inova\u00e7\u00e3o e efici\u00eancia aos processos produtivos:<br>Integra Laser (inova\u00e7\u00e3o), Moderna 3D (flexibilidade) e Lean 4.0 (efici\u00eancia operacional).<\/li>\n<\/ul>\n\n\n\n<p><br><em>Tha\u00eds Mota<\/em><br><strong>Imprensa FIEMG<\/strong><\/p>\n","protected":false},"featured_media":3095,"template":"","categories":[15],"tags":[75,355,356,357,358,359],"class_list":["post-3094","noticias","type-noticias","status-publish","has-post-thumbnail","hentry","category-desenvolvimento-industrial","tag-fiemg","tag-imas-permanentes","tag-instituto-de-terras-raras","tag-itr","tag-magbras","tag-terras-raras"],"acf":[],"yoast_head":"<!-- This site is optimized with the Yoast SEO plugin v26.2 - https:\/\/yoast.com\/wordpress\/plugins\/seo\/ -->\n<title>Projeto de industrializa\u00e7\u00e3o de terras raras \u00e9 aprovado no Programa Mover - SENAI<\/title>\n<meta name=\"description\" content=\"Iniciativa contar\u00e1 com produ\u00e7\u00e3o no Instituto de Terras Raras (CIT SENAI ITR), mantido pelo SENAI e pela FIEMG, em Lagoa Santa\" \/>\n<meta name=\"robots\" content=\"index, follow, max-snippet:-1, max-image-preview:large, max-video-preview:-1\" \/>\n<link rel=\"canonical\" href=\"https:\/\/www.fiemg.com.br\/senai\/noticias\/projeto-de-industrializacao-de-terras-raras-e-aprovado-no-programa-mover\/\" \/>\n<meta property=\"og:locale\" content=\"pt_BR\" \/>\n<meta property=\"og:type\" content=\"article\" \/>\n<meta property=\"og:title\" content=\"Projeto de industrializa\u00e7\u00e3o de terras raras \u00e9 aprovado no Programa Mover - SENAI\" \/>\n<meta property=\"og:description\" content=\"Iniciativa contar\u00e1 com produ\u00e7\u00e3o no Instituto de Terras Raras (CIT SENAI ITR), mantido pelo SENAI e pela FIEMG, em Lagoa Santa\" \/>\n<meta property=\"og:url\" content=\"https:\/\/www.fiemg.com.br\/senai\/noticias\/projeto-de-industrializacao-de-terras-raras-e-aprovado-no-programa-mover\/\" \/>\n<meta property=\"og:site_name\" content=\"SENAI\" \/>\n<meta property=\"article:modified_time\" content=\"2025-03-06T18:46:59+00:00\" \/>\n<meta property=\"og:image\" content=\"https:\/\/www.fiemg.com.br\/senai\/wp-content\/uploads\/sites\/12\/2025\/02\/CIT-SENAI-ITR-Sebastiao-Jacinto-Junior-1.jpg\" \/>\n\t<meta property=\"og:image:width\" content=\"512\" \/>\n\t<meta property=\"og:image:height\" content=\"512\" \/>\n\t<meta property=\"og:image:type\" content=\"image\/jpeg\" \/>\n<meta name=\"twitter:card\" content=\"summary_large_image\" \/>\n<meta name=\"twitter:label1\" content=\"Est. tempo de leitura\" \/>\n\t<meta name=\"twitter:data1\" content=\"4 minutos\" \/>\n<script type=\"application\/ld+json\" class=\"yoast-schema-graph\">{\"@context\":\"https:\/\/schema.org\",\"@graph\":[{\"@type\":\"WebPage\",\"@id\":\"https:\/\/www.fiemg.com.br\/senai\/noticias\/projeto-de-industrializacao-de-terras-raras-e-aprovado-no-programa-mover\/\",\"url\":\"https:\/\/www.fiemg.com.br\/senai\/noticias\/projeto-de-industrializacao-de-terras-raras-e-aprovado-no-programa-mover\/\",\"name\":\"Projeto de industrializa\u00e7\u00e3o de terras raras \u00e9 aprovado no Programa Mover - SENAI\",\"isPartOf\":{\"@id\":\"https:\/\/www.fiemg.com.br\/senai\/#website\"},\"primaryImageOfPage\":{\"@id\":\"https:\/\/www.fiemg.com.br\/senai\/noticias\/projeto-de-industrializacao-de-terras-raras-e-aprovado-no-programa-mover\/#primaryimage\"},\"image\":{\"@id\":\"https:\/\/www.fiemg.com.br\/senai\/noticias\/projeto-de-industrializacao-de-terras-raras-e-aprovado-no-programa-mover\/#primaryimage\"},\"thumbnailUrl\":\"https:\/\/www.fiemg.com.br\/senai\/wp-content\/uploads\/sites\/12\/2025\/02\/CIT-SENAI-ITR-Sebastiao-Jacinto-Junior-1.jpg\",\"datePublished\":\"2025-02-19T12:00:00+00:00\",\"dateModified\":\"2025-03-06T18:46:59+00:00\",\"description\":\"Iniciativa contar\u00e1 com produ\u00e7\u00e3o no Instituto de Terras Raras (CIT SENAI ITR), mantido pelo SENAI e pela FIEMG, em Lagoa Santa\",\"breadcrumb\":{\"@id\":\"https:\/\/www.fiemg.com.br\/senai\/noticias\/projeto-de-industrializacao-de-terras-raras-e-aprovado-no-programa-mover\/#breadcrumb\"},\"inLanguage\":\"pt-BR\",\"potentialAction\":[{\"@type\":\"ReadAction\",\"target\":[\"https:\/\/www.fiemg.com.br\/senai\/noticias\/projeto-de-industrializacao-de-terras-raras-e-aprovado-no-programa-mover\/\"]}]},{\"@type\":\"ImageObject\",\"inLanguage\":\"pt-BR\",\"@id\":\"https:\/\/www.fiemg.com.br\/senai\/noticias\/projeto-de-industrializacao-de-terras-raras-e-aprovado-no-programa-mover\/#primaryimage\",\"url\":\"https:\/\/www.fiemg.com.br\/senai\/wp-content\/uploads\/sites\/12\/2025\/02\/CIT-SENAI-ITR-Sebastiao-Jacinto-Junior-1.jpg\",\"contentUrl\":\"https:\/\/www.fiemg.com.br\/senai\/wp-content\/uploads\/sites\/12\/2025\/02\/CIT-SENAI-ITR-Sebastiao-Jacinto-Junior-1.jpg\",\"width\":512,\"height\":512},{\"@type\":\"BreadcrumbList\",\"@id\":\"https:\/\/www.fiemg.com.br\/senai\/noticias\/projeto-de-industrializacao-de-terras-raras-e-aprovado-no-programa-mover\/#breadcrumb\",\"itemListElement\":[{\"@type\":\"ListItem\",\"position\":1,\"name\":\"In\u00edcio\",\"item\":\"https:\/\/www.fiemg.com.br\/senai\/\"},{\"@type\":\"ListItem\",\"position\":2,\"name\":\"Projeto de industrializa\u00e7\u00e3o de terras raras \u00e9 aprovado no Programa Mover\"}]},{\"@type\":\"WebSite\",\"@id\":\"https:\/\/www.fiemg.com.br\/senai\/#website\",\"url\":\"https:\/\/www.fiemg.com.br\/senai\/\",\"name\":\"SENAI\",\"description\":\"Federa\u00e7\u00e3o das Ind\u00fastrias do Estado de Minas Gerais\",\"potentialAction\":[{\"@type\":\"SearchAction\",\"target\":{\"@type\":\"EntryPoint\",\"urlTemplate\":\"https:\/\/www.fiemg.com.br\/senai\/?s={search_term_string}\"},\"query-input\":{\"@type\":\"PropertyValueSpecification\",\"valueRequired\":true,\"valueName\":\"search_term_string\"}}],\"inLanguage\":\"pt-BR\"}]}<\/script>\n<!-- \/ Yoast SEO plugin. -->","yoast_head_json":{"title":"Projeto de industrializa\u00e7\u00e3o de terras raras \u00e9 aprovado no Programa Mover - SENAI","description":"Iniciativa contar\u00e1 com produ\u00e7\u00e3o no Instituto de Terras Raras (CIT SENAI ITR), mantido pelo SENAI e pela FIEMG, em Lagoa Santa","robots":{"index":"index","follow":"follow","max-snippet":"max-snippet:-1","max-image-preview":"max-image-preview:large","max-video-preview":"max-video-preview:-1"},"canonical":"https:\/\/www.fiemg.com.br\/senai\/noticias\/projeto-de-industrializacao-de-terras-raras-e-aprovado-no-programa-mover\/","og_locale":"pt_BR","og_type":"article","og_title":"Projeto de industrializa\u00e7\u00e3o de terras raras \u00e9 aprovado no Programa Mover - SENAI","og_description":"Iniciativa contar\u00e1 com produ\u00e7\u00e3o no Instituto de Terras Raras (CIT SENAI ITR), mantido pelo SENAI e pela FIEMG, em Lagoa Santa","og_url":"https:\/\/www.fiemg.com.br\/senai\/noticias\/projeto-de-industrializacao-de-terras-raras-e-aprovado-no-programa-mover\/","og_site_name":"SENAI","article_modified_time":"2025-03-06T18:46:59+00:00","og_image":[{"width":512,"height":512,"url":"https:\/\/www.fiemg.com.br\/senai\/wp-content\/uploads\/sites\/12\/2025\/02\/CIT-SENAI-ITR-Sebastiao-Jacinto-Junior-1.jpg","type":"image\/jpeg"}],"twitter_card":"summary_large_image","twitter_misc":{"Est. tempo de leitura":"4 minutos"},"schema":{"@context":"https:\/\/schema.org","@graph":[{"@type":"WebPage","@id":"https:\/\/www.fiemg.com.br\/senai\/noticias\/projeto-de-industrializacao-de-terras-raras-e-aprovado-no-programa-mover\/","url":"https:\/\/www.fiemg.com.br\/senai\/noticias\/projeto-de-industrializacao-de-terras-raras-e-aprovado-no-programa-mover\/","name":"Projeto de industrializa\u00e7\u00e3o de terras raras \u00e9 aprovado no Programa Mover - SENAI","isPartOf":{"@id":"https:\/\/www.fiemg.com.br\/senai\/#website"},"primaryImageOfPage":{"@id":"https:\/\/www.fiemg.com.br\/senai\/noticias\/projeto-de-industrializacao-de-terras-raras-e-aprovado-no-programa-mover\/#primaryimage"},"image":{"@id":"https:\/\/www.fiemg.com.br\/senai\/noticias\/projeto-de-industrializacao-de-terras-raras-e-aprovado-no-programa-mover\/#primaryimage"},"thumbnailUrl":"https:\/\/www.fiemg.com.br\/senai\/wp-content\/uploads\/sites\/12\/2025\/02\/CIT-SENAI-ITR-Sebastiao-Jacinto-Junior-1.jpg","datePublished":"2025-02-19T12:00:00+00:00","dateModified":"2025-03-06T18:46:59+00:00","description":"Iniciativa contar\u00e1 com produ\u00e7\u00e3o no Instituto de Terras Raras (CIT SENAI ITR), mantido pelo SENAI e pela FIEMG, em Lagoa Santa","breadcrumb":{"@id":"https:\/\/www.fiemg.com.br\/senai\/noticias\/projeto-de-industrializacao-de-terras-raras-e-aprovado-no-programa-mover\/#breadcrumb"},"inLanguage":"pt-BR","potentialAction":[{"@type":"ReadAction","target":["https:\/\/www.fiemg.com.br\/senai\/noticias\/projeto-de-industrializacao-de-terras-raras-e-aprovado-no-programa-mover\/"]}]},{"@type":"ImageObject","inLanguage":"pt-BR","@id":"https:\/\/www.fiemg.com.br\/senai\/noticias\/projeto-de-industrializacao-de-terras-raras-e-aprovado-no-programa-mover\/#primaryimage","url":"https:\/\/www.fiemg.com.br\/senai\/wp-content\/uploads\/sites\/12\/2025\/02\/CIT-SENAI-ITR-Sebastiao-Jacinto-Junior-1.jpg","contentUrl":"https:\/\/www.fiemg.com.br\/senai\/wp-content\/uploads\/sites\/12\/2025\/02\/CIT-SENAI-ITR-Sebastiao-Jacinto-Junior-1.jpg","width":512,"height":512},{"@type":"BreadcrumbList","@id":"https:\/\/www.fiemg.com.br\/senai\/noticias\/projeto-de-industrializacao-de-terras-raras-e-aprovado-no-programa-mover\/#breadcrumb","itemListElement":[{"@type":"ListItem","position":1,"name":"In\u00edcio","item":"https:\/\/www.fiemg.com.br\/senai\/"},{"@type":"ListItem","position":2,"name":"Projeto de industrializa\u00e7\u00e3o de terras raras \u00e9 aprovado no Programa Mover"}]},{"@type":"WebSite","@id":"https:\/\/www.fiemg.com.br\/senai\/#website","url":"https:\/\/www.fiemg.com.br\/senai\/","name":"SENAI","description":"Federa\u00e7\u00e3o das Ind\u00fastrias do Estado de Minas Gerais","potentialAction":[{"@type":"SearchAction","target":{"@type":"EntryPoint","urlTemplate":"https:\/\/www.fiemg.com.br\/senai\/?s={search_term_string}"},"query-input":{"@type":"PropertyValueSpecification","valueRequired":true,"valueName":"search_term_string"}}],"inLanguage":"pt-BR"}]}},"_links":{"self":[{"href":"https:\/\/www.fiemg.com.br\/senai\/wp-json\/wp\/v2\/noticias\/3094","targetHints":{"allow":["GET"]}}],"collection":[{"href":"https:\/\/www.fiemg.com.br\/senai\/wp-json\/wp\/v2\/noticias"}],"about":[{"href":"https:\/\/www.fiemg.com.br\/senai\/wp-json\/wp\/v2\/types\/noticias"}],"wp:featuredmedia":[{"embeddable":true,"href":"https:\/\/www.fiemg.com.br\/senai\/wp-json\/wp\/v2\/media\/3095"}],"wp:attachment":[{"href":"https:\/\/www.fiemg.com.br\/senai\/wp-json\/wp\/v2\/media?parent=3094"}],"wp:term":[{"taxonomy":"category","embeddable":true,"href":"https:\/\/www.fiemg.com.br\/senai\/wp-json\/wp\/v2\/categories?post=3094"},{"taxonomy":"post_tag","embeddable":true,"href":"https:\/\/www.fiemg.com.br\/senai\/wp-json\/wp\/v2\/tags?post=3094"}],"curies":[{"name":"wp","href":"https:\/\/api.w.org\/{rel}","templated":true}]}}