{"id":3635,"date":"2025-10-01T11:21:03","date_gmt":"2025-10-01T14:21:03","guid":{"rendered":"https:\/\/www.fiemg.com.br\/senai\/noticias\/estudo-da-federacao-mineira-projeta-queda-de-r-31-bilhoes-no-faturamento-e-perda-de-mais-de-55-mil-empregos-na-capital\/"},"modified":"2025-10-01T11:30:13","modified_gmt":"2025-10-01T14:30:13","slug":"tarifa-zero-fiemg-alerta-para-os-impactos-economicos-da-taxa-do-transporte-publico-estudo-aponta-que-caso-a-demanda-por-transporte-publico-dobre-com-a-gratuidade-as-perdas-podem-chegar-a-r-31-bilh","status":"publish","type":"noticias","link":"https:\/\/www.fiemg.com.br\/senai\/noticias\/tarifa-zero-fiemg-alerta-para-os-impactos-economicos-da-taxa-do-transporte-publico-estudo-aponta-que-caso-a-demanda-por-transporte-publico-dobre-com-a-gratuidade-as-perdas-podem-chegar-a-r-31-bilh\/","title":{"rendered":"Tarifa Zero: FIEMG alerta para os impactos econ\u00f4micos da taxa do transporte p\u00fablico em BH"},"content":{"rendered":"\n<p><strong><br><\/strong>Estudo elaborado pela Ger\u00eancia de Economia e Finan\u00e7as Empresariais da FIEMG aponta que a cria\u00e7\u00e3o da Taxa do Transporte P\u00fablico (TTP), prevista no Projeto de Lei n\u00ba 60\/2025, em tramita\u00e7\u00e3o na C\u00e2mara Municipal de Belo Horizonte, poder\u00e1 trazer s\u00e9rios impactos negativos para a economia da capital mineira.<br><br>Segundo as simula\u00e7\u00f5es, realizadas a partir de um modelo de Equil\u00edbrio Geral Comput\u00e1vel (EGC), em um cen\u00e1rio em que a demanda por transporte p\u00fablico dobre em fun\u00e7\u00e3o da gratuidade, as perdas poderiam chegar a R$ 3,1 bilh\u00f5es no faturamento das empresas, 55,3 mil empregos formais, R$ 1,1 bilh\u00e3o na massa salarial e R$ 398 milh\u00f5es na arrecada\u00e7\u00e3o de impostos. O estudo tamb\u00e9m aponta que o impacto potencial incluiria uma retra\u00e7\u00e3o de at\u00e9 2,1% no PIB municipal e um aumento de at\u00e9 3% na infla\u00e7\u00e3o, em um horizonte de 1 a 5 anos.<\/p>\n\n\n\n<p>Al\u00e9m dos impactos econ\u00f4micos, a FIEMG ressalta que a institui\u00e7\u00e3o da taxa \u00e9 inconstitucional, por descumprimento do artigo 145, inciso III, da Constitui\u00e7\u00e3o Federal, combinado com o artigo 79 do C\u00f3digo Tribut\u00e1rio Nacional. Isso porque o transporte p\u00fablico n\u00e3o \u00e9 de utiliza\u00e7\u00e3o obrigat\u00f3ria e, portanto, n\u00e3o pode ser financiado compulsoriamente pelas empresas. Conforme a Constitui\u00e7\u00e3o, uma taxa vinculada a servi\u00e7o facultativo s\u00f3 pode ser cobrada mediante a efetiva frui\u00e7\u00e3o pelo contribuinte.<br><br>O Projeto de Lei prev\u00ea que a Taxa do Transporte P\u00fablico incida sobre todas as empresas com 10 ou mais empregados, no valor sugerido de R$ 168,82 por funcion\u00e1rio. Isso significa que o \u00f4nus recair\u00e1 sobre o setor produtivo, ainda que os empregados n\u00e3o utilizem o transporte p\u00fablico. Na pr\u00e1tica, as empresas passariam a financiar um servi\u00e7o de car\u00e1ter universal, que n\u00e3o beneficia exclusivamente seus trabalhadores, mas toda a popula\u00e7\u00e3o.<br><br><br>Confira o estudo <strong>Impactos econ\u00f4micos decorrentes dos custos com a Tarifa Zero em Belo Horizonte<\/strong><a href=\"https:\/\/www.fiemg.com.br\/wp-content\/uploads\/2025\/10\/ESTUDO-TARIFA-ZERO.pdf\"> neste link<\/a>.<\/p>\n\n\n\n<p><strong><em>Imprensa FIEMG<\/em><\/strong><\/p>\n\n\n\n<p><\/p>\n","protected":false},"featured_media":3637,"template":"","categories":[15],"tags":[416,75],"class_list":["post-3635","noticias","type-noticias","status-publish","has-post-thumbnail","hentry","category-desenvolvimento-industrial","tag-estudos-economicos","tag-fiemg"],"acf":[],"yoast_head":"<!-- This site is optimized with the Yoast SEO plugin v26.2 - https:\/\/yoast.com\/wordpress\/plugins\/seo\/ -->\n<title>Tarifa Zero: FIEMG alerta para os impactos econ\u00f4micos da taxa do transporte p\u00fablico em BH - SENAI<\/title>\n<meta name=\"description\" content=\"Estudo da Federa\u00e7\u00e3o mineira projeta queda de R$ 3,1 bilh\u00f5es no faturamento e perda de mais de 55 mil empregos na capital\" \/>\n<meta name=\"robots\" content=\"index, follow, max-snippet:-1, max-image-preview:large, max-video-preview:-1\" \/>\n<link rel=\"canonical\" href=\"https:\/\/www.fiemg.com.br\/senai\/noticias\/estudo-da-federacao-mineira-projeta-queda-de-r-31-bilhoes-no-faturamento-e-perda-de-mais-de-55-mil-empregos-na-capital\/\" \/>\n<meta property=\"og:locale\" content=\"pt_BR\" \/>\n<meta property=\"og:type\" content=\"article\" \/>\n<meta property=\"og:title\" content=\"Tarifa Zero: FIEMG alerta para os impactos econ\u00f4micos da taxa do transporte p\u00fablico em BH - SENAI\" \/>\n<meta property=\"og:description\" content=\"Estudo da Federa\u00e7\u00e3o mineira projeta queda de R$ 3,1 bilh\u00f5es no faturamento e perda de mais de 55 mil empregos na capital\" \/>\n<meta property=\"og:url\" content=\"https:\/\/www.fiemg.com.br\/senai\/noticias\/estudo-da-federacao-mineira-projeta-queda-de-r-31-bilhoes-no-faturamento-e-perda-de-mais-de-55-mil-empregos-na-capital\/\" \/>\n<meta property=\"og:site_name\" content=\"SENAI\" \/>\n<meta property=\"article:modified_time\" content=\"2025-10-01T14:30:13+00:00\" \/>\n<meta property=\"og:image\" content=\"https:\/\/www.fiemg.com.br\/senai\/wp-content\/uploads\/sites\/12\/2025\/10\/estudo-esconomicos-1-1.jpg\" \/>\n\t<meta property=\"og:image:width\" content=\"520\" \/>\n\t<meta property=\"og:image:height\" content=\"493\" \/>\n\t<meta property=\"og:image:type\" content=\"image\/jpeg\" \/>\n<meta name=\"twitter:card\" content=\"summary_large_image\" \/>\n<meta name=\"twitter:label1\" content=\"Est. tempo de leitura\" \/>\n\t<meta name=\"twitter:data1\" content=\"2 minutos\" \/>\n<script type=\"application\/ld+json\" class=\"yoast-schema-graph\">{\"@context\":\"https:\/\/schema.org\",\"@graph\":[{\"@type\":\"WebPage\",\"@id\":\"https:\/\/www.fiemg.com.br\/senai\/noticias\/estudo-da-federacao-mineira-projeta-queda-de-r-31-bilhoes-no-faturamento-e-perda-de-mais-de-55-mil-empregos-na-capital\/\",\"url\":\"https:\/\/www.fiemg.com.br\/senai\/noticias\/estudo-da-federacao-mineira-projeta-queda-de-r-31-bilhoes-no-faturamento-e-perda-de-mais-de-55-mil-empregos-na-capital\/\",\"name\":\"Tarifa Zero: FIEMG alerta para os impactos econ\u00f4micos da taxa do transporte p\u00fablico em BH - SENAI\",\"isPartOf\":{\"@id\":\"https:\/\/www.fiemg.com.br\/senai\/#website\"},\"primaryImageOfPage\":{\"@id\":\"https:\/\/www.fiemg.com.br\/senai\/noticias\/estudo-da-federacao-mineira-projeta-queda-de-r-31-bilhoes-no-faturamento-e-perda-de-mais-de-55-mil-empregos-na-capital\/#primaryimage\"},\"image\":{\"@id\":\"https:\/\/www.fiemg.com.br\/senai\/noticias\/estudo-da-federacao-mineira-projeta-queda-de-r-31-bilhoes-no-faturamento-e-perda-de-mais-de-55-mil-empregos-na-capital\/#primaryimage\"},\"thumbnailUrl\":\"https:\/\/www.fiemg.com.br\/senai\/wp-content\/uploads\/sites\/12\/2025\/10\/estudo-esconomicos-1-1.jpg\",\"datePublished\":\"2025-10-01T14:21:03+00:00\",\"dateModified\":\"2025-10-01T14:30:13+00:00\",\"description\":\"Estudo da Federa\u00e7\u00e3o mineira projeta queda de R$ 3,1 bilh\u00f5es no faturamento e perda de mais de 55 mil empregos na capital\",\"breadcrumb\":{\"@id\":\"https:\/\/www.fiemg.com.br\/senai\/noticias\/estudo-da-federacao-mineira-projeta-queda-de-r-31-bilhoes-no-faturamento-e-perda-de-mais-de-55-mil-empregos-na-capital\/#breadcrumb\"},\"inLanguage\":\"pt-BR\",\"potentialAction\":[{\"@type\":\"ReadAction\",\"target\":[\"https:\/\/www.fiemg.com.br\/senai\/noticias\/estudo-da-federacao-mineira-projeta-queda-de-r-31-bilhoes-no-faturamento-e-perda-de-mais-de-55-mil-empregos-na-capital\/\"]}]},{\"@type\":\"ImageObject\",\"inLanguage\":\"pt-BR\",\"@id\":\"https:\/\/www.fiemg.com.br\/senai\/noticias\/estudo-da-federacao-mineira-projeta-queda-de-r-31-bilhoes-no-faturamento-e-perda-de-mais-de-55-mil-empregos-na-capital\/#primaryimage\",\"url\":\"https:\/\/www.fiemg.com.br\/senai\/wp-content\/uploads\/sites\/12\/2025\/10\/estudo-esconomicos-1-1.jpg\",\"contentUrl\":\"https:\/\/www.fiemg.com.br\/senai\/wp-content\/uploads\/sites\/12\/2025\/10\/estudo-esconomicos-1-1.jpg\",\"width\":520,\"height\":493},{\"@type\":\"BreadcrumbList\",\"@id\":\"https:\/\/www.fiemg.com.br\/senai\/noticias\/estudo-da-federacao-mineira-projeta-queda-de-r-31-bilhoes-no-faturamento-e-perda-de-mais-de-55-mil-empregos-na-capital\/#breadcrumb\",\"itemListElement\":[{\"@type\":\"ListItem\",\"position\":1,\"name\":\"In\u00edcio\",\"item\":\"https:\/\/www.fiemg.com.br\/senai\/\"},{\"@type\":\"ListItem\",\"position\":2,\"name\":\"Tarifa Zero: FIEMG alerta para os impactos econ\u00f4micos da taxa do transporte p\u00fablico em BH\"}]},{\"@type\":\"WebSite\",\"@id\":\"https:\/\/www.fiemg.com.br\/senai\/#website\",\"url\":\"https:\/\/www.fiemg.com.br\/senai\/\",\"name\":\"SENAI\",\"description\":\"Federa\u00e7\u00e3o das Ind\u00fastrias do Estado de Minas Gerais\",\"potentialAction\":[{\"@type\":\"SearchAction\",\"target\":{\"@type\":\"EntryPoint\",\"urlTemplate\":\"https:\/\/www.fiemg.com.br\/senai\/?s={search_term_string}\"},\"query-input\":{\"@type\":\"PropertyValueSpecification\",\"valueRequired\":true,\"valueName\":\"search_term_string\"}}],\"inLanguage\":\"pt-BR\"}]}<\/script>\n<!-- \/ Yoast SEO plugin. -->","yoast_head_json":{"title":"Tarifa Zero: FIEMG alerta para os impactos econ\u00f4micos da taxa do transporte p\u00fablico em BH - SENAI","description":"Estudo da Federa\u00e7\u00e3o mineira projeta queda de R$ 3,1 bilh\u00f5es no faturamento e perda de mais de 55 mil empregos na capital","robots":{"index":"index","follow":"follow","max-snippet":"max-snippet:-1","max-image-preview":"max-image-preview:large","max-video-preview":"max-video-preview:-1"},"canonical":"https:\/\/www.fiemg.com.br\/senai\/noticias\/estudo-da-federacao-mineira-projeta-queda-de-r-31-bilhoes-no-faturamento-e-perda-de-mais-de-55-mil-empregos-na-capital\/","og_locale":"pt_BR","og_type":"article","og_title":"Tarifa Zero: FIEMG alerta para os impactos econ\u00f4micos da taxa do transporte p\u00fablico em BH - SENAI","og_description":"Estudo da Federa\u00e7\u00e3o mineira projeta queda de R$ 3,1 bilh\u00f5es no faturamento e perda de mais de 55 mil empregos na capital","og_url":"https:\/\/www.fiemg.com.br\/senai\/noticias\/estudo-da-federacao-mineira-projeta-queda-de-r-31-bilhoes-no-faturamento-e-perda-de-mais-de-55-mil-empregos-na-capital\/","og_site_name":"SENAI","article_modified_time":"2025-10-01T14:30:13+00:00","og_image":[{"width":520,"height":493,"url":"https:\/\/www.fiemg.com.br\/senai\/wp-content\/uploads\/sites\/12\/2025\/10\/estudo-esconomicos-1-1.jpg","type":"image\/jpeg"}],"twitter_card":"summary_large_image","twitter_misc":{"Est. tempo de leitura":"2 minutos"},"schema":{"@context":"https:\/\/schema.org","@graph":[{"@type":"WebPage","@id":"https:\/\/www.fiemg.com.br\/senai\/noticias\/estudo-da-federacao-mineira-projeta-queda-de-r-31-bilhoes-no-faturamento-e-perda-de-mais-de-55-mil-empregos-na-capital\/","url":"https:\/\/www.fiemg.com.br\/senai\/noticias\/estudo-da-federacao-mineira-projeta-queda-de-r-31-bilhoes-no-faturamento-e-perda-de-mais-de-55-mil-empregos-na-capital\/","name":"Tarifa Zero: FIEMG alerta para os impactos econ\u00f4micos da taxa do transporte p\u00fablico em BH - SENAI","isPartOf":{"@id":"https:\/\/www.fiemg.com.br\/senai\/#website"},"primaryImageOfPage":{"@id":"https:\/\/www.fiemg.com.br\/senai\/noticias\/estudo-da-federacao-mineira-projeta-queda-de-r-31-bilhoes-no-faturamento-e-perda-de-mais-de-55-mil-empregos-na-capital\/#primaryimage"},"image":{"@id":"https:\/\/www.fiemg.com.br\/senai\/noticias\/estudo-da-federacao-mineira-projeta-queda-de-r-31-bilhoes-no-faturamento-e-perda-de-mais-de-55-mil-empregos-na-capital\/#primaryimage"},"thumbnailUrl":"https:\/\/www.fiemg.com.br\/senai\/wp-content\/uploads\/sites\/12\/2025\/10\/estudo-esconomicos-1-1.jpg","datePublished":"2025-10-01T14:21:03+00:00","dateModified":"2025-10-01T14:30:13+00:00","description":"Estudo da Federa\u00e7\u00e3o mineira projeta queda de R$ 3,1 bilh\u00f5es no faturamento e perda de mais de 55 mil empregos na capital","breadcrumb":{"@id":"https:\/\/www.fiemg.com.br\/senai\/noticias\/estudo-da-federacao-mineira-projeta-queda-de-r-31-bilhoes-no-faturamento-e-perda-de-mais-de-55-mil-empregos-na-capital\/#breadcrumb"},"inLanguage":"pt-BR","potentialAction":[{"@type":"ReadAction","target":["https:\/\/www.fiemg.com.br\/senai\/noticias\/estudo-da-federacao-mineira-projeta-queda-de-r-31-bilhoes-no-faturamento-e-perda-de-mais-de-55-mil-empregos-na-capital\/"]}]},{"@type":"ImageObject","inLanguage":"pt-BR","@id":"https:\/\/www.fiemg.com.br\/senai\/noticias\/estudo-da-federacao-mineira-projeta-queda-de-r-31-bilhoes-no-faturamento-e-perda-de-mais-de-55-mil-empregos-na-capital\/#primaryimage","url":"https:\/\/www.fiemg.com.br\/senai\/wp-content\/uploads\/sites\/12\/2025\/10\/estudo-esconomicos-1-1.jpg","contentUrl":"https:\/\/www.fiemg.com.br\/senai\/wp-content\/uploads\/sites\/12\/2025\/10\/estudo-esconomicos-1-1.jpg","width":520,"height":493},{"@type":"BreadcrumbList","@id":"https:\/\/www.fiemg.com.br\/senai\/noticias\/estudo-da-federacao-mineira-projeta-queda-de-r-31-bilhoes-no-faturamento-e-perda-de-mais-de-55-mil-empregos-na-capital\/#breadcrumb","itemListElement":[{"@type":"ListItem","position":1,"name":"In\u00edcio","item":"https:\/\/www.fiemg.com.br\/senai\/"},{"@type":"ListItem","position":2,"name":"Tarifa Zero: FIEMG alerta para os impactos econ\u00f4micos da taxa do transporte p\u00fablico em BH"}]},{"@type":"WebSite","@id":"https:\/\/www.fiemg.com.br\/senai\/#website","url":"https:\/\/www.fiemg.com.br\/senai\/","name":"SENAI","description":"Federa\u00e7\u00e3o das Ind\u00fastrias do Estado de Minas Gerais","potentialAction":[{"@type":"SearchAction","target":{"@type":"EntryPoint","urlTemplate":"https:\/\/www.fiemg.com.br\/senai\/?s={search_term_string}"},"query-input":{"@type":"PropertyValueSpecification","valueRequired":true,"valueName":"search_term_string"}}],"inLanguage":"pt-BR"}]}},"_links":{"self":[{"href":"https:\/\/www.fiemg.com.br\/senai\/wp-json\/wp\/v2\/noticias\/3635","targetHints":{"allow":["GET"]}}],"collection":[{"href":"https:\/\/www.fiemg.com.br\/senai\/wp-json\/wp\/v2\/noticias"}],"about":[{"href":"https:\/\/www.fiemg.com.br\/senai\/wp-json\/wp\/v2\/types\/noticias"}],"wp:featuredmedia":[{"embeddable":true,"href":"https:\/\/www.fiemg.com.br\/senai\/wp-json\/wp\/v2\/media\/3637"}],"wp:attachment":[{"href":"https:\/\/www.fiemg.com.br\/senai\/wp-json\/wp\/v2\/media?parent=3635"}],"wp:term":[{"taxonomy":"category","embeddable":true,"href":"https:\/\/www.fiemg.com.br\/senai\/wp-json\/wp\/v2\/categories?post=3635"},{"taxonomy":"post_tag","embeddable":true,"href":"https:\/\/www.fiemg.com.br\/senai\/wp-json\/wp\/v2\/tags?post=3635"}],"curies":[{"name":"wp","href":"https:\/\/api.w.org\/{rel}","templated":true}]}}