{"id":3905,"date":"2026-03-09T15:10:43","date_gmt":"2026-03-09T18:10:43","guid":{"rendered":"https:\/\/www.fiemg.com.br\/senai\/noticias\/sesi-e-senai-lancam-edital-de-r-6-milhoes-para-projetos-de-tecnologia-e-inovacao-na-industria\/"},"modified":"2026-03-12T16:32:30","modified_gmt":"2026-03-12T19:32:30","slug":"sesi-e-senai-lancam-edital-de-r-6-milhoes-para-projetos-de-tecnologia-e-inovacao-na-industria","status":"publish","type":"noticias","link":"https:\/\/www.fiemg.com.br\/senai\/noticias\/sesi-e-senai-lancam-edital-de-r-6-milhoes-para-projetos-de-tecnologia-e-inovacao-na-industria\/","title":{"rendered":"SESI e SENAI lan\u00e7am edital de R$ 6 milh\u00f5es para projetos de tecnologia e inova\u00e7\u00e3o na ind\u00fastria"},"content":{"rendered":"\n<p>O SESI e o SENAI lan\u00e7aram nesta segunda-feira (9\/3) o edital de tecnologia e inova\u00e7\u00e3o, voltado a empresas que buscam solu\u00e7\u00f5es ou m\u00e9todos inovadores para otimizar a produ\u00e7\u00e3o e proporcionar melhores condi\u00e7\u00f5es de trabalho aos colaboradores. Ao todo, s\u00e3o R$ 6 milh\u00f5es dispon\u00edveis para os projetos selecionados no programa. As inscri\u00e7\u00f5es, que v\u00e3o at\u00e9 10 de abril, e outras informa\u00e7\u00f5es est\u00e3o dispon\u00edveis <a href=\"https:\/\/www.fiemg.com.br\/editalsesisenai\" target=\"_blank\" rel=\"noreferrer noopener\"><strong>neste link<\/strong><\/a>.<\/p>\n\n\n\n<p>Iniciativas relacionadas \u00e0 Ind\u00fastria 4.0 e \u00e0 automa\u00e7\u00e3o industrial est\u00e3o contempladas no edital. Os demais segmentos incluem treinamento em realidade virtual aplicada \u00e0 seguran\u00e7a, ergonomia e sa\u00fade, intelig\u00eancia artificial aplicada \u00e0 seguran\u00e7a e sa\u00fade corporativa, plataforma de integra\u00e7\u00e3o de dados em seguran\u00e7a e sa\u00fade corporativa, ergonomia de concep\u00e7\u00e3o e dist\u00farbios osteomusculares.<\/p>\n\n\n\n<p>Empresas industriais mineiras de qualquer porte, com Cadastro Nacional de Pessoas Jur\u00eddicas (CNPJ) ativo, est\u00e3o eleg\u00edveis para participar do projeto. A sele\u00e7\u00e3o dos participantes envolve quatro fases distintas, que incluem inscri\u00e7\u00e3o, qualifica\u00e7\u00e3o das ideias, submiss\u00e3o do plano de projeto, sele\u00e7\u00e3o final e contrata\u00e7\u00e3o. Ser\u00e3o investidos at\u00e9 R$ 500 mil por projeto, conforme definido no edital, devendo ser observadas as especificidades de cada linha de atua\u00e7\u00e3o. Na linha de inova\u00e7\u00e3o, as empresas ter\u00e3o 18 meses para executar o projeto; na de tecnologia, 12 meses.<\/p>\n\n\n\n<p>Para o gerente de Educa\u00e7\u00e3o e Tecnologia do SENAI Minas Gerais, Ricardo Aloysio e Silva, a iniciativa representa uma oportunidade estrat\u00e9gica para fortalecer a competitividade da ind\u00fastria mineira. \u201cAo incentivar projetos em \u00e1reas como intelig\u00eancia artificial aplicada \u00e0 seguran\u00e7a do trabalho, ergonomia, realidade virtual e automa\u00e7\u00e3o industrial, o SENAI e o SESI contribuem para que as empresas aumentem sua efici\u00eancia, protejam seus colaboradores e avancem na constru\u00e7\u00e3o de processos mais sustent\u00e1veis e inovadores\u201d.<\/p>\n\n\n\n<p>Na mesma dire\u00e7\u00e3o, a gerente do Centro de Inova\u00e7\u00e3o em Ergonomia do SESI, Carla Sirqueira, ressalta que o edital \u00e9 um instrumento importante de apoio \u00e0 ind\u00fastria mineira no desenvolvimento de solu\u00e7\u00f5es inovadoras em processos, servi\u00e7os e produtos. \u201cMais do que fomentar a inova\u00e7\u00e3o, o edital incentiva iniciativas que colocam o fator humano no centro das transforma\u00e7\u00f5es, promovendo ambientes de trabalho mais seguros, saud\u00e1veis e produtivos. Inovar com o apoio do SESI \u00e9 unir tecnologia, competitividade e cuidado com as pessoas\u201d.<\/p>\n\n\n\n<p><strong>Tecnologia e seguran\u00e7a<\/strong><\/p>\n\n\n\n<p>A empresa Frangos para Assar, de Santa Luzia, na Regi\u00e3o Metropolitana de Belo Horizonte, foi uma das contempladas na \u00faltima edi\u00e7\u00e3o do projeto, na linha de inova\u00e7\u00e3o. De pequeno porte, o empreendimento apresentou o prot\u00f3tipo \u201cAvicTec 4.0\u201d, que ser\u00e1 utilizado na higieniza\u00e7\u00e3o de aves fornecidas por abatedouros, conforme explica a veterin\u00e1ria e respons\u00e1vel t\u00e9cnica da empresa, Camila Souza.<\/p>\n\n\n\n<p>A profissional destaca que um dos principais desafios na limpeza das aves est\u00e1 na parte interna do animal, especialmente na regi\u00e3o das costelas, que exige repeti\u00e7\u00e3o de procedimentos manuais com facas, pin\u00e7as e at\u00e9 as m\u00e3os.<\/p>\n\n\n\n<p>Segundo ela, o projeto aprovado consiste no desenvolvimento de um dispositivo automatizado para realizar a higieniza\u00e7\u00e3o de forma mais eficiente e segura. &#8220;A ideia \u00e9 utilizar uma escova rotativa com sensores, aliada a um sistema de \u00e1gua sob press\u00e3o e suc\u00e7\u00e3o, capaz de se ajustar ao tamanho do frango e aprimorar o processo de limpeza&#8221;, afirma.<\/p>\n\n\n\n<p>Para Camila, a solu\u00e7\u00e3o pode reduzir movimentos repetitivos, acidentes de trabalho e afastamentos de funcion\u00e1rios, al\u00e9m de contribuir para processos mais seguros e alinhados \u00e0s normas sanit\u00e1rias em abatedouros, cozinhas industriais e redes de alimenta\u00e7\u00e3o.<\/p>\n\n\n\n<p><em>Rafael Passos<br><\/em><strong>Imprensa FIEMG<\/strong><\/p>\n","protected":false},"featured_media":3906,"template":"","categories":[],"tags":[457,458],"class_list":["post-3905","noticias","type-noticias","status-publish","has-post-thumbnail","hentry","tag-edital","tag-inovacao-4"],"acf":[],"yoast_head":"<!-- This site is optimized with the Yoast SEO plugin v26.2 - https:\/\/yoast.com\/wordpress\/plugins\/seo\/ -->\n<title>SESI e SENAI lan\u00e7am edital de R$ 6 milh\u00f5es para projetos de tecnologia e inova\u00e7\u00e3o na ind\u00fastria - SENAI<\/title>\n<meta name=\"description\" content=\"Iniciativa apoia empresas mineiras no desenvolvimento de solu\u00e7\u00f5es voltadas \u00e0 automa\u00e7\u00e3o, seguran\u00e7a e sa\u00fade no trabalho\" \/>\n<meta name=\"robots\" content=\"index, follow, max-snippet:-1, max-image-preview:large, max-video-preview:-1\" \/>\n<link rel=\"canonical\" href=\"https:\/\/www.fiemg.com.br\/senai\/noticias\/sesi-e-senai-lancam-edital-de-r-6-milhoes-para-projetos-de-tecnologia-e-inovacao-na-industria\/\" \/>\n<meta property=\"og:locale\" content=\"pt_BR\" \/>\n<meta property=\"og:type\" content=\"article\" \/>\n<meta property=\"og:title\" content=\"SESI e SENAI lan\u00e7am edital de R$ 6 milh\u00f5es para projetos de tecnologia e inova\u00e7\u00e3o na ind\u00fastria - SENAI\" \/>\n<meta property=\"og:description\" content=\"Iniciativa apoia empresas mineiras no desenvolvimento de solu\u00e7\u00f5es voltadas \u00e0 automa\u00e7\u00e3o, seguran\u00e7a e sa\u00fade no trabalho\" \/>\n<meta property=\"og:url\" content=\"https:\/\/www.fiemg.com.br\/senai\/noticias\/sesi-e-senai-lancam-edital-de-r-6-milhoes-para-projetos-de-tecnologia-e-inovacao-na-industria\/\" \/>\n<meta property=\"og:site_name\" content=\"SENAI\" \/>\n<meta property=\"article:modified_time\" content=\"2026-03-12T19:32:30+00:00\" \/>\n<meta property=\"og:image\" content=\"https:\/\/www.fiemg.com.br\/senai\/wp-content\/uploads\/sites\/12\/2026\/03\/edital.jpeg\" \/>\n\t<meta property=\"og:image:width\" content=\"512\" \/>\n\t<meta property=\"og:image:height\" content=\"512\" \/>\n\t<meta property=\"og:image:type\" content=\"image\/jpeg\" \/>\n<meta name=\"twitter:card\" content=\"summary_large_image\" \/>\n<meta name=\"twitter:label1\" content=\"Est. tempo de leitura\" \/>\n\t<meta name=\"twitter:data1\" content=\"4 minutos\" \/>\n<script type=\"application\/ld+json\" class=\"yoast-schema-graph\">{\"@context\":\"https:\/\/schema.org\",\"@graph\":[{\"@type\":\"WebPage\",\"@id\":\"https:\/\/www.fiemg.com.br\/senai\/noticias\/sesi-e-senai-lancam-edital-de-r-6-milhoes-para-projetos-de-tecnologia-e-inovacao-na-industria\/\",\"url\":\"https:\/\/www.fiemg.com.br\/senai\/noticias\/sesi-e-senai-lancam-edital-de-r-6-milhoes-para-projetos-de-tecnologia-e-inovacao-na-industria\/\",\"name\":\"SESI e SENAI lan\u00e7am edital de R$ 6 milh\u00f5es para projetos de tecnologia e inova\u00e7\u00e3o na ind\u00fastria - SENAI\",\"isPartOf\":{\"@id\":\"https:\/\/www.fiemg.com.br\/senai\/#website\"},\"primaryImageOfPage\":{\"@id\":\"https:\/\/www.fiemg.com.br\/senai\/noticias\/sesi-e-senai-lancam-edital-de-r-6-milhoes-para-projetos-de-tecnologia-e-inovacao-na-industria\/#primaryimage\"},\"image\":{\"@id\":\"https:\/\/www.fiemg.com.br\/senai\/noticias\/sesi-e-senai-lancam-edital-de-r-6-milhoes-para-projetos-de-tecnologia-e-inovacao-na-industria\/#primaryimage\"},\"thumbnailUrl\":\"https:\/\/www.fiemg.com.br\/senai\/wp-content\/uploads\/sites\/12\/2026\/03\/edital.jpeg\",\"datePublished\":\"2026-03-09T18:10:43+00:00\",\"dateModified\":\"2026-03-12T19:32:30+00:00\",\"description\":\"Iniciativa apoia empresas mineiras no desenvolvimento de solu\u00e7\u00f5es voltadas \u00e0 automa\u00e7\u00e3o, seguran\u00e7a e sa\u00fade no trabalho\",\"breadcrumb\":{\"@id\":\"https:\/\/www.fiemg.com.br\/senai\/noticias\/sesi-e-senai-lancam-edital-de-r-6-milhoes-para-projetos-de-tecnologia-e-inovacao-na-industria\/#breadcrumb\"},\"inLanguage\":\"pt-BR\",\"potentialAction\":[{\"@type\":\"ReadAction\",\"target\":[\"https:\/\/www.fiemg.com.br\/senai\/noticias\/sesi-e-senai-lancam-edital-de-r-6-milhoes-para-projetos-de-tecnologia-e-inovacao-na-industria\/\"]}]},{\"@type\":\"ImageObject\",\"inLanguage\":\"pt-BR\",\"@id\":\"https:\/\/www.fiemg.com.br\/senai\/noticias\/sesi-e-senai-lancam-edital-de-r-6-milhoes-para-projetos-de-tecnologia-e-inovacao-na-industria\/#primaryimage\",\"url\":\"https:\/\/www.fiemg.com.br\/senai\/wp-content\/uploads\/sites\/12\/2026\/03\/edital.jpeg\",\"contentUrl\":\"https:\/\/www.fiemg.com.br\/senai\/wp-content\/uploads\/sites\/12\/2026\/03\/edital.jpeg\",\"width\":512,\"height\":512,\"caption\":\"SESI e SENAI lan\u00e7am edital de R$ 6 milh\u00f5es para projetos de tecnologia e inova\u00e7\u00e3o na ind\u00fastria\"},{\"@type\":\"BreadcrumbList\",\"@id\":\"https:\/\/www.fiemg.com.br\/senai\/noticias\/sesi-e-senai-lancam-edital-de-r-6-milhoes-para-projetos-de-tecnologia-e-inovacao-na-industria\/#breadcrumb\",\"itemListElement\":[{\"@type\":\"ListItem\",\"position\":1,\"name\":\"In\u00edcio\",\"item\":\"https:\/\/www.fiemg.com.br\/senai\/\"},{\"@type\":\"ListItem\",\"position\":2,\"name\":\"SESI e SENAI lan\u00e7am edital de R$ 6 milh\u00f5es para projetos de tecnologia e inova\u00e7\u00e3o na ind\u00fastria\"}]},{\"@type\":\"WebSite\",\"@id\":\"https:\/\/www.fiemg.com.br\/senai\/#website\",\"url\":\"https:\/\/www.fiemg.com.br\/senai\/\",\"name\":\"SENAI\",\"description\":\"Federa\u00e7\u00e3o das Ind\u00fastrias do Estado de Minas Gerais\",\"potentialAction\":[{\"@type\":\"SearchAction\",\"target\":{\"@type\":\"EntryPoint\",\"urlTemplate\":\"https:\/\/www.fiemg.com.br\/senai\/?s={search_term_string}\"},\"query-input\":{\"@type\":\"PropertyValueSpecification\",\"valueRequired\":true,\"valueName\":\"search_term_string\"}}],\"inLanguage\":\"pt-BR\"}]}<\/script>\n<!-- \/ Yoast SEO plugin. -->","yoast_head_json":{"title":"SESI e SENAI lan\u00e7am edital de R$ 6 milh\u00f5es para projetos de tecnologia e inova\u00e7\u00e3o na ind\u00fastria - SENAI","description":"Iniciativa apoia empresas mineiras no desenvolvimento de solu\u00e7\u00f5es voltadas \u00e0 automa\u00e7\u00e3o, seguran\u00e7a e sa\u00fade no trabalho","robots":{"index":"index","follow":"follow","max-snippet":"max-snippet:-1","max-image-preview":"max-image-preview:large","max-video-preview":"max-video-preview:-1"},"canonical":"https:\/\/www.fiemg.com.br\/senai\/noticias\/sesi-e-senai-lancam-edital-de-r-6-milhoes-para-projetos-de-tecnologia-e-inovacao-na-industria\/","og_locale":"pt_BR","og_type":"article","og_title":"SESI e SENAI lan\u00e7am edital de R$ 6 milh\u00f5es para projetos de tecnologia e inova\u00e7\u00e3o na ind\u00fastria - SENAI","og_description":"Iniciativa apoia empresas mineiras no desenvolvimento de solu\u00e7\u00f5es voltadas \u00e0 automa\u00e7\u00e3o, seguran\u00e7a e sa\u00fade no trabalho","og_url":"https:\/\/www.fiemg.com.br\/senai\/noticias\/sesi-e-senai-lancam-edital-de-r-6-milhoes-para-projetos-de-tecnologia-e-inovacao-na-industria\/","og_site_name":"SENAI","article_modified_time":"2026-03-12T19:32:30+00:00","og_image":[{"width":512,"height":512,"url":"https:\/\/www.fiemg.com.br\/senai\/wp-content\/uploads\/sites\/12\/2026\/03\/edital.jpeg","type":"image\/jpeg"}],"twitter_card":"summary_large_image","twitter_misc":{"Est. tempo de leitura":"4 minutos"},"schema":{"@context":"https:\/\/schema.org","@graph":[{"@type":"WebPage","@id":"https:\/\/www.fiemg.com.br\/senai\/noticias\/sesi-e-senai-lancam-edital-de-r-6-milhoes-para-projetos-de-tecnologia-e-inovacao-na-industria\/","url":"https:\/\/www.fiemg.com.br\/senai\/noticias\/sesi-e-senai-lancam-edital-de-r-6-milhoes-para-projetos-de-tecnologia-e-inovacao-na-industria\/","name":"SESI e SENAI lan\u00e7am edital de R$ 6 milh\u00f5es para projetos de tecnologia e inova\u00e7\u00e3o na ind\u00fastria - SENAI","isPartOf":{"@id":"https:\/\/www.fiemg.com.br\/senai\/#website"},"primaryImageOfPage":{"@id":"https:\/\/www.fiemg.com.br\/senai\/noticias\/sesi-e-senai-lancam-edital-de-r-6-milhoes-para-projetos-de-tecnologia-e-inovacao-na-industria\/#primaryimage"},"image":{"@id":"https:\/\/www.fiemg.com.br\/senai\/noticias\/sesi-e-senai-lancam-edital-de-r-6-milhoes-para-projetos-de-tecnologia-e-inovacao-na-industria\/#primaryimage"},"thumbnailUrl":"https:\/\/www.fiemg.com.br\/senai\/wp-content\/uploads\/sites\/12\/2026\/03\/edital.jpeg","datePublished":"2026-03-09T18:10:43+00:00","dateModified":"2026-03-12T19:32:30+00:00","description":"Iniciativa apoia empresas mineiras no desenvolvimento de solu\u00e7\u00f5es voltadas \u00e0 automa\u00e7\u00e3o, seguran\u00e7a e sa\u00fade no trabalho","breadcrumb":{"@id":"https:\/\/www.fiemg.com.br\/senai\/noticias\/sesi-e-senai-lancam-edital-de-r-6-milhoes-para-projetos-de-tecnologia-e-inovacao-na-industria\/#breadcrumb"},"inLanguage":"pt-BR","potentialAction":[{"@type":"ReadAction","target":["https:\/\/www.fiemg.com.br\/senai\/noticias\/sesi-e-senai-lancam-edital-de-r-6-milhoes-para-projetos-de-tecnologia-e-inovacao-na-industria\/"]}]},{"@type":"ImageObject","inLanguage":"pt-BR","@id":"https:\/\/www.fiemg.com.br\/senai\/noticias\/sesi-e-senai-lancam-edital-de-r-6-milhoes-para-projetos-de-tecnologia-e-inovacao-na-industria\/#primaryimage","url":"https:\/\/www.fiemg.com.br\/senai\/wp-content\/uploads\/sites\/12\/2026\/03\/edital.jpeg","contentUrl":"https:\/\/www.fiemg.com.br\/senai\/wp-content\/uploads\/sites\/12\/2026\/03\/edital.jpeg","width":512,"height":512,"caption":"SESI e SENAI lan\u00e7am edital de R$ 6 milh\u00f5es para projetos de tecnologia e inova\u00e7\u00e3o na ind\u00fastria"},{"@type":"BreadcrumbList","@id":"https:\/\/www.fiemg.com.br\/senai\/noticias\/sesi-e-senai-lancam-edital-de-r-6-milhoes-para-projetos-de-tecnologia-e-inovacao-na-industria\/#breadcrumb","itemListElement":[{"@type":"ListItem","position":1,"name":"In\u00edcio","item":"https:\/\/www.fiemg.com.br\/senai\/"},{"@type":"ListItem","position":2,"name":"SESI e SENAI lan\u00e7am edital de R$ 6 milh\u00f5es para projetos de tecnologia e inova\u00e7\u00e3o na ind\u00fastria"}]},{"@type":"WebSite","@id":"https:\/\/www.fiemg.com.br\/senai\/#website","url":"https:\/\/www.fiemg.com.br\/senai\/","name":"SENAI","description":"Federa\u00e7\u00e3o das Ind\u00fastrias do Estado de Minas Gerais","potentialAction":[{"@type":"SearchAction","target":{"@type":"EntryPoint","urlTemplate":"https:\/\/www.fiemg.com.br\/senai\/?s={search_term_string}"},"query-input":{"@type":"PropertyValueSpecification","valueRequired":true,"valueName":"search_term_string"}}],"inLanguage":"pt-BR"}]}},"_links":{"self":[{"href":"https:\/\/www.fiemg.com.br\/senai\/wp-json\/wp\/v2\/noticias\/3905","targetHints":{"allow":["GET"]}}],"collection":[{"href":"https:\/\/www.fiemg.com.br\/senai\/wp-json\/wp\/v2\/noticias"}],"about":[{"href":"https:\/\/www.fiemg.com.br\/senai\/wp-json\/wp\/v2\/types\/noticias"}],"wp:featuredmedia":[{"embeddable":true,"href":"https:\/\/www.fiemg.com.br\/senai\/wp-json\/wp\/v2\/media\/3906"}],"wp:attachment":[{"href":"https:\/\/www.fiemg.com.br\/senai\/wp-json\/wp\/v2\/media?parent=3905"}],"wp:term":[{"taxonomy":"category","embeddable":true,"href":"https:\/\/www.fiemg.com.br\/senai\/wp-json\/wp\/v2\/categories?post=3905"},{"taxonomy":"post_tag","embeddable":true,"href":"https:\/\/www.fiemg.com.br\/senai\/wp-json\/wp\/v2\/tags?post=3905"}],"curies":[{"name":"wp","href":"https:\/\/api.w.org\/{rel}","templated":true}]}}