{"id":3999,"date":"2026-04-27T18:41:43","date_gmt":"2026-04-27T21:41:43","guid":{"rendered":"https:\/\/www.fiemg.com.br\/senai\/noticias\/divulgada-lista-de-sorteados-do-programa-autonomia-e-renda-petrobras\/"},"modified":"2026-04-27T18:41:49","modified_gmt":"2026-04-27T21:41:49","slug":"divulgada-lista-de-sorteados-do-programa-autonomia-e-renda-petrobras","status":"publish","type":"noticias","link":"https:\/\/www.fiemg.com.br\/senai\/noticias\/divulgada-lista-de-sorteados-do-programa-autonomia-e-renda-petrobras\/","title":{"rendered":"Divulgada lista de sorteados do Programa Autonomia e Renda Petrobras"},"content":{"rendered":"\n<p>Foi divulgada nesta segunda-feira (27\/4) a lista com as vagas gratuitas de forma\u00e7\u00e3o profissional sorteadas do edital da Firjan SENAI SESI. As oportunidades pode sem ser consultadas no site <a href=\"http:\/\/www.autonomiaerenda.com.br\/editais\" target=\"_blank\" rel=\"noreferrer noopener\"><strong>www.autonomiaerenda.com.br\/editais<\/strong><\/a> e s\u00e3o destinadas, prioritariamente, a moradores de Betim, Ibirit\u00e9 e Sarzedo. O curso oferecido \u00e9 de Montador de Andaime, Formas e Escoramento, com in\u00edcio previsto para 18 de junho e dura\u00e7\u00e3o de quatro meses. As aulas ser\u00e3o no SENAI Betim.<\/p>\n\n\n\n<p>Os participantes selecionados ter\u00e3o ainda oficinas de desenvolvimento humano, uma metodologia SESI que tem como finalidade fortalecer as compet\u00eancias sociais, elevando o potencial de empregabilidade.<\/p>\n\n\n\n<p><em>Se o seu nome foi sorteado, aten\u00e7\u00e3o \u00e0s datas:<\/em><\/p>\n\n\n\n<p>28 a 30 de abril: pr\u00e9-matr\u00edcula no site de inscri\u00e7\u00e3o, acesse atrav\u00e9s do e-mail recebido ou QR Code desse post.<br>4 a 13 de maio: matr\u00edcula no SENAI correspondente, com os documentos originais e c\u00f3pias informados no edital.<br>14 de maio a 3 de junho: primeira repescagem (Cadastro reserva)<br>4 a 17 de junho: primeira repescagem (Cadastro reserva e lista de espera)<br>18 de junho: in\u00edcio das aulas (Caso haja altera\u00e7\u00e3o da data de in\u00edcio, os alunos ser\u00e3o informados)<br><br><strong>Imprensa FIEMG<\/strong><\/p>\n\n\n\n<p><\/p>\n","protected":false},"featured_media":4000,"template":"","categories":[15],"tags":[470,375,136,90],"class_list":["post-3999","noticias","type-noticias","status-publish","has-post-thumbnail","hentry","category-desenvolvimento-industrial","tag-autonomia-e-renda","tag-petrobras","tag-qualificacao-profissional","tag-senai"],"acf":[],"yoast_head":"<!-- This site is optimized with the Yoast SEO plugin v26.2 - https:\/\/yoast.com\/wordpress\/plugins\/seo\/ -->\n<title>Divulgada lista de sorteados do Programa Autonomia e Renda Petrobras - SENAI<\/title>\n<meta name=\"description\" content=\"As oportunidades s\u00e3o destinadas, prioritariamente, a moradores de Betim, Ibirit\u00e9 e Sarzedo\" \/>\n<meta name=\"robots\" content=\"index, follow, max-snippet:-1, max-image-preview:large, max-video-preview:-1\" \/>\n<link rel=\"canonical\" href=\"https:\/\/www.fiemg.com.br\/senai\/noticias\/divulgada-lista-de-sorteados-do-programa-autonomia-e-renda-petrobras\/\" \/>\n<meta property=\"og:locale\" content=\"pt_BR\" \/>\n<meta property=\"og:type\" content=\"article\" \/>\n<meta property=\"og:title\" content=\"Divulgada lista de sorteados do Programa Autonomia e Renda Petrobras - SENAI\" \/>\n<meta property=\"og:description\" content=\"As oportunidades s\u00e3o destinadas, prioritariamente, a moradores de Betim, Ibirit\u00e9 e Sarzedo\" \/>\n<meta property=\"og:url\" content=\"https:\/\/www.fiemg.com.br\/senai\/noticias\/divulgada-lista-de-sorteados-do-programa-autonomia-e-renda-petrobras\/\" \/>\n<meta property=\"og:site_name\" content=\"SENAI\" \/>\n<meta property=\"article:modified_time\" content=\"2026-04-27T21:41:49+00:00\" \/>\n<meta property=\"og:image\" content=\"https:\/\/www.fiemg.com.br\/senai\/wp-content\/uploads\/sites\/12\/2026\/04\/autonomia-e-renda.jpeg\" \/>\n\t<meta property=\"og:image:width\" content=\"512\" \/>\n\t<meta property=\"og:image:height\" content=\"512\" \/>\n\t<meta property=\"og:image:type\" content=\"image\/jpeg\" \/>\n<meta name=\"twitter:card\" content=\"summary_large_image\" \/>\n<meta name=\"twitter:label1\" content=\"Est. tempo de leitura\" \/>\n\t<meta name=\"twitter:data1\" content=\"2 minutos\" \/>\n<script type=\"application\/ld+json\" class=\"yoast-schema-graph\">{\"@context\":\"https:\/\/schema.org\",\"@graph\":[{\"@type\":\"WebPage\",\"@id\":\"https:\/\/www.fiemg.com.br\/senai\/noticias\/divulgada-lista-de-sorteados-do-programa-autonomia-e-renda-petrobras\/\",\"url\":\"https:\/\/www.fiemg.com.br\/senai\/noticias\/divulgada-lista-de-sorteados-do-programa-autonomia-e-renda-petrobras\/\",\"name\":\"Divulgada lista de sorteados do Programa Autonomia e Renda Petrobras - SENAI\",\"isPartOf\":{\"@id\":\"https:\/\/www.fiemg.com.br\/senai\/#website\"},\"primaryImageOfPage\":{\"@id\":\"https:\/\/www.fiemg.com.br\/senai\/noticias\/divulgada-lista-de-sorteados-do-programa-autonomia-e-renda-petrobras\/#primaryimage\"},\"image\":{\"@id\":\"https:\/\/www.fiemg.com.br\/senai\/noticias\/divulgada-lista-de-sorteados-do-programa-autonomia-e-renda-petrobras\/#primaryimage\"},\"thumbnailUrl\":\"https:\/\/www.fiemg.com.br\/senai\/wp-content\/uploads\/sites\/12\/2026\/04\/autonomia-e-renda.jpeg\",\"datePublished\":\"2026-04-27T21:41:43+00:00\",\"dateModified\":\"2026-04-27T21:41:49+00:00\",\"description\":\"As oportunidades s\u00e3o destinadas, prioritariamente, a moradores de Betim, Ibirit\u00e9 e Sarzedo\",\"breadcrumb\":{\"@id\":\"https:\/\/www.fiemg.com.br\/senai\/noticias\/divulgada-lista-de-sorteados-do-programa-autonomia-e-renda-petrobras\/#breadcrumb\"},\"inLanguage\":\"pt-BR\",\"potentialAction\":[{\"@type\":\"ReadAction\",\"target\":[\"https:\/\/www.fiemg.com.br\/senai\/noticias\/divulgada-lista-de-sorteados-do-programa-autonomia-e-renda-petrobras\/\"]}]},{\"@type\":\"ImageObject\",\"inLanguage\":\"pt-BR\",\"@id\":\"https:\/\/www.fiemg.com.br\/senai\/noticias\/divulgada-lista-de-sorteados-do-programa-autonomia-e-renda-petrobras\/#primaryimage\",\"url\":\"https:\/\/www.fiemg.com.br\/senai\/wp-content\/uploads\/sites\/12\/2026\/04\/autonomia-e-renda.jpeg\",\"contentUrl\":\"https:\/\/www.fiemg.com.br\/senai\/wp-content\/uploads\/sites\/12\/2026\/04\/autonomia-e-renda.jpeg\",\"width\":512,\"height\":512,\"caption\":\"Divulgada lista de sorteados do Programa Autonomia e Renda Petrobras\"},{\"@type\":\"BreadcrumbList\",\"@id\":\"https:\/\/www.fiemg.com.br\/senai\/noticias\/divulgada-lista-de-sorteados-do-programa-autonomia-e-renda-petrobras\/#breadcrumb\",\"itemListElement\":[{\"@type\":\"ListItem\",\"position\":1,\"name\":\"In\u00edcio\",\"item\":\"https:\/\/www.fiemg.com.br\/senai\/\"},{\"@type\":\"ListItem\",\"position\":2,\"name\":\"Divulgada lista de sorteados do Programa Autonomia e Renda Petrobras\"}]},{\"@type\":\"WebSite\",\"@id\":\"https:\/\/www.fiemg.com.br\/senai\/#website\",\"url\":\"https:\/\/www.fiemg.com.br\/senai\/\",\"name\":\"SENAI\",\"description\":\"Federa\u00e7\u00e3o das Ind\u00fastrias do Estado de Minas Gerais\",\"potentialAction\":[{\"@type\":\"SearchAction\",\"target\":{\"@type\":\"EntryPoint\",\"urlTemplate\":\"https:\/\/www.fiemg.com.br\/senai\/?s={search_term_string}\"},\"query-input\":{\"@type\":\"PropertyValueSpecification\",\"valueRequired\":true,\"valueName\":\"search_term_string\"}}],\"inLanguage\":\"pt-BR\"}]}<\/script>\n<!-- \/ Yoast SEO plugin. -->","yoast_head_json":{"title":"Divulgada lista de sorteados do Programa Autonomia e Renda Petrobras - SENAI","description":"As oportunidades s\u00e3o destinadas, prioritariamente, a moradores de Betim, Ibirit\u00e9 e Sarzedo","robots":{"index":"index","follow":"follow","max-snippet":"max-snippet:-1","max-image-preview":"max-image-preview:large","max-video-preview":"max-video-preview:-1"},"canonical":"https:\/\/www.fiemg.com.br\/senai\/noticias\/divulgada-lista-de-sorteados-do-programa-autonomia-e-renda-petrobras\/","og_locale":"pt_BR","og_type":"article","og_title":"Divulgada lista de sorteados do Programa Autonomia e Renda Petrobras - SENAI","og_description":"As oportunidades s\u00e3o destinadas, prioritariamente, a moradores de Betim, Ibirit\u00e9 e Sarzedo","og_url":"https:\/\/www.fiemg.com.br\/senai\/noticias\/divulgada-lista-de-sorteados-do-programa-autonomia-e-renda-petrobras\/","og_site_name":"SENAI","article_modified_time":"2026-04-27T21:41:49+00:00","og_image":[{"width":512,"height":512,"url":"https:\/\/www.fiemg.com.br\/senai\/wp-content\/uploads\/sites\/12\/2026\/04\/autonomia-e-renda.jpeg","type":"image\/jpeg"}],"twitter_card":"summary_large_image","twitter_misc":{"Est. tempo de leitura":"2 minutos"},"schema":{"@context":"https:\/\/schema.org","@graph":[{"@type":"WebPage","@id":"https:\/\/www.fiemg.com.br\/senai\/noticias\/divulgada-lista-de-sorteados-do-programa-autonomia-e-renda-petrobras\/","url":"https:\/\/www.fiemg.com.br\/senai\/noticias\/divulgada-lista-de-sorteados-do-programa-autonomia-e-renda-petrobras\/","name":"Divulgada lista de sorteados do Programa Autonomia e Renda Petrobras - SENAI","isPartOf":{"@id":"https:\/\/www.fiemg.com.br\/senai\/#website"},"primaryImageOfPage":{"@id":"https:\/\/www.fiemg.com.br\/senai\/noticias\/divulgada-lista-de-sorteados-do-programa-autonomia-e-renda-petrobras\/#primaryimage"},"image":{"@id":"https:\/\/www.fiemg.com.br\/senai\/noticias\/divulgada-lista-de-sorteados-do-programa-autonomia-e-renda-petrobras\/#primaryimage"},"thumbnailUrl":"https:\/\/www.fiemg.com.br\/senai\/wp-content\/uploads\/sites\/12\/2026\/04\/autonomia-e-renda.jpeg","datePublished":"2026-04-27T21:41:43+00:00","dateModified":"2026-04-27T21:41:49+00:00","description":"As oportunidades s\u00e3o destinadas, prioritariamente, a moradores de Betim, Ibirit\u00e9 e Sarzedo","breadcrumb":{"@id":"https:\/\/www.fiemg.com.br\/senai\/noticias\/divulgada-lista-de-sorteados-do-programa-autonomia-e-renda-petrobras\/#breadcrumb"},"inLanguage":"pt-BR","potentialAction":[{"@type":"ReadAction","target":["https:\/\/www.fiemg.com.br\/senai\/noticias\/divulgada-lista-de-sorteados-do-programa-autonomia-e-renda-petrobras\/"]}]},{"@type":"ImageObject","inLanguage":"pt-BR","@id":"https:\/\/www.fiemg.com.br\/senai\/noticias\/divulgada-lista-de-sorteados-do-programa-autonomia-e-renda-petrobras\/#primaryimage","url":"https:\/\/www.fiemg.com.br\/senai\/wp-content\/uploads\/sites\/12\/2026\/04\/autonomia-e-renda.jpeg","contentUrl":"https:\/\/www.fiemg.com.br\/senai\/wp-content\/uploads\/sites\/12\/2026\/04\/autonomia-e-renda.jpeg","width":512,"height":512,"caption":"Divulgada lista de sorteados do Programa Autonomia e Renda Petrobras"},{"@type":"BreadcrumbList","@id":"https:\/\/www.fiemg.com.br\/senai\/noticias\/divulgada-lista-de-sorteados-do-programa-autonomia-e-renda-petrobras\/#breadcrumb","itemListElement":[{"@type":"ListItem","position":1,"name":"In\u00edcio","item":"https:\/\/www.fiemg.com.br\/senai\/"},{"@type":"ListItem","position":2,"name":"Divulgada lista de sorteados do Programa Autonomia e Renda Petrobras"}]},{"@type":"WebSite","@id":"https:\/\/www.fiemg.com.br\/senai\/#website","url":"https:\/\/www.fiemg.com.br\/senai\/","name":"SENAI","description":"Federa\u00e7\u00e3o das Ind\u00fastrias do Estado de Minas Gerais","potentialAction":[{"@type":"SearchAction","target":{"@type":"EntryPoint","urlTemplate":"https:\/\/www.fiemg.com.br\/senai\/?s={search_term_string}"},"query-input":{"@type":"PropertyValueSpecification","valueRequired":true,"valueName":"search_term_string"}}],"inLanguage":"pt-BR"}]}},"_links":{"self":[{"href":"https:\/\/www.fiemg.com.br\/senai\/wp-json\/wp\/v2\/noticias\/3999","targetHints":{"allow":["GET"]}}],"collection":[{"href":"https:\/\/www.fiemg.com.br\/senai\/wp-json\/wp\/v2\/noticias"}],"about":[{"href":"https:\/\/www.fiemg.com.br\/senai\/wp-json\/wp\/v2\/types\/noticias"}],"wp:featuredmedia":[{"embeddable":true,"href":"https:\/\/www.fiemg.com.br\/senai\/wp-json\/wp\/v2\/media\/4000"}],"wp:attachment":[{"href":"https:\/\/www.fiemg.com.br\/senai\/wp-json\/wp\/v2\/media?parent=3999"}],"wp:term":[{"taxonomy":"category","embeddable":true,"href":"https:\/\/www.fiemg.com.br\/senai\/wp-json\/wp\/v2\/categories?post=3999"},{"taxonomy":"post_tag","embeddable":true,"href":"https:\/\/www.fiemg.com.br\/senai\/wp-json\/wp\/v2\/tags?post=3999"}],"curies":[{"name":"wp","href":"https:\/\/api.w.org\/{rel}","templated":true}]}}