{"id":5632,"date":"2026-09-03T10:10:14","date_gmt":"2026-09-03T13:10:14","guid":{"rendered":"https:\/\/www.fiemg.com.br\/senai\/noticias\/nesta-edicao-os-alunos-foram-capacitados-em-areas-estrategicas-para-o-desenvolvimento-industrial-da-regiao\/"},"modified":"2026-09-03T10:10:16","modified_gmt":"2026-09-03T13:10:16","slug":"nesta-edicao-os-alunos-foram-capacitados-em-areas-estrategicas-para-o-desenvolvimento-industrial-da-regiao","status":"publish","type":"noticias","link":"https:\/\/www.fiemg.com.br\/senai\/noticias\/nesta-edicao-os-alunos-foram-capacitados-em-areas-estrategicas-para-o-desenvolvimento-industrial-da-regiao\/","title":{"rendered":"SENAI Vale do A\u00e7o certifica 510 alunos da 5\u00aa edi\u00e7\u00e3o do Trilhas de Futuro"},"content":{"rendered":"\n<p class=\"wp-block-paragraph\">O SENAI Vale do A\u00e7o celebrou, ao longo do m\u00eas de agosto, a formatura de 510 alunos da 5\u00aa edi\u00e7\u00e3o do Programa Trilhas de Futuro, consolidando mais um importante ciclo de forma\u00e7\u00e3o profissional em parceria com o Governo de Minas Gerais.<\/p>\n\n\n\n<p class=\"wp-block-paragraph\">Dos novos t\u00e9cnicos certificados, 315 conclu\u00edram seus cursos na unidade de Ipatinga e 195 na unidade de Tim\u00f3teo. Nesta edi\u00e7\u00e3o, os alunos foram capacitados em \u00e1reas estrat\u00e9gicas para o desenvolvimento industrial da regi\u00e3o, como Automa\u00e7\u00e3o Industrial, Mec\u00e2nica, Manuten\u00e7\u00e3o de M\u00e1quinas Industriais, Eletrot\u00e9cnica, Desenho de Constru\u00e7\u00e3o Civil e Seguran\u00e7a do Trabalho.<\/p>\n\n\n\n<p class=\"wp-block-paragraph\">As solenidades contaram com a presen\u00e7a de importantes lideran\u00e7as empresariais que atuaram como patronos das turmas, refor\u00e7ando a proximidade entre o SENAI e o setor produtivo. Entre os convidados estiveram o diretor de Desenvolvimento Industrial da Aperam, Humberto Marin; o gerente de Novas Tecnologias de Automa\u00e7\u00e3o da Usiminas, Richardson Pac\u00f3; o gerente de QSMS da Guimar\u00e3es Constru\u00e7\u00e3o, Cleiton Jos\u00e9; o diretor de Engenharia de Manuten\u00e7\u00e3o da Usiminas, Lucimar Pereira; e o gerente de Rela\u00e7\u00f5es Institucionais da Conva\u00e7o, \u00cdtalo Lara; al\u00e9m de Cairo Monteiro, representante da Superintend\u00eancia Regional de Ensino de Coronel Fabriciano.<\/p>\n\n\n\n<p class=\"wp-block-paragraph\">Richardson Pac\u00f3 destacou a relev\u00e2ncia das compet\u00eancias humanas em um cen\u00e1rio de constantes transforma\u00e7\u00f5es tecnol\u00f3gicas. \u201cNa ind\u00fastria, tecnologias mudam, mas valores como humildade, coragem, trabalho em equipe, respeito e \u00e9tica permanecem essenciais. A intelig\u00eancia artificial n\u00e3o substituir\u00e1 o talento humano, e esta formatura \u00e9 apenas o come\u00e7o: continuem estudando, se aperfei\u00e7oando e fazendo perguntas, pois o futuro \u00e9 constru\u00eddo pelas escolhas que fazemos, e investir em conhecimento foi uma excelente escolha.\u201d<\/p>\n\n\n\n<p class=\"wp-block-paragraph\">O impacto da forma\u00e7\u00e3o tamb\u00e9m foi evidenciado pela formanda Eliane Honorato Freitas, do curso T\u00e9cnico em Mec\u00e2nica. Natural do Mato Grosso, ela destacou a qualidade da educa\u00e7\u00e3o recebida durante sua trajet\u00f3ria no programa. \u201cA educa\u00e7\u00e3o ofertada pelo SENAI em Minas Gerais \u00e9 muito acima da m\u00e9dia. Encontrei aqui um acompanhamento pedag\u00f3gico de excel\u00eancia e uma estrutura que realmente prepara os alunos para o mercado de trabalho. Aproveitem e valorizem as pr\u00f3ximas oportunidades oferecidas pelo programa\u201d, incentivou.<\/p>\n\n\n\n<p class=\"wp-block-paragraph\">Para a gerente das unidades SENAI de Ipatinga e Tim\u00f3teo, Andreza Oto, cada formatura representa n\u00e3o apenas a conclus\u00e3o de uma etapa acad\u00eamica, mas a abertura de novas perspectivas para os alunos e para a ind\u00fastria regional.<\/p>\n\n\n\n<p class=\"wp-block-paragraph\">\u201cA formatura da 5\u00aa edi\u00e7\u00e3o do Trilhas de Futuro simboliza a realiza\u00e7\u00e3o de sonhos e a constru\u00e7\u00e3o de novas oportunidades para 510 profissionais que agora chegam ao mercado ainda mais preparados. O programa refor\u00e7a a parceria entre o Governo de Minas Gerais, o SENAI e a ind\u00fastria, possibilitando forma\u00e7\u00e3o t\u00e9cnica de excel\u00eancia e ampliando a competitividade das empresas da nossa regi\u00e3o. Temos orgulho de contribuir para o desenvolvimento do Vale do A\u00e7o por meio da qualifica\u00e7\u00e3o de talentos que far\u00e3o a diferen\u00e7a no presente e no futuro da ind\u00fastria\u201d, disse.<\/p>\n\n\n\n<p class=\"wp-block-paragraph\">Segundo Andreza, ao longo do per\u00edodo de forma\u00e7\u00e3o, as empresas parceiras tiveram papel fundamental ao acolher estudantes em programas de est\u00e1gio e oportunidades de emprego, contribuindo diretamente para a inser\u00e7\u00e3o desses futuros profissionais no mercado de trabalho. \u201cSomos muito gratos \u00e0s empresas que caminharam conosco durante todo o processo de forma\u00e7\u00e3o. O apoio por meio de est\u00e1gios e contrata\u00e7\u00f5es demonstra a confian\u00e7a da ind\u00fastria na qualidade da educa\u00e7\u00e3o do SENAI e refor\u00e7a uma parceria essencial para o desenvolvimento do Vale do A\u00e7o.\u201d<\/p>\n\n\n\n<p class=\"wp-block-paragraph\"><strong><em>Sobre o Trilhas de Futuro<\/em><\/strong><\/p>\n\n\n\n<p class=\"wp-block-paragraph\">O Trilhas de Futuro \u00e9 um programa do Governo de Minas Gerais que oferece cursos t\u00e9cnicos gratuitos para estudantes e egressos do ensino m\u00e9dio. A iniciativa amplia as oportunidades de qualifica\u00e7\u00e3o profissional e inser\u00e7\u00e3o no mercado de trabalho, contribuindo para o desenvolvimento econ\u00f4mico e social do estado. O SENAI \u00e9 um dos principais parceiros do programa, atuando na forma\u00e7\u00e3o de profissionais alinhados \u00e0s necessidades da ind\u00fastria e \u00e0s transforma\u00e7\u00f5es do mercado.<br><br><strong><em>Por Aline Alves<\/em><\/strong><\/p>\n","protected":false},"featured_media":5634,"template":"","categories":[36],"tags":[75,90,251],"class_list":["post-5632","noticias","type-noticias","status-publish","has-post-thumbnail","hentry","category-senai","tag-fiemg","tag-senai","tag-trilhas-do-futuro"],"acf":[],"yoast_head":"<!-- This site is optimized with the Yoast SEO plugin v27.7 - https:\/\/yoast.com\/product\/yoast-seo-wordpress\/ -->\n<title>SENAI Vale do A\u00e7o certifica 510 alunos da 5\u00aa edi\u00e7\u00e3o do Trilhas de Futuro - SENAI<\/title>\n<meta name=\"description\" content=\"Nesta edi\u00e7\u00e3o, os alunos foram capacitados em \u00e1reas estrat\u00e9gicas para o desenvolvimento industrial da regi\u00e3o\" \/>\n<meta name=\"robots\" content=\"index, follow, max-snippet:-1, max-image-preview:large, max-video-preview:-1\" \/>\n<link rel=\"canonical\" href=\"https:\/\/www.fiemg.com.br\/senai\/noticias\/nesta-edicao-os-alunos-foram-capacitados-em-areas-estrategicas-para-o-desenvolvimento-industrial-da-regiao\/\" \/>\n<meta property=\"og:locale\" content=\"pt_BR\" \/>\n<meta property=\"og:type\" content=\"article\" \/>\n<meta property=\"og:title\" content=\"SENAI Vale do A\u00e7o certifica 510 alunos da 5\u00aa edi\u00e7\u00e3o do Trilhas de Futuro - SENAI\" \/>\n<meta property=\"og:description\" content=\"Nesta edi\u00e7\u00e3o, os alunos foram capacitados em \u00e1reas estrat\u00e9gicas para o desenvolvimento industrial da regi\u00e3o\" \/>\n<meta property=\"og:url\" content=\"https:\/\/www.fiemg.com.br\/senai\/noticias\/nesta-edicao-os-alunos-foram-capacitados-em-areas-estrategicas-para-o-desenvolvimento-industrial-da-regiao\/\" \/>\n<meta property=\"og:site_name\" content=\"SENAI\" \/>\n<meta property=\"article:modified_time\" content=\"2026-09-03T13:10:16+00:00\" \/>\n<meta property=\"og:image\" content=\"https:\/\/www.fiemg.com.br\/senai\/wp-content\/uploads\/sites\/12\/2026\/09\/formatura-SENAI-1024x1024.png\" \/>\n\t<meta property=\"og:image:width\" content=\"1024\" \/>\n\t<meta property=\"og:image:height\" content=\"1024\" \/>\n\t<meta property=\"og:image:type\" content=\"image\/png\" \/>\n<meta name=\"twitter:card\" content=\"summary_large_image\" \/>\n<meta name=\"twitter:label1\" content=\"Est. tempo de leitura\" \/>\n\t<meta name=\"twitter:data1\" content=\"4 minutos\" \/>\n<script type=\"application\/ld+json\" class=\"yoast-schema-graph\">{\"@context\":\"https:\\\/\\\/schema.org\",\"@graph\":[{\"@type\":\"WebPage\",\"@id\":\"https:\\\/\\\/www.fiemg.com.br\\\/senai\\\/noticias\\\/nesta-edicao-os-alunos-foram-capacitados-em-areas-estrategicas-para-o-desenvolvimento-industrial-da-regiao\\\/\",\"url\":\"https:\\\/\\\/www.fiemg.com.br\\\/senai\\\/noticias\\\/nesta-edicao-os-alunos-foram-capacitados-em-areas-estrategicas-para-o-desenvolvimento-industrial-da-regiao\\\/\",\"name\":\"SENAI Vale do A\u00e7o certifica 510 alunos da 5\u00aa edi\u00e7\u00e3o do Trilhas de Futuro - SENAI\",\"isPartOf\":{\"@id\":\"https:\\\/\\\/www.fiemg.com.br\\\/senai\\\/#website\"},\"primaryImageOfPage\":{\"@id\":\"https:\\\/\\\/www.fiemg.com.br\\\/senai\\\/noticias\\\/nesta-edicao-os-alunos-foram-capacitados-em-areas-estrategicas-para-o-desenvolvimento-industrial-da-regiao\\\/#primaryimage\"},\"image\":{\"@id\":\"https:\\\/\\\/www.fiemg.com.br\\\/senai\\\/noticias\\\/nesta-edicao-os-alunos-foram-capacitados-em-areas-estrategicas-para-o-desenvolvimento-industrial-da-regiao\\\/#primaryimage\"},\"thumbnailUrl\":\"https:\\\/\\\/www.fiemg.com.br\\\/senai\\\/wp-content\\\/uploads\\\/sites\\\/12\\\/2026\\\/09\\\/formatura-SENAI.png\",\"datePublished\":\"2026-09-03T13:10:14+00:00\",\"dateModified\":\"2026-09-03T13:10:16+00:00\",\"description\":\"Nesta edi\u00e7\u00e3o, os alunos foram capacitados em \u00e1reas estrat\u00e9gicas para o desenvolvimento industrial da regi\u00e3o\",\"breadcrumb\":{\"@id\":\"https:\\\/\\\/www.fiemg.com.br\\\/senai\\\/noticias\\\/nesta-edicao-os-alunos-foram-capacitados-em-areas-estrategicas-para-o-desenvolvimento-industrial-da-regiao\\\/#breadcrumb\"},\"inLanguage\":\"pt-BR\",\"potentialAction\":[{\"@type\":\"ReadAction\",\"target\":[\"https:\\\/\\\/www.fiemg.com.br\\\/senai\\\/noticias\\\/nesta-edicao-os-alunos-foram-capacitados-em-areas-estrategicas-para-o-desenvolvimento-industrial-da-regiao\\\/\"]}]},{\"@type\":\"ImageObject\",\"inLanguage\":\"pt-BR\",\"@id\":\"https:\\\/\\\/www.fiemg.com.br\\\/senai\\\/noticias\\\/nesta-edicao-os-alunos-foram-capacitados-em-areas-estrategicas-para-o-desenvolvimento-industrial-da-regiao\\\/#primaryimage\",\"url\":\"https:\\\/\\\/www.fiemg.com.br\\\/senai\\\/wp-content\\\/uploads\\\/sites\\\/12\\\/2026\\\/09\\\/formatura-SENAI.png\",\"contentUrl\":\"https:\\\/\\\/www.fiemg.com.br\\\/senai\\\/wp-content\\\/uploads\\\/sites\\\/12\\\/2026\\\/09\\\/formatura-SENAI.png\",\"width\":1600,\"height\":1600},{\"@type\":\"BreadcrumbList\",\"@id\":\"https:\\\/\\\/www.fiemg.com.br\\\/senai\\\/noticias\\\/nesta-edicao-os-alunos-foram-capacitados-em-areas-estrategicas-para-o-desenvolvimento-industrial-da-regiao\\\/#breadcrumb\",\"itemListElement\":[{\"@type\":\"ListItem\",\"position\":1,\"name\":\"In\u00edcio\",\"item\":\"https:\\\/\\\/www.fiemg.com.br\\\/senai\\\/\"},{\"@type\":\"ListItem\",\"position\":2,\"name\":\"SENAI Vale do A\u00e7o certifica 510 alunos da 5\u00aa edi\u00e7\u00e3o do Trilhas de Futuro\"}]},{\"@type\":\"WebSite\",\"@id\":\"https:\\\/\\\/www.fiemg.com.br\\\/senai\\\/#website\",\"url\":\"https:\\\/\\\/www.fiemg.com.br\\\/senai\\\/\",\"name\":\"SENAI\",\"description\":\"Federa\u00e7\u00e3o das Ind\u00fastrias do Estado de Minas Gerais\",\"potentialAction\":[{\"@type\":\"SearchAction\",\"target\":{\"@type\":\"EntryPoint\",\"urlTemplate\":\"https:\\\/\\\/www.fiemg.com.br\\\/senai\\\/?s={search_term_string}\"},\"query-input\":{\"@type\":\"PropertyValueSpecification\",\"valueRequired\":true,\"valueName\":\"search_term_string\"}}],\"inLanguage\":\"pt-BR\"}]}<\/script>\n<!-- \/ Yoast SEO plugin. -->","yoast_head_json":{"title":"SENAI Vale do A\u00e7o certifica 510 alunos da 5\u00aa edi\u00e7\u00e3o do Trilhas de Futuro - SENAI","description":"Nesta edi\u00e7\u00e3o, os alunos foram capacitados em \u00e1reas estrat\u00e9gicas para o desenvolvimento industrial da regi\u00e3o","robots":{"index":"index","follow":"follow","max-snippet":"max-snippet:-1","max-image-preview":"max-image-preview:large","max-video-preview":"max-video-preview:-1"},"canonical":"https:\/\/www.fiemg.com.br\/senai\/noticias\/nesta-edicao-os-alunos-foram-capacitados-em-areas-estrategicas-para-o-desenvolvimento-industrial-da-regiao\/","og_locale":"pt_BR","og_type":"article","og_title":"SENAI Vale do A\u00e7o certifica 510 alunos da 5\u00aa edi\u00e7\u00e3o do Trilhas de Futuro - SENAI","og_description":"Nesta edi\u00e7\u00e3o, os alunos foram capacitados em \u00e1reas estrat\u00e9gicas para o desenvolvimento industrial da regi\u00e3o","og_url":"https:\/\/www.fiemg.com.br\/senai\/noticias\/nesta-edicao-os-alunos-foram-capacitados-em-areas-estrategicas-para-o-desenvolvimento-industrial-da-regiao\/","og_site_name":"SENAI","article_modified_time":"2026-09-03T13:10:16+00:00","og_image":[{"width":1024,"height":1024,"url":"https:\/\/www.fiemg.com.br\/senai\/wp-content\/uploads\/sites\/12\/2026\/09\/formatura-SENAI-1024x1024.png","type":"image\/png"}],"twitter_card":"summary_large_image","twitter_misc":{"Est. tempo de leitura":"4 minutos"},"schema":{"@context":"https:\/\/schema.org","@graph":[{"@type":"WebPage","@id":"https:\/\/www.fiemg.com.br\/senai\/noticias\/nesta-edicao-os-alunos-foram-capacitados-em-areas-estrategicas-para-o-desenvolvimento-industrial-da-regiao\/","url":"https:\/\/www.fiemg.com.br\/senai\/noticias\/nesta-edicao-os-alunos-foram-capacitados-em-areas-estrategicas-para-o-desenvolvimento-industrial-da-regiao\/","name":"SENAI Vale do A\u00e7o certifica 510 alunos da 5\u00aa edi\u00e7\u00e3o do Trilhas de Futuro - SENAI","isPartOf":{"@id":"https:\/\/www.fiemg.com.br\/senai\/#website"},"primaryImageOfPage":{"@id":"https:\/\/www.fiemg.com.br\/senai\/noticias\/nesta-edicao-os-alunos-foram-capacitados-em-areas-estrategicas-para-o-desenvolvimento-industrial-da-regiao\/#primaryimage"},"image":{"@id":"https:\/\/www.fiemg.com.br\/senai\/noticias\/nesta-edicao-os-alunos-foram-capacitados-em-areas-estrategicas-para-o-desenvolvimento-industrial-da-regiao\/#primaryimage"},"thumbnailUrl":"https:\/\/www.fiemg.com.br\/senai\/wp-content\/uploads\/sites\/12\/2026\/09\/formatura-SENAI.png","datePublished":"2026-09-03T13:10:14+00:00","dateModified":"2026-09-03T13:10:16+00:00","description":"Nesta edi\u00e7\u00e3o, os alunos foram capacitados em \u00e1reas estrat\u00e9gicas para o desenvolvimento industrial da regi\u00e3o","breadcrumb":{"@id":"https:\/\/www.fiemg.com.br\/senai\/noticias\/nesta-edicao-os-alunos-foram-capacitados-em-areas-estrategicas-para-o-desenvolvimento-industrial-da-regiao\/#breadcrumb"},"inLanguage":"pt-BR","potentialAction":[{"@type":"ReadAction","target":["https:\/\/www.fiemg.com.br\/senai\/noticias\/nesta-edicao-os-alunos-foram-capacitados-em-areas-estrategicas-para-o-desenvolvimento-industrial-da-regiao\/"]}]},{"@type":"ImageObject","inLanguage":"pt-BR","@id":"https:\/\/www.fiemg.com.br\/senai\/noticias\/nesta-edicao-os-alunos-foram-capacitados-em-areas-estrategicas-para-o-desenvolvimento-industrial-da-regiao\/#primaryimage","url":"https:\/\/www.fiemg.com.br\/senai\/wp-content\/uploads\/sites\/12\/2026\/09\/formatura-SENAI.png","contentUrl":"https:\/\/www.fiemg.com.br\/senai\/wp-content\/uploads\/sites\/12\/2026\/09\/formatura-SENAI.png","width":1600,"height":1600},{"@type":"BreadcrumbList","@id":"https:\/\/www.fiemg.com.br\/senai\/noticias\/nesta-edicao-os-alunos-foram-capacitados-em-areas-estrategicas-para-o-desenvolvimento-industrial-da-regiao\/#breadcrumb","itemListElement":[{"@type":"ListItem","position":1,"name":"In\u00edcio","item":"https:\/\/www.fiemg.com.br\/senai\/"},{"@type":"ListItem","position":2,"name":"SENAI Vale do A\u00e7o certifica 510 alunos da 5\u00aa edi\u00e7\u00e3o do Trilhas de Futuro"}]},{"@type":"WebSite","@id":"https:\/\/www.fiemg.com.br\/senai\/#website","url":"https:\/\/www.fiemg.com.br\/senai\/","name":"SENAI","description":"Federa\u00e7\u00e3o das Ind\u00fastrias do Estado de Minas Gerais","potentialAction":[{"@type":"SearchAction","target":{"@type":"EntryPoint","urlTemplate":"https:\/\/www.fiemg.com.br\/senai\/?s={search_term_string}"},"query-input":{"@type":"PropertyValueSpecification","valueRequired":true,"valueName":"search_term_string"}}],"inLanguage":"pt-BR"}]}},"_links":{"self":[{"href":"https:\/\/www.fiemg.com.br\/senai\/wp-json\/wp\/v2\/noticias\/5632","targetHints":{"allow":["GET"]}}],"collection":[{"href":"https:\/\/www.fiemg.com.br\/senai\/wp-json\/wp\/v2\/noticias"}],"about":[{"href":"https:\/\/www.fiemg.com.br\/senai\/wp-json\/wp\/v2\/types\/noticias"}],"wp:featuredmedia":[{"embeddable":true,"href":"https:\/\/www.fiemg.com.br\/senai\/wp-json\/wp\/v2\/media\/5634"}],"wp:attachment":[{"href":"https:\/\/www.fiemg.com.br\/senai\/wp-json\/wp\/v2\/media?parent=5632"}],"wp:term":[{"taxonomy":"category","embeddable":true,"href":"https:\/\/www.fiemg.com.br\/senai\/wp-json\/wp\/v2\/categories?post=5632"},{"taxonomy":"post_tag","embeddable":true,"href":"https:\/\/www.fiemg.com.br\/senai\/wp-json\/wp\/v2\/tags?post=5632"}],"curies":[{"name":"wp","href":"https:\/\/api.w.org\/{rel}","templated":true}]}}