{"id":4827,"date":"2024-01-24T17:41:08","date_gmt":"2024-01-24T20:41:08","guid":{"rendered":"https:\/\/www.fiemg.com.br\/sesi-cultura\/?post_type=noticias&#038;p=4827"},"modified":"2024-01-24T17:43:54","modified_gmt":"2024-01-24T20:43:54","slug":"centro-cultural-sesiminas-uberaba-esta-aberto-a-artistas-e-produtores-para-apresentacao-de-producoes-musicais-e-de-artes-cenicas-no-teatro-sesiminas","status":"publish","type":"noticias","link":"https:\/\/www.fiemg.com.br\/sesi-cultura\/noticias\/centro-cultural-sesiminas-uberaba-esta-aberto-a-artistas-e-produtores-para-apresentacao-de-producoes-musicais-e-de-artes-cenicas-no-teatro-sesiminas\/","title":{"rendered":"Centro Cultural Sesiminas Uberaba est\u00e1 aberto a artistas e produtores para apresenta\u00e7\u00e3o de produ\u00e7\u00f5es musicais e de artes c\u00eanicas no Teatro Sesiminas"},"content":{"rendered":"<p><img fetchpriority=\"high\" decoding=\"async\" class=\"alignnone wp-image-4828 size-full\" src=\"https:\/\/www.fiemg.com.br\/sesi-cultura\/wp-content\/uploads\/sites\/28\/2024\/01\/banner-noticia-circuito-artistico-abertura-inscricoes.jpg\" alt=\"\" width=\"1600\" height=\"838\" srcset=\"https:\/\/www.fiemg.com.br\/sesi-cultura\/wp-content\/uploads\/sites\/28\/2024\/01\/banner-noticia-circuito-artistico-abertura-inscricoes.jpg 1600w, https:\/\/www.fiemg.com.br\/sesi-cultura\/wp-content\/uploads\/sites\/28\/2024\/01\/banner-noticia-circuito-artistico-abertura-inscricoes-300x157.jpg 300w, https:\/\/www.fiemg.com.br\/sesi-cultura\/wp-content\/uploads\/sites\/28\/2024\/01\/banner-noticia-circuito-artistico-abertura-inscricoes-1024x536.jpg 1024w, https:\/\/www.fiemg.com.br\/sesi-cultura\/wp-content\/uploads\/sites\/28\/2024\/01\/banner-noticia-circuito-artistico-abertura-inscricoes-768x402.jpg 768w, https:\/\/www.fiemg.com.br\/sesi-cultura\/wp-content\/uploads\/sites\/28\/2024\/01\/banner-noticia-circuito-artistico-abertura-inscricoes-1536x804.jpg 1536w\" sizes=\"(max-width: 1600px) 100vw, 1600px\" \/><\/p>\n<p>O Circuito Art\u00edstico de Uberaba (CAU) \u2013 uma realiza\u00e7\u00e3o do Centro Cultural Sesiminas Uberaba \u2013 convida os artistas de Uberaba e regi\u00e3o para apresentarem espet\u00e1culos de m\u00fasica, teatro, circo e dan\u00e7a no Teatro Sesiminas Uberaba. O projeto, que teve in\u00edcio em 2022, prossegue em 2024 com objetivo de incentivar e valorizar os artistas locais, fomentar a produ\u00e7\u00e3o musical e de artes c\u00eanicas e estimular uma participa\u00e7\u00e3o mais ativa da comunidade do Centro Cultural Sesiminas Uberaba.<\/p>\n<p>&nbsp;<\/p>\n<p>Atrav\u00e9s de uma negocia\u00e7\u00e3o especial o Teatro Sesiminas Uberaba ser\u00e1 cedido em forma de parceria com taxa m\u00ednima de utiliza\u00e7\u00e3o exclusiva ou por percentual de bilheteria. Os ingressos dos eventos dever\u00e3o ter valores populares para proporcionar a forma\u00e7\u00e3o de p\u00fablico.<\/p>\n<p>&nbsp;<\/p>\n<p>O Centro Cultural Sesiminas Uberaba oferece toda a estrutura do Teatro Sesiminas: os equipamentos dispon\u00edveis de maquiaria, som e ilumina\u00e7\u00e3o; equipe t\u00e9cnica para auxiliar na montagem e desmontagem dos equipamentos; produ\u00e7\u00e3o no dia do evento; vendas de ingressos na bilheteria f\u00edsica com funcionamento regular; venda de ingressos online 24h por dia; portaria e limpeza do espa\u00e7o; e divulga\u00e7\u00e3o na agenda mensal do Centro Cultural Sesiminas Uberaba e no IG @Sesiculturamg.<\/p>\n<p>&nbsp;<\/p>\n<p>Os interessados devem entrar em contato com a organiza\u00e7\u00e3o do Circuito Art\u00edstico de Uberaba.<\/p>\n<p>Barbara Ferreira: 34 99734-1350 | <a href=\"mailto:bfteles@fiemg.com.br\">bfteles@fiemg.com.br<\/a><\/p>\n<p>Bia Pantale\u00e3o: 34 99154-6482 | <a href=\"mailto:abmiranda@fiemg.com.br\">abmiranda@fiemg.com.br<\/a><\/p>\n<p>Luiz Hozumi: 34 99178-4875 | <a href=\"mailto:luiz.junior@fiemg.com.br\">luiz.junior@fiemg.com.br<\/a><\/p>\n<p>&nbsp;<\/p>\n<p>As inscri\u00e7\u00f5es tamb\u00e9m podem ser feitas pelo formul\u00e1rio:<\/p>\n<p><a href=\"https:\/\/forms.office.com\/r\/H0TzB4FN4L\">https:\/\/forms.office.com\/r\/H0TzB4FN4L<\/a><\/p>\n","protected":false},"featured_media":4828,"template":"","categories":[],"tags":[],"class_list":["post-4827","noticias","type-noticias","status-publish","has-post-thumbnail","hentry"],"acf":[],"yoast_head":"<!-- This site is optimized with the Yoast SEO plugin v26.2 - https:\/\/yoast.com\/wordpress\/plugins\/seo\/ -->\n<title>Centro Cultural Sesiminas Uberaba est\u00e1 aberto a artistas e produtores para apresenta\u00e7\u00e3o de produ\u00e7\u00f5es musicais e de artes c\u00eanicas no Teatro Sesiminas - SESI Cultura<\/title>\n<meta name=\"robots\" content=\"index, follow, max-snippet:-1, max-image-preview:large, max-video-preview:-1\" \/>\n<link rel=\"canonical\" href=\"https:\/\/www.fiemg.com.br\/sesi-cultura\/noticias\/centro-cultural-sesiminas-uberaba-esta-aberto-a-artistas-e-produtores-para-apresentacao-de-producoes-musicais-e-de-artes-cenicas-no-teatro-sesiminas\/\" \/>\n<meta property=\"og:locale\" content=\"pt_BR\" \/>\n<meta property=\"og:type\" content=\"article\" \/>\n<meta property=\"og:title\" content=\"Centro Cultural Sesiminas Uberaba est\u00e1 aberto a artistas e produtores para apresenta\u00e7\u00e3o de produ\u00e7\u00f5es musicais e de artes c\u00eanicas no Teatro Sesiminas - SESI Cultura\" \/>\n<meta property=\"og:description\" content=\"O Circuito Art\u00edstico de Uberaba (CAU) \u2013 uma realiza\u00e7\u00e3o do Centro Cultural Sesiminas Uberaba \u2013 convida os artistas de Uberaba e regi\u00e3o para apresentarem espet\u00e1culos de m\u00fasica, teatro, circo e dan\u00e7a no Teatro Sesiminas Uberaba. O projeto, que teve in\u00edcio em 2022, prossegue em 2024 com objetivo de incentivar e valorizar os artistas locais, fomentar [&hellip;]\" \/>\n<meta property=\"og:url\" content=\"https:\/\/www.fiemg.com.br\/sesi-cultura\/noticias\/centro-cultural-sesiminas-uberaba-esta-aberto-a-artistas-e-produtores-para-apresentacao-de-producoes-musicais-e-de-artes-cenicas-no-teatro-sesiminas\/\" \/>\n<meta property=\"og:site_name\" content=\"SESI Cultura\" \/>\n<meta property=\"article:modified_time\" content=\"2024-01-24T20:43:54+00:00\" \/>\n<meta property=\"og:image\" content=\"https:\/\/www.fiemg.com.br\/sesi-cultura\/wp-content\/uploads\/sites\/28\/2024\/01\/banner-noticia-circuito-artistico-abertura-inscricoes.jpg\" \/>\n\t<meta property=\"og:image:width\" content=\"1600\" \/>\n\t<meta property=\"og:image:height\" content=\"838\" \/>\n\t<meta property=\"og:image:type\" content=\"image\/jpeg\" \/>\n<meta name=\"twitter:card\" content=\"summary_large_image\" \/>\n<meta name=\"twitter:label1\" content=\"Est. tempo de leitura\" \/>\n\t<meta name=\"twitter:data1\" content=\"2 minutos\" \/>\n<script type=\"application\/ld+json\" class=\"yoast-schema-graph\">{\"@context\":\"https:\/\/schema.org\",\"@graph\":[{\"@type\":\"WebPage\",\"@id\":\"https:\/\/www.fiemg.com.br\/sesi-cultura\/noticias\/centro-cultural-sesiminas-uberaba-esta-aberto-a-artistas-e-produtores-para-apresentacao-de-producoes-musicais-e-de-artes-cenicas-no-teatro-sesiminas\/\",\"url\":\"https:\/\/www.fiemg.com.br\/sesi-cultura\/noticias\/centro-cultural-sesiminas-uberaba-esta-aberto-a-artistas-e-produtores-para-apresentacao-de-producoes-musicais-e-de-artes-cenicas-no-teatro-sesiminas\/\",\"name\":\"Centro Cultural Sesiminas Uberaba est\u00e1 aberto a artistas e produtores para apresenta\u00e7\u00e3o de produ\u00e7\u00f5es musicais e de artes c\u00eanicas no Teatro Sesiminas - SESI Cultura\",\"isPartOf\":{\"@id\":\"https:\/\/www.fiemg.com.br\/sesi-cultura\/#website\"},\"primaryImageOfPage\":{\"@id\":\"https:\/\/www.fiemg.com.br\/sesi-cultura\/noticias\/centro-cultural-sesiminas-uberaba-esta-aberto-a-artistas-e-produtores-para-apresentacao-de-producoes-musicais-e-de-artes-cenicas-no-teatro-sesiminas\/#primaryimage\"},\"image\":{\"@id\":\"https:\/\/www.fiemg.com.br\/sesi-cultura\/noticias\/centro-cultural-sesiminas-uberaba-esta-aberto-a-artistas-e-produtores-para-apresentacao-de-producoes-musicais-e-de-artes-cenicas-no-teatro-sesiminas\/#primaryimage\"},\"thumbnailUrl\":\"https:\/\/www.fiemg.com.br\/sesi-cultura\/wp-content\/uploads\/sites\/28\/2024\/01\/banner-noticia-circuito-artistico-abertura-inscricoes.jpg\",\"datePublished\":\"2024-01-24T20:41:08+00:00\",\"dateModified\":\"2024-01-24T20:43:54+00:00\",\"breadcrumb\":{\"@id\":\"https:\/\/www.fiemg.com.br\/sesi-cultura\/noticias\/centro-cultural-sesiminas-uberaba-esta-aberto-a-artistas-e-produtores-para-apresentacao-de-producoes-musicais-e-de-artes-cenicas-no-teatro-sesiminas\/#breadcrumb\"},\"inLanguage\":\"pt-BR\",\"potentialAction\":[{\"@type\":\"ReadAction\",\"target\":[\"https:\/\/www.fiemg.com.br\/sesi-cultura\/noticias\/centro-cultural-sesiminas-uberaba-esta-aberto-a-artistas-e-produtores-para-apresentacao-de-producoes-musicais-e-de-artes-cenicas-no-teatro-sesiminas\/\"]}]},{\"@type\":\"ImageObject\",\"inLanguage\":\"pt-BR\",\"@id\":\"https:\/\/www.fiemg.com.br\/sesi-cultura\/noticias\/centro-cultural-sesiminas-uberaba-esta-aberto-a-artistas-e-produtores-para-apresentacao-de-producoes-musicais-e-de-artes-cenicas-no-teatro-sesiminas\/#primaryimage\",\"url\":\"https:\/\/www.fiemg.com.br\/sesi-cultura\/wp-content\/uploads\/sites\/28\/2024\/01\/banner-noticia-circuito-artistico-abertura-inscricoes.jpg\",\"contentUrl\":\"https:\/\/www.fiemg.com.br\/sesi-cultura\/wp-content\/uploads\/sites\/28\/2024\/01\/banner-noticia-circuito-artistico-abertura-inscricoes.jpg\",\"width\":1600,\"height\":838},{\"@type\":\"BreadcrumbList\",\"@id\":\"https:\/\/www.fiemg.com.br\/sesi-cultura\/noticias\/centro-cultural-sesiminas-uberaba-esta-aberto-a-artistas-e-produtores-para-apresentacao-de-producoes-musicais-e-de-artes-cenicas-no-teatro-sesiminas\/#breadcrumb\",\"itemListElement\":[{\"@type\":\"ListItem\",\"position\":1,\"name\":\"In\u00edcio\",\"item\":\"https:\/\/www.fiemg.com.br\/sesi-cultura\/\"},{\"@type\":\"ListItem\",\"position\":2,\"name\":\"Centro Cultural Sesiminas Uberaba est\u00e1 aberto a artistas e produtores para apresenta\u00e7\u00e3o de produ\u00e7\u00f5es musicais e de artes c\u00eanicas no Teatro Sesiminas\"}]},{\"@type\":\"WebSite\",\"@id\":\"https:\/\/www.fiemg.com.br\/sesi-cultura\/#website\",\"url\":\"https:\/\/www.fiemg.com.br\/sesi-cultura\/\",\"name\":\"SESI Cultura\",\"description\":\"Federa\u00e7\u00e3o das Ind\u00fastrias do Estado de Minas Gerais\",\"publisher\":{\"@id\":\"https:\/\/www.fiemg.com.br\/sesi-cultura\/#organization\"},\"potentialAction\":[{\"@type\":\"SearchAction\",\"target\":{\"@type\":\"EntryPoint\",\"urlTemplate\":\"https:\/\/www.fiemg.com.br\/sesi-cultura\/?s={search_term_string}\"},\"query-input\":{\"@type\":\"PropertyValueSpecification\",\"valueRequired\":true,\"valueName\":\"search_term_string\"}}],\"inLanguage\":\"pt-BR\"},{\"@type\":\"Organization\",\"@id\":\"https:\/\/www.fiemg.com.br\/sesi-cultura\/#organization\",\"name\":\"SESI Cultura\",\"url\":\"https:\/\/www.fiemg.com.br\/sesi-cultura\/\",\"logo\":{\"@type\":\"ImageObject\",\"inLanguage\":\"pt-BR\",\"@id\":\"https:\/\/www.fiemg.com.br\/sesi-cultura\/#\/schema\/logo\/image\/\",\"url\":\"https:\/\/www.fiemg.com.br\/sesi-cultura\/wp-content\/uploads\/sites\/28\/2023\/02\/LO000325_SESI_CULTURA_NOVA_LOGO_BRANCO_site_1.png\",\"contentUrl\":\"https:\/\/www.fiemg.com.br\/sesi-cultura\/wp-content\/uploads\/sites\/28\/2023\/02\/LO000325_SESI_CULTURA_NOVA_LOGO_BRANCO_site_1.png\",\"width\":394,\"height\":168,\"caption\":\"SESI Cultura\"},\"image\":{\"@id\":\"https:\/\/www.fiemg.com.br\/sesi-cultura\/#\/schema\/logo\/image\/\"}}]}<\/script>\n<!-- \/ Yoast SEO plugin. -->","yoast_head_json":{"title":"Centro Cultural Sesiminas Uberaba est\u00e1 aberto a artistas e produtores para apresenta\u00e7\u00e3o de produ\u00e7\u00f5es musicais e de artes c\u00eanicas no Teatro Sesiminas - SESI Cultura","robots":{"index":"index","follow":"follow","max-snippet":"max-snippet:-1","max-image-preview":"max-image-preview:large","max-video-preview":"max-video-preview:-1"},"canonical":"https:\/\/www.fiemg.com.br\/sesi-cultura\/noticias\/centro-cultural-sesiminas-uberaba-esta-aberto-a-artistas-e-produtores-para-apresentacao-de-producoes-musicais-e-de-artes-cenicas-no-teatro-sesiminas\/","og_locale":"pt_BR","og_type":"article","og_title":"Centro Cultural Sesiminas Uberaba est\u00e1 aberto a artistas e produtores para apresenta\u00e7\u00e3o de produ\u00e7\u00f5es musicais e de artes c\u00eanicas no Teatro Sesiminas - SESI Cultura","og_description":"O Circuito Art\u00edstico de Uberaba (CAU) \u2013 uma realiza\u00e7\u00e3o do Centro Cultural Sesiminas Uberaba \u2013 convida os artistas de Uberaba e regi\u00e3o para apresentarem espet\u00e1culos de m\u00fasica, teatro, circo e dan\u00e7a no Teatro Sesiminas Uberaba. O projeto, que teve in\u00edcio em 2022, prossegue em 2024 com objetivo de incentivar e valorizar os artistas locais, fomentar [&hellip;]","og_url":"https:\/\/www.fiemg.com.br\/sesi-cultura\/noticias\/centro-cultural-sesiminas-uberaba-esta-aberto-a-artistas-e-produtores-para-apresentacao-de-producoes-musicais-e-de-artes-cenicas-no-teatro-sesiminas\/","og_site_name":"SESI Cultura","article_modified_time":"2024-01-24T20:43:54+00:00","og_image":[{"width":1600,"height":838,"url":"https:\/\/www.fiemg.com.br\/sesi-cultura\/wp-content\/uploads\/sites\/28\/2024\/01\/banner-noticia-circuito-artistico-abertura-inscricoes.jpg","type":"image\/jpeg"}],"twitter_card":"summary_large_image","twitter_misc":{"Est. tempo de leitura":"2 minutos"},"schema":{"@context":"https:\/\/schema.org","@graph":[{"@type":"WebPage","@id":"https:\/\/www.fiemg.com.br\/sesi-cultura\/noticias\/centro-cultural-sesiminas-uberaba-esta-aberto-a-artistas-e-produtores-para-apresentacao-de-producoes-musicais-e-de-artes-cenicas-no-teatro-sesiminas\/","url":"https:\/\/www.fiemg.com.br\/sesi-cultura\/noticias\/centro-cultural-sesiminas-uberaba-esta-aberto-a-artistas-e-produtores-para-apresentacao-de-producoes-musicais-e-de-artes-cenicas-no-teatro-sesiminas\/","name":"Centro Cultural Sesiminas Uberaba est\u00e1 aberto a artistas e produtores para apresenta\u00e7\u00e3o de produ\u00e7\u00f5es musicais e de artes c\u00eanicas no Teatro Sesiminas - SESI Cultura","isPartOf":{"@id":"https:\/\/www.fiemg.com.br\/sesi-cultura\/#website"},"primaryImageOfPage":{"@id":"https:\/\/www.fiemg.com.br\/sesi-cultura\/noticias\/centro-cultural-sesiminas-uberaba-esta-aberto-a-artistas-e-produtores-para-apresentacao-de-producoes-musicais-e-de-artes-cenicas-no-teatro-sesiminas\/#primaryimage"},"image":{"@id":"https:\/\/www.fiemg.com.br\/sesi-cultura\/noticias\/centro-cultural-sesiminas-uberaba-esta-aberto-a-artistas-e-produtores-para-apresentacao-de-producoes-musicais-e-de-artes-cenicas-no-teatro-sesiminas\/#primaryimage"},"thumbnailUrl":"https:\/\/www.fiemg.com.br\/sesi-cultura\/wp-content\/uploads\/sites\/28\/2024\/01\/banner-noticia-circuito-artistico-abertura-inscricoes.jpg","datePublished":"2024-01-24T20:41:08+00:00","dateModified":"2024-01-24T20:43:54+00:00","breadcrumb":{"@id":"https:\/\/www.fiemg.com.br\/sesi-cultura\/noticias\/centro-cultural-sesiminas-uberaba-esta-aberto-a-artistas-e-produtores-para-apresentacao-de-producoes-musicais-e-de-artes-cenicas-no-teatro-sesiminas\/#breadcrumb"},"inLanguage":"pt-BR","potentialAction":[{"@type":"ReadAction","target":["https:\/\/www.fiemg.com.br\/sesi-cultura\/noticias\/centro-cultural-sesiminas-uberaba-esta-aberto-a-artistas-e-produtores-para-apresentacao-de-producoes-musicais-e-de-artes-cenicas-no-teatro-sesiminas\/"]}]},{"@type":"ImageObject","inLanguage":"pt-BR","@id":"https:\/\/www.fiemg.com.br\/sesi-cultura\/noticias\/centro-cultural-sesiminas-uberaba-esta-aberto-a-artistas-e-produtores-para-apresentacao-de-producoes-musicais-e-de-artes-cenicas-no-teatro-sesiminas\/#primaryimage","url":"https:\/\/www.fiemg.com.br\/sesi-cultura\/wp-content\/uploads\/sites\/28\/2024\/01\/banner-noticia-circuito-artistico-abertura-inscricoes.jpg","contentUrl":"https:\/\/www.fiemg.com.br\/sesi-cultura\/wp-content\/uploads\/sites\/28\/2024\/01\/banner-noticia-circuito-artistico-abertura-inscricoes.jpg","width":1600,"height":838},{"@type":"BreadcrumbList","@id":"https:\/\/www.fiemg.com.br\/sesi-cultura\/noticias\/centro-cultural-sesiminas-uberaba-esta-aberto-a-artistas-e-produtores-para-apresentacao-de-producoes-musicais-e-de-artes-cenicas-no-teatro-sesiminas\/#breadcrumb","itemListElement":[{"@type":"ListItem","position":1,"name":"In\u00edcio","item":"https:\/\/www.fiemg.com.br\/sesi-cultura\/"},{"@type":"ListItem","position":2,"name":"Centro Cultural Sesiminas Uberaba est\u00e1 aberto a artistas e produtores para apresenta\u00e7\u00e3o de produ\u00e7\u00f5es musicais e de artes c\u00eanicas no Teatro Sesiminas"}]},{"@type":"WebSite","@id":"https:\/\/www.fiemg.com.br\/sesi-cultura\/#website","url":"https:\/\/www.fiemg.com.br\/sesi-cultura\/","name":"SESI Cultura","description":"Federa\u00e7\u00e3o das Ind\u00fastrias do Estado de Minas Gerais","publisher":{"@id":"https:\/\/www.fiemg.com.br\/sesi-cultura\/#organization"},"potentialAction":[{"@type":"SearchAction","target":{"@type":"EntryPoint","urlTemplate":"https:\/\/www.fiemg.com.br\/sesi-cultura\/?s={search_term_string}"},"query-input":{"@type":"PropertyValueSpecification","valueRequired":true,"valueName":"search_term_string"}}],"inLanguage":"pt-BR"},{"@type":"Organization","@id":"https:\/\/www.fiemg.com.br\/sesi-cultura\/#organization","name":"SESI Cultura","url":"https:\/\/www.fiemg.com.br\/sesi-cultura\/","logo":{"@type":"ImageObject","inLanguage":"pt-BR","@id":"https:\/\/www.fiemg.com.br\/sesi-cultura\/#\/schema\/logo\/image\/","url":"https:\/\/www.fiemg.com.br\/sesi-cultura\/wp-content\/uploads\/sites\/28\/2023\/02\/LO000325_SESI_CULTURA_NOVA_LOGO_BRANCO_site_1.png","contentUrl":"https:\/\/www.fiemg.com.br\/sesi-cultura\/wp-content\/uploads\/sites\/28\/2023\/02\/LO000325_SESI_CULTURA_NOVA_LOGO_BRANCO_site_1.png","width":394,"height":168,"caption":"SESI Cultura"},"image":{"@id":"https:\/\/www.fiemg.com.br\/sesi-cultura\/#\/schema\/logo\/image\/"}}]}},"_links":{"self":[{"href":"https:\/\/www.fiemg.com.br\/sesi-cultura\/wp-json\/wp\/v2\/noticias\/4827","targetHints":{"allow":["GET"]}}],"collection":[{"href":"https:\/\/www.fiemg.com.br\/sesi-cultura\/wp-json\/wp\/v2\/noticias"}],"about":[{"href":"https:\/\/www.fiemg.com.br\/sesi-cultura\/wp-json\/wp\/v2\/types\/noticias"}],"wp:featuredmedia":[{"embeddable":true,"href":"https:\/\/www.fiemg.com.br\/sesi-cultura\/wp-json\/wp\/v2\/media\/4828"}],"wp:attachment":[{"href":"https:\/\/www.fiemg.com.br\/sesi-cultura\/wp-json\/wp\/v2\/media?parent=4827"}],"wp:term":[{"taxonomy":"category","embeddable":true,"href":"https:\/\/www.fiemg.com.br\/sesi-cultura\/wp-json\/wp\/v2\/categories?post=4827"},{"taxonomy":"post_tag","embeddable":true,"href":"https:\/\/www.fiemg.com.br\/sesi-cultura\/wp-json\/wp\/v2\/tags?post=4827"}],"curies":[{"name":"wp","href":"https:\/\/api.w.org\/{rel}","templated":true}]}}