{"id":4897,"date":"2024-02-06T15:30:12","date_gmt":"2024-02-06T18:30:12","guid":{"rendered":"https:\/\/www.fiemg.com.br\/sesi-cultura\/?post_type=noticias&#038;p=4897"},"modified":"2024-02-06T15:33:11","modified_gmt":"2024-02-06T18:33:11","slug":"centro-cultural-sesiminas-lanca-edital-para-selecao-de-exposicoes-temporarias-em-artes-visuais-ate-25-de-fevereiro","status":"publish","type":"noticias","link":"https:\/\/www.fiemg.com.br\/sesi-cultura\/noticias\/centro-cultural-sesiminas-lanca-edital-para-selecao-de-exposicoes-temporarias-em-artes-visuais-ate-25-de-fevereiro\/","title":{"rendered":"Centro Cultural Sesiminas Uberaba lan\u00e7a edital para sele\u00e7\u00e3o de exposi\u00e7\u00f5es  tempor\u00e1rias em artes visuais, at\u00e9 25 de fevereiro"},"content":{"rendered":"<p>Est\u00e3o abertas as inscri\u00e7\u00f5es para a sele\u00e7\u00e3o de exposi\u00e7\u00f5es tempor\u00e1rias em artes visuais no Centro Cultural SESIMINAS Uberaba com classifica\u00e7\u00e3o indicativa livre para todos os p\u00fablicos, at\u00e9 25 de fevereiro de 2024.<\/p>\n<p>O objetivo principal \u00e9 promover e difundir a produ\u00e7\u00e3o art\u00edstica, viabilizar o acesso ao p\u00fablico, incentivar a circula\u00e7\u00e3o de arte, propiciar a reflex\u00e3o e experi\u00eancias art\u00edsticas no Centro Cultural SESIMINAS \u00e0 comunidade.<\/p>\n<p>De acordo com o supervisor t\u00e9cnico do Centro Cultural, o edital democratiza o acesso \u00e0 arte em Uberaba e regi\u00e3o: \u201cO edital de exposi\u00e7\u00f5es tempor\u00e1rias do Centro Cultural Sesiminas Uberaba \u00e9 uma importante ferramenta de fomento a produ\u00e7\u00e3o art\u00edstica. Atrav\u00e9s dele \u00e9 poss\u00edvel criar a frui\u00e7\u00e3o da arte na regi\u00e3o, fazer o interc\u00e2mbio entre artistas de todo o pa\u00eds e tamb\u00e9m valorizar o artista local. E ainda pelo projeto de Manuten\u00e7\u00e3o Plurianual do SESI, ser\u00e1 poss\u00edvel que mais de mil alunos da rede p\u00fablica visitem as exposi\u00e7\u00f5es com transporte gratuito, com media\u00e7\u00e3o e com oficinas de arte, al\u00e9m de toda acessibilidade com tradu\u00e7\u00e3o em libras e audiodescri\u00e7\u00e3o\u201d, disse.<\/p>\n<p>Esse edital \u00e9 viabilizado por meio da Lei Federal de Incentivo \u00e0 Cultura, com o patroc\u00ednio da Usina Uberaba e Usina Santo \u00c2ngelo.<\/p>\n<p>Para se inscrever, \u00e9 <strong>necess\u00e1rio preencher o formul\u00e1rio<\/strong>, clicando neste <strong><a href=\"https:\/\/forms.office.com\/r\/tfYyn8VBxp\">LINK.<\/a><\/strong> Juntamente com o preenchimento do formul\u00e1rio, <strong>\u00e9 preciso enviar a documenta\u00e7\u00e3o complementar no e-mail<\/strong> <a href=\"mailto:sesiminasuberaba@fiemg.com.br\">sesiminasuberaba@fiemg.com.br<\/a>.<\/p>\n<p><a href=\"https:\/\/www.fiemg.com.br\/sesi-cultura\/wp-content\/uploads\/sites\/28\/2024\/01\/EDITAL-DE-EXPOSICOES-TEMPORARIAS-2024_01-UBERABA.pdf\"><strong>AQUI<\/strong><\/a> voc\u00ea acessa o Edital completo, com todas as informa\u00e7\u00f5es e <a href=\"https:\/\/www.fiemg.com.br\/sesi-cultura\/wp-content\/uploads\/sites\/28\/2024\/01\/Planta-Galeria-Uberaba-Jardim-Muro-de-Vidro-e-Modulos.pdf\"><strong>AQUI<\/strong><\/a> voc\u00ea acessa a planta do espa\u00e7o disponibilizado para as exposi\u00e7\u00f5es.<\/p>\n<p>&nbsp;<\/p>\n","protected":false},"featured_media":3943,"template":"","categories":[],"tags":[],"class_list":["post-4897","noticias","type-noticias","status-publish","has-post-thumbnail","hentry"],"acf":[],"yoast_head":"<!-- This site is optimized with the Yoast SEO plugin v26.2 - https:\/\/yoast.com\/wordpress\/plugins\/seo\/ -->\n<title>Centro Cultural Sesiminas Uberaba lan\u00e7a edital para sele\u00e7\u00e3o de exposi\u00e7\u00f5es tempor\u00e1rias em artes visuais, at\u00e9 25 de fevereiro - SESI Cultura<\/title>\n<meta name=\"description\" content=\"Sele\u00e7\u00e3o de exposi\u00e7\u00f5es tempor\u00e1rias em artes visuais no Centro Cultural SESIMINAS Uberaba.\" \/>\n<meta name=\"robots\" content=\"index, follow, max-snippet:-1, max-image-preview:large, max-video-preview:-1\" \/>\n<link rel=\"canonical\" href=\"https:\/\/www.fiemg.com.br\/sesi-cultura\/noticias\/centro-cultural-sesiminas-lanca-edital-para-selecao-de-exposicoes-temporarias-em-artes-visuais-ate-25-de-fevereiro\/\" \/>\n<meta property=\"og:locale\" content=\"pt_BR\" \/>\n<meta property=\"og:type\" content=\"article\" \/>\n<meta property=\"og:title\" content=\"Centro Cultural Sesiminas Uberaba lan\u00e7a edital para sele\u00e7\u00e3o de exposi\u00e7\u00f5es tempor\u00e1rias em artes visuais, at\u00e9 25 de fevereiro - SESI Cultura\" \/>\n<meta property=\"og:description\" content=\"Sele\u00e7\u00e3o de exposi\u00e7\u00f5es tempor\u00e1rias em artes visuais no Centro Cultural SESIMINAS Uberaba.\" \/>\n<meta property=\"og:url\" content=\"https:\/\/www.fiemg.com.br\/sesi-cultura\/noticias\/centro-cultural-sesiminas-lanca-edital-para-selecao-de-exposicoes-temporarias-em-artes-visuais-ate-25-de-fevereiro\/\" \/>\n<meta property=\"og:site_name\" content=\"SESI Cultura\" \/>\n<meta property=\"article:modified_time\" content=\"2024-02-06T18:33:11+00:00\" \/>\n<meta property=\"og:image\" content=\"https:\/\/www.fiemg.com.br\/sesi-cultura\/wp-content\/uploads\/sites\/28\/2023\/07\/Teatro-Sesiminas-Uberaba-01-Fachada-1-1-1.jpeg\" \/>\n\t<meta property=\"og:image:width\" content=\"1080\" \/>\n\t<meta property=\"og:image:height\" content=\"720\" \/>\n\t<meta property=\"og:image:type\" content=\"image\/jpeg\" \/>\n<meta name=\"twitter:card\" content=\"summary_large_image\" \/>\n<meta name=\"twitter:label1\" content=\"Est. tempo de leitura\" \/>\n\t<meta name=\"twitter:data1\" content=\"2 minutos\" \/>\n<script type=\"application\/ld+json\" class=\"yoast-schema-graph\">{\"@context\":\"https:\/\/schema.org\",\"@graph\":[{\"@type\":\"WebPage\",\"@id\":\"https:\/\/www.fiemg.com.br\/sesi-cultura\/noticias\/centro-cultural-sesiminas-lanca-edital-para-selecao-de-exposicoes-temporarias-em-artes-visuais-ate-25-de-fevereiro\/\",\"url\":\"https:\/\/www.fiemg.com.br\/sesi-cultura\/noticias\/centro-cultural-sesiminas-lanca-edital-para-selecao-de-exposicoes-temporarias-em-artes-visuais-ate-25-de-fevereiro\/\",\"name\":\"Centro Cultural Sesiminas Uberaba lan\u00e7a edital para sele\u00e7\u00e3o de exposi\u00e7\u00f5es tempor\u00e1rias em artes visuais, at\u00e9 25 de fevereiro - SESI Cultura\",\"isPartOf\":{\"@id\":\"https:\/\/www.fiemg.com.br\/sesi-cultura\/#website\"},\"primaryImageOfPage\":{\"@id\":\"https:\/\/www.fiemg.com.br\/sesi-cultura\/noticias\/centro-cultural-sesiminas-lanca-edital-para-selecao-de-exposicoes-temporarias-em-artes-visuais-ate-25-de-fevereiro\/#primaryimage\"},\"image\":{\"@id\":\"https:\/\/www.fiemg.com.br\/sesi-cultura\/noticias\/centro-cultural-sesiminas-lanca-edital-para-selecao-de-exposicoes-temporarias-em-artes-visuais-ate-25-de-fevereiro\/#primaryimage\"},\"thumbnailUrl\":\"https:\/\/www.fiemg.com.br\/sesi-cultura\/wp-content\/uploads\/sites\/28\/2023\/07\/Teatro-Sesiminas-Uberaba-01-Fachada-1-1-1.jpeg\",\"datePublished\":\"2024-02-06T18:30:12+00:00\",\"dateModified\":\"2024-02-06T18:33:11+00:00\",\"description\":\"Sele\u00e7\u00e3o de exposi\u00e7\u00f5es tempor\u00e1rias em artes visuais no Centro Cultural SESIMINAS Uberaba.\",\"breadcrumb\":{\"@id\":\"https:\/\/www.fiemg.com.br\/sesi-cultura\/noticias\/centro-cultural-sesiminas-lanca-edital-para-selecao-de-exposicoes-temporarias-em-artes-visuais-ate-25-de-fevereiro\/#breadcrumb\"},\"inLanguage\":\"pt-BR\",\"potentialAction\":[{\"@type\":\"ReadAction\",\"target\":[\"https:\/\/www.fiemg.com.br\/sesi-cultura\/noticias\/centro-cultural-sesiminas-lanca-edital-para-selecao-de-exposicoes-temporarias-em-artes-visuais-ate-25-de-fevereiro\/\"]}]},{\"@type\":\"ImageObject\",\"inLanguage\":\"pt-BR\",\"@id\":\"https:\/\/www.fiemg.com.br\/sesi-cultura\/noticias\/centro-cultural-sesiminas-lanca-edital-para-selecao-de-exposicoes-temporarias-em-artes-visuais-ate-25-de-fevereiro\/#primaryimage\",\"url\":\"https:\/\/www.fiemg.com.br\/sesi-cultura\/wp-content\/uploads\/sites\/28\/2023\/07\/Teatro-Sesiminas-Uberaba-01-Fachada-1-1-1.jpeg\",\"contentUrl\":\"https:\/\/www.fiemg.com.br\/sesi-cultura\/wp-content\/uploads\/sites\/28\/2023\/07\/Teatro-Sesiminas-Uberaba-01-Fachada-1-1-1.jpeg\",\"width\":1080,\"height\":720},{\"@type\":\"BreadcrumbList\",\"@id\":\"https:\/\/www.fiemg.com.br\/sesi-cultura\/noticias\/centro-cultural-sesiminas-lanca-edital-para-selecao-de-exposicoes-temporarias-em-artes-visuais-ate-25-de-fevereiro\/#breadcrumb\",\"itemListElement\":[{\"@type\":\"ListItem\",\"position\":1,\"name\":\"In\u00edcio\",\"item\":\"https:\/\/www.fiemg.com.br\/sesi-cultura\/\"},{\"@type\":\"ListItem\",\"position\":2,\"name\":\"Centro Cultural Sesiminas Uberaba lan\u00e7a edital para sele\u00e7\u00e3o de exposi\u00e7\u00f5es tempor\u00e1rias em artes visuais, at\u00e9 25 de fevereiro\"}]},{\"@type\":\"WebSite\",\"@id\":\"https:\/\/www.fiemg.com.br\/sesi-cultura\/#website\",\"url\":\"https:\/\/www.fiemg.com.br\/sesi-cultura\/\",\"name\":\"SESI Cultura\",\"description\":\"Federa\u00e7\u00e3o das Ind\u00fastrias do Estado de Minas Gerais\",\"publisher\":{\"@id\":\"https:\/\/www.fiemg.com.br\/sesi-cultura\/#organization\"},\"potentialAction\":[{\"@type\":\"SearchAction\",\"target\":{\"@type\":\"EntryPoint\",\"urlTemplate\":\"https:\/\/www.fiemg.com.br\/sesi-cultura\/?s={search_term_string}\"},\"query-input\":{\"@type\":\"PropertyValueSpecification\",\"valueRequired\":true,\"valueName\":\"search_term_string\"}}],\"inLanguage\":\"pt-BR\"},{\"@type\":\"Organization\",\"@id\":\"https:\/\/www.fiemg.com.br\/sesi-cultura\/#organization\",\"name\":\"SESI Cultura\",\"url\":\"https:\/\/www.fiemg.com.br\/sesi-cultura\/\",\"logo\":{\"@type\":\"ImageObject\",\"inLanguage\":\"pt-BR\",\"@id\":\"https:\/\/www.fiemg.com.br\/sesi-cultura\/#\/schema\/logo\/image\/\",\"url\":\"https:\/\/www.fiemg.com.br\/sesi-cultura\/wp-content\/uploads\/sites\/28\/2023\/02\/LO000325_SESI_CULTURA_NOVA_LOGO_BRANCO_site_1.png\",\"contentUrl\":\"https:\/\/www.fiemg.com.br\/sesi-cultura\/wp-content\/uploads\/sites\/28\/2023\/02\/LO000325_SESI_CULTURA_NOVA_LOGO_BRANCO_site_1.png\",\"width\":394,\"height\":168,\"caption\":\"SESI Cultura\"},\"image\":{\"@id\":\"https:\/\/www.fiemg.com.br\/sesi-cultura\/#\/schema\/logo\/image\/\"}}]}<\/script>\n<!-- \/ Yoast SEO plugin. -->","yoast_head_json":{"title":"Centro Cultural Sesiminas Uberaba lan\u00e7a edital para sele\u00e7\u00e3o de exposi\u00e7\u00f5es tempor\u00e1rias em artes visuais, at\u00e9 25 de fevereiro - SESI Cultura","description":"Sele\u00e7\u00e3o de exposi\u00e7\u00f5es tempor\u00e1rias em artes visuais no Centro Cultural SESIMINAS Uberaba.","robots":{"index":"index","follow":"follow","max-snippet":"max-snippet:-1","max-image-preview":"max-image-preview:large","max-video-preview":"max-video-preview:-1"},"canonical":"https:\/\/www.fiemg.com.br\/sesi-cultura\/noticias\/centro-cultural-sesiminas-lanca-edital-para-selecao-de-exposicoes-temporarias-em-artes-visuais-ate-25-de-fevereiro\/","og_locale":"pt_BR","og_type":"article","og_title":"Centro Cultural Sesiminas Uberaba lan\u00e7a edital para sele\u00e7\u00e3o de exposi\u00e7\u00f5es tempor\u00e1rias em artes visuais, at\u00e9 25 de fevereiro - SESI Cultura","og_description":"Sele\u00e7\u00e3o de exposi\u00e7\u00f5es tempor\u00e1rias em artes visuais no Centro Cultural SESIMINAS Uberaba.","og_url":"https:\/\/www.fiemg.com.br\/sesi-cultura\/noticias\/centro-cultural-sesiminas-lanca-edital-para-selecao-de-exposicoes-temporarias-em-artes-visuais-ate-25-de-fevereiro\/","og_site_name":"SESI Cultura","article_modified_time":"2024-02-06T18:33:11+00:00","og_image":[{"width":1080,"height":720,"url":"https:\/\/www.fiemg.com.br\/sesi-cultura\/wp-content\/uploads\/sites\/28\/2023\/07\/Teatro-Sesiminas-Uberaba-01-Fachada-1-1-1.jpeg","type":"image\/jpeg"}],"twitter_card":"summary_large_image","twitter_misc":{"Est. tempo de leitura":"2 minutos"},"schema":{"@context":"https:\/\/schema.org","@graph":[{"@type":"WebPage","@id":"https:\/\/www.fiemg.com.br\/sesi-cultura\/noticias\/centro-cultural-sesiminas-lanca-edital-para-selecao-de-exposicoes-temporarias-em-artes-visuais-ate-25-de-fevereiro\/","url":"https:\/\/www.fiemg.com.br\/sesi-cultura\/noticias\/centro-cultural-sesiminas-lanca-edital-para-selecao-de-exposicoes-temporarias-em-artes-visuais-ate-25-de-fevereiro\/","name":"Centro Cultural Sesiminas Uberaba lan\u00e7a edital para sele\u00e7\u00e3o de exposi\u00e7\u00f5es tempor\u00e1rias em artes visuais, at\u00e9 25 de fevereiro - SESI Cultura","isPartOf":{"@id":"https:\/\/www.fiemg.com.br\/sesi-cultura\/#website"},"primaryImageOfPage":{"@id":"https:\/\/www.fiemg.com.br\/sesi-cultura\/noticias\/centro-cultural-sesiminas-lanca-edital-para-selecao-de-exposicoes-temporarias-em-artes-visuais-ate-25-de-fevereiro\/#primaryimage"},"image":{"@id":"https:\/\/www.fiemg.com.br\/sesi-cultura\/noticias\/centro-cultural-sesiminas-lanca-edital-para-selecao-de-exposicoes-temporarias-em-artes-visuais-ate-25-de-fevereiro\/#primaryimage"},"thumbnailUrl":"https:\/\/www.fiemg.com.br\/sesi-cultura\/wp-content\/uploads\/sites\/28\/2023\/07\/Teatro-Sesiminas-Uberaba-01-Fachada-1-1-1.jpeg","datePublished":"2024-02-06T18:30:12+00:00","dateModified":"2024-02-06T18:33:11+00:00","description":"Sele\u00e7\u00e3o de exposi\u00e7\u00f5es tempor\u00e1rias em artes visuais no Centro Cultural SESIMINAS Uberaba.","breadcrumb":{"@id":"https:\/\/www.fiemg.com.br\/sesi-cultura\/noticias\/centro-cultural-sesiminas-lanca-edital-para-selecao-de-exposicoes-temporarias-em-artes-visuais-ate-25-de-fevereiro\/#breadcrumb"},"inLanguage":"pt-BR","potentialAction":[{"@type":"ReadAction","target":["https:\/\/www.fiemg.com.br\/sesi-cultura\/noticias\/centro-cultural-sesiminas-lanca-edital-para-selecao-de-exposicoes-temporarias-em-artes-visuais-ate-25-de-fevereiro\/"]}]},{"@type":"ImageObject","inLanguage":"pt-BR","@id":"https:\/\/www.fiemg.com.br\/sesi-cultura\/noticias\/centro-cultural-sesiminas-lanca-edital-para-selecao-de-exposicoes-temporarias-em-artes-visuais-ate-25-de-fevereiro\/#primaryimage","url":"https:\/\/www.fiemg.com.br\/sesi-cultura\/wp-content\/uploads\/sites\/28\/2023\/07\/Teatro-Sesiminas-Uberaba-01-Fachada-1-1-1.jpeg","contentUrl":"https:\/\/www.fiemg.com.br\/sesi-cultura\/wp-content\/uploads\/sites\/28\/2023\/07\/Teatro-Sesiminas-Uberaba-01-Fachada-1-1-1.jpeg","width":1080,"height":720},{"@type":"BreadcrumbList","@id":"https:\/\/www.fiemg.com.br\/sesi-cultura\/noticias\/centro-cultural-sesiminas-lanca-edital-para-selecao-de-exposicoes-temporarias-em-artes-visuais-ate-25-de-fevereiro\/#breadcrumb","itemListElement":[{"@type":"ListItem","position":1,"name":"In\u00edcio","item":"https:\/\/www.fiemg.com.br\/sesi-cultura\/"},{"@type":"ListItem","position":2,"name":"Centro Cultural Sesiminas Uberaba lan\u00e7a edital para sele\u00e7\u00e3o de exposi\u00e7\u00f5es tempor\u00e1rias em artes visuais, at\u00e9 25 de fevereiro"}]},{"@type":"WebSite","@id":"https:\/\/www.fiemg.com.br\/sesi-cultura\/#website","url":"https:\/\/www.fiemg.com.br\/sesi-cultura\/","name":"SESI Cultura","description":"Federa\u00e7\u00e3o das Ind\u00fastrias do Estado de Minas Gerais","publisher":{"@id":"https:\/\/www.fiemg.com.br\/sesi-cultura\/#organization"},"potentialAction":[{"@type":"SearchAction","target":{"@type":"EntryPoint","urlTemplate":"https:\/\/www.fiemg.com.br\/sesi-cultura\/?s={search_term_string}"},"query-input":{"@type":"PropertyValueSpecification","valueRequired":true,"valueName":"search_term_string"}}],"inLanguage":"pt-BR"},{"@type":"Organization","@id":"https:\/\/www.fiemg.com.br\/sesi-cultura\/#organization","name":"SESI Cultura","url":"https:\/\/www.fiemg.com.br\/sesi-cultura\/","logo":{"@type":"ImageObject","inLanguage":"pt-BR","@id":"https:\/\/www.fiemg.com.br\/sesi-cultura\/#\/schema\/logo\/image\/","url":"https:\/\/www.fiemg.com.br\/sesi-cultura\/wp-content\/uploads\/sites\/28\/2023\/02\/LO000325_SESI_CULTURA_NOVA_LOGO_BRANCO_site_1.png","contentUrl":"https:\/\/www.fiemg.com.br\/sesi-cultura\/wp-content\/uploads\/sites\/28\/2023\/02\/LO000325_SESI_CULTURA_NOVA_LOGO_BRANCO_site_1.png","width":394,"height":168,"caption":"SESI Cultura"},"image":{"@id":"https:\/\/www.fiemg.com.br\/sesi-cultura\/#\/schema\/logo\/image\/"}}]}},"_links":{"self":[{"href":"https:\/\/www.fiemg.com.br\/sesi-cultura\/wp-json\/wp\/v2\/noticias\/4897","targetHints":{"allow":["GET"]}}],"collection":[{"href":"https:\/\/www.fiemg.com.br\/sesi-cultura\/wp-json\/wp\/v2\/noticias"}],"about":[{"href":"https:\/\/www.fiemg.com.br\/sesi-cultura\/wp-json\/wp\/v2\/types\/noticias"}],"wp:featuredmedia":[{"embeddable":true,"href":"https:\/\/www.fiemg.com.br\/sesi-cultura\/wp-json\/wp\/v2\/media\/3943"}],"wp:attachment":[{"href":"https:\/\/www.fiemg.com.br\/sesi-cultura\/wp-json\/wp\/v2\/media?parent=4897"}],"wp:term":[{"taxonomy":"category","embeddable":true,"href":"https:\/\/www.fiemg.com.br\/sesi-cultura\/wp-json\/wp\/v2\/categories?post=4897"},{"taxonomy":"post_tag","embeddable":true,"href":"https:\/\/www.fiemg.com.br\/sesi-cultura\/wp-json\/wp\/v2\/tags?post=4897"}],"curies":[{"name":"wp","href":"https:\/\/api.w.org\/{rel}","templated":true}]}}