{"id":5305,"date":"2024-07-15T10:51:27","date_gmt":"2024-07-15T13:51:27","guid":{"rendered":"https:\/\/www.fiemg.com.br\/sesi-cultura\/?post_type=noticias&#038;p=5305"},"modified":"2024-08-23T10:58:56","modified_gmt":"2024-08-23T13:58:56","slug":"festival-sesi-em-cena-traz-programacao-cultural-diversificada-e-precos-populares-para-belo-horizonte","status":"publish","type":"noticias","link":"https:\/\/www.fiemg.com.br\/sesi-cultura\/noticias\/festival-sesi-em-cena-traz-programacao-cultural-diversificada-e-precos-populares-para-belo-horizonte\/","title":{"rendered":"Festival SESI em Cena traz programa\u00e7\u00e3o cultural diversificada e pre\u00e7os populares para Belo Horizonte"},"content":{"rendered":"<p>O Centro Cultural SESIMINAS Belo Horizonte ser\u00e1 o palco de um encontro especial entre trabalhadores da ind\u00fastria e a arte. De julho a outubro de 2024, o projeto &#8220;SESI em Cena&#8221; promete transformar a capital mineira em um vibrante cen\u00e1rio cultural, oferecendo uma programa\u00e7\u00e3o rica e diversificada que inclui espet\u00e1culos, performances e oficinas gratuitas.<\/p>\n<p>Com o objetivo de oportunizar o acesso a bens culturais aos trabalhadores da ind\u00fastria, o festival busca tamb\u00e9m fortalecer a cena cultural local, valorizando os artistas de Belo Horizonte. A programa\u00e7\u00e3o foi cuidadosamente elaborada para atender a todos os p\u00fablicos, com ingressos promocionais a R$20 e R$30 para empregados da ind\u00fastria, incluindo espet\u00e1culos para crian\u00e7as e adultos. Para a popula\u00e7\u00e3o geral, os ingressos custam entre R$20 e R$200, incluindo espet\u00e1culos gratuitos para crian\u00e7as.<\/p>\n<p>\u201cO Festival SESI em Cena tem o objetivo de ampliar o acesso \u00e0 cultura aos trabalhadores da ind\u00fastria e ao p\u00fablico em geral. A programa\u00e7\u00e3o ser\u00e1 diversificada, abrangendo espet\u00e1culos infantis, teatro de bonecos, performances e oficinas. Ser\u00e3o seis espet\u00e1culos, de julho a outubro, oficinas de forma\u00e7\u00e3o e interven\u00e7\u00f5es art\u00edsticas. O Centro Cultural SESIMINAS se tornar\u00e1 o palco do encontro entre o p\u00fablico e o teatro, da ind\u00fastria com a arte\u201d, afirma Daniel Gama, produtor cultural do Teatro SESIMINAS, pontuando que <u>alguns espet\u00e1culos ter\u00e3o sess\u00f5es com interpreta\u00e7\u00e3o em libras<\/u>.<\/p>\n<p><strong>Espet\u00e1culos Imperd\u00edveis &#8211; <\/strong>A programa\u00e7\u00e3o de espet\u00e1culos do SESI em Cena \u00e9 um dos grandes destaques do projeto. Ela abrange desde apresenta\u00e7\u00f5es de companhias teatrais locais at\u00e9 grandes nomes do cen\u00e1rio nacional, como Tony Ramos e Denise Fraga. Ser\u00e3o seis espet\u00e1culos ao longo dos meses de julho a outubro, oferecendo uma variedade de experi\u00eancias teatrais para todos os gostos.<\/p>\n<p><strong>Oficinas Gratuitas &#8211; <\/strong>Al\u00e9m dos espet\u00e1culos, o festival tamb\u00e9m oferece uma s\u00e9rie de oficinas gratuitas mediante inscri\u00e7\u00e3o. As op\u00e7\u00f5es s\u00e3o variadas e incluem a &#8220;Oficina de Interc\u00e2mbio entre Grupos Teatrais Contempor\u00e2neos de BH&#8221;, &#8220;Oficina de capoeira&#8221;, &#8220;Oficina Solo em Foco&#8221; e &#8220;Falar em Voz Alta&#8221;. Essas oficinas proporcionam uma oportunidade \u00fanica para que os participantes desenvolvam novas habilidades e se envolvam ativamente com a cultura.<\/p>\n<p><strong>Performances &#8211; <\/strong>As performances &#8220;Palavra: escuta&#8221; e &#8220;M\u00e3e \u00e9 M\u00e3e&#8221; tamb\u00e9m fazem parte da programa\u00e7\u00e3o e s\u00e3o de participa\u00e7\u00e3o gratuita, sem necessidade de retirada de ingressos. Essas interven\u00e7\u00f5es art\u00edsticas visam proporcionar momentos de reflex\u00e3o e conex\u00e3o com o p\u00fablico, enriquecendo ainda mais a experi\u00eancia cultural oferecida pelo SESI em Cena.<\/p>\n<p><strong>Programa\u00e7\u00e3o de espet\u00e1culos:<\/strong><\/p>\n<p><strong>Tat\u00e1 &#8211; o travesseiro<br \/>\nData: <\/strong>03\/08<strong><br \/>\nHor\u00e1rio: <\/strong>16h<br \/>\n<strong>Dura\u00e7\u00e3o:<\/strong>\u00a055 minutos<br \/>\n<strong>Classifica\u00e7\u00e3o:<\/strong>\u00a0livre<br \/>\nIngressos gratuitos, retirada via Sympla e 1h antes do evento na Bilheteria, sujeito \u00e0 lota\u00e7\u00e3o<br \/>\n<a href=\"https:\/\/bileto.sympla.com.br\/event\/96073\/d\/267024\/s\/1825903?_gl=1*1k2kyms*_gcl_au*MTI2Njc4MTk1My4xNzIwMDQwODU3*_ga*MTE4MjgyNTU1MS4xNjU3ODIzMTU2*_ga_KXH10SQTZF*MTcyMTA1MDc5NS41MDUuMS4xNzIxMDUwNzk2LjU5LjAuMTQ0NTYxNTM1Mg..\">Ingressos nesse link<\/a><br \/>\n<em>*Essa sess\u00e3o contar\u00e1 com interpreta\u00e7\u00e3o em LIBRAS.<\/em><\/p>\n<p><strong>Azul<br \/>\nData: <\/strong>04\/08<strong><br \/>\nHor\u00e1rio: <\/strong>11h<br \/>\n<strong>Dura\u00e7\u00e3o: <\/strong>70 minutos<br \/>\n<strong>Classifica\u00e7\u00e3o:<\/strong>\u00a0livre<br \/>\nIngressos gratuitos, retirada via Sympla e 1h antes do evento na Bilheteria, sujeito \u00e0 lota\u00e7\u00e3o<br \/>\n<a href=\"https:\/\/bileto.sympla.com.br\/event\/96075\/d\/267026\/s\/1825905?_gl=1*1b9hqry*_gcl_au*MTI2Njc4MTk1My4xNzIwMDQwODU3*_ga*MTE4MjgyNTU1MS4xNjU3ODIzMTU2*_ga_KXH10SQTZF*MTcyMTA1MDc5NS41MDUuMS4xNzIxMDUwODgyLjYwLjAuMTQ0NTYxNTM1Mg..\">Ingressos nesse link\u00a0<\/a><br \/>\n<em>*Essa sess\u00e3o contar\u00e1 com interpreta\u00e7\u00e3o em LIBRAS.<\/em><\/p>\n<p><strong>Brinco de Ouro<br \/>\nData: <\/strong>24\/08 \u00e0s 20h<br \/>\n<strong>Dura\u00e7\u00e3o: <\/strong>60 minutos<br \/>\n<strong>Classifica\u00e7\u00e3o: <\/strong>14 anos<br \/>\n<strong>Ingressos gratuitos<br \/>\n<\/strong><u><a href=\"https:\/\/bileto.sympla.com.br\/event\/96054\/d\/266856\">Ingressos neste link.<\/a><br \/>\n<\/u><em>*A apresenta\u00e7\u00e3o contar\u00e1 com interpreta\u00e7\u00e3o em LIBRAS.<\/em><\/p>\n<p><strong>A Luta<br \/>\nData: <\/strong>25\/08<strong><br \/>\nHor\u00e1rio: <\/strong>19h<br \/>\n<strong>Dura\u00e7\u00e3o: <\/strong>90 minutos<br \/>\n<strong>Classifica\u00e7\u00e3o: <\/strong>14 anos<br \/>\n<span class=\"style-scope event-page\" data-contrast=\"none\"><strong>Ingressos<\/strong>: R$ 80,00 (inteira), R$ 40,00 (meia) e R$ 30,00 (promocional industri\u00e1rio)<\/span><span class=\"style-scope event-page\" data-ccp-props=\"{&quot;134233117&quot;:false,&quot;134233118&quot;:false,&quot;201341983&quot;:0,&quot;335559738&quot;:0,&quot;335559739&quot;:0,&quot;335559740&quot;:279}\"><br \/>\n<\/span><a href=\"https:\/\/bileto.sympla.com.br\/event\/96284\/d\/267953\">Ingressos nesse link<\/a><br \/>\n<em>*Essa sess\u00e3o contar\u00e1 com interpreta\u00e7\u00e3o em LIBRAS.<\/em><\/p>\n<p><strong>O Que S\u00f3 Sabemos Juntos<br \/>\nData: <\/strong>19, 20<strong> , <\/strong>21 e 22\/09<br \/>\n<strong>Hor\u00e1rio: <\/strong>quinta, sexta e s\u00e1bado \u00e0s 20h, e domingo \u00e0s 19h<br \/>\n<strong>Dura\u00e7\u00e3o: <\/strong>90 minutos<br \/>\n<strong>Classifica\u00e7\u00e3o:<\/strong>\u00a012 anos<br \/>\n<a href=\"https:\/\/bileto.sympla.com.br\/event\/96445\/d\/268641\/s\/1836743\">Ingressos nesse link<\/a><\/p>\n<p><strong>Burburinho &#8211; a primeira festa<br \/>\nData: <\/strong>26, 27, 28 e 29\/09<strong><br \/>\nHor\u00e1rio: <\/strong>quinta, sexta e s\u00e1bado \u00e0s 20h, e domingo \u00e0s 19h<br \/>\n<strong>Dura\u00e7\u00e3o: <\/strong>70 minutos<br \/>\n<strong>Classifica\u00e7\u00e3o: <\/strong>12 anos<br \/>\n<a href=\"https:\/\/bileto.sympla.com.br\/event\/96440\/d\/268630\/s\/1836715\">Ingressos nesse link<\/a><\/p>\n<p><strong>LUTA, com TEUDA BARA<br \/>\n<\/strong><strong>Data: <\/strong>19\/10<br \/>\n<strong>Hor\u00e1rio: <\/strong>s\u00e1bado \u00e0s 20h<br \/>\n<strong>Dura\u00e7\u00e3o: <\/strong>60 minutos<br \/>\n<strong>Classifica\u00e7\u00e3o: <\/strong>12 anos<br \/>\n<strong>Ingressos<\/strong>: R$ 80,00 (inteira), R$ 40,00 (meia) e R$ 30,00 (promocional industri\u00e1rio)<br \/>\n<a href=\"https:\/\/bileto.sympla.com.br\/event\/96682\/d\/269552?_gl=1*1i77do9*_gcl_au*MTE2MDk2NDc0Mi4xNzIyODY0MjAw*_ga*MTUyMjM2NTkwMy4xNzIyODY0MjAw*_ga_KXH10SQTZF*MTcyMjk3NTQwMy43LjEuMTcyMjk3Njk5OS41OS4wLjE4ODAzNzYwOTY.\">Ingressos nesse link<\/a><br \/>\n<em>*Essa sess\u00e3o contar\u00e1 com interpreta\u00e7\u00e3o em LIBRAS.<\/em><\/p>\n<p class=\"style-scope event-page\"><span class=\"style-scope event-page\"><strong class=\"style-scope event-page\">OFICINAS DE FORMA\u00c7\u00c3O<\/strong><br \/>\n<a href=\"https:\/\/docs.google.com\/forms\/d\/e\/1FAIpQLScA75r6J9kN1jPbFDCi9aDm1ypPkMuVSti7y7WTX_LOzeh2Qw\/viewform?usp=sharing\">Inscri\u00e7\u00f5es gratuitas aqui<\/a><\/span><\/p>\n<p class=\"style-scope event-page\"><span class=\"style-scope event-page\"><strong>Oficina de Capoeira<\/strong> com Lidiane Pinheiro | L\u00e1 da Favelinha\u2013 27 e 28 de Julho | Sala de Dan\u00e7a\u00a0<\/span><\/p>\n<p class=\"style-scope event-page\"><span class=\"style-scope event-page\"><strong>Interc\u00e2mbio entre Grupos Teatrais Contempor\u00e2neos<\/strong> com quasecia\u2013 24 e 25 de Agosto | Sala de Dan\u00e7a\u00a0<\/span><\/p>\n<p class=\"style-scope event-page\"><span class=\"style-scope event-page\"><strong>Solo em Foco: performance, cria\u00e7\u00e3o de solos e gest\u00e3o de carreira<\/strong> com Ludmila Ramalho \u2013 28 e 29 de Setembro | Sala de Dan\u00e7a\u00a0<\/span><\/p>\n<p class=\"style-scope event-page\"><span class=\"style-scope event-page\"><strong>Falar em Voz Alta<\/strong> com Babi Amaral \u2013 19 e 20 de Outubro | Sala de 1002\u00a0<\/span><\/p>\n<p class=\"style-scope event-page\"><span class=\"style-scope event-page\" data-ccp-props=\"{&quot;134233117&quot;:false,&quot;134233118&quot;:false,&quot;201341983&quot;:0,&quot;335551550&quot;:6,&quot;335551620&quot;:6,&quot;335559685&quot;:0,&quot;335559737&quot;:0,&quot;335559738&quot;:0,&quot;335559739&quot;:200,&quot;335559740&quot;:276}\">\u00a0<\/span><\/p>\n<p class=\"style-scope event-page\"><span class=\"style-scope event-page\"><strong class=\"style-scope event-page\">PERFORMANCES\u00a0<\/strong><strong class=\"style-scope event-page\"><em class=\"style-scope event-page\">&#8211;\u00a0<\/em><\/strong><em class=\"style-scope event-page\">programa\u00e7\u00e3o gratuita<br \/>\nEntrada gratuita, sem retirada de ingressos<\/em><\/span><\/p>\n<p class=\"style-scope event-page\"><span class=\"style-scope event-page\"><strong>Palavra: escuta<\/strong> com Raquel Pedras \u2013 19 de Setembro | Entrada Padre Marinho\u00a0<\/span><\/p>\n<p class=\"style-scope event-page\"><span class=\"style-scope event-page\"><strong>M\u00e3e \u00e9 M\u00e3e<\/strong> com Ludmila Ramalho \u2013 21 de Setembro | Entrada Padre Marinho\u00a0<\/span><\/p>\n<p><strong>SERVI\u00c7O:<br \/>\nSESI em cena<br \/>\nPer\u00edodo: <\/strong>de 27 de julho a 20 de outubro<br \/>\n<strong>Local:<\/strong>\u00a0Centro Cultural SESIMINAS Belo Horizonte &#8211; \u00a0Padre Marinho, 60\u00a0&#8211; Santa Efig\u00eania, Belo Horizonte<\/p>\n","protected":false},"featured_media":5306,"template":"","categories":[347,350],"tags":[],"class_list":["post-5305","noticias","type-noticias","status-publish","has-post-thumbnail","hentry","category-centro-cultural-sesiminas-bh","category-teatro-sesiminas-bh"],"acf":[],"yoast_head":"<!-- This site is optimized with the Yoast SEO plugin v26.2 - https:\/\/yoast.com\/wordpress\/plugins\/seo\/ -->\n<title>Festival SESI em Cena traz programa\u00e7\u00e3o cultural diversificada e pre\u00e7os populares para Belo Horizonte - SESI Cultura<\/title>\n<meta name=\"robots\" content=\"index, follow, max-snippet:-1, max-image-preview:large, max-video-preview:-1\" \/>\n<link rel=\"canonical\" href=\"https:\/\/www.fiemg.com.br\/sesi-cultura\/noticias\/festival-sesi-em-cena-traz-programacao-cultural-diversificada-e-precos-populares-para-belo-horizonte\/\" \/>\n<meta property=\"og:locale\" content=\"pt_BR\" \/>\n<meta property=\"og:type\" content=\"article\" \/>\n<meta property=\"og:title\" content=\"Festival SESI em Cena traz programa\u00e7\u00e3o cultural diversificada e pre\u00e7os populares para Belo Horizonte - SESI Cultura\" \/>\n<meta property=\"og:description\" content=\"O Centro Cultural SESIMINAS Belo Horizonte ser\u00e1 o palco de um encontro especial entre trabalhadores da ind\u00fastria e a arte. De julho a outubro de 2024, o projeto &#8220;SESI em Cena&#8221; promete transformar a capital mineira em um vibrante cen\u00e1rio cultural, oferecendo uma programa\u00e7\u00e3o rica e diversificada que inclui espet\u00e1culos, performances e oficinas gratuitas. Com [&hellip;]\" \/>\n<meta property=\"og:url\" content=\"https:\/\/www.fiemg.com.br\/sesi-cultura\/noticias\/festival-sesi-em-cena-traz-programacao-cultural-diversificada-e-precos-populares-para-belo-horizonte\/\" \/>\n<meta property=\"og:site_name\" content=\"SESI Cultura\" \/>\n<meta property=\"article:modified_time\" content=\"2024-08-23T13:58:56+00:00\" \/>\n<meta property=\"og:image\" content=\"https:\/\/www.fiemg.com.br\/sesi-cultura\/wp-content\/uploads\/sites\/28\/2024\/07\/0205.02_SESI-em-Cena_Geral-Banners_B.-Noticia.png\" \/>\n\t<meta property=\"og:image:width\" content=\"1667\" \/>\n\t<meta property=\"og:image:height\" content=\"730\" \/>\n\t<meta property=\"og:image:type\" content=\"image\/png\" \/>\n<meta name=\"twitter:card\" content=\"summary_large_image\" \/>\n<meta name=\"twitter:label1\" content=\"Est. tempo de leitura\" \/>\n\t<meta name=\"twitter:data1\" content=\"5 minutos\" \/>\n<script type=\"application\/ld+json\" class=\"yoast-schema-graph\">{\"@context\":\"https:\/\/schema.org\",\"@graph\":[{\"@type\":\"WebPage\",\"@id\":\"https:\/\/www.fiemg.com.br\/sesi-cultura\/noticias\/festival-sesi-em-cena-traz-programacao-cultural-diversificada-e-precos-populares-para-belo-horizonte\/\",\"url\":\"https:\/\/www.fiemg.com.br\/sesi-cultura\/noticias\/festival-sesi-em-cena-traz-programacao-cultural-diversificada-e-precos-populares-para-belo-horizonte\/\",\"name\":\"Festival SESI em Cena traz programa\u00e7\u00e3o cultural diversificada e pre\u00e7os populares para Belo Horizonte - SESI Cultura\",\"isPartOf\":{\"@id\":\"https:\/\/www.fiemg.com.br\/sesi-cultura\/#website\"},\"primaryImageOfPage\":{\"@id\":\"https:\/\/www.fiemg.com.br\/sesi-cultura\/noticias\/festival-sesi-em-cena-traz-programacao-cultural-diversificada-e-precos-populares-para-belo-horizonte\/#primaryimage\"},\"image\":{\"@id\":\"https:\/\/www.fiemg.com.br\/sesi-cultura\/noticias\/festival-sesi-em-cena-traz-programacao-cultural-diversificada-e-precos-populares-para-belo-horizonte\/#primaryimage\"},\"thumbnailUrl\":\"https:\/\/www.fiemg.com.br\/sesi-cultura\/wp-content\/uploads\/sites\/28\/2024\/07\/0205.02_SESI-em-Cena_Geral-Banners_B.-Noticia.png\",\"datePublished\":\"2024-07-15T13:51:27+00:00\",\"dateModified\":\"2024-08-23T13:58:56+00:00\",\"breadcrumb\":{\"@id\":\"https:\/\/www.fiemg.com.br\/sesi-cultura\/noticias\/festival-sesi-em-cena-traz-programacao-cultural-diversificada-e-precos-populares-para-belo-horizonte\/#breadcrumb\"},\"inLanguage\":\"pt-BR\",\"potentialAction\":[{\"@type\":\"ReadAction\",\"target\":[\"https:\/\/www.fiemg.com.br\/sesi-cultura\/noticias\/festival-sesi-em-cena-traz-programacao-cultural-diversificada-e-precos-populares-para-belo-horizonte\/\"]}]},{\"@type\":\"ImageObject\",\"inLanguage\":\"pt-BR\",\"@id\":\"https:\/\/www.fiemg.com.br\/sesi-cultura\/noticias\/festival-sesi-em-cena-traz-programacao-cultural-diversificada-e-precos-populares-para-belo-horizonte\/#primaryimage\",\"url\":\"https:\/\/www.fiemg.com.br\/sesi-cultura\/wp-content\/uploads\/sites\/28\/2024\/07\/0205.02_SESI-em-Cena_Geral-Banners_B.-Noticia.png\",\"contentUrl\":\"https:\/\/www.fiemg.com.br\/sesi-cultura\/wp-content\/uploads\/sites\/28\/2024\/07\/0205.02_SESI-em-Cena_Geral-Banners_B.-Noticia.png\",\"width\":1667,\"height\":730},{\"@type\":\"BreadcrumbList\",\"@id\":\"https:\/\/www.fiemg.com.br\/sesi-cultura\/noticias\/festival-sesi-em-cena-traz-programacao-cultural-diversificada-e-precos-populares-para-belo-horizonte\/#breadcrumb\",\"itemListElement\":[{\"@type\":\"ListItem\",\"position\":1,\"name\":\"In\u00edcio\",\"item\":\"https:\/\/www.fiemg.com.br\/sesi-cultura\/\"},{\"@type\":\"ListItem\",\"position\":2,\"name\":\"Festival SESI em Cena traz programa\u00e7\u00e3o cultural diversificada e pre\u00e7os populares para Belo Horizonte\"}]},{\"@type\":\"WebSite\",\"@id\":\"https:\/\/www.fiemg.com.br\/sesi-cultura\/#website\",\"url\":\"https:\/\/www.fiemg.com.br\/sesi-cultura\/\",\"name\":\"SESI Cultura\",\"description\":\"Federa\u00e7\u00e3o das Ind\u00fastrias do Estado de Minas Gerais\",\"publisher\":{\"@id\":\"https:\/\/www.fiemg.com.br\/sesi-cultura\/#organization\"},\"potentialAction\":[{\"@type\":\"SearchAction\",\"target\":{\"@type\":\"EntryPoint\",\"urlTemplate\":\"https:\/\/www.fiemg.com.br\/sesi-cultura\/?s={search_term_string}\"},\"query-input\":{\"@type\":\"PropertyValueSpecification\",\"valueRequired\":true,\"valueName\":\"search_term_string\"}}],\"inLanguage\":\"pt-BR\"},{\"@type\":\"Organization\",\"@id\":\"https:\/\/www.fiemg.com.br\/sesi-cultura\/#organization\",\"name\":\"SESI Cultura\",\"url\":\"https:\/\/www.fiemg.com.br\/sesi-cultura\/\",\"logo\":{\"@type\":\"ImageObject\",\"inLanguage\":\"pt-BR\",\"@id\":\"https:\/\/www.fiemg.com.br\/sesi-cultura\/#\/schema\/logo\/image\/\",\"url\":\"https:\/\/www.fiemg.com.br\/sesi-cultura\/wp-content\/uploads\/sites\/28\/2023\/02\/LO000325_SESI_CULTURA_NOVA_LOGO_BRANCO_site_1.png\",\"contentUrl\":\"https:\/\/www.fiemg.com.br\/sesi-cultura\/wp-content\/uploads\/sites\/28\/2023\/02\/LO000325_SESI_CULTURA_NOVA_LOGO_BRANCO_site_1.png\",\"width\":394,\"height\":168,\"caption\":\"SESI Cultura\"},\"image\":{\"@id\":\"https:\/\/www.fiemg.com.br\/sesi-cultura\/#\/schema\/logo\/image\/\"}}]}<\/script>\n<!-- \/ Yoast SEO plugin. -->","yoast_head_json":{"title":"Festival SESI em Cena traz programa\u00e7\u00e3o cultural diversificada e pre\u00e7os populares para Belo Horizonte - SESI Cultura","robots":{"index":"index","follow":"follow","max-snippet":"max-snippet:-1","max-image-preview":"max-image-preview:large","max-video-preview":"max-video-preview:-1"},"canonical":"https:\/\/www.fiemg.com.br\/sesi-cultura\/noticias\/festival-sesi-em-cena-traz-programacao-cultural-diversificada-e-precos-populares-para-belo-horizonte\/","og_locale":"pt_BR","og_type":"article","og_title":"Festival SESI em Cena traz programa\u00e7\u00e3o cultural diversificada e pre\u00e7os populares para Belo Horizonte - SESI Cultura","og_description":"O Centro Cultural SESIMINAS Belo Horizonte ser\u00e1 o palco de um encontro especial entre trabalhadores da ind\u00fastria e a arte. De julho a outubro de 2024, o projeto &#8220;SESI em Cena&#8221; promete transformar a capital mineira em um vibrante cen\u00e1rio cultural, oferecendo uma programa\u00e7\u00e3o rica e diversificada que inclui espet\u00e1culos, performances e oficinas gratuitas. Com [&hellip;]","og_url":"https:\/\/www.fiemg.com.br\/sesi-cultura\/noticias\/festival-sesi-em-cena-traz-programacao-cultural-diversificada-e-precos-populares-para-belo-horizonte\/","og_site_name":"SESI Cultura","article_modified_time":"2024-08-23T13:58:56+00:00","og_image":[{"width":1667,"height":730,"url":"https:\/\/www.fiemg.com.br\/sesi-cultura\/wp-content\/uploads\/sites\/28\/2024\/07\/0205.02_SESI-em-Cena_Geral-Banners_B.-Noticia.png","type":"image\/png"}],"twitter_card":"summary_large_image","twitter_misc":{"Est. tempo de leitura":"5 minutos"},"schema":{"@context":"https:\/\/schema.org","@graph":[{"@type":"WebPage","@id":"https:\/\/www.fiemg.com.br\/sesi-cultura\/noticias\/festival-sesi-em-cena-traz-programacao-cultural-diversificada-e-precos-populares-para-belo-horizonte\/","url":"https:\/\/www.fiemg.com.br\/sesi-cultura\/noticias\/festival-sesi-em-cena-traz-programacao-cultural-diversificada-e-precos-populares-para-belo-horizonte\/","name":"Festival SESI em Cena traz programa\u00e7\u00e3o cultural diversificada e pre\u00e7os populares para Belo Horizonte - SESI Cultura","isPartOf":{"@id":"https:\/\/www.fiemg.com.br\/sesi-cultura\/#website"},"primaryImageOfPage":{"@id":"https:\/\/www.fiemg.com.br\/sesi-cultura\/noticias\/festival-sesi-em-cena-traz-programacao-cultural-diversificada-e-precos-populares-para-belo-horizonte\/#primaryimage"},"image":{"@id":"https:\/\/www.fiemg.com.br\/sesi-cultura\/noticias\/festival-sesi-em-cena-traz-programacao-cultural-diversificada-e-precos-populares-para-belo-horizonte\/#primaryimage"},"thumbnailUrl":"https:\/\/www.fiemg.com.br\/sesi-cultura\/wp-content\/uploads\/sites\/28\/2024\/07\/0205.02_SESI-em-Cena_Geral-Banners_B.-Noticia.png","datePublished":"2024-07-15T13:51:27+00:00","dateModified":"2024-08-23T13:58:56+00:00","breadcrumb":{"@id":"https:\/\/www.fiemg.com.br\/sesi-cultura\/noticias\/festival-sesi-em-cena-traz-programacao-cultural-diversificada-e-precos-populares-para-belo-horizonte\/#breadcrumb"},"inLanguage":"pt-BR","potentialAction":[{"@type":"ReadAction","target":["https:\/\/www.fiemg.com.br\/sesi-cultura\/noticias\/festival-sesi-em-cena-traz-programacao-cultural-diversificada-e-precos-populares-para-belo-horizonte\/"]}]},{"@type":"ImageObject","inLanguage":"pt-BR","@id":"https:\/\/www.fiemg.com.br\/sesi-cultura\/noticias\/festival-sesi-em-cena-traz-programacao-cultural-diversificada-e-precos-populares-para-belo-horizonte\/#primaryimage","url":"https:\/\/www.fiemg.com.br\/sesi-cultura\/wp-content\/uploads\/sites\/28\/2024\/07\/0205.02_SESI-em-Cena_Geral-Banners_B.-Noticia.png","contentUrl":"https:\/\/www.fiemg.com.br\/sesi-cultura\/wp-content\/uploads\/sites\/28\/2024\/07\/0205.02_SESI-em-Cena_Geral-Banners_B.-Noticia.png","width":1667,"height":730},{"@type":"BreadcrumbList","@id":"https:\/\/www.fiemg.com.br\/sesi-cultura\/noticias\/festival-sesi-em-cena-traz-programacao-cultural-diversificada-e-precos-populares-para-belo-horizonte\/#breadcrumb","itemListElement":[{"@type":"ListItem","position":1,"name":"In\u00edcio","item":"https:\/\/www.fiemg.com.br\/sesi-cultura\/"},{"@type":"ListItem","position":2,"name":"Festival SESI em Cena traz programa\u00e7\u00e3o cultural diversificada e pre\u00e7os populares para Belo Horizonte"}]},{"@type":"WebSite","@id":"https:\/\/www.fiemg.com.br\/sesi-cultura\/#website","url":"https:\/\/www.fiemg.com.br\/sesi-cultura\/","name":"SESI Cultura","description":"Federa\u00e7\u00e3o das Ind\u00fastrias do Estado de Minas Gerais","publisher":{"@id":"https:\/\/www.fiemg.com.br\/sesi-cultura\/#organization"},"potentialAction":[{"@type":"SearchAction","target":{"@type":"EntryPoint","urlTemplate":"https:\/\/www.fiemg.com.br\/sesi-cultura\/?s={search_term_string}"},"query-input":{"@type":"PropertyValueSpecification","valueRequired":true,"valueName":"search_term_string"}}],"inLanguage":"pt-BR"},{"@type":"Organization","@id":"https:\/\/www.fiemg.com.br\/sesi-cultura\/#organization","name":"SESI Cultura","url":"https:\/\/www.fiemg.com.br\/sesi-cultura\/","logo":{"@type":"ImageObject","inLanguage":"pt-BR","@id":"https:\/\/www.fiemg.com.br\/sesi-cultura\/#\/schema\/logo\/image\/","url":"https:\/\/www.fiemg.com.br\/sesi-cultura\/wp-content\/uploads\/sites\/28\/2023\/02\/LO000325_SESI_CULTURA_NOVA_LOGO_BRANCO_site_1.png","contentUrl":"https:\/\/www.fiemg.com.br\/sesi-cultura\/wp-content\/uploads\/sites\/28\/2023\/02\/LO000325_SESI_CULTURA_NOVA_LOGO_BRANCO_site_1.png","width":394,"height":168,"caption":"SESI Cultura"},"image":{"@id":"https:\/\/www.fiemg.com.br\/sesi-cultura\/#\/schema\/logo\/image\/"}}]}},"_links":{"self":[{"href":"https:\/\/www.fiemg.com.br\/sesi-cultura\/wp-json\/wp\/v2\/noticias\/5305","targetHints":{"allow":["GET"]}}],"collection":[{"href":"https:\/\/www.fiemg.com.br\/sesi-cultura\/wp-json\/wp\/v2\/noticias"}],"about":[{"href":"https:\/\/www.fiemg.com.br\/sesi-cultura\/wp-json\/wp\/v2\/types\/noticias"}],"wp:featuredmedia":[{"embeddable":true,"href":"https:\/\/www.fiemg.com.br\/sesi-cultura\/wp-json\/wp\/v2\/media\/5306"}],"wp:attachment":[{"href":"https:\/\/www.fiemg.com.br\/sesi-cultura\/wp-json\/wp\/v2\/media?parent=5305"}],"wp:term":[{"taxonomy":"category","embeddable":true,"href":"https:\/\/www.fiemg.com.br\/sesi-cultura\/wp-json\/wp\/v2\/categories?post=5305"},{"taxonomy":"post_tag","embeddable":true,"href":"https:\/\/www.fiemg.com.br\/sesi-cultura\/wp-json\/wp\/v2\/tags?post=5305"}],"curies":[{"name":"wp","href":"https:\/\/api.w.org\/{rel}","templated":true}]}}