{"id":6486,"date":"2025-08-13T11:19:40","date_gmt":"2025-08-13T14:19:40","guid":{"rendered":"https:\/\/www.fiemg.com.br\/sesi-cultura\/?post_type=noticias&#038;p=6486"},"modified":"2025-08-13T15:38:11","modified_gmt":"2025-08-13T18:38:11","slug":"casa-aberta-2025-transforma-o-centro-cultural-sesiminas-bh-em-um-grande-encontro-da-comunidade","status":"publish","type":"noticias","link":"https:\/\/www.fiemg.com.br\/sesi-cultura\/noticias\/casa-aberta-2025-transforma-o-centro-cultural-sesiminas-bh-em-um-grande-encontro-da-comunidade\/","title":{"rendered":"Casa Aberta 2025 transforma o Centro Cultural SESIMINAS BH em um grande encontro da comunidade"},"content":{"rendered":"<p><img fetchpriority=\"high\" decoding=\"async\" class=\"wp-image-6487 size-large aligncenter\" src=\"https:\/\/www.fiemg.com.br\/sesi-cultura\/wp-content\/uploads\/sites\/28\/2025\/08\/SYMPLA--1024x536.png\" alt=\"\" width=\"800\" height=\"419\" srcset=\"https:\/\/www.fiemg.com.br\/sesi-cultura\/wp-content\/uploads\/sites\/28\/2025\/08\/SYMPLA--1024x536.png 1024w, https:\/\/www.fiemg.com.br\/sesi-cultura\/wp-content\/uploads\/sites\/28\/2025\/08\/SYMPLA--300x157.png 300w, https:\/\/www.fiemg.com.br\/sesi-cultura\/wp-content\/uploads\/sites\/28\/2025\/08\/SYMPLA--768x402.png 768w, https:\/\/www.fiemg.com.br\/sesi-cultura\/wp-content\/uploads\/sites\/28\/2025\/08\/SYMPLA--1536x804.png 1536w, https:\/\/www.fiemg.com.br\/sesi-cultura\/wp-content\/uploads\/sites\/28\/2025\/08\/SYMPLA-.png 1600w\" sizes=\"(max-width: 800px) 100vw, 800px\" \/><\/p>\n<p>&nbsp;<\/p>\n<p>No domingo, <strong>17 de agosto<\/strong>, o Centro Cultural SESIMINAS BH realiza a <strong>10\u00aa edi\u00e7\u00e3o do Casa Aberta<\/strong>, um dia inteiro pensado para a comunidade: <strong>gratuito, plural e para todas as idades<\/strong>. Das <strong>10h \u00e0s 17h<\/strong>, o p\u00fablico \u00e9 convidado a relaxar, desacelerar e descobrir novas experi\u00eancias em oficinas, apresenta\u00e7\u00f5es art\u00edsticas, feira colaborativa, troca de livros, m\u00fasica ao vivo, exibi\u00e7\u00e3o audiovisual e no aguardado <strong>Cine Concerto com a Orquestra SESIMINAS<\/strong>.<\/p>\n<p>Idealizado pela <strong>Escola de Cultura<\/strong> e pela <strong>Biblioteca do Centro Cultural SESIMINAS BH<\/strong>, o Casa Aberta nasce do desejo de aproximar o territ\u00f3rio e suas pessoas do equipamento cultural, proporcionando <strong>um domingo para circular, experimentar, aprender e conviver<\/strong>. Logo na chegada, pela <strong>Galeria da Rua Padre Marinho, 60<\/strong>, quem chega encontra <strong>caf\u00e9 da manh\u00e3 cultural<\/strong>, aquecendo o clima de acolhimento que se espalha pelos diversos espa\u00e7os do centro, em atividades simult\u00e2neas ao longo do dia.<\/p>\n<p>O evento tamb\u00e9m \u00e9 plataforma para artistas e iniciativas locais, fortalecendo redes de colabora\u00e7\u00e3o e garantindo acesso democr\u00e1tico \u00e0 cultura. Entre uma oficina e outra, d\u00e1 para trocar livros, garimpar produtos de arte, moda, bem-estar e gastronomia na feira colaborativa em parceria com a Para\u00edso Veg e, claro, se deixar levar pelos shows e interven\u00e7\u00f5es ao ar livre, um convite direto para ocupar a cidade com cultura.<\/p>\n<p><strong>\u00a0<\/strong><\/p>\n<p><strong>Programa\u00e7\u00e3o 2025:<\/strong><\/p>\n<p>Abertura<\/p>\n<ul>\n<li><strong>10h<\/strong> \u2014 In\u00edcio do evento | <strong>Caf\u00e9 Cultural de Boas-vindas<\/strong> e <strong>Feira Para\u00edso VEG<\/strong><\/li>\n<\/ul>\n<p><strong>Palco T\u00e1 na Rua<\/strong> (externo \u2013 Rua Padre Marinho)<\/p>\n<ul>\n<li><strong>10h<\/strong> \u2014 <strong>Wake Up<\/strong> (Casulo)<\/li>\n<li><strong>13h<\/strong> \u2014 <strong>Pandeiro pela Vida \/ Batucaj\u00e1 <\/strong>(Ensinart)<\/li>\n<li><strong>14h<\/strong> \u2014 <strong>Aul\u00e3o de Forr\u00f3<\/strong> com Bliss<\/li>\n<li><strong>16h15<\/strong> \u2014 Show com <strong>Banda Ensinart<\/strong><\/li>\n<\/ul>\n<p><strong><br \/>\nOficinas \u2013 Manh\u00e3<\/strong><\/p>\n<ul>\n<li><strong>9h\u201311h<\/strong> \u2014 <strong>Produ\u00e7\u00e3o de V\u00eddeo pelo Celular<\/strong> (Carolina Braga \u2013 Culturadoria) | Local: Laborat\u00f3rio SENAI 1<br \/>\n<em>(curso completo com 6h nos dias 16, 17 e 18\/8)<\/em><\/li>\n<li><strong>10h\u201310h50<\/strong> \u2014 <strong>Dan\u00e7a de Sal\u00e3o (Samba)<\/strong> | Sala de Teatro (20 vagas)<\/li>\n<li><strong>10h\u201310h50<\/strong> \u2014 <strong>Yoga<\/strong> com Patr\u00edcia Katahira | Studio Satya, Bloco C (20 vagas)<\/li>\n<\/ul>\n<p><strong><br \/>\nApresenta\u00e7\u00e3o Art\u00edstica<\/strong><\/p>\n<ul>\n<li><strong>11h\u201311h30<\/strong> \u2014 Coletivo <strong>UKITU\u00c9, LAIA e ATM<\/strong><\/li>\n<\/ul>\n<p><strong>\u00a0<\/strong><\/p>\n<p><strong>Espet\u00e1culo \u2013 Teatro SESIMINAS<\/strong><\/p>\n<ul>\n<li><strong>11h<\/strong> \u2014 <strong>Orquestra SESIMINAS: Cine Concerto<\/strong><br \/>\nTrilhas de <em>Harry Potter<\/em>, <em>O Poderoso Chef\u00e3o<\/em>, <em>Am\u00e9lie Poulain<\/em>, <em>Central do Brasil<\/em>, <em>Tieta<\/em>, <em>A Vida \u00e9 Bela<\/em>, <em>Fringe<\/em>, <em>Cinema Paradiso<\/em> e outras, com proje\u00e7\u00e3o de cenas.<\/li>\n<\/ul>\n<p><strong>\u00a0<\/strong><\/p>\n<p><strong>Oficinas \u2013 Tarde<\/strong><\/p>\n<ul>\n<li><strong>13h\u201317h<\/strong> \u2014 <strong>Oficina de Fotografia<\/strong> (Alexandre Lopes e Daniel Moreira) | Local: Laborat\u00f3rio SENAI 2<\/li>\n<li><strong>13h\u201313h50<\/strong> \u2014 <strong>Jazz<\/strong> | ATM, Bloco C (20 vagas)<\/li>\n<li><strong>13h\u201313h50<\/strong> \u2014 <strong>Dan\u00e7as Urbanas<\/strong> (Hip hop, K-pop e Passinho) | LAIA, Sala de Teatro (20 vagas)<\/li>\n<li><strong>15h\u201316h<\/strong> \u2014 <strong>Percuss\u00e3o Circular: laborat\u00f3rio de carnaval<\/strong> com maestro Di Souza | Teatro de Bolso (20 vagas)<\/li>\n<\/ul>\n<p><strong>\u00a0<\/strong><\/p>\n<p><strong>Troca de Livros e Biblioteca<\/strong><\/p>\n<ul>\n<li>Acesso ao <strong>acervo da Biblioteca SESIMINAS<\/strong> e <strong>troca de livros<\/strong> durante todo o dia.<br \/>\n<strong>\u00a0<\/strong><\/li>\n<\/ul>\n<p><strong>Feira Para\u00edso Veg <\/strong><\/p>\n<ul>\n<li>Itens de <strong>bem-estar, arte, moda e alimenta\u00e7\u00e3o<\/strong>, al\u00e9m de <strong>op\u00e7\u00f5es de comidas e bebidas<\/strong> para toda a fam\u00edlia.<\/li>\n<\/ul>\n<p>&nbsp;<\/p>\n<p><strong>COMO PARTICIPAR (inscri\u00e7\u00f5es gratuitas; vagas limitadas)<\/strong><\/p>\n<ul>\n<li><strong>Ingresso para o Cine Concerto (obrigat\u00f3rio):<\/strong> <a href=\"https:\/\/bileto.sympla.com.br\/event\/108936\/d\/330657\/s\/2253081\">https:\/\/bileto.sympla.com.br\/event\/108936\/d\/330657\/s\/2253081<\/a><\/li>\n<li><strong>Inscri\u00e7\u00f5es nas oficinas (Casa Aberta):<\/strong> <a href=\"https:\/\/forms.gle\/T2MeBEmBirpgSFzf9\">https:\/\/forms.gle\/T2MeBEmBirpgSFzf9<\/a><\/li>\n<li><strong>Inscri\u00e7\u00e3o \u2013 Produ\u00e7\u00e3o de V\u00eddeo pelo Celular (16, 17 e 18\/8):<\/strong> <a href=\"https:\/\/forms.gle\/AXNDwJdK9DZgNNyQ9\">https:\/\/forms.gle\/AXNDwJdK9DZgNNyQ9<\/a><\/li>\n<\/ul>\n<p><strong>\u00a0<\/strong><\/p>\n<p><strong>Servi\u00e7o<\/strong><\/p>\n<p><strong>Casa Aberta 2025 \u2013 10\u00aa edi\u00e7\u00e3o<\/strong><br \/>\n<strong>&#8211; 17 de agosto de 2025 (domingo)<\/strong><br \/>\n<strong>&#8211; 10h \u00e0s 17h<\/strong> (oficinas a partir das 9h)<br \/>\n<strong>&#8211; Centro Cultural SESIMINAS BH<\/strong> \u2014 Rua Padre Marinho, 60 \u2013 Santa Efig\u00eania, Belo Horizonte \u2013 MG<br \/>\n<strong>Entrada gratuita<\/strong> | <strong>Classifica\u00e7\u00e3o Livre<\/strong><br \/>\nInforma\u00e7\u00f5es: <strong>(31) 2180-2277<\/strong><\/p>\n","protected":false},"featured_media":6487,"template":"","categories":[230,347,466,161,249,136],"tags":[],"class_list":["post-6486","noticias","type-noticias","status-publish","has-post-thumbnail","hentry","category-arte","category-centro-cultural-sesiminas-bh","category-cultura","category-dancas","category-musica","category-sesi-cultura"],"acf":[],"yoast_head":"<!-- This site is optimized with the Yoast SEO plugin v26.2 - https:\/\/yoast.com\/wordpress\/plugins\/seo\/ -->\n<title>Casa Aberta 2025 transforma o Centro Cultural SESIMINAS BH em um grande encontro da comunidade - SESI Cultura<\/title>\n<meta name=\"robots\" content=\"index, follow, max-snippet:-1, max-image-preview:large, max-video-preview:-1\" \/>\n<link rel=\"canonical\" href=\"https:\/\/www.fiemg.com.br\/sesi-cultura\/noticias\/casa-aberta-2025-transforma-o-centro-cultural-sesiminas-bh-em-um-grande-encontro-da-comunidade\/\" \/>\n<meta property=\"og:locale\" content=\"pt_BR\" \/>\n<meta property=\"og:type\" content=\"article\" \/>\n<meta property=\"og:title\" content=\"Casa Aberta 2025 transforma o Centro Cultural SESIMINAS BH em um grande encontro da comunidade - SESI Cultura\" \/>\n<meta property=\"og:description\" content=\"&nbsp; No domingo, 17 de agosto, o Centro Cultural SESIMINAS BH realiza a 10\u00aa edi\u00e7\u00e3o do Casa Aberta, um dia inteiro pensado para a comunidade: gratuito, plural e para todas as idades. Das 10h \u00e0s 17h, o p\u00fablico \u00e9 convidado a relaxar, desacelerar e descobrir novas experi\u00eancias em oficinas, apresenta\u00e7\u00f5es art\u00edsticas, feira colaborativa, troca de [&hellip;]\" \/>\n<meta property=\"og:url\" content=\"https:\/\/www.fiemg.com.br\/sesi-cultura\/noticias\/casa-aberta-2025-transforma-o-centro-cultural-sesiminas-bh-em-um-grande-encontro-da-comunidade\/\" \/>\n<meta property=\"og:site_name\" content=\"SESI Cultura\" \/>\n<meta property=\"article:modified_time\" content=\"2025-08-13T18:38:11+00:00\" \/>\n<meta property=\"og:image\" content=\"https:\/\/www.fiemg.com.br\/sesi-cultura\/wp-content\/uploads\/sites\/28\/2025\/08\/SYMPLA-.png\" \/>\n\t<meta property=\"og:image:width\" content=\"1600\" \/>\n\t<meta property=\"og:image:height\" content=\"838\" \/>\n\t<meta property=\"og:image:type\" content=\"image\/png\" \/>\n<meta name=\"twitter:card\" content=\"summary_large_image\" \/>\n<meta name=\"twitter:label1\" content=\"Est. tempo de leitura\" \/>\n\t<meta name=\"twitter:data1\" content=\"4 minutos\" \/>\n<script type=\"application\/ld+json\" class=\"yoast-schema-graph\">{\"@context\":\"https:\/\/schema.org\",\"@graph\":[{\"@type\":\"WebPage\",\"@id\":\"https:\/\/www.fiemg.com.br\/sesi-cultura\/noticias\/casa-aberta-2025-transforma-o-centro-cultural-sesiminas-bh-em-um-grande-encontro-da-comunidade\/\",\"url\":\"https:\/\/www.fiemg.com.br\/sesi-cultura\/noticias\/casa-aberta-2025-transforma-o-centro-cultural-sesiminas-bh-em-um-grande-encontro-da-comunidade\/\",\"name\":\"Casa Aberta 2025 transforma o Centro Cultural SESIMINAS BH em um grande encontro da comunidade - SESI Cultura\",\"isPartOf\":{\"@id\":\"https:\/\/www.fiemg.com.br\/sesi-cultura\/#website\"},\"primaryImageOfPage\":{\"@id\":\"https:\/\/www.fiemg.com.br\/sesi-cultura\/noticias\/casa-aberta-2025-transforma-o-centro-cultural-sesiminas-bh-em-um-grande-encontro-da-comunidade\/#primaryimage\"},\"image\":{\"@id\":\"https:\/\/www.fiemg.com.br\/sesi-cultura\/noticias\/casa-aberta-2025-transforma-o-centro-cultural-sesiminas-bh-em-um-grande-encontro-da-comunidade\/#primaryimage\"},\"thumbnailUrl\":\"https:\/\/www.fiemg.com.br\/sesi-cultura\/wp-content\/uploads\/sites\/28\/2025\/08\/SYMPLA-.png\",\"datePublished\":\"2025-08-13T14:19:40+00:00\",\"dateModified\":\"2025-08-13T18:38:11+00:00\",\"breadcrumb\":{\"@id\":\"https:\/\/www.fiemg.com.br\/sesi-cultura\/noticias\/casa-aberta-2025-transforma-o-centro-cultural-sesiminas-bh-em-um-grande-encontro-da-comunidade\/#breadcrumb\"},\"inLanguage\":\"pt-BR\",\"potentialAction\":[{\"@type\":\"ReadAction\",\"target\":[\"https:\/\/www.fiemg.com.br\/sesi-cultura\/noticias\/casa-aberta-2025-transforma-o-centro-cultural-sesiminas-bh-em-um-grande-encontro-da-comunidade\/\"]}]},{\"@type\":\"ImageObject\",\"inLanguage\":\"pt-BR\",\"@id\":\"https:\/\/www.fiemg.com.br\/sesi-cultura\/noticias\/casa-aberta-2025-transforma-o-centro-cultural-sesiminas-bh-em-um-grande-encontro-da-comunidade\/#primaryimage\",\"url\":\"https:\/\/www.fiemg.com.br\/sesi-cultura\/wp-content\/uploads\/sites\/28\/2025\/08\/SYMPLA-.png\",\"contentUrl\":\"https:\/\/www.fiemg.com.br\/sesi-cultura\/wp-content\/uploads\/sites\/28\/2025\/08\/SYMPLA-.png\",\"width\":1600,\"height\":838},{\"@type\":\"BreadcrumbList\",\"@id\":\"https:\/\/www.fiemg.com.br\/sesi-cultura\/noticias\/casa-aberta-2025-transforma-o-centro-cultural-sesiminas-bh-em-um-grande-encontro-da-comunidade\/#breadcrumb\",\"itemListElement\":[{\"@type\":\"ListItem\",\"position\":1,\"name\":\"In\u00edcio\",\"item\":\"https:\/\/www.fiemg.com.br\/sesi-cultura\/\"},{\"@type\":\"ListItem\",\"position\":2,\"name\":\"Casa Aberta 2025 transforma o Centro Cultural SESIMINAS BH em um grande encontro da comunidade\"}]},{\"@type\":\"WebSite\",\"@id\":\"https:\/\/www.fiemg.com.br\/sesi-cultura\/#website\",\"url\":\"https:\/\/www.fiemg.com.br\/sesi-cultura\/\",\"name\":\"SESI Cultura\",\"description\":\"Federa\u00e7\u00e3o das Ind\u00fastrias do Estado de Minas Gerais\",\"publisher\":{\"@id\":\"https:\/\/www.fiemg.com.br\/sesi-cultura\/#organization\"},\"potentialAction\":[{\"@type\":\"SearchAction\",\"target\":{\"@type\":\"EntryPoint\",\"urlTemplate\":\"https:\/\/www.fiemg.com.br\/sesi-cultura\/?s={search_term_string}\"},\"query-input\":{\"@type\":\"PropertyValueSpecification\",\"valueRequired\":true,\"valueName\":\"search_term_string\"}}],\"inLanguage\":\"pt-BR\"},{\"@type\":\"Organization\",\"@id\":\"https:\/\/www.fiemg.com.br\/sesi-cultura\/#organization\",\"name\":\"SESI Cultura\",\"url\":\"https:\/\/www.fiemg.com.br\/sesi-cultura\/\",\"logo\":{\"@type\":\"ImageObject\",\"inLanguage\":\"pt-BR\",\"@id\":\"https:\/\/www.fiemg.com.br\/sesi-cultura\/#\/schema\/logo\/image\/\",\"url\":\"https:\/\/www.fiemg.com.br\/sesi-cultura\/wp-content\/uploads\/sites\/28\/2023\/02\/LO000325_SESI_CULTURA_NOVA_LOGO_BRANCO_site_1.png\",\"contentUrl\":\"https:\/\/www.fiemg.com.br\/sesi-cultura\/wp-content\/uploads\/sites\/28\/2023\/02\/LO000325_SESI_CULTURA_NOVA_LOGO_BRANCO_site_1.png\",\"width\":394,\"height\":168,\"caption\":\"SESI Cultura\"},\"image\":{\"@id\":\"https:\/\/www.fiemg.com.br\/sesi-cultura\/#\/schema\/logo\/image\/\"}}]}<\/script>\n<!-- \/ Yoast SEO plugin. -->","yoast_head_json":{"title":"Casa Aberta 2025 transforma o Centro Cultural SESIMINAS BH em um grande encontro da comunidade - SESI Cultura","robots":{"index":"index","follow":"follow","max-snippet":"max-snippet:-1","max-image-preview":"max-image-preview:large","max-video-preview":"max-video-preview:-1"},"canonical":"https:\/\/www.fiemg.com.br\/sesi-cultura\/noticias\/casa-aberta-2025-transforma-o-centro-cultural-sesiminas-bh-em-um-grande-encontro-da-comunidade\/","og_locale":"pt_BR","og_type":"article","og_title":"Casa Aberta 2025 transforma o Centro Cultural SESIMINAS BH em um grande encontro da comunidade - SESI Cultura","og_description":"&nbsp; No domingo, 17 de agosto, o Centro Cultural SESIMINAS BH realiza a 10\u00aa edi\u00e7\u00e3o do Casa Aberta, um dia inteiro pensado para a comunidade: gratuito, plural e para todas as idades. Das 10h \u00e0s 17h, o p\u00fablico \u00e9 convidado a relaxar, desacelerar e descobrir novas experi\u00eancias em oficinas, apresenta\u00e7\u00f5es art\u00edsticas, feira colaborativa, troca de [&hellip;]","og_url":"https:\/\/www.fiemg.com.br\/sesi-cultura\/noticias\/casa-aberta-2025-transforma-o-centro-cultural-sesiminas-bh-em-um-grande-encontro-da-comunidade\/","og_site_name":"SESI Cultura","article_modified_time":"2025-08-13T18:38:11+00:00","og_image":[{"width":1600,"height":838,"url":"https:\/\/www.fiemg.com.br\/sesi-cultura\/wp-content\/uploads\/sites\/28\/2025\/08\/SYMPLA-.png","type":"image\/png"}],"twitter_card":"summary_large_image","twitter_misc":{"Est. tempo de leitura":"4 minutos"},"schema":{"@context":"https:\/\/schema.org","@graph":[{"@type":"WebPage","@id":"https:\/\/www.fiemg.com.br\/sesi-cultura\/noticias\/casa-aberta-2025-transforma-o-centro-cultural-sesiminas-bh-em-um-grande-encontro-da-comunidade\/","url":"https:\/\/www.fiemg.com.br\/sesi-cultura\/noticias\/casa-aberta-2025-transforma-o-centro-cultural-sesiminas-bh-em-um-grande-encontro-da-comunidade\/","name":"Casa Aberta 2025 transforma o Centro Cultural SESIMINAS BH em um grande encontro da comunidade - SESI Cultura","isPartOf":{"@id":"https:\/\/www.fiemg.com.br\/sesi-cultura\/#website"},"primaryImageOfPage":{"@id":"https:\/\/www.fiemg.com.br\/sesi-cultura\/noticias\/casa-aberta-2025-transforma-o-centro-cultural-sesiminas-bh-em-um-grande-encontro-da-comunidade\/#primaryimage"},"image":{"@id":"https:\/\/www.fiemg.com.br\/sesi-cultura\/noticias\/casa-aberta-2025-transforma-o-centro-cultural-sesiminas-bh-em-um-grande-encontro-da-comunidade\/#primaryimage"},"thumbnailUrl":"https:\/\/www.fiemg.com.br\/sesi-cultura\/wp-content\/uploads\/sites\/28\/2025\/08\/SYMPLA-.png","datePublished":"2025-08-13T14:19:40+00:00","dateModified":"2025-08-13T18:38:11+00:00","breadcrumb":{"@id":"https:\/\/www.fiemg.com.br\/sesi-cultura\/noticias\/casa-aberta-2025-transforma-o-centro-cultural-sesiminas-bh-em-um-grande-encontro-da-comunidade\/#breadcrumb"},"inLanguage":"pt-BR","potentialAction":[{"@type":"ReadAction","target":["https:\/\/www.fiemg.com.br\/sesi-cultura\/noticias\/casa-aberta-2025-transforma-o-centro-cultural-sesiminas-bh-em-um-grande-encontro-da-comunidade\/"]}]},{"@type":"ImageObject","inLanguage":"pt-BR","@id":"https:\/\/www.fiemg.com.br\/sesi-cultura\/noticias\/casa-aberta-2025-transforma-o-centro-cultural-sesiminas-bh-em-um-grande-encontro-da-comunidade\/#primaryimage","url":"https:\/\/www.fiemg.com.br\/sesi-cultura\/wp-content\/uploads\/sites\/28\/2025\/08\/SYMPLA-.png","contentUrl":"https:\/\/www.fiemg.com.br\/sesi-cultura\/wp-content\/uploads\/sites\/28\/2025\/08\/SYMPLA-.png","width":1600,"height":838},{"@type":"BreadcrumbList","@id":"https:\/\/www.fiemg.com.br\/sesi-cultura\/noticias\/casa-aberta-2025-transforma-o-centro-cultural-sesiminas-bh-em-um-grande-encontro-da-comunidade\/#breadcrumb","itemListElement":[{"@type":"ListItem","position":1,"name":"In\u00edcio","item":"https:\/\/www.fiemg.com.br\/sesi-cultura\/"},{"@type":"ListItem","position":2,"name":"Casa Aberta 2025 transforma o Centro Cultural SESIMINAS BH em um grande encontro da comunidade"}]},{"@type":"WebSite","@id":"https:\/\/www.fiemg.com.br\/sesi-cultura\/#website","url":"https:\/\/www.fiemg.com.br\/sesi-cultura\/","name":"SESI Cultura","description":"Federa\u00e7\u00e3o das Ind\u00fastrias do Estado de Minas Gerais","publisher":{"@id":"https:\/\/www.fiemg.com.br\/sesi-cultura\/#organization"},"potentialAction":[{"@type":"SearchAction","target":{"@type":"EntryPoint","urlTemplate":"https:\/\/www.fiemg.com.br\/sesi-cultura\/?s={search_term_string}"},"query-input":{"@type":"PropertyValueSpecification","valueRequired":true,"valueName":"search_term_string"}}],"inLanguage":"pt-BR"},{"@type":"Organization","@id":"https:\/\/www.fiemg.com.br\/sesi-cultura\/#organization","name":"SESI Cultura","url":"https:\/\/www.fiemg.com.br\/sesi-cultura\/","logo":{"@type":"ImageObject","inLanguage":"pt-BR","@id":"https:\/\/www.fiemg.com.br\/sesi-cultura\/#\/schema\/logo\/image\/","url":"https:\/\/www.fiemg.com.br\/sesi-cultura\/wp-content\/uploads\/sites\/28\/2023\/02\/LO000325_SESI_CULTURA_NOVA_LOGO_BRANCO_site_1.png","contentUrl":"https:\/\/www.fiemg.com.br\/sesi-cultura\/wp-content\/uploads\/sites\/28\/2023\/02\/LO000325_SESI_CULTURA_NOVA_LOGO_BRANCO_site_1.png","width":394,"height":168,"caption":"SESI Cultura"},"image":{"@id":"https:\/\/www.fiemg.com.br\/sesi-cultura\/#\/schema\/logo\/image\/"}}]}},"_links":{"self":[{"href":"https:\/\/www.fiemg.com.br\/sesi-cultura\/wp-json\/wp\/v2\/noticias\/6486","targetHints":{"allow":["GET"]}}],"collection":[{"href":"https:\/\/www.fiemg.com.br\/sesi-cultura\/wp-json\/wp\/v2\/noticias"}],"about":[{"href":"https:\/\/www.fiemg.com.br\/sesi-cultura\/wp-json\/wp\/v2\/types\/noticias"}],"wp:featuredmedia":[{"embeddable":true,"href":"https:\/\/www.fiemg.com.br\/sesi-cultura\/wp-json\/wp\/v2\/media\/6487"}],"wp:attachment":[{"href":"https:\/\/www.fiemg.com.br\/sesi-cultura\/wp-json\/wp\/v2\/media?parent=6486"}],"wp:term":[{"taxonomy":"category","embeddable":true,"href":"https:\/\/www.fiemg.com.br\/sesi-cultura\/wp-json\/wp\/v2\/categories?post=6486"},{"taxonomy":"post_tag","embeddable":true,"href":"https:\/\/www.fiemg.com.br\/sesi-cultura\/wp-json\/wp\/v2\/tags?post=6486"}],"curies":[{"name":"wp","href":"https:\/\/api.w.org\/{rel}","templated":true}]}}