{"id":10819,"date":"2026-09-01T09:55:52","date_gmt":"2026-09-01T12:55:52","guid":{"rendered":"https:\/\/www.fiemg.com.br\/sesi\/noticias\/bete-coelho-e-georgette-fadel-protagonizam-ana-livia-no-teatro-sesiminas\/"},"modified":"2026-09-01T09:55:52","modified_gmt":"2026-09-01T12:55:52","slug":"bete-coelho-e-georgette-fadel-protagonizam-ana-livia-no-teatro-sesiminas","status":"publish","type":"noticias","link":"https:\/\/www.fiemg.com.br\/sesi\/noticias\/bete-coelho-e-georgette-fadel-protagonizam-ana-livia-no-teatro-sesiminas\/","title":{"rendered":"Bete Coelho e Georgette Fadel protagonizam \u201cAna L\u00edvia\u201d no Teatro SESIMINAS"},"content":{"rendered":"\n<h1 class=\"wp-block-heading\"><\/h1>\n\n\n\n<p class=\"wp-block-paragraph\">A 3\u00aa edi\u00e7\u00e3o do Festival SESI em Cena recebe, no dia 17 de setembro, no Teatro SESIMINAS, o espet\u00e1culo \u201cAna L\u00edvia\u201d, protagonizado pelas atrizes Bete Coelho e Georgette Fadel. A montagem integra a programa\u00e7\u00e3o do projeto realizado pelo SESI Cultura, que re\u00fane espet\u00e1culos de diferentes linguagens e est\u00e9ticas em di\u00e1logo com quest\u00f5es do nosso tempo. <a href=\"https:\/\/bileto.sympla.com.br\/event\/122925\/d\/395489?_gl=1*1s9aoiu*_gcl_au*MzIzNDgxOTAzLjE3ODI1MTA3MDE.*_ga*MTQ3MDUwMzU1Mi4xNzgyNTEwNzAx*_ga_KXH10SQTZF*czE3ODU5NjgxNjIkbzI0JGcxJHQxNzg1OTY4NTYxJGo2MCRsMCRoMTc1MTU4NzE0Nw..\" id=\"https:\/\/bileto.sympla.com.br\/event\/122925\/d\/395489?_gl=1*1s9aoiu*_gcl_au*MzIzNDgxOTAzLjE3ODI1MTA3MDE.*_ga*MTQ3MDUwMzU1Mi4xNzgyNTEwNzAx*_ga_KXH10SQTZF*czE3ODU5NjgxNjIkbzI0JGcxJHQxNzg1OTY4NTYxJGo2MCRsMCRoMTc1MTU4NzE0Nw..\">Os ingressos podem ser adquiridos na plataforma Sympla<\/a>.&nbsp;<\/p>\n\n\n\n<figure class=\"wp-block-image alignleft size-large is-resized\"><img decoding=\"async\" src=\"https:\/\/www.fiemg.com.br\/sesi\/wp-content\/uploads\/sites\/11\/2026\/09\/Ana-Livia_FT-Fernanda-Baldo-16-683x1024.jpg\" alt=\"\" class=\"wp-image-10822\" style=\"width:400px\" \/><\/figure>\n\n\n\n<p class=\"wp-block-paragraph\">Em sua terceira edi\u00e7\u00e3o, o Festival SESI em Cena reafirma o compromisso com uma programa\u00e7\u00e3o plural, aproximando artistas, obras e p\u00fablicos por meio de experi\u00eancias teatrais de relev\u00e2ncia art\u00edstica e social.<\/p>\n\n\n\n<p class=\"wp-block-paragraph\">Com texto de Caetano Galindo e dire\u00e7\u00e3o de Daniela Thomas, \u201cAna L\u00edvia\u201d apresenta o encontro entre duas atrizes que compartilham uma hist\u00f3ria marcada por afetos, conflitos e incertezas. Ana precisa contar algo terr\u00edvel, mas L\u00edvia n\u00e3o quer deix\u00e1-la falar. Enquanto L\u00edvia deseja conversar sobre uma nova pe\u00e7a, Ana sente que chegou ao seu terceiro ato.<\/p>\n\n\n\n<p class=\"wp-block-paragraph\">Sozinhas com suas dores, desvios e medos, as duas personagens t\u00eam apenas uma \u00e0 outra. A conversa traz \u00e0 tona o passado, o teatro, os pap\u00e9is que ocuparam na vida uma da outra e as d\u00favidas sobre o futuro. Em cena, elas tentam escapar da verdade, da passagem do tempo e da depend\u00eancia de um texto escrito por outra pessoa.<\/p>\n\n\n\n<p class=\"wp-block-paragraph\">A montagem prop\u00f5e uma reflex\u00e3o sobre a rela\u00e7\u00e3o entre vida e teatro, acompanhando duas atrizes que j\u00e1 n\u00e3o t\u00eam um dramaturgo e dois pap\u00e9is que comp\u00f5em um \u00fanico personagem. Ana foi, L\u00edvia \u00e9, Ana L\u00edvia\u2026 ser\u00e1?<\/p>\n\n\n\n<p class=\"wp-block-paragraph\">Al\u00e9m do elenco formado por Bete Coelho e Georgette Fadel, a ficha t\u00e9cnica conta com codire\u00e7\u00e3o de Bete Coelho e Gabriel Fernandes, cen\u00e1rio de Daniela Thomas e Felipe Tassara, figurino de Bete Coelho e Daniela Thomas, dire\u00e7\u00e3o musical de Felipe Antunes, dire\u00e7\u00e3o t\u00e9cnica de Rodrigo Gava, desenho de luz de Beto Bruel, assist\u00eancia de luz de Sarah Salgado, assessoria de imprensa de Fernando Sant\u2019 Ana e dire\u00e7\u00e3o de produ\u00e7\u00e3o de Lindsay Castro Lima. A realiza\u00e7\u00e3o \u00e9 da Cia.BR116.<\/p>\n\n\n\n<p class=\"wp-block-paragraph\"><strong>Servi\u00e7o:<\/strong><br><strong><br>SESI em Cena apresenta: Ana L\u00edvia<br>Data: <\/strong>17 de setembro<br><strong>Hor\u00e1rio:<\/strong> 20h<br><strong>Ingressos: <\/strong>R$25 e R$50 | <a href=\"https:\/\/bileto.sympla.com.br\/event\/122925\/d\/395489?_gl=1*1s9aoiu*_gcl_au*MzIzNDgxOTAzLjE3ODI1MTA3MDE.*_ga*MTQ3MDUwMzU1Mi4xNzgyNTEwNzAx*_ga_KXH10SQTZF*czE3ODU5NjgxNjIkbzI0JGcxJHQxNzg1OTY4NTYxJGo2MCRsMCRoMTc1MTU4NzE0Nw..\" id=\"https:\/\/bileto.sympla.com.br\/event\/122925\/d\/395489?_gl=1*1s9aoiu*_gcl_au*MzIzNDgxOTAzLjE3ODI1MTA3MDE.*_ga*MTQ3MDUwMzU1Mi4xNzgyNTEwNzAx*_ga_KXH10SQTZF*czE3ODU5NjgxNjIkbzI0JGcxJHQxNzg1OTY4NTYxJGo2MCRsMCRoMTc1MTU4NzE0Nw..\">Os ingressos podem ser adquiridos na plataforma Sympla<\/a><br><strong>Local: <\/strong>Teatro SESIMINAS &#8211; R. Padre Marinho, 60, Santa Efig\u00eania, Belo Horizonte<br><br><em>A sess\u00e3o com audiodescri\u00e7\u00e3o e interpreta\u00e7\u00e3o em Libras.<\/em><\/p>\n\n\n\n<p class=\"wp-block-paragraph\"><em><strong>O projeto \u00e9 realizado pelo SESI-MG, com patroc\u00ednio da Lonax, por meio da Lei Federal de Incentivo \u00e0 Cultura, e realiza\u00e7\u00e3o do Minist\u00e9rio da Cultura<\/strong>.<\/em><br><br><em>Denise Lucas<\/em><br><strong>Imprensa FIEMG<\/strong><\/p>\n","protected":false},"featured_media":10821,"template":"","categories":[29],"tags":[658,113,102,659,555,567],"class_list":["post-10819","noticias","type-noticias","status-publish","has-post-thumbnail","hentry","category-cultura","tag-bete-coelho","tag-cultura","tag-fiemg","tag-georgette-fadel","tag-sesi-em-cena","tag-teatro-sesiminas"],"acf":[],"yoast_head":"<!-- This site is optimized with the Yoast SEO plugin v27.7 - https:\/\/yoast.com\/product\/yoast-seo-wordpress\/ -->\n<title>Bete Coelho e Georgette Fadel protagonizam \u201cAna L\u00edvia\u201d no Teatro SESIMINAS - SESI<\/title>\n<meta name=\"description\" content=\"Espet\u00e1culo integra a 3\u00aa edi\u00e7\u00e3o do Festival SESI em Cena e promove reflex\u00e3o sobre teatro, mem\u00f3ria e rela\u00e7\u00f5es humanas\" \/>\n<meta name=\"robots\" content=\"index, follow, max-snippet:-1, max-image-preview:large, max-video-preview:-1\" \/>\n<link rel=\"canonical\" href=\"https:\/\/www.fiemg.com.br\/sesi\/noticias\/bete-coelho-e-georgette-fadel-protagonizam-ana-livia-no-teatro-sesiminas\/\" \/>\n<meta property=\"og:locale\" content=\"pt_BR\" \/>\n<meta property=\"og:type\" content=\"article\" \/>\n<meta property=\"og:title\" content=\"Bete Coelho e Georgette Fadel protagonizam \u201cAna L\u00edvia\u201d no Teatro SESIMINAS - SESI\" \/>\n<meta property=\"og:description\" content=\"Espet\u00e1culo integra a 3\u00aa edi\u00e7\u00e3o do Festival SESI em Cena e promove reflex\u00e3o sobre teatro, mem\u00f3ria e rela\u00e7\u00f5es humanas\" \/>\n<meta property=\"og:url\" content=\"https:\/\/www.fiemg.com.br\/sesi\/noticias\/bete-coelho-e-georgette-fadel-protagonizam-ana-livia-no-teatro-sesiminas\/\" \/>\n<meta property=\"og:site_name\" content=\"SESI\" \/>\n<meta property=\"og:image\" content=\"https:\/\/www.fiemg.com.br\/sesi\/wp-content\/uploads\/sites\/11\/2026\/09\/SC002326I_SEC_ANALIVIA_BANNERS_DIGAGENDA-1.png\" \/>\n\t<meta property=\"og:image:width\" content=\"1024\" \/>\n\t<meta property=\"og:image:height\" content=\"1024\" \/>\n\t<meta property=\"og:image:type\" content=\"image\/png\" \/>\n<meta name=\"twitter:card\" content=\"summary_large_image\" \/>\n<meta name=\"twitter:label1\" content=\"Est. tempo de leitura\" \/>\n\t<meta name=\"twitter:data1\" content=\"3 minutos\" \/>\n<script type=\"application\/ld+json\" class=\"yoast-schema-graph\">{\"@context\":\"https:\\\/\\\/schema.org\",\"@graph\":[{\"@type\":\"WebPage\",\"@id\":\"https:\\\/\\\/www.fiemg.com.br\\\/sesi\\\/noticias\\\/bete-coelho-e-georgette-fadel-protagonizam-ana-livia-no-teatro-sesiminas\\\/\",\"url\":\"https:\\\/\\\/www.fiemg.com.br\\\/sesi\\\/noticias\\\/bete-coelho-e-georgette-fadel-protagonizam-ana-livia-no-teatro-sesiminas\\\/\",\"name\":\"Bete Coelho e Georgette Fadel protagonizam \u201cAna L\u00edvia\u201d no Teatro SESIMINAS - SESI\",\"isPartOf\":{\"@id\":\"https:\\\/\\\/www.fiemg.com.br\\\/sesi\\\/#website\"},\"primaryImageOfPage\":{\"@id\":\"https:\\\/\\\/www.fiemg.com.br\\\/sesi\\\/noticias\\\/bete-coelho-e-georgette-fadel-protagonizam-ana-livia-no-teatro-sesiminas\\\/#primaryimage\"},\"image\":{\"@id\":\"https:\\\/\\\/www.fiemg.com.br\\\/sesi\\\/noticias\\\/bete-coelho-e-georgette-fadel-protagonizam-ana-livia-no-teatro-sesiminas\\\/#primaryimage\"},\"thumbnailUrl\":\"https:\\\/\\\/www.fiemg.com.br\\\/sesi\\\/wp-content\\\/uploads\\\/sites\\\/11\\\/2026\\\/09\\\/SC002326I_SEC_ANALIVIA_BANNERS_DIGAGENDA-1.png\",\"datePublished\":\"2026-09-01T12:55:52+00:00\",\"description\":\"Espet\u00e1culo integra a 3\u00aa edi\u00e7\u00e3o do Festival SESI em Cena e promove reflex\u00e3o sobre teatro, mem\u00f3ria e rela\u00e7\u00f5es humanas\",\"breadcrumb\":{\"@id\":\"https:\\\/\\\/www.fiemg.com.br\\\/sesi\\\/noticias\\\/bete-coelho-e-georgette-fadel-protagonizam-ana-livia-no-teatro-sesiminas\\\/#breadcrumb\"},\"inLanguage\":\"pt-BR\",\"potentialAction\":[{\"@type\":\"ReadAction\",\"target\":[\"https:\\\/\\\/www.fiemg.com.br\\\/sesi\\\/noticias\\\/bete-coelho-e-georgette-fadel-protagonizam-ana-livia-no-teatro-sesiminas\\\/\"]}]},{\"@type\":\"ImageObject\",\"inLanguage\":\"pt-BR\",\"@id\":\"https:\\\/\\\/www.fiemg.com.br\\\/sesi\\\/noticias\\\/bete-coelho-e-georgette-fadel-protagonizam-ana-livia-no-teatro-sesiminas\\\/#primaryimage\",\"url\":\"https:\\\/\\\/www.fiemg.com.br\\\/sesi\\\/wp-content\\\/uploads\\\/sites\\\/11\\\/2026\\\/09\\\/SC002326I_SEC_ANALIVIA_BANNERS_DIGAGENDA-1.png\",\"contentUrl\":\"https:\\\/\\\/www.fiemg.com.br\\\/sesi\\\/wp-content\\\/uploads\\\/sites\\\/11\\\/2026\\\/09\\\/SC002326I_SEC_ANALIVIA_BANNERS_DIGAGENDA-1.png\",\"width\":1024,\"height\":1024},{\"@type\":\"BreadcrumbList\",\"@id\":\"https:\\\/\\\/www.fiemg.com.br\\\/sesi\\\/noticias\\\/bete-coelho-e-georgette-fadel-protagonizam-ana-livia-no-teatro-sesiminas\\\/#breadcrumb\",\"itemListElement\":[{\"@type\":\"ListItem\",\"position\":1,\"name\":\"In\u00edcio\",\"item\":\"https:\\\/\\\/www.fiemg.com.br\\\/sesi\\\/\"},{\"@type\":\"ListItem\",\"position\":2,\"name\":\"Bete Coelho e Georgette Fadel protagonizam \u201cAna L\u00edvia\u201d no Teatro SESIMINAS\"}]},{\"@type\":\"WebSite\",\"@id\":\"https:\\\/\\\/www.fiemg.com.br\\\/sesi\\\/#website\",\"url\":\"https:\\\/\\\/www.fiemg.com.br\\\/sesi\\\/\",\"name\":\"SESI\",\"description\":\"Federa\u00e7\u00e3o das Ind\u00fastrias do Estado de Minas Gerais\",\"publisher\":{\"@id\":\"https:\\\/\\\/www.fiemg.com.br\\\/sesi\\\/#organization\"},\"potentialAction\":[{\"@type\":\"SearchAction\",\"target\":{\"@type\":\"EntryPoint\",\"urlTemplate\":\"https:\\\/\\\/www.fiemg.com.br\\\/sesi\\\/?s={search_term_string}\"},\"query-input\":{\"@type\":\"PropertyValueSpecification\",\"valueRequired\":true,\"valueName\":\"search_term_string\"}}],\"inLanguage\":\"pt-BR\"},{\"@type\":\"Organization\",\"@id\":\"https:\\\/\\\/www.fiemg.com.br\\\/sesi\\\/#organization\",\"name\":\"SESI\",\"url\":\"https:\\\/\\\/www.fiemg.com.br\\\/sesi\\\/\",\"logo\":{\"@type\":\"ImageObject\",\"inLanguage\":\"pt-BR\",\"@id\":\"https:\\\/\\\/www.fiemg.com.br\\\/sesi\\\/#\\\/schema\\\/logo\\\/image\\\/\",\"url\":\"https:\\\/\\\/www.fiemg.com.br\\\/sesi\\\/wp-content\\\/uploads\\\/sites\\\/11\\\/2023\\\/02\\\/SESI_branco.svg\",\"contentUrl\":\"https:\\\/\\\/www.fiemg.com.br\\\/sesi\\\/wp-content\\\/uploads\\\/sites\\\/11\\\/2023\\\/02\\\/SESI_branco.svg\",\"width\":168,\"height\":62,\"caption\":\"SESI\"},\"image\":{\"@id\":\"https:\\\/\\\/www.fiemg.com.br\\\/sesi\\\/#\\\/schema\\\/logo\\\/image\\\/\"}}]}<\/script>\n<!-- \/ Yoast SEO plugin. -->","yoast_head_json":{"title":"Bete Coelho e Georgette Fadel protagonizam \u201cAna L\u00edvia\u201d no Teatro SESIMINAS - SESI","description":"Espet\u00e1culo integra a 3\u00aa edi\u00e7\u00e3o do Festival SESI em Cena e promove reflex\u00e3o sobre teatro, mem\u00f3ria e rela\u00e7\u00f5es humanas","robots":{"index":"index","follow":"follow","max-snippet":"max-snippet:-1","max-image-preview":"max-image-preview:large","max-video-preview":"max-video-preview:-1"},"canonical":"https:\/\/www.fiemg.com.br\/sesi\/noticias\/bete-coelho-e-georgette-fadel-protagonizam-ana-livia-no-teatro-sesiminas\/","og_locale":"pt_BR","og_type":"article","og_title":"Bete Coelho e Georgette Fadel protagonizam \u201cAna L\u00edvia\u201d no Teatro SESIMINAS - SESI","og_description":"Espet\u00e1culo integra a 3\u00aa edi\u00e7\u00e3o do Festival SESI em Cena e promove reflex\u00e3o sobre teatro, mem\u00f3ria e rela\u00e7\u00f5es humanas","og_url":"https:\/\/www.fiemg.com.br\/sesi\/noticias\/bete-coelho-e-georgette-fadel-protagonizam-ana-livia-no-teatro-sesiminas\/","og_site_name":"SESI","og_image":[{"width":1024,"height":1024,"url":"https:\/\/www.fiemg.com.br\/sesi\/wp-content\/uploads\/sites\/11\/2026\/09\/SC002326I_SEC_ANALIVIA_BANNERS_DIGAGENDA-1.png","type":"image\/png"}],"twitter_card":"summary_large_image","twitter_misc":{"Est. tempo de leitura":"3 minutos"},"schema":{"@context":"https:\/\/schema.org","@graph":[{"@type":"WebPage","@id":"https:\/\/www.fiemg.com.br\/sesi\/noticias\/bete-coelho-e-georgette-fadel-protagonizam-ana-livia-no-teatro-sesiminas\/","url":"https:\/\/www.fiemg.com.br\/sesi\/noticias\/bete-coelho-e-georgette-fadel-protagonizam-ana-livia-no-teatro-sesiminas\/","name":"Bete Coelho e Georgette Fadel protagonizam \u201cAna L\u00edvia\u201d no Teatro SESIMINAS - SESI","isPartOf":{"@id":"https:\/\/www.fiemg.com.br\/sesi\/#website"},"primaryImageOfPage":{"@id":"https:\/\/www.fiemg.com.br\/sesi\/noticias\/bete-coelho-e-georgette-fadel-protagonizam-ana-livia-no-teatro-sesiminas\/#primaryimage"},"image":{"@id":"https:\/\/www.fiemg.com.br\/sesi\/noticias\/bete-coelho-e-georgette-fadel-protagonizam-ana-livia-no-teatro-sesiminas\/#primaryimage"},"thumbnailUrl":"https:\/\/www.fiemg.com.br\/sesi\/wp-content\/uploads\/sites\/11\/2026\/09\/SC002326I_SEC_ANALIVIA_BANNERS_DIGAGENDA-1.png","datePublished":"2026-09-01T12:55:52+00:00","description":"Espet\u00e1culo integra a 3\u00aa edi\u00e7\u00e3o do Festival SESI em Cena e promove reflex\u00e3o sobre teatro, mem\u00f3ria e rela\u00e7\u00f5es humanas","breadcrumb":{"@id":"https:\/\/www.fiemg.com.br\/sesi\/noticias\/bete-coelho-e-georgette-fadel-protagonizam-ana-livia-no-teatro-sesiminas\/#breadcrumb"},"inLanguage":"pt-BR","potentialAction":[{"@type":"ReadAction","target":["https:\/\/www.fiemg.com.br\/sesi\/noticias\/bete-coelho-e-georgette-fadel-protagonizam-ana-livia-no-teatro-sesiminas\/"]}]},{"@type":"ImageObject","inLanguage":"pt-BR","@id":"https:\/\/www.fiemg.com.br\/sesi\/noticias\/bete-coelho-e-georgette-fadel-protagonizam-ana-livia-no-teatro-sesiminas\/#primaryimage","url":"https:\/\/www.fiemg.com.br\/sesi\/wp-content\/uploads\/sites\/11\/2026\/09\/SC002326I_SEC_ANALIVIA_BANNERS_DIGAGENDA-1.png","contentUrl":"https:\/\/www.fiemg.com.br\/sesi\/wp-content\/uploads\/sites\/11\/2026\/09\/SC002326I_SEC_ANALIVIA_BANNERS_DIGAGENDA-1.png","width":1024,"height":1024},{"@type":"BreadcrumbList","@id":"https:\/\/www.fiemg.com.br\/sesi\/noticias\/bete-coelho-e-georgette-fadel-protagonizam-ana-livia-no-teatro-sesiminas\/#breadcrumb","itemListElement":[{"@type":"ListItem","position":1,"name":"In\u00edcio","item":"https:\/\/www.fiemg.com.br\/sesi\/"},{"@type":"ListItem","position":2,"name":"Bete Coelho e Georgette Fadel protagonizam \u201cAna L\u00edvia\u201d no Teatro SESIMINAS"}]},{"@type":"WebSite","@id":"https:\/\/www.fiemg.com.br\/sesi\/#website","url":"https:\/\/www.fiemg.com.br\/sesi\/","name":"SESI","description":"Federa\u00e7\u00e3o das Ind\u00fastrias do Estado de Minas Gerais","publisher":{"@id":"https:\/\/www.fiemg.com.br\/sesi\/#organization"},"potentialAction":[{"@type":"SearchAction","target":{"@type":"EntryPoint","urlTemplate":"https:\/\/www.fiemg.com.br\/sesi\/?s={search_term_string}"},"query-input":{"@type":"PropertyValueSpecification","valueRequired":true,"valueName":"search_term_string"}}],"inLanguage":"pt-BR"},{"@type":"Organization","@id":"https:\/\/www.fiemg.com.br\/sesi\/#organization","name":"SESI","url":"https:\/\/www.fiemg.com.br\/sesi\/","logo":{"@type":"ImageObject","inLanguage":"pt-BR","@id":"https:\/\/www.fiemg.com.br\/sesi\/#\/schema\/logo\/image\/","url":"https:\/\/www.fiemg.com.br\/sesi\/wp-content\/uploads\/sites\/11\/2023\/02\/SESI_branco.svg","contentUrl":"https:\/\/www.fiemg.com.br\/sesi\/wp-content\/uploads\/sites\/11\/2023\/02\/SESI_branco.svg","width":168,"height":62,"caption":"SESI"},"image":{"@id":"https:\/\/www.fiemg.com.br\/sesi\/#\/schema\/logo\/image\/"}}]}},"_links":{"self":[{"href":"https:\/\/www.fiemg.com.br\/sesi\/wp-json\/wp\/v2\/noticias\/10819","targetHints":{"allow":["GET"]}}],"collection":[{"href":"https:\/\/www.fiemg.com.br\/sesi\/wp-json\/wp\/v2\/noticias"}],"about":[{"href":"https:\/\/www.fiemg.com.br\/sesi\/wp-json\/wp\/v2\/types\/noticias"}],"wp:featuredmedia":[{"embeddable":true,"href":"https:\/\/www.fiemg.com.br\/sesi\/wp-json\/wp\/v2\/media\/10821"}],"wp:attachment":[{"href":"https:\/\/www.fiemg.com.br\/sesi\/wp-json\/wp\/v2\/media?parent=10819"}],"wp:term":[{"taxonomy":"category","embeddable":true,"href":"https:\/\/www.fiemg.com.br\/sesi\/wp-json\/wp\/v2\/categories?post=10819"},{"taxonomy":"post_tag","embeddable":true,"href":"https:\/\/www.fiemg.com.br\/sesi\/wp-json\/wp\/v2\/tags?post=10819"}],"curies":[{"name":"wp","href":"https:\/\/api.w.org\/{rel}","templated":true}]}}