{"id":1960,"date":"2023-08-21T19:37:27","date_gmt":"2023-08-21T22:37:27","guid":{"rendered":"https:\/\/www.fiemg.com.br\/sesi\/noticias\/aluno-do-sesi-recebe-premio-como-um-dos-adolescentes-mais-talentosos-do-mundo\/"},"modified":"2023-08-22T19:07:19","modified_gmt":"2023-08-22T22:07:19","slug":"aluno-do-sesi-recebe-premio-como-um-dos-adolescentes-mais-talentosos-do-mundo","status":"publish","type":"noticias","link":"https:\/\/www.fiemg.com.br\/sesi\/noticias\/aluno-do-sesi-recebe-premio-como-um-dos-adolescentes-mais-talentosos-do-mundo\/","title":{"rendered":"Aluno do SESI recebe pr\u00eamio como um dos adolescentes mais talentosos do mundo"},"content":{"rendered":"<figure id=\"attachment_1963\" aria-describedby=\"caption-attachment-1963\" style=\"width: 973px\" class=\"wp-caption aligncenter\"><img fetchpriority=\"high\" decoding=\"async\" class=\"wp-image-1963\" src=\"https:\/\/www.fiemg.com.br\/sesi\/wp-content\/uploads\/sites\/11\/2023\/08\/Aluno-sesi-vencedor-de-diversos-concursos-e-olimpiadas-educacionais-em-todo-o-pais-1.png\" alt=\"Aluno sesi vencedor de diversos concursos e olimp\u00edadas educacionais em todo o pa\u00eds\" width=\"973\" height=\"608\" srcset=\"https:\/\/www.fiemg.com.br\/sesi\/wp-content\/uploads\/sites\/11\/2023\/08\/Aluno-sesi-vencedor-de-diversos-concursos-e-olimpiadas-educacionais-em-todo-o-pais-1.png 800w, https:\/\/www.fiemg.com.br\/sesi\/wp-content\/uploads\/sites\/11\/2023\/08\/Aluno-sesi-vencedor-de-diversos-concursos-e-olimpiadas-educacionais-em-todo-o-pais-1-300x188.png 300w, https:\/\/www.fiemg.com.br\/sesi\/wp-content\/uploads\/sites\/11\/2023\/08\/Aluno-sesi-vencedor-de-diversos-concursos-e-olimpiadas-educacionais-em-todo-o-pais-1-768x480.png 768w\" sizes=\"(max-width: 973px) 100vw, 973px\" \/><figcaption id=\"caption-attachment-1963\" class=\"wp-caption-text\"><span style=\"color: #808080\">\u00a0Autodidata em ingl\u00eas, Gabriel Rocha \u00e9 reconhecido pelo trabalho que desenvolve nas redes sociais; adolescente j\u00e1 conquistou 22 medalhas<\/span><\/figcaption><\/figure>\n<p>Aos 13 anos, Gabriel Rocha, aluno do 8\u00ba ano do Ensino Fundamental na Escola SESI Newton Ant\u00f4nio da Silva Pereira, no bairro S\u00e3o Paulo, em Belo Horizonte, coleciona pr\u00eamios e medalhas em competi\u00e7\u00f5es estudantis. A mais recente conquista foi neste m\u00eas e veio da \u00cdndia, ultrapassando fronteiras. Dessa vez, o estudante foi reconhecido pelo \u201cInternational Star Kids Awards\u201d como um dos adolescentes mais talentosos do mundo pelos trabalhos educativos que desenvolve e divulga nas redes sociais.<\/p>\n<p>Gabriel \u00e9 dono de dois perfis no Instagram e Tik Tok- @<strong><a href=\"https:\/\/www.instagram.com\/inglescomgabrielrocha\/\" target=\"_blank\" rel=\"noopener\">inglescomgabrielrocha<\/a><\/strong> e <strong><a href=\"https:\/\/www.tiktok.com\/@minhas.medalhas\" target=\"_blank\" rel=\"noopener\">@minhas.medalhas<\/a><\/strong> , respectivamente &#8211; nos quais compartilha informa\u00e7\u00f5es sobre a l\u00edngua inglesa, conta hist\u00f3rias de sucesso de pessoas envolvidas com educa\u00e7\u00e3o, astronomia, ci\u00eancia, entre outros temas, al\u00e9m de compartilhar as suas experi\u00eancias em Olimp\u00edadas do Conhecimento. No pr\u00eamio indiano ele foi destaque na categoria educa\u00e7\u00e3o, que valoriza crian\u00e7as e adolescentes que se destacam pelo amor ao aprendizado.<\/p>\n<p>\u201cEsse reconhecimento me faz sentir realizado porque refor\u00e7a que estou no caminho certo, incentivando outros estudantes a participar das Olimp\u00edadas do Conhecimento e estar entre os adolescentes mais talentosos do mundo\u201d, contou o estudante ao descrever o sentimento pela conquista internacional.<\/p>\n<p>Autodidata em ingl\u00eas, Gabriel Rocha aprendeu a l\u00edngua estrangeira ainda na inf\u00e2ncia e, aos cinco anos, j\u00e1 dominava o idioma, segundo contou a m\u00e3e dele, Ol\u00edvia Rocha, incentivadora e orientadora de primeira hora do filho. \u201cAs conquistas do Gabriel me enchem de orgulho. Ele \u00e9 muito dedicado nos estudos, generoso e ama ensinar\u201d, disse.<\/p>\n<p>Segundo o adolescente, a op\u00e7\u00e3o pelas redes sociais para compartilhar conhecimento foi em fun\u00e7\u00e3o do potencial de alcance dessas plataformas digitais \u201cComecei a dar aulas no YouTube e no Facebook com 8 anos, como professor de ingl\u00eas mirim\u201d, disse. Gabriel afirmou ter planos de ampliar o trabalho no ambiente virtual, levando o conhecimento para clubes de ingl\u00eas e matem\u00e1tica gratuitos.<\/p>\n<p>Gabriel j\u00e1 conquistou 22 premia\u00e7\u00f5es em Olimp\u00edadas do Conhecimento e disse que foco e disciplina s\u00e3o essenciais para alcan\u00e7ar resultados de destaque nessas competi\u00e7\u00f5es. \u201c\u00c9 importante lembrar que n\u00e3o \u00e9 um processo f\u00e1cil, pois envolve muita pr\u00e1tica. Mas, no final, vale muito a pena porque h\u00e1 muito conhecimento adquirido\u201d, observa.<\/p>\n<h2>Conquista coletiva<\/h2>\n<p>\u201cQuando um aluno conquista pr\u00eamios a escola vibra junto. \u00c9 um orgulho fazermos parte da vida acad\u00eamica do Gabriel e percebermos que estamos desenvolvendo nossos alunos para vida. O SESI os incentiva a participar de olimp\u00edadas, competi\u00e7\u00f5es em diversas \u00e1reas do conhecimento\u201d, salientou a gerente da Escola SESI Newton Ant\u00f4nio da Silva Pereira, Shirley da Silva, ao celebrar o reconhecimento alcan\u00e7ado pelo estudante.<\/p>\n<p>A respeito das atividades desenvolvidas pelo aluno nas redes sociais, Shirley considera que o conte\u00fado evidencia o conhecimento dele sobre conceitos diferentes. \u201cEnsinar aos outros \u00e9 uma excelente maneira de consolidar o conhecimento, pois exige que ele organize e explique as informa\u00e7\u00f5es de maneira clara\u201d.<\/p>\n<p>Em meio ao uso disseminado das redes sociais no ambiente escolar, Shirley entende que essas plataformas podem ser aliadas da aprendizagem, desde que utilizadas de maneira consciente. \u201cAl\u00e9m do aprendizado formal em sala de aula, as redes sociais possibilitam que os alunos continuem a aprender de maneira informal, plataformas como f\u00f3runs permitindo que os alunos troquem conhecimentos e explorem perspectivas diferentes tornando o aprendizado mais envolvente e estimulante. \u00c9 importante ressaltar que o uso das redes sociais requer um equil\u00edbrio cuidadoso, uma vez que seu uso pode ter muitos desafios. Precisamos prepar\u00e1-los cada vez mais para o mundo digital, o uso de maneira respons\u00e1vel, \u00e9tica e segura. Conscientizando sobre privacidade online, seguran\u00e7a cibern\u00e9tica e comportamento \u00e9tico\u201d, acrescentou.<\/p>\n<p><em>Rafael Passos<\/em><br \/>\n<strong>Imprensa FIEMG<\/strong><\/p>\n","protected":false},"featured_media":1962,"template":"","categories":[16],"tags":[105,106,107,108],"class_list":["post-1960","noticias","type-noticias","status-publish","has-post-thumbnail","hentry","category-educacao","tag-aluno","tag-educacao","tag-premio","tag-sesi"],"acf":[],"yoast_head":"<!-- This site is optimized with the Yoast SEO plugin v26.2 - https:\/\/yoast.com\/wordpress\/plugins\/seo\/ -->\n<title>Aluno do SESI recebe pr\u00eamio como um dos adolescentes mais talentosos do mundo - SESI<\/title>\n<meta name=\"robots\" content=\"index, follow, max-snippet:-1, max-image-preview:large, max-video-preview:-1\" \/>\n<link rel=\"canonical\" href=\"https:\/\/www.fiemg.com.br\/sesi\/noticias\/aluno-do-sesi-recebe-premio-como-um-dos-adolescentes-mais-talentosos-do-mundo\/\" \/>\n<meta property=\"og:locale\" content=\"pt_BR\" \/>\n<meta property=\"og:type\" content=\"article\" \/>\n<meta property=\"og:title\" content=\"Aluno do SESI recebe pr\u00eamio como um dos adolescentes mais talentosos do mundo - SESI\" \/>\n<meta property=\"og:description\" content=\"Aos 13 anos, Gabriel Rocha, aluno do 8\u00ba ano do Ensino Fundamental na Escola SESI Newton Ant\u00f4nio da Silva Pereira, no bairro S\u00e3o Paulo, em Belo Horizonte, coleciona pr\u00eamios e medalhas em competi\u00e7\u00f5es estudantis. A mais recente conquista foi neste m\u00eas e veio da \u00cdndia, ultrapassando fronteiras. Dessa vez, o estudante foi reconhecido pelo \u201cInternational [&hellip;]\" \/>\n<meta property=\"og:url\" content=\"https:\/\/www.fiemg.com.br\/sesi\/noticias\/aluno-do-sesi-recebe-premio-como-um-dos-adolescentes-mais-talentosos-do-mundo\/\" \/>\n<meta property=\"og:site_name\" content=\"SESI\" \/>\n<meta property=\"article:modified_time\" content=\"2023-08-22T22:07:19+00:00\" \/>\n<meta property=\"og:image\" content=\"https:\/\/www.fiemg.com.br\/sesi\/wp-content\/uploads\/sites\/11\/2023\/08\/gabreil-sesi-premio-e1692657367584.jpeg\" \/>\n\t<meta property=\"og:image:width\" content=\"544\" \/>\n\t<meta property=\"og:image:height\" content=\"747\" \/>\n\t<meta property=\"og:image:type\" content=\"image\/jpeg\" \/>\n<meta name=\"twitter:card\" content=\"summary_large_image\" \/>\n<meta name=\"twitter:label1\" content=\"Est. tempo de leitura\" \/>\n\t<meta name=\"twitter:data1\" content=\"4 minutos\" \/>\n<script type=\"application\/ld+json\" class=\"yoast-schema-graph\">{\"@context\":\"https:\/\/schema.org\",\"@graph\":[{\"@type\":\"WebPage\",\"@id\":\"https:\/\/www.fiemg.com.br\/sesi\/noticias\/aluno-do-sesi-recebe-premio-como-um-dos-adolescentes-mais-talentosos-do-mundo\/\",\"url\":\"https:\/\/www.fiemg.com.br\/sesi\/noticias\/aluno-do-sesi-recebe-premio-como-um-dos-adolescentes-mais-talentosos-do-mundo\/\",\"name\":\"Aluno do SESI recebe pr\u00eamio como um dos adolescentes mais talentosos do mundo - SESI\",\"isPartOf\":{\"@id\":\"https:\/\/www.fiemg.com.br\/sesi\/#website\"},\"primaryImageOfPage\":{\"@id\":\"https:\/\/www.fiemg.com.br\/sesi\/noticias\/aluno-do-sesi-recebe-premio-como-um-dos-adolescentes-mais-talentosos-do-mundo\/#primaryimage\"},\"image\":{\"@id\":\"https:\/\/www.fiemg.com.br\/sesi\/noticias\/aluno-do-sesi-recebe-premio-como-um-dos-adolescentes-mais-talentosos-do-mundo\/#primaryimage\"},\"thumbnailUrl\":\"https:\/\/www.fiemg.com.br\/sesi\/wp-content\/uploads\/sites\/11\/2023\/08\/Aluno-sesi-vencedor-de-diversos-concursos-e-olimpiadas-educacionais.png\",\"datePublished\":\"2023-08-21T22:37:27+00:00\",\"dateModified\":\"2023-08-22T22:07:19+00:00\",\"breadcrumb\":{\"@id\":\"https:\/\/www.fiemg.com.br\/sesi\/noticias\/aluno-do-sesi-recebe-premio-como-um-dos-adolescentes-mais-talentosos-do-mundo\/#breadcrumb\"},\"inLanguage\":\"pt-BR\",\"potentialAction\":[{\"@type\":\"ReadAction\",\"target\":[\"https:\/\/www.fiemg.com.br\/sesi\/noticias\/aluno-do-sesi-recebe-premio-como-um-dos-adolescentes-mais-talentosos-do-mundo\/\"]}]},{\"@type\":\"ImageObject\",\"inLanguage\":\"pt-BR\",\"@id\":\"https:\/\/www.fiemg.com.br\/sesi\/noticias\/aluno-do-sesi-recebe-premio-como-um-dos-adolescentes-mais-talentosos-do-mundo\/#primaryimage\",\"url\":\"https:\/\/www.fiemg.com.br\/sesi\/wp-content\/uploads\/sites\/11\/2023\/08\/Aluno-sesi-vencedor-de-diversos-concursos-e-olimpiadas-educacionais.png\",\"contentUrl\":\"https:\/\/www.fiemg.com.br\/sesi\/wp-content\/uploads\/sites\/11\/2023\/08\/Aluno-sesi-vencedor-de-diversos-concursos-e-olimpiadas-educacionais.png\",\"width\":300,\"height\":300,\"caption\":\"Aluno sesi vencedor de diversos concursos e olimp\u00edadas educacionais\"},{\"@type\":\"BreadcrumbList\",\"@id\":\"https:\/\/www.fiemg.com.br\/sesi\/noticias\/aluno-do-sesi-recebe-premio-como-um-dos-adolescentes-mais-talentosos-do-mundo\/#breadcrumb\",\"itemListElement\":[{\"@type\":\"ListItem\",\"position\":1,\"name\":\"In\u00edcio\",\"item\":\"https:\/\/www.fiemg.com.br\/sesi\/\"},{\"@type\":\"ListItem\",\"position\":2,\"name\":\"Aluno do SESI recebe pr\u00eamio como um dos adolescentes mais talentosos do mundo\"}]},{\"@type\":\"WebSite\",\"@id\":\"https:\/\/www.fiemg.com.br\/sesi\/#website\",\"url\":\"https:\/\/www.fiemg.com.br\/sesi\/\",\"name\":\"SESI\",\"description\":\"Federa\u00e7\u00e3o das Ind\u00fastrias do Estado de Minas Gerais\",\"publisher\":{\"@id\":\"https:\/\/www.fiemg.com.br\/sesi\/#organization\"},\"potentialAction\":[{\"@type\":\"SearchAction\",\"target\":{\"@type\":\"EntryPoint\",\"urlTemplate\":\"https:\/\/www.fiemg.com.br\/sesi\/?s={search_term_string}\"},\"query-input\":{\"@type\":\"PropertyValueSpecification\",\"valueRequired\":true,\"valueName\":\"search_term_string\"}}],\"inLanguage\":\"pt-BR\"},{\"@type\":\"Organization\",\"@id\":\"https:\/\/www.fiemg.com.br\/sesi\/#organization\",\"name\":\"SESI\",\"url\":\"https:\/\/www.fiemg.com.br\/sesi\/\",\"logo\":{\"@type\":\"ImageObject\",\"inLanguage\":\"pt-BR\",\"@id\":\"https:\/\/www.fiemg.com.br\/sesi\/#\/schema\/logo\/image\/\",\"url\":\"https:\/\/www.fiemg.com.br\/sesi\/wp-content\/uploads\/sites\/11\/2023\/02\/SESI_branco.svg\",\"contentUrl\":\"https:\/\/www.fiemg.com.br\/sesi\/wp-content\/uploads\/sites\/11\/2023\/02\/SESI_branco.svg\",\"width\":168,\"height\":62,\"caption\":\"SESI\"},\"image\":{\"@id\":\"https:\/\/www.fiemg.com.br\/sesi\/#\/schema\/logo\/image\/\"}}]}<\/script>\n<!-- \/ Yoast SEO plugin. -->","yoast_head_json":{"title":"Aluno do SESI recebe pr\u00eamio como um dos adolescentes mais talentosos do mundo - SESI","robots":{"index":"index","follow":"follow","max-snippet":"max-snippet:-1","max-image-preview":"max-image-preview:large","max-video-preview":"max-video-preview:-1"},"canonical":"https:\/\/www.fiemg.com.br\/sesi\/noticias\/aluno-do-sesi-recebe-premio-como-um-dos-adolescentes-mais-talentosos-do-mundo\/","og_locale":"pt_BR","og_type":"article","og_title":"Aluno do SESI recebe pr\u00eamio como um dos adolescentes mais talentosos do mundo - SESI","og_description":"Aos 13 anos, Gabriel Rocha, aluno do 8\u00ba ano do Ensino Fundamental na Escola SESI Newton Ant\u00f4nio da Silva Pereira, no bairro S\u00e3o Paulo, em Belo Horizonte, coleciona pr\u00eamios e medalhas em competi\u00e7\u00f5es estudantis. A mais recente conquista foi neste m\u00eas e veio da \u00cdndia, ultrapassando fronteiras. Dessa vez, o estudante foi reconhecido pelo \u201cInternational [&hellip;]","og_url":"https:\/\/www.fiemg.com.br\/sesi\/noticias\/aluno-do-sesi-recebe-premio-como-um-dos-adolescentes-mais-talentosos-do-mundo\/","og_site_name":"SESI","article_modified_time":"2023-08-22T22:07:19+00:00","og_image":[{"width":544,"height":747,"url":"https:\/\/www.fiemg.com.br\/sesi\/wp-content\/uploads\/sites\/11\/2023\/08\/gabreil-sesi-premio-e1692657367584.jpeg","type":"image\/jpeg"}],"twitter_card":"summary_large_image","twitter_misc":{"Est. tempo de leitura":"4 minutos"},"schema":{"@context":"https:\/\/schema.org","@graph":[{"@type":"WebPage","@id":"https:\/\/www.fiemg.com.br\/sesi\/noticias\/aluno-do-sesi-recebe-premio-como-um-dos-adolescentes-mais-talentosos-do-mundo\/","url":"https:\/\/www.fiemg.com.br\/sesi\/noticias\/aluno-do-sesi-recebe-premio-como-um-dos-adolescentes-mais-talentosos-do-mundo\/","name":"Aluno do SESI recebe pr\u00eamio como um dos adolescentes mais talentosos do mundo - SESI","isPartOf":{"@id":"https:\/\/www.fiemg.com.br\/sesi\/#website"},"primaryImageOfPage":{"@id":"https:\/\/www.fiemg.com.br\/sesi\/noticias\/aluno-do-sesi-recebe-premio-como-um-dos-adolescentes-mais-talentosos-do-mundo\/#primaryimage"},"image":{"@id":"https:\/\/www.fiemg.com.br\/sesi\/noticias\/aluno-do-sesi-recebe-premio-como-um-dos-adolescentes-mais-talentosos-do-mundo\/#primaryimage"},"thumbnailUrl":"https:\/\/www.fiemg.com.br\/sesi\/wp-content\/uploads\/sites\/11\/2023\/08\/Aluno-sesi-vencedor-de-diversos-concursos-e-olimpiadas-educacionais.png","datePublished":"2023-08-21T22:37:27+00:00","dateModified":"2023-08-22T22:07:19+00:00","breadcrumb":{"@id":"https:\/\/www.fiemg.com.br\/sesi\/noticias\/aluno-do-sesi-recebe-premio-como-um-dos-adolescentes-mais-talentosos-do-mundo\/#breadcrumb"},"inLanguage":"pt-BR","potentialAction":[{"@type":"ReadAction","target":["https:\/\/www.fiemg.com.br\/sesi\/noticias\/aluno-do-sesi-recebe-premio-como-um-dos-adolescentes-mais-talentosos-do-mundo\/"]}]},{"@type":"ImageObject","inLanguage":"pt-BR","@id":"https:\/\/www.fiemg.com.br\/sesi\/noticias\/aluno-do-sesi-recebe-premio-como-um-dos-adolescentes-mais-talentosos-do-mundo\/#primaryimage","url":"https:\/\/www.fiemg.com.br\/sesi\/wp-content\/uploads\/sites\/11\/2023\/08\/Aluno-sesi-vencedor-de-diversos-concursos-e-olimpiadas-educacionais.png","contentUrl":"https:\/\/www.fiemg.com.br\/sesi\/wp-content\/uploads\/sites\/11\/2023\/08\/Aluno-sesi-vencedor-de-diversos-concursos-e-olimpiadas-educacionais.png","width":300,"height":300,"caption":"Aluno sesi vencedor de diversos concursos e olimp\u00edadas educacionais"},{"@type":"BreadcrumbList","@id":"https:\/\/www.fiemg.com.br\/sesi\/noticias\/aluno-do-sesi-recebe-premio-como-um-dos-adolescentes-mais-talentosos-do-mundo\/#breadcrumb","itemListElement":[{"@type":"ListItem","position":1,"name":"In\u00edcio","item":"https:\/\/www.fiemg.com.br\/sesi\/"},{"@type":"ListItem","position":2,"name":"Aluno do SESI recebe pr\u00eamio como um dos adolescentes mais talentosos do mundo"}]},{"@type":"WebSite","@id":"https:\/\/www.fiemg.com.br\/sesi\/#website","url":"https:\/\/www.fiemg.com.br\/sesi\/","name":"SESI","description":"Federa\u00e7\u00e3o das Ind\u00fastrias do Estado de Minas Gerais","publisher":{"@id":"https:\/\/www.fiemg.com.br\/sesi\/#organization"},"potentialAction":[{"@type":"SearchAction","target":{"@type":"EntryPoint","urlTemplate":"https:\/\/www.fiemg.com.br\/sesi\/?s={search_term_string}"},"query-input":{"@type":"PropertyValueSpecification","valueRequired":true,"valueName":"search_term_string"}}],"inLanguage":"pt-BR"},{"@type":"Organization","@id":"https:\/\/www.fiemg.com.br\/sesi\/#organization","name":"SESI","url":"https:\/\/www.fiemg.com.br\/sesi\/","logo":{"@type":"ImageObject","inLanguage":"pt-BR","@id":"https:\/\/www.fiemg.com.br\/sesi\/#\/schema\/logo\/image\/","url":"https:\/\/www.fiemg.com.br\/sesi\/wp-content\/uploads\/sites\/11\/2023\/02\/SESI_branco.svg","contentUrl":"https:\/\/www.fiemg.com.br\/sesi\/wp-content\/uploads\/sites\/11\/2023\/02\/SESI_branco.svg","width":168,"height":62,"caption":"SESI"},"image":{"@id":"https:\/\/www.fiemg.com.br\/sesi\/#\/schema\/logo\/image\/"}}]}},"_links":{"self":[{"href":"https:\/\/www.fiemg.com.br\/sesi\/wp-json\/wp\/v2\/noticias\/1960","targetHints":{"allow":["GET"]}}],"collection":[{"href":"https:\/\/www.fiemg.com.br\/sesi\/wp-json\/wp\/v2\/noticias"}],"about":[{"href":"https:\/\/www.fiemg.com.br\/sesi\/wp-json\/wp\/v2\/types\/noticias"}],"wp:featuredmedia":[{"embeddable":true,"href":"https:\/\/www.fiemg.com.br\/sesi\/wp-json\/wp\/v2\/media\/1962"}],"wp:attachment":[{"href":"https:\/\/www.fiemg.com.br\/sesi\/wp-json\/wp\/v2\/media?parent=1960"}],"wp:term":[{"taxonomy":"category","embeddable":true,"href":"https:\/\/www.fiemg.com.br\/sesi\/wp-json\/wp\/v2\/categories?post=1960"},{"taxonomy":"post_tag","embeddable":true,"href":"https:\/\/www.fiemg.com.br\/sesi\/wp-json\/wp\/v2\/tags?post=1960"}],"curies":[{"name":"wp","href":"https:\/\/api.w.org\/{rel}","templated":true}]}}