{"id":2458,"date":"2023-10-26T10:42:00","date_gmt":"2023-10-26T13:42:00","guid":{"rendered":"https:\/\/www.fiemg.com.br\/sesi\/noticias\/bem-estar-no-ambiente-de-trabalho-foi-discutido-por-especialistas-durante-o-imersao-industria\/"},"modified":"2023-10-27T10:46:34","modified_gmt":"2023-10-27T13:46:34","slug":"bem-estar-no-ambiente-de-trabalho-foi-discutido-por-especialistas-durante-o-imersao-industria","status":"publish","type":"noticias","link":"https:\/\/www.fiemg.com.br\/sesi\/noticias\/bem-estar-no-ambiente-de-trabalho-foi-discutido-por-especialistas-durante-o-imersao-industria\/","title":{"rendered":"Felicidade, mesmo no trabalho"},"content":{"rendered":"\n<figure class=\"wp-block-image aligncenter size-large is-resized\"><img decoding=\"async\" src=\"https:\/\/www.fiemg.com.br\/sesi\/wp-content\/uploads\/sites\/11\/2023\/10\/Felicidade-no-trabalho-1-1024x768.jpeg\" alt=\"\" class=\"wp-image-2459\" style=\"width:600px\" width=\"600\" srcset=\"https:\/\/www.fiemg.com.br\/sesi\/wp-content\/uploads\/sites\/11\/2023\/10\/Felicidade-no-trabalho-1-1024x768.jpeg 1024w, https:\/\/www.fiemg.com.br\/sesi\/wp-content\/uploads\/sites\/11\/2023\/10\/Felicidade-no-trabalho-1-300x225.jpeg 300w, https:\/\/www.fiemg.com.br\/sesi\/wp-content\/uploads\/sites\/11\/2023\/10\/Felicidade-no-trabalho-1-768x576.jpeg 768w, https:\/\/www.fiemg.com.br\/sesi\/wp-content\/uploads\/sites\/11\/2023\/10\/Felicidade-no-trabalho-1-1536x1152.jpeg 1536w, https:\/\/www.fiemg.com.br\/sesi\/wp-content\/uploads\/sites\/11\/2023\/10\/Felicidade-no-trabalho-1.jpeg 1600w\" sizes=\"(max-width: 1024px) 100vw, 1024px\" \/><\/figure>\n\n\n\n<p><\/p>\n\n\n\n<p>\u00c9 poss\u00edvel ser feliz no trabalho? Essa pergunta norteou o debate realizado no dia 26 de outubro, no Minascentro, em Belo Horizonte. Os debatedores foram Benedito Nunes, presidente do Instituto Movimento pela Felicidade, e Adriana Mansueto, l\u00edder de Bem-Estar e Sa\u00fade da Gerdau Brasil. A media\u00e7\u00e3o foi feita por Alessandra Rubim Rigueira, da ger\u00eancia de Responsabilidade Social Empresarial do SESI-MG.<\/p>\n\n\n\n<p>Para Nunes, a sociedade est\u00e1 aprendendo a lidar com a natureza, plantar \u00e1rvores, a cuidar da palavra de oz\u00f4nio, das matas ciliares e recuperar nascentes, mas esquecemos de cuidar das pessoas. \u201cEntretanto, n\u00f3s n\u00e3o somos recursos, n\u00f3s somos fontes que precisam ser renovadas e, \u00e0s vezes, com gestos simples, como um bom dia\u201d, reflete.<\/p>\n\n\n\n<p>Segundo ele, a partir do momento que passamos a olhar para o outro com mais empatia,&nbsp; os resultados come\u00e7am aparecer. \u201cAssim teremos um time engajado, mas, para isso, \u00e9 importante que as pessoas tenham voz \u201d, afirmou ele, lembrando que, durante a pandemia, era comum que as pessoas trabalhassem 14 horas por dia. \u201cEntretanto, quando nos debru\u00e7amos nos estudos de produtividade, chegamos a conclus\u00e3o que as primeiras seis primeiras horas s\u00e3o as mais produtivas. Depois o piloto autom\u00e1tico \u00e9 ligado e a cada hora que passa, vai se perdendo a criatividade\u201d.&nbsp;<\/p>\n\n\n\n<p>Se o ambiente for ideal, cada um de n\u00f3s tem a incr\u00edvel capacidade de fazer coisas not\u00e1veis. Ent\u00e3o, n\u00e3o vamos tutelar a felicidade de ningu\u00e9m, n\u00f3s vamos criar ecossistemas que permitam \u00e0s pessoas mostrarem o que elas tem de mais valioso e todos saem ganhando. \u201cPrecisamos ganhar&nbsp; criar ambientes favor\u00e1veis, ecossistema que permitam com que as pessoas encontrem o caminho da felicidade e curtam os resultados\u201d, disse, ressaltando, que executivos que est\u00e3o cada vez mais demandando planos de a\u00e7\u00e3o para implementa\u00e7\u00e3o de boas pr\u00e1ticas de lideran\u00e7a e de felicidade corporativa.&nbsp;<\/p>\n\n\n\n<p>Um desejo que n\u00f3s temos pras nossas organiza\u00e7\u00f5es \u00e9 que os nossos colaboradores sejam mais felizes e, com isso, mais saud\u00e1veis, mais longevos e contentes com suas escolhas profissionais. E eu me lembro da vov\u00f3 falando assim, o que mata n\u00e3o \u00e9 o trabalho, \u00e9 o desgosto de fazer aquilo de fazer o que n\u00e3o se gosta.<br><br>Adriana Mansueto, l\u00edder de Bem-Estar e Sa\u00fade da Gerdau Brasil, contribuiu com o debate compartilhando as a\u00e7\u00f5es que a empresa Gerdau tem no setor&nbsp; de sa\u00fade e bem-estar de seus colaboradores. \u201c\u00c9 uma \u00e1rea que \u00e9 muito cara para mim e, na Gerdau, existe desde 2019, o que fez toda a diferen\u00e7a na hora de apoiar os funcion\u00e1rios durante o dif\u00edcil per\u00edodo da pandemia. Queremos que os trabalhadores digam que amam trabalhar aqui, pois \u00e9 onde eles passam a maior parte do tempo sendo tamb\u00e9m, feliz.\u201d.<\/p>\n\n\n\n<p>Dentre as iniciativas da Gerdau na \u00e1rea de Sa\u00fade e Bem-Estar est\u00e3o: Coaching de Sa\u00fade Mental, que \u00e9 um programa que oferece um processo estruturado para lideran\u00e7as, Beb\u00ea&amp;Cia, que oferece acolhimento emocional para quem retorna de licen\u00e7a maternidade, e Mais Cuidado, que \u00e9 gratuito e confidencial que disponibiliza atendimentos para quest\u00f5es psicol\u00f3gicas financeiras, jur\u00eddicas e sociais.<br><br>A palestra Felicidade no trabalho fez parte da agenda do evento Imers\u00e3o Ind\u00fastria, realizado de 23 a 26 de outubro no Minascentro, em Belo Horizonte. A realiza\u00e7\u00e3o foi da FIEMG, com o patroc\u00ednio master da Gerdau, Herculano Minera\u00e7\u00e3o, ArcelorMittal, Matrix Energia e Cedro Minera\u00e7\u00e3o. Usiminas, Sicoob Credifiemg, Sicoob Crediminas, Gasmig, Vale e Copasa s\u00e3o os patrocinadores ouro. BAT, Cemig, BEMISA, Shell, os patrocinadores prata. O apoio \u00e9 da Unimed-BH, (Re) Energisa, J Mendes Minera\u00e7\u00e3o, CMU Energia, Rede 98, Itatiaia, Rede Minas, R\u00e1dio Inconfid\u00eancia, UNA e Sebrae.<\/p>\n\n\n\n<p><em>Denise Lucas<\/em><br><strong>Imprensa FIEMG<\/strong><\/p>\n","protected":false},"featured_media":2460,"template":"","categories":[15],"tags":[303,304,102,305,306,307],"class_list":["post-2458","noticias","type-noticias","status-publish","has-post-thumbnail","hentry","category-desenvolvimento-industrial","tag-bem-estar-2","tag-felicidade","tag-fiemg","tag-gerdau","tag-rh","tag-trabalho"],"acf":[],"yoast_head":"<!-- This site is optimized with the Yoast SEO plugin v26.2 - https:\/\/yoast.com\/wordpress\/plugins\/seo\/ -->\n<title>Felicidade, mesmo no trabalho - SESI<\/title>\n<meta name=\"description\" content=\"Bem-estar no ambiente de trabalho foi discutido por especialistas durante o Imers\u00e3o Ind\u00fastria\" \/>\n<meta name=\"robots\" content=\"index, follow, max-snippet:-1, max-image-preview:large, max-video-preview:-1\" \/>\n<link rel=\"canonical\" href=\"https:\/\/www.fiemg.com.br\/sesi\/noticias\/bem-estar-no-ambiente-de-trabalho-foi-discutido-por-especialistas-durante-o-imersao-industria\/\" \/>\n<meta property=\"og:locale\" content=\"pt_BR\" \/>\n<meta property=\"og:type\" content=\"article\" \/>\n<meta property=\"og:title\" content=\"Felicidade, mesmo no trabalho - SESI\" \/>\n<meta property=\"og:description\" content=\"Bem-estar no ambiente de trabalho foi discutido por especialistas durante o Imers\u00e3o Ind\u00fastria\" \/>\n<meta property=\"og:url\" content=\"https:\/\/www.fiemg.com.br\/sesi\/noticias\/bem-estar-no-ambiente-de-trabalho-foi-discutido-por-especialistas-durante-o-imersao-industria\/\" \/>\n<meta property=\"og:site_name\" content=\"SESI\" \/>\n<meta property=\"article:modified_time\" content=\"2023-10-27T13:46:34+00:00\" \/>\n<meta property=\"og:image\" content=\"https:\/\/www.fiemg.com.br\/sesi\/wp-content\/uploads\/sites\/11\/2023\/10\/Felicidade-no-trabalho.jpeg\" \/>\n\t<meta property=\"og:image:width\" content=\"1600\" \/>\n\t<meta property=\"og:image:height\" content=\"1200\" \/>\n\t<meta property=\"og:image:type\" content=\"image\/jpeg\" \/>\n<meta name=\"twitter:card\" content=\"summary_large_image\" \/>\n<meta name=\"twitter:label1\" content=\"Est. tempo de leitura\" \/>\n\t<meta name=\"twitter:data1\" content=\"4 minutos\" \/>\n<script type=\"application\/ld+json\" class=\"yoast-schema-graph\">{\"@context\":\"https:\/\/schema.org\",\"@graph\":[{\"@type\":\"WebPage\",\"@id\":\"https:\/\/www.fiemg.com.br\/sesi\/noticias\/bem-estar-no-ambiente-de-trabalho-foi-discutido-por-especialistas-durante-o-imersao-industria\/\",\"url\":\"https:\/\/www.fiemg.com.br\/sesi\/noticias\/bem-estar-no-ambiente-de-trabalho-foi-discutido-por-especialistas-durante-o-imersao-industria\/\",\"name\":\"Felicidade, mesmo no trabalho - SESI\",\"isPartOf\":{\"@id\":\"https:\/\/www.fiemg.com.br\/sesi\/#website\"},\"primaryImageOfPage\":{\"@id\":\"https:\/\/www.fiemg.com.br\/sesi\/noticias\/bem-estar-no-ambiente-de-trabalho-foi-discutido-por-especialistas-durante-o-imersao-industria\/#primaryimage\"},\"image\":{\"@id\":\"https:\/\/www.fiemg.com.br\/sesi\/noticias\/bem-estar-no-ambiente-de-trabalho-foi-discutido-por-especialistas-durante-o-imersao-industria\/#primaryimage\"},\"thumbnailUrl\":\"https:\/\/www.fiemg.com.br\/sesi\/wp-content\/uploads\/sites\/11\/2023\/10\/Felicidade-no-trabalho.jpeg\",\"datePublished\":\"2023-10-26T13:42:00+00:00\",\"dateModified\":\"2023-10-27T13:46:34+00:00\",\"description\":\"Bem-estar no ambiente de trabalho foi discutido por especialistas durante o Imers\u00e3o Ind\u00fastria\",\"breadcrumb\":{\"@id\":\"https:\/\/www.fiemg.com.br\/sesi\/noticias\/bem-estar-no-ambiente-de-trabalho-foi-discutido-por-especialistas-durante-o-imersao-industria\/#breadcrumb\"},\"inLanguage\":\"pt-BR\",\"potentialAction\":[{\"@type\":\"ReadAction\",\"target\":[\"https:\/\/www.fiemg.com.br\/sesi\/noticias\/bem-estar-no-ambiente-de-trabalho-foi-discutido-por-especialistas-durante-o-imersao-industria\/\"]}]},{\"@type\":\"ImageObject\",\"inLanguage\":\"pt-BR\",\"@id\":\"https:\/\/www.fiemg.com.br\/sesi\/noticias\/bem-estar-no-ambiente-de-trabalho-foi-discutido-por-especialistas-durante-o-imersao-industria\/#primaryimage\",\"url\":\"https:\/\/www.fiemg.com.br\/sesi\/wp-content\/uploads\/sites\/11\/2023\/10\/Felicidade-no-trabalho.jpeg\",\"contentUrl\":\"https:\/\/www.fiemg.com.br\/sesi\/wp-content\/uploads\/sites\/11\/2023\/10\/Felicidade-no-trabalho.jpeg\",\"width\":1600,\"height\":1200,\"caption\":\"Felicidade no trabalho\"},{\"@type\":\"BreadcrumbList\",\"@id\":\"https:\/\/www.fiemg.com.br\/sesi\/noticias\/bem-estar-no-ambiente-de-trabalho-foi-discutido-por-especialistas-durante-o-imersao-industria\/#breadcrumb\",\"itemListElement\":[{\"@type\":\"ListItem\",\"position\":1,\"name\":\"In\u00edcio\",\"item\":\"https:\/\/www.fiemg.com.br\/sesi\/\"},{\"@type\":\"ListItem\",\"position\":2,\"name\":\"Felicidade, mesmo no trabalho\"}]},{\"@type\":\"WebSite\",\"@id\":\"https:\/\/www.fiemg.com.br\/sesi\/#website\",\"url\":\"https:\/\/www.fiemg.com.br\/sesi\/\",\"name\":\"SESI\",\"description\":\"Federa\u00e7\u00e3o das Ind\u00fastrias do Estado de Minas Gerais\",\"publisher\":{\"@id\":\"https:\/\/www.fiemg.com.br\/sesi\/#organization\"},\"potentialAction\":[{\"@type\":\"SearchAction\",\"target\":{\"@type\":\"EntryPoint\",\"urlTemplate\":\"https:\/\/www.fiemg.com.br\/sesi\/?s={search_term_string}\"},\"query-input\":{\"@type\":\"PropertyValueSpecification\",\"valueRequired\":true,\"valueName\":\"search_term_string\"}}],\"inLanguage\":\"pt-BR\"},{\"@type\":\"Organization\",\"@id\":\"https:\/\/www.fiemg.com.br\/sesi\/#organization\",\"name\":\"SESI\",\"url\":\"https:\/\/www.fiemg.com.br\/sesi\/\",\"logo\":{\"@type\":\"ImageObject\",\"inLanguage\":\"pt-BR\",\"@id\":\"https:\/\/www.fiemg.com.br\/sesi\/#\/schema\/logo\/image\/\",\"url\":\"https:\/\/www.fiemg.com.br\/sesi\/wp-content\/uploads\/sites\/11\/2023\/02\/SESI_branco.svg\",\"contentUrl\":\"https:\/\/www.fiemg.com.br\/sesi\/wp-content\/uploads\/sites\/11\/2023\/02\/SESI_branco.svg\",\"width\":168,\"height\":62,\"caption\":\"SESI\"},\"image\":{\"@id\":\"https:\/\/www.fiemg.com.br\/sesi\/#\/schema\/logo\/image\/\"}}]}<\/script>\n<!-- \/ Yoast SEO plugin. -->","yoast_head_json":{"title":"Felicidade, mesmo no trabalho - SESI","description":"Bem-estar no ambiente de trabalho foi discutido por especialistas durante o Imers\u00e3o Ind\u00fastria","robots":{"index":"index","follow":"follow","max-snippet":"max-snippet:-1","max-image-preview":"max-image-preview:large","max-video-preview":"max-video-preview:-1"},"canonical":"https:\/\/www.fiemg.com.br\/sesi\/noticias\/bem-estar-no-ambiente-de-trabalho-foi-discutido-por-especialistas-durante-o-imersao-industria\/","og_locale":"pt_BR","og_type":"article","og_title":"Felicidade, mesmo no trabalho - SESI","og_description":"Bem-estar no ambiente de trabalho foi discutido por especialistas durante o Imers\u00e3o Ind\u00fastria","og_url":"https:\/\/www.fiemg.com.br\/sesi\/noticias\/bem-estar-no-ambiente-de-trabalho-foi-discutido-por-especialistas-durante-o-imersao-industria\/","og_site_name":"SESI","article_modified_time":"2023-10-27T13:46:34+00:00","og_image":[{"width":1600,"height":1200,"url":"https:\/\/www.fiemg.com.br\/sesi\/wp-content\/uploads\/sites\/11\/2023\/10\/Felicidade-no-trabalho.jpeg","type":"image\/jpeg"}],"twitter_card":"summary_large_image","twitter_misc":{"Est. tempo de leitura":"4 minutos"},"schema":{"@context":"https:\/\/schema.org","@graph":[{"@type":"WebPage","@id":"https:\/\/www.fiemg.com.br\/sesi\/noticias\/bem-estar-no-ambiente-de-trabalho-foi-discutido-por-especialistas-durante-o-imersao-industria\/","url":"https:\/\/www.fiemg.com.br\/sesi\/noticias\/bem-estar-no-ambiente-de-trabalho-foi-discutido-por-especialistas-durante-o-imersao-industria\/","name":"Felicidade, mesmo no trabalho - SESI","isPartOf":{"@id":"https:\/\/www.fiemg.com.br\/sesi\/#website"},"primaryImageOfPage":{"@id":"https:\/\/www.fiemg.com.br\/sesi\/noticias\/bem-estar-no-ambiente-de-trabalho-foi-discutido-por-especialistas-durante-o-imersao-industria\/#primaryimage"},"image":{"@id":"https:\/\/www.fiemg.com.br\/sesi\/noticias\/bem-estar-no-ambiente-de-trabalho-foi-discutido-por-especialistas-durante-o-imersao-industria\/#primaryimage"},"thumbnailUrl":"https:\/\/www.fiemg.com.br\/sesi\/wp-content\/uploads\/sites\/11\/2023\/10\/Felicidade-no-trabalho.jpeg","datePublished":"2023-10-26T13:42:00+00:00","dateModified":"2023-10-27T13:46:34+00:00","description":"Bem-estar no ambiente de trabalho foi discutido por especialistas durante o Imers\u00e3o Ind\u00fastria","breadcrumb":{"@id":"https:\/\/www.fiemg.com.br\/sesi\/noticias\/bem-estar-no-ambiente-de-trabalho-foi-discutido-por-especialistas-durante-o-imersao-industria\/#breadcrumb"},"inLanguage":"pt-BR","potentialAction":[{"@type":"ReadAction","target":["https:\/\/www.fiemg.com.br\/sesi\/noticias\/bem-estar-no-ambiente-de-trabalho-foi-discutido-por-especialistas-durante-o-imersao-industria\/"]}]},{"@type":"ImageObject","inLanguage":"pt-BR","@id":"https:\/\/www.fiemg.com.br\/sesi\/noticias\/bem-estar-no-ambiente-de-trabalho-foi-discutido-por-especialistas-durante-o-imersao-industria\/#primaryimage","url":"https:\/\/www.fiemg.com.br\/sesi\/wp-content\/uploads\/sites\/11\/2023\/10\/Felicidade-no-trabalho.jpeg","contentUrl":"https:\/\/www.fiemg.com.br\/sesi\/wp-content\/uploads\/sites\/11\/2023\/10\/Felicidade-no-trabalho.jpeg","width":1600,"height":1200,"caption":"Felicidade no trabalho"},{"@type":"BreadcrumbList","@id":"https:\/\/www.fiemg.com.br\/sesi\/noticias\/bem-estar-no-ambiente-de-trabalho-foi-discutido-por-especialistas-durante-o-imersao-industria\/#breadcrumb","itemListElement":[{"@type":"ListItem","position":1,"name":"In\u00edcio","item":"https:\/\/www.fiemg.com.br\/sesi\/"},{"@type":"ListItem","position":2,"name":"Felicidade, mesmo no trabalho"}]},{"@type":"WebSite","@id":"https:\/\/www.fiemg.com.br\/sesi\/#website","url":"https:\/\/www.fiemg.com.br\/sesi\/","name":"SESI","description":"Federa\u00e7\u00e3o das Ind\u00fastrias do Estado de Minas Gerais","publisher":{"@id":"https:\/\/www.fiemg.com.br\/sesi\/#organization"},"potentialAction":[{"@type":"SearchAction","target":{"@type":"EntryPoint","urlTemplate":"https:\/\/www.fiemg.com.br\/sesi\/?s={search_term_string}"},"query-input":{"@type":"PropertyValueSpecification","valueRequired":true,"valueName":"search_term_string"}}],"inLanguage":"pt-BR"},{"@type":"Organization","@id":"https:\/\/www.fiemg.com.br\/sesi\/#organization","name":"SESI","url":"https:\/\/www.fiemg.com.br\/sesi\/","logo":{"@type":"ImageObject","inLanguage":"pt-BR","@id":"https:\/\/www.fiemg.com.br\/sesi\/#\/schema\/logo\/image\/","url":"https:\/\/www.fiemg.com.br\/sesi\/wp-content\/uploads\/sites\/11\/2023\/02\/SESI_branco.svg","contentUrl":"https:\/\/www.fiemg.com.br\/sesi\/wp-content\/uploads\/sites\/11\/2023\/02\/SESI_branco.svg","width":168,"height":62,"caption":"SESI"},"image":{"@id":"https:\/\/www.fiemg.com.br\/sesi\/#\/schema\/logo\/image\/"}}]}},"_links":{"self":[{"href":"https:\/\/www.fiemg.com.br\/sesi\/wp-json\/wp\/v2\/noticias\/2458","targetHints":{"allow":["GET"]}}],"collection":[{"href":"https:\/\/www.fiemg.com.br\/sesi\/wp-json\/wp\/v2\/noticias"}],"about":[{"href":"https:\/\/www.fiemg.com.br\/sesi\/wp-json\/wp\/v2\/types\/noticias"}],"wp:featuredmedia":[{"embeddable":true,"href":"https:\/\/www.fiemg.com.br\/sesi\/wp-json\/wp\/v2\/media\/2460"}],"wp:attachment":[{"href":"https:\/\/www.fiemg.com.br\/sesi\/wp-json\/wp\/v2\/media?parent=2458"}],"wp:term":[{"taxonomy":"category","embeddable":true,"href":"https:\/\/www.fiemg.com.br\/sesi\/wp-json\/wp\/v2\/categories?post=2458"},{"taxonomy":"post_tag","embeddable":true,"href":"https:\/\/www.fiemg.com.br\/sesi\/wp-json\/wp\/v2\/tags?post=2458"}],"curies":[{"name":"wp","href":"https:\/\/api.w.org\/{rel}","templated":true}]}}