{"id":2878,"date":"2024-06-25T15:34:22","date_gmt":"2024-06-25T18:34:22","guid":{"rendered":"https:\/\/www.fiemg.com.br\/sesi\/noticias\/anglogold-ashanti-celebra-190-anos-com-anuncio-de-r-11-bi-em-investimentos-e-lancamento-da-pedra-fundamental-do-sesi-nova-lima\/"},"modified":"2024-06-25T15:46:23","modified_gmt":"2024-06-25T18:46:23","slug":"anglogold-ashanti-celebra-190-anos-com-anuncio-de-r-11-bi-em-investimentos-e-lancamento-da-pedra-fundamental-do-sesi-nova-lima","status":"publish","type":"noticias","link":"https:\/\/www.fiemg.com.br\/sesi\/noticias\/anglogold-ashanti-celebra-190-anos-com-anuncio-de-r-11-bi-em-investimentos-e-lancamento-da-pedra-fundamental-do-sesi-nova-lima\/","title":{"rendered":"FIEMG lan\u00e7a pedra fundamental do SESI Nova Lima"},"content":{"rendered":"\n<p>A ind\u00fastria de maior longevidade do Brasil, a AngloGold Ashanti chega em 2024 aos seus 190 anos de atua\u00e7\u00e3o no pa\u00eds. A empresa d\u00e1 continuidade ao legado da Saint John Del Rey Mining Company, que iniciou suas atividades, em 1834, em Nova Lima, na Regi\u00e3o Metropolitana de Belo Horizonte. Em seus quase dois s\u00e9culos de atua\u00e7\u00e3o, conjuga tradi\u00e7\u00e3o \u00e0 inova\u00e7\u00e3o, baseada em uma minera\u00e7\u00e3o respons\u00e1vel, com valores como seguran\u00e7a, respeito e sustentabilidade.&nbsp;<\/p>\n\n\n\n<p>Com presen\u00e7a do governador Romeu Zema, do presidente da Federa\u00e7\u00e3o das Ind\u00fastrias do Estado de Minas&nbsp;Gerais (FIEMG), Fl\u00e1vio Roscoe, e do prefeito&nbsp;de Nova Lima, Jo\u00e3o Marcelo Dieguez, a empresa divulgou, nesta ter\u00e7a-feira (25\/6), &nbsp;o aporte de R$ 1,1 bilh\u00e3o em suas opera\u00e7\u00f5es no Brasil e a entrega do im\u00f3vel da sede hist\u00f3rica da empresa para o&nbsp;SESI-MG.<\/p>\n\n\n\n<p>O presidente da AngloGold Ashanti na Am\u00e9rica Latina, Marcelo Pereira, ressaltou a import\u00e2ncia de se completar 190 anos olhando para o amanh\u00e3. \u201cNossos investimentos refor\u00e7am nosso compromisso com o futuro, em busca de resultados baseados sempre na sustentabilidade. Ao mesmo tempo, \u00e9 muito simb\u00f3lico fazer isto neste lugar que nos hospedou por tanto tempo e, agora, segue para o maior legado que pode existir: educa\u00e7\u00e3o de qualidade para alunos de Nova Lima e regi\u00e3o\u201d, afirmou.<\/p>\n\n\n\n<p>Com o investimento de R$ 1,1 bi, anunciado para 2024, a empresa refor\u00e7a suas opera\u00e7\u00f5es no Brasil, com avan\u00e7os tecnol\u00f3gicos, em equipamentos e frotas, novas frentes de desenvolvimento de lavra e pesquisa mineral.&nbsp;<\/p>\n\n\n\n<p>Em sua fala, o governador Romeu Zema parabenizou a empresa por sua longevidade e sobretudo pelo importante papel para o desenvolvimento do Estado. \u201cMinas Gerais se orgulha de ser a casa de uma empresa t\u00e3o s\u00f3lida e que busca novas formas de crescer de maneira sustent\u00e1vel e inclusiva. Iniciativas como as da AngloGold Ashanti s\u00e3o um exemplo de que a minera\u00e7\u00e3o pode ser realizada de forma respons\u00e1vel, em prol do desenvolvimento econ\u00f4mico e social de nossa popula\u00e7\u00e3o\u201d, afirmou Zema.<\/p>\n\n\n\n<p>O prefeito Jo\u00e3o Marcelo Dieguez pontuou que a cidade de Nova Lima \u00e9 um exemplo de desenvolvimento sustent\u00e1vel, tendo a minera\u00e7\u00e3o como propulsor econ\u00f4mico h\u00e1 quase dois s\u00e9culos e, ao mesmo tempo, mais da metade do territ\u00f3rio do munic\u00edpio preservado e com um \u00cdndice de Desenvolvimento Humano de destaque no cen\u00e1rio nacional. \u201cVoltar a ter uma escola do SESI em nossa cidade \u00e9 uma excelente not\u00edcia para a popula\u00e7\u00e3o e est\u00e1 em linha com as nossas a\u00e7\u00f5es de qualifica\u00e7\u00e3o t\u00e9cnica, profissional e de educa\u00e7\u00e3o. Hoje temos escolas de tempo integral e bil\u00edngue na cidade, al\u00e9m de termos a primeira escola p\u00fablica de programa\u00e7\u00e3o e rob\u00f3tica do Brasil. Tudo isso se soma na busca pela diversifica\u00e7\u00e3o econ\u00f4mica do munic\u00edpio\u201d.<\/p>\n\n\n\n<p><strong>Sobre a nova escola<\/strong><\/p>\n\n\n\n<p>O evento marcou ainda a entrega, por meio de investimento do SESI-MG, do casar\u00e3o hist\u00f3rico onde funcionava a sede administrativa da AngloGold Ashanti, no centro de Nova Lima, ao Servi\u00e7o Social da Ind\u00fastria (SESI), entidade pertencente \u00e0 Federa\u00e7\u00e3o das Ind\u00fastrias de Minas Gerais (FIEMG). O espa\u00e7o, de 33 mil m\u00b2 de terreno, que sediou o evento desta ter\u00e7a-feira, abrigar\u00e1 um novo complexo acad\u00eamico, o SESI Nova Lima.<\/p>\n\n\n\n<p>Tamb\u00e9m presente no evento, o presidente&nbsp;da FIEMG, Fl\u00e1vio Roscoe, disse que a Escola SESI Nova Lima ser\u00e1 a oportunidade para que os nova-limenses continuem fazendo parte desta hist\u00f3ria, uma vez que o acesso \u00e0 \u00e1rea continuar\u00e1 sendo poss\u00edvel pela perman\u00eancia do Centro de Mem\u00f3ria, espa\u00e7o da AngloGold Ashanti integrado ao casar\u00e3o. \u201cO SESI tem atualmente 21.308 alunos matriculados, dentro das 39 unidades espalhadas por Minas Gerais. Os alunos est\u00e3o em uma escola que impulsiona o seu protagonismo, com uma forma\u00e7\u00e3o \u00e9tica e de valores humanos. Al\u00e9m de proporcionar o desenvolvimento tecnol\u00f3gico e digital, que, de um jeito tamb\u00e9m divertido, os&nbsp;preparar\u00e1&nbsp;para o futuro\u201d, afirmou.<\/p>\n\n\n\n<p>A nova escola ter\u00e1 capacidade de 1.200 vagas, compreendendo os ensinos Infantil, Fundamental I e II, e Ensino M\u00e9dio. A institui\u00e7\u00e3o ir\u00e1 ainda adequar as demais instala\u00e7\u00f5es para ofertar, no tempo complementar da escola, aulas de dan\u00e7a, m\u00fasica e teatro do SESI Cultura. \u201cPara a escola SESI Nova Lima foram investidos R$ 13,5 milh\u00f5es. A expectativa \u00e9 que as obras se iniciem ainda neste ano e a abertura da escola ocorra em 2026\u201d, afirmou o presidente da FIEMG.&nbsp;<\/p>\n\n\n\n<figure class=\"wp-block-embed is-type-rich is-provider-flickr wp-block-embed-flickr\"><div class=\"wp-block-embed__wrapper\">\n<a data-flickr-embed='true' href='https:\/\/www.flickr.com\/photos\/sistemafiemg\/albums\/72177720318231461' title='250624 Lan\u00e7amento da pedra fundamental SESI Nova Lima by FIEMGoficial, on Flickr'><img src='https:\/\/live.staticflickr.com\/65535\/53815958215_452264a325_c.jpg' width='800' height='600' alt='SJJ_1656'><\/a><script async src='https:\/\/embedr.flickr.com\/assets\/client-code.js' charset='utf-8'><\/script>\n<\/div><\/figure>\n\n\n\n<p><strong>Regi\u00e3o ser\u00e1 polo cultural e de economia criativa<\/strong><\/p>\n\n\n\n<p>Na mesma regi\u00e3o da escola do\u00a0SESI\u00a0Nova Lima, a AngloGold Ashanti est\u00e1 promovendo, em parceria com a Prefeitura de Nova Lima e a construtora Concreto, o Nova Vila. Trata-se de um projeto de revitaliza\u00e7\u00e3o e urbaniza\u00e7\u00e3o para usos m\u00faltiplos p\u00f3s-minera\u00e7\u00e3o, com amplo vi\u00e9s de valoriza\u00e7\u00e3o do patrim\u00f4nio hist\u00f3rico-cultural que prev\u00ea a transforma\u00e7\u00e3o da antiga \u00e1rea industrial em um espa\u00e7o plural, no centro de Nova Lima.<\/p>\n\n\n\n<p>No local, que tem cerca de 260 mil metros quadrados, funcionavam as antigas Mina Velha e Mina Grande, que operaram entre 1834 e 2003. Com as mudan\u00e7as previstas pelo projeto, a \u00e1rea reunir\u00e1 centros culturais, locais de conviv\u00eancia, \u00e1reas verdes, com\u00e9rcios, servi\u00e7os, moradias, entre outros. O Nova Vila, cujo 25% do espa\u00e7o total ser\u00e1 destinado a \u00e1rea de preserva\u00e7\u00e3o da Mata Atl\u00e2ntica, ainda ter\u00e1 locais para a pr\u00e1tica de esportes ao ar livre, atividades voltadas para a inova\u00e7\u00e3o na ind\u00fastria, a\u00e7\u00f5es de educa\u00e7\u00e3o e economia criativa, al\u00e9m de uma solu\u00e7\u00e3o log\u00edstica para a regi\u00e3o central de Nova Lima.&nbsp;<\/p>\n\n\n\n<p>O projeto tem tamb\u00e9m apoio do Governo do Estado que assinou com a AngloGold Ashanti e a construtora Concreto um protocolo de inten\u00e7\u00f5es que incluiu o Nova Vila no portf\u00f3lio de projetos da Invest Minas, Ag\u00eancia de Promo\u00e7\u00e3o de Investimento e Com\u00e9rcio Exterior de Minas Gerais.<\/p>\n\n\n\n<p>Acesse <strong><a href=\"https:\/\/www.flickr.com\/photos\/sistemafiemg\/albums\/72177720318231461\/\">aqui<\/a><\/strong> para ver o \u00e1lbum de imagens do evento.<\/p>\n\n\n\n<p><em>Com a colabora\u00e7\u00e3o da AngloGold Ashanti<\/em><br><strong>Imprensa FIEMG<\/strong><\/p>\n","protected":false},"featured_media":2881,"template":"","categories":[16],"tags":[],"class_list":["post-2878","noticias","type-noticias","status-publish","has-post-thumbnail","hentry","category-educacao"],"acf":[],"yoast_head":"<!-- This site is optimized with the Yoast SEO plugin v26.2 - https:\/\/yoast.com\/wordpress\/plugins\/seo\/ -->\n<title>FIEMG lan\u00e7a pedra fundamental do SESI Nova Lima - SESI<\/title>\n<meta name=\"robots\" content=\"index, follow, max-snippet:-1, max-image-preview:large, max-video-preview:-1\" \/>\n<link rel=\"canonical\" href=\"https:\/\/www.fiemg.com.br\/sesi\/noticias\/anglogold-ashanti-celebra-190-anos-com-anuncio-de-r-11-bi-em-investimentos-e-lancamento-da-pedra-fundamental-do-sesi-nova-lima\/\" \/>\n<meta property=\"og:locale\" content=\"pt_BR\" \/>\n<meta property=\"og:type\" content=\"article\" \/>\n<meta property=\"og:title\" content=\"FIEMG lan\u00e7a pedra fundamental do SESI Nova Lima - SESI\" \/>\n<meta property=\"og:description\" content=\"A ind\u00fastria de maior longevidade do Brasil, a AngloGold Ashanti chega em 2024 aos seus 190 anos de atua\u00e7\u00e3o no pa\u00eds. A empresa d\u00e1 continuidade ao legado da Saint John Del Rey Mining Company, que iniciou suas atividades, em 1834, em Nova Lima, na Regi\u00e3o Metropolitana de Belo Horizonte. Em seus quase dois s\u00e9culos de [&hellip;]\" \/>\n<meta property=\"og:url\" content=\"https:\/\/www.fiemg.com.br\/sesi\/noticias\/anglogold-ashanti-celebra-190-anos-com-anuncio-de-r-11-bi-em-investimentos-e-lancamento-da-pedra-fundamental-do-sesi-nova-lima\/\" \/>\n<meta property=\"og:site_name\" content=\"SESI\" \/>\n<meta property=\"article:modified_time\" content=\"2024-06-25T18:46:23+00:00\" \/>\n<meta property=\"og:image\" content=\"https:\/\/www.fiemg.com.br\/sesi\/wp-content\/uploads\/sites\/11\/2024\/06\/pedra-fundamental-nova-lima-sesi.jpg\" \/>\n\t<meta property=\"og:image:width\" content=\"512\" \/>\n\t<meta property=\"og:image:height\" content=\"512\" \/>\n\t<meta property=\"og:image:type\" content=\"image\/jpeg\" \/>\n<meta name=\"twitter:card\" content=\"summary_large_image\" \/>\n<meta name=\"twitter:label1\" content=\"Est. tempo de leitura\" \/>\n\t<meta name=\"twitter:data1\" content=\"6 minutos\" \/>\n<script type=\"application\/ld+json\" class=\"yoast-schema-graph\">{\"@context\":\"https:\/\/schema.org\",\"@graph\":[{\"@type\":\"WebPage\",\"@id\":\"https:\/\/www.fiemg.com.br\/sesi\/noticias\/anglogold-ashanti-celebra-190-anos-com-anuncio-de-r-11-bi-em-investimentos-e-lancamento-da-pedra-fundamental-do-sesi-nova-lima\/\",\"url\":\"https:\/\/www.fiemg.com.br\/sesi\/noticias\/anglogold-ashanti-celebra-190-anos-com-anuncio-de-r-11-bi-em-investimentos-e-lancamento-da-pedra-fundamental-do-sesi-nova-lima\/\",\"name\":\"FIEMG lan\u00e7a pedra fundamental do SESI Nova Lima - SESI\",\"isPartOf\":{\"@id\":\"https:\/\/www.fiemg.com.br\/sesi\/#website\"},\"primaryImageOfPage\":{\"@id\":\"https:\/\/www.fiemg.com.br\/sesi\/noticias\/anglogold-ashanti-celebra-190-anos-com-anuncio-de-r-11-bi-em-investimentos-e-lancamento-da-pedra-fundamental-do-sesi-nova-lima\/#primaryimage\"},\"image\":{\"@id\":\"https:\/\/www.fiemg.com.br\/sesi\/noticias\/anglogold-ashanti-celebra-190-anos-com-anuncio-de-r-11-bi-em-investimentos-e-lancamento-da-pedra-fundamental-do-sesi-nova-lima\/#primaryimage\"},\"thumbnailUrl\":\"https:\/\/www.fiemg.com.br\/sesi\/wp-content\/uploads\/sites\/11\/2024\/06\/pedra-fundamental-nova-lima-sesi.jpg\",\"datePublished\":\"2024-06-25T18:34:22+00:00\",\"dateModified\":\"2024-06-25T18:46:23+00:00\",\"breadcrumb\":{\"@id\":\"https:\/\/www.fiemg.com.br\/sesi\/noticias\/anglogold-ashanti-celebra-190-anos-com-anuncio-de-r-11-bi-em-investimentos-e-lancamento-da-pedra-fundamental-do-sesi-nova-lima\/#breadcrumb\"},\"inLanguage\":\"pt-BR\",\"potentialAction\":[{\"@type\":\"ReadAction\",\"target\":[\"https:\/\/www.fiemg.com.br\/sesi\/noticias\/anglogold-ashanti-celebra-190-anos-com-anuncio-de-r-11-bi-em-investimentos-e-lancamento-da-pedra-fundamental-do-sesi-nova-lima\/\"]}]},{\"@type\":\"ImageObject\",\"inLanguage\":\"pt-BR\",\"@id\":\"https:\/\/www.fiemg.com.br\/sesi\/noticias\/anglogold-ashanti-celebra-190-anos-com-anuncio-de-r-11-bi-em-investimentos-e-lancamento-da-pedra-fundamental-do-sesi-nova-lima\/#primaryimage\",\"url\":\"https:\/\/www.fiemg.com.br\/sesi\/wp-content\/uploads\/sites\/11\/2024\/06\/pedra-fundamental-nova-lima-sesi.jpg\",\"contentUrl\":\"https:\/\/www.fiemg.com.br\/sesi\/wp-content\/uploads\/sites\/11\/2024\/06\/pedra-fundamental-nova-lima-sesi.jpg\",\"width\":512,\"height\":512},{\"@type\":\"BreadcrumbList\",\"@id\":\"https:\/\/www.fiemg.com.br\/sesi\/noticias\/anglogold-ashanti-celebra-190-anos-com-anuncio-de-r-11-bi-em-investimentos-e-lancamento-da-pedra-fundamental-do-sesi-nova-lima\/#breadcrumb\",\"itemListElement\":[{\"@type\":\"ListItem\",\"position\":1,\"name\":\"In\u00edcio\",\"item\":\"https:\/\/www.fiemg.com.br\/sesi\/\"},{\"@type\":\"ListItem\",\"position\":2,\"name\":\"AngloGold Ashanti celebra 190 anos com an\u00fancio de R$ 1,1 bi em investimentos e lan\u00e7amento da pedra fundamental do SESI Nova Lima\"}]},{\"@type\":\"WebSite\",\"@id\":\"https:\/\/www.fiemg.com.br\/sesi\/#website\",\"url\":\"https:\/\/www.fiemg.com.br\/sesi\/\",\"name\":\"SESI\",\"description\":\"Federa\u00e7\u00e3o das Ind\u00fastrias do Estado de Minas Gerais\",\"publisher\":{\"@id\":\"https:\/\/www.fiemg.com.br\/sesi\/#organization\"},\"potentialAction\":[{\"@type\":\"SearchAction\",\"target\":{\"@type\":\"EntryPoint\",\"urlTemplate\":\"https:\/\/www.fiemg.com.br\/sesi\/?s={search_term_string}\"},\"query-input\":{\"@type\":\"PropertyValueSpecification\",\"valueRequired\":true,\"valueName\":\"search_term_string\"}}],\"inLanguage\":\"pt-BR\"},{\"@type\":\"Organization\",\"@id\":\"https:\/\/www.fiemg.com.br\/sesi\/#organization\",\"name\":\"SESI\",\"url\":\"https:\/\/www.fiemg.com.br\/sesi\/\",\"logo\":{\"@type\":\"ImageObject\",\"inLanguage\":\"pt-BR\",\"@id\":\"https:\/\/www.fiemg.com.br\/sesi\/#\/schema\/logo\/image\/\",\"url\":\"https:\/\/www.fiemg.com.br\/sesi\/wp-content\/uploads\/sites\/11\/2023\/02\/SESI_branco.svg\",\"contentUrl\":\"https:\/\/www.fiemg.com.br\/sesi\/wp-content\/uploads\/sites\/11\/2023\/02\/SESI_branco.svg\",\"width\":168,\"height\":62,\"caption\":\"SESI\"},\"image\":{\"@id\":\"https:\/\/www.fiemg.com.br\/sesi\/#\/schema\/logo\/image\/\"}}]}<\/script>\n<!-- \/ Yoast SEO plugin. -->","yoast_head_json":{"title":"FIEMG lan\u00e7a pedra fundamental do SESI Nova Lima - SESI","robots":{"index":"index","follow":"follow","max-snippet":"max-snippet:-1","max-image-preview":"max-image-preview:large","max-video-preview":"max-video-preview:-1"},"canonical":"https:\/\/www.fiemg.com.br\/sesi\/noticias\/anglogold-ashanti-celebra-190-anos-com-anuncio-de-r-11-bi-em-investimentos-e-lancamento-da-pedra-fundamental-do-sesi-nova-lima\/","og_locale":"pt_BR","og_type":"article","og_title":"FIEMG lan\u00e7a pedra fundamental do SESI Nova Lima - SESI","og_description":"A ind\u00fastria de maior longevidade do Brasil, a AngloGold Ashanti chega em 2024 aos seus 190 anos de atua\u00e7\u00e3o no pa\u00eds. A empresa d\u00e1 continuidade ao legado da Saint John Del Rey Mining Company, que iniciou suas atividades, em 1834, em Nova Lima, na Regi\u00e3o Metropolitana de Belo Horizonte. Em seus quase dois s\u00e9culos de [&hellip;]","og_url":"https:\/\/www.fiemg.com.br\/sesi\/noticias\/anglogold-ashanti-celebra-190-anos-com-anuncio-de-r-11-bi-em-investimentos-e-lancamento-da-pedra-fundamental-do-sesi-nova-lima\/","og_site_name":"SESI","article_modified_time":"2024-06-25T18:46:23+00:00","og_image":[{"width":512,"height":512,"url":"https:\/\/www.fiemg.com.br\/sesi\/wp-content\/uploads\/sites\/11\/2024\/06\/pedra-fundamental-nova-lima-sesi.jpg","type":"image\/jpeg"}],"twitter_card":"summary_large_image","twitter_misc":{"Est. tempo de leitura":"6 minutos"},"schema":{"@context":"https:\/\/schema.org","@graph":[{"@type":"WebPage","@id":"https:\/\/www.fiemg.com.br\/sesi\/noticias\/anglogold-ashanti-celebra-190-anos-com-anuncio-de-r-11-bi-em-investimentos-e-lancamento-da-pedra-fundamental-do-sesi-nova-lima\/","url":"https:\/\/www.fiemg.com.br\/sesi\/noticias\/anglogold-ashanti-celebra-190-anos-com-anuncio-de-r-11-bi-em-investimentos-e-lancamento-da-pedra-fundamental-do-sesi-nova-lima\/","name":"FIEMG lan\u00e7a pedra fundamental do SESI Nova Lima - SESI","isPartOf":{"@id":"https:\/\/www.fiemg.com.br\/sesi\/#website"},"primaryImageOfPage":{"@id":"https:\/\/www.fiemg.com.br\/sesi\/noticias\/anglogold-ashanti-celebra-190-anos-com-anuncio-de-r-11-bi-em-investimentos-e-lancamento-da-pedra-fundamental-do-sesi-nova-lima\/#primaryimage"},"image":{"@id":"https:\/\/www.fiemg.com.br\/sesi\/noticias\/anglogold-ashanti-celebra-190-anos-com-anuncio-de-r-11-bi-em-investimentos-e-lancamento-da-pedra-fundamental-do-sesi-nova-lima\/#primaryimage"},"thumbnailUrl":"https:\/\/www.fiemg.com.br\/sesi\/wp-content\/uploads\/sites\/11\/2024\/06\/pedra-fundamental-nova-lima-sesi.jpg","datePublished":"2024-06-25T18:34:22+00:00","dateModified":"2024-06-25T18:46:23+00:00","breadcrumb":{"@id":"https:\/\/www.fiemg.com.br\/sesi\/noticias\/anglogold-ashanti-celebra-190-anos-com-anuncio-de-r-11-bi-em-investimentos-e-lancamento-da-pedra-fundamental-do-sesi-nova-lima\/#breadcrumb"},"inLanguage":"pt-BR","potentialAction":[{"@type":"ReadAction","target":["https:\/\/www.fiemg.com.br\/sesi\/noticias\/anglogold-ashanti-celebra-190-anos-com-anuncio-de-r-11-bi-em-investimentos-e-lancamento-da-pedra-fundamental-do-sesi-nova-lima\/"]}]},{"@type":"ImageObject","inLanguage":"pt-BR","@id":"https:\/\/www.fiemg.com.br\/sesi\/noticias\/anglogold-ashanti-celebra-190-anos-com-anuncio-de-r-11-bi-em-investimentos-e-lancamento-da-pedra-fundamental-do-sesi-nova-lima\/#primaryimage","url":"https:\/\/www.fiemg.com.br\/sesi\/wp-content\/uploads\/sites\/11\/2024\/06\/pedra-fundamental-nova-lima-sesi.jpg","contentUrl":"https:\/\/www.fiemg.com.br\/sesi\/wp-content\/uploads\/sites\/11\/2024\/06\/pedra-fundamental-nova-lima-sesi.jpg","width":512,"height":512},{"@type":"BreadcrumbList","@id":"https:\/\/www.fiemg.com.br\/sesi\/noticias\/anglogold-ashanti-celebra-190-anos-com-anuncio-de-r-11-bi-em-investimentos-e-lancamento-da-pedra-fundamental-do-sesi-nova-lima\/#breadcrumb","itemListElement":[{"@type":"ListItem","position":1,"name":"In\u00edcio","item":"https:\/\/www.fiemg.com.br\/sesi\/"},{"@type":"ListItem","position":2,"name":"AngloGold Ashanti celebra 190 anos com an\u00fancio de R$ 1,1 bi em investimentos e lan\u00e7amento da pedra fundamental do SESI Nova Lima"}]},{"@type":"WebSite","@id":"https:\/\/www.fiemg.com.br\/sesi\/#website","url":"https:\/\/www.fiemg.com.br\/sesi\/","name":"SESI","description":"Federa\u00e7\u00e3o das Ind\u00fastrias do Estado de Minas Gerais","publisher":{"@id":"https:\/\/www.fiemg.com.br\/sesi\/#organization"},"potentialAction":[{"@type":"SearchAction","target":{"@type":"EntryPoint","urlTemplate":"https:\/\/www.fiemg.com.br\/sesi\/?s={search_term_string}"},"query-input":{"@type":"PropertyValueSpecification","valueRequired":true,"valueName":"search_term_string"}}],"inLanguage":"pt-BR"},{"@type":"Organization","@id":"https:\/\/www.fiemg.com.br\/sesi\/#organization","name":"SESI","url":"https:\/\/www.fiemg.com.br\/sesi\/","logo":{"@type":"ImageObject","inLanguage":"pt-BR","@id":"https:\/\/www.fiemg.com.br\/sesi\/#\/schema\/logo\/image\/","url":"https:\/\/www.fiemg.com.br\/sesi\/wp-content\/uploads\/sites\/11\/2023\/02\/SESI_branco.svg","contentUrl":"https:\/\/www.fiemg.com.br\/sesi\/wp-content\/uploads\/sites\/11\/2023\/02\/SESI_branco.svg","width":168,"height":62,"caption":"SESI"},"image":{"@id":"https:\/\/www.fiemg.com.br\/sesi\/#\/schema\/logo\/image\/"}}]}},"_links":{"self":[{"href":"https:\/\/www.fiemg.com.br\/sesi\/wp-json\/wp\/v2\/noticias\/2878","targetHints":{"allow":["GET"]}}],"collection":[{"href":"https:\/\/www.fiemg.com.br\/sesi\/wp-json\/wp\/v2\/noticias"}],"about":[{"href":"https:\/\/www.fiemg.com.br\/sesi\/wp-json\/wp\/v2\/types\/noticias"}],"wp:featuredmedia":[{"embeddable":true,"href":"https:\/\/www.fiemg.com.br\/sesi\/wp-json\/wp\/v2\/media\/2881"}],"wp:attachment":[{"href":"https:\/\/www.fiemg.com.br\/sesi\/wp-json\/wp\/v2\/media?parent=2878"}],"wp:term":[{"taxonomy":"category","embeddable":true,"href":"https:\/\/www.fiemg.com.br\/sesi\/wp-json\/wp\/v2\/categories?post=2878"},{"taxonomy":"post_tag","embeddable":true,"href":"https:\/\/www.fiemg.com.br\/sesi\/wp-json\/wp\/v2\/tags?post=2878"}],"curies":[{"name":"wp","href":"https:\/\/api.w.org\/{rel}","templated":true}]}}