{"id":6346,"date":"2024-07-29T10:07:39","date_gmt":"2024-07-29T13:07:39","guid":{"rendered":"https:\/\/www.fiemg.com.br\/sesi\/noticias\/performances-espetaculos-e-oficinas-gratuitas-movimentam-o-centro-cultural-sesiminas-em-agosto-em-agosto-de-2024\/"},"modified":"2024-07-29T10:07:39","modified_gmt":"2024-07-29T13:07:39","slug":"performances-espetaculos-e-oficinas-gratuitas-movimentam-o-centro-cultural-sesiminas-em-agosto-em-agosto-de-2024","status":"publish","type":"noticias","link":"https:\/\/www.fiemg.com.br\/sesi\/noticias\/performances-espetaculos-e-oficinas-gratuitas-movimentam-o-centro-cultural-sesiminas-em-agosto-em-agosto-de-2024\/","title":{"rendered":"Espet\u00e1culos &#8220;Azul&#8221; e &#8220;Tat\u00e1 \u2013 o Travesseiro&#8221; em sess\u00f5es gratuitas no Festival SESI em Cena"},"content":{"rendered":"\n<figure class=\"wp-block-image alignleft size-full is-resized\"><img fetchpriority=\"high\" decoding=\"async\" width=\"604\" height=\"585\" src=\"https:\/\/www.fiemg.com.br\/sesi\/wp-content\/uploads\/sites\/11\/2024\/07\/AZUL2.jpg\" alt=\"\" class=\"wp-image-6347\" style=\"width:350px\" srcset=\"https:\/\/www.fiemg.com.br\/sesi\/wp-content\/uploads\/sites\/11\/2024\/07\/AZUL2.jpg 604w, https:\/\/www.fiemg.com.br\/sesi\/wp-content\/uploads\/sites\/11\/2024\/07\/AZUL2-300x291.jpg 300w\" sizes=\"(max-width: 604px) 100vw, 604px\" \/><\/figure>\n\n\n\n<p>Entre os destaques da programa\u00e7\u00e3o de agosto do Festival SESI em Cena est\u00e3o os espet\u00e1culos <strong>&#8220;Azul&#8221;<\/strong> e <strong>&#8220;Tat\u00e1 \u2013 o Travesseiro&#8221;<\/strong>, que ser\u00e3o apresentados no Teatro SESIMINAS nos dias 3 e 4 de agosto. A iniciativa tem como objetivo proporcionar ao p\u00fablico geral, especialmente aos trabalhadores da ind\u00fastria, momentos de lazer, alegria e reflex\u00e3o.<\/p>\n\n\n\n<p>No dia 4 de agosto, domingo, \u00e0s 11 horas, o Teatro SESIMINAS recebe o espet\u00e1culo <strong>&#8220;Azul&#8221;<\/strong>, que trata o autismo de forma sens\u00edvel e representativa. A pe\u00e7a revela o universo interno de um menino dentro do espectro autista, destacando a import\u00e2ncia da inclus\u00e3o e da toler\u00e2ncia. Em 2024, &#8220;Azul&#8221; foi premiado como melhor espet\u00e1culo infantil pelo Pr\u00eamio APTR.<\/p>\n\n\n\n<p><\/p>\n\n\n\n<p><\/p>\n\n\n\n<figure class=\"wp-block-image alignright size-full is-resized\"><img decoding=\"async\" width=\"721\" height=\"636\" src=\"https:\/\/www.fiemg.com.br\/sesi\/wp-content\/uploads\/sites\/11\/2024\/07\/tata.jpg\" alt=\"\" class=\"wp-image-6349\" style=\"width:350px\" srcset=\"https:\/\/www.fiemg.com.br\/sesi\/wp-content\/uploads\/sites\/11\/2024\/07\/tata.jpg 721w, https:\/\/www.fiemg.com.br\/sesi\/wp-content\/uploads\/sites\/11\/2024\/07\/tata-300x265.jpg 300w\" sizes=\"(max-width: 721px) 100vw, 721px\" \/><\/figure>\n\n\n\n<p>O festival recebe o espet\u00e1culo <strong>&#8220;Tat\u00e1 \u2013 o Travesseiro&#8221;<\/strong> no Teatro SESIMINAS, no dia 3 de agosto, s\u00e1bado, \u00e0s 16 horas, com entrada gratuita. A pe\u00e7a conta a hist\u00f3ria de Lipe, um menino afrodescendente adotado por um casal de pele azul, que encontra em seu travesseiro Tat\u00e1 um confidente e companheiro de brincadeiras. A trama aborda temas como amizade e supera\u00e7\u00e3o de medos, utilizando teatro de bonecos e uma narrativa envolvente.<\/p>\n\n\n\n<p><\/p>\n\n\n\n<p><strong>Edi\u00e7\u00e3o Especial Casinha Aberta<\/strong><\/p>\n\n\n\n<p>Em 4 de agosto, o Centro Cultural SESIMINAS recebe a edi\u00e7\u00e3o especial do <strong>Casinha Aberta<\/strong>, com oficinas, feiras colaborativas e trocas de livros. A iniciativa visa promover a integra\u00e7\u00e3o comunit\u00e1ria e oferecer uma programa\u00e7\u00e3o variada para todas as idades. A entrada tamb\u00e9m \u00e9 gratuita. De 8h \u00e0s 18h, no Centro Cultural SESIMINAS.<\/p>\n\n\n\n<p><br><strong>SERVI\u00c7O<br>Festival SESI em Cena apresenta: \u201cTat\u00e1 &#8211; o travesseiro\u201d , \u201cAzul\u201d\u00a0 e \u201cCasinha aberta\u201d<\/strong><\/p>\n\n\n\n<p><strong>Tat\u00e1 &#8211; o travesseiro<br>Data:<\/strong> 3\/08 &#8211; s\u00e1bado<br><strong>Hor\u00e1rio: <\/strong>16h<br><em><a href=\"https:\/\/bileto.sympla.com.br\/event\/96073\/d\/267024\/s\/1825903?_gl=1*24wpae*_gcl_au*NTUwMDIyOTQ1LjE3MjEwNDY2MTY.*_ga*ODYxMTcxMTQ2LjE2OTU4Mzg4NDI.*_ga_KXH10SQTZF*MTcyMTA1MDQxMi4xMzQuMS4xNzIxMDUwNDU5LjEzLjAuMTYwNDkyNDU5\">Entrada gratuita. Retire seu ingresso aqui.<\/a><br><\/em><br><strong>Azul<br>Data:<\/strong>\u00a0 4\/08 &#8211; domingo<br><strong>Hor\u00e1rio:<\/strong> 11h<br><em><a href=\"https:\/\/bileto.sympla.com.br\/event\/96075\/d\/267026\/s\/1825905?_gl=1*14mnsyf*_gcl_au*NTUwMDIyOTQ1LjE3MjEwNDY2MTY.*_ga*ODYxMTcxMTQ2LjE2OTU4Mzg4NDI.*_ga_KXH10SQTZF*MTcyMTA1MDQxMi4xMzQuMS4xNzIxMDUwNDY1LjcuMC4xNjA0OTI0NTk\">Entrada gratuita. Retire seu ingresso aqui.<\/a><br><br><\/em><strong>Local: <\/strong>Teatro SESIMINAS &#8211; R. Padre Marinho, 60 &#8211; Santa Efig\u00eania<br><em>*Essas sess\u00f5es contar\u00e3o com o servi\u00e7o de tradu\u00e7\u00e3o e interpreta\u00e7\u00e3o LIBRAS\/Portugu\u00eas.\u00a0<\/em><br><\/p>\n\n\n\n<p><strong>Casinha Aberta<\/strong><br><strong>Data:<\/strong> 4\/08 &#8211; Domingo<br><strong>Hor\u00e1rio: <\/strong>8h \u00e0s 13h<br><strong>Local:<\/strong> Centro Cultural SESIMINAS &#8211; R. \u00c1lvares Maciel, 59 &#8211; Santa Efig\u00eania<br><em><a href=\"https:\/\/forms.office.com\/pages\/responsepage.aspx?id=El6Hb28P_0-9vtVSJU52U9YsBTxf_JpDt4kSM5wYzR5URDVRVVBKSVNVNVFLMDg4SDNMSjhQVFdZMS4u\">Entrada gratuita, fa\u00e7a sua inscri\u00e7\u00e3o para participar das oficinas neste link<\/a>.<\/em><\/p>\n\n\n\n<p><em>Denise Lucas<\/em><br><strong>Imprensa FIEMG<\/strong><\/p>\n","protected":false},"featured_media":6347,"template":"","categories":[29],"tags":[102,108],"class_list":["post-6346","noticias","type-noticias","status-publish","has-post-thumbnail","hentry","category-cultura","tag-fiemg","tag-sesi"],"acf":[],"yoast_head":"<!-- This site is optimized with the Yoast SEO plugin v26.2 - https:\/\/yoast.com\/wordpress\/plugins\/seo\/ -->\n<title>Espet\u00e1culos &quot;Azul&quot; e &quot;Tat\u00e1 \u2013 o Travesseiro&quot; em sess\u00f5es gratuitas no Festival SESI em Cena - SESI<\/title>\n<meta name=\"description\" content=\"Performances, espet\u00e1culos e oficinas gratuitas movimentam o Centro Cultural SESIMINAS em agosto\" \/>\n<meta name=\"robots\" content=\"index, follow, max-snippet:-1, max-image-preview:large, max-video-preview:-1\" \/>\n<link rel=\"canonical\" href=\"https:\/\/www.fiemg.com.br\/sesi\/noticias\/performances-espetaculos-e-oficinas-gratuitas-movimentam-o-centro-cultural-sesiminas-em-agosto-em-agosto-de-2024\/\" \/>\n<meta property=\"og:locale\" content=\"pt_BR\" \/>\n<meta property=\"og:type\" content=\"article\" \/>\n<meta property=\"og:title\" content=\"Espet\u00e1culos &quot;Azul&quot; e &quot;Tat\u00e1 \u2013 o Travesseiro&quot; em sess\u00f5es gratuitas no Festival SESI em Cena - SESI\" \/>\n<meta property=\"og:description\" content=\"Performances, espet\u00e1culos e oficinas gratuitas movimentam o Centro Cultural SESIMINAS em agosto\" \/>\n<meta property=\"og:url\" content=\"https:\/\/www.fiemg.com.br\/sesi\/noticias\/performances-espetaculos-e-oficinas-gratuitas-movimentam-o-centro-cultural-sesiminas-em-agosto-em-agosto-de-2024\/\" \/>\n<meta property=\"og:site_name\" content=\"SESI\" \/>\n<meta property=\"og:image\" content=\"https:\/\/www.fiemg.com.br\/sesi\/wp-content\/uploads\/sites\/11\/2024\/07\/AZUL2.jpg\" \/>\n\t<meta property=\"og:image:width\" content=\"604\" \/>\n\t<meta property=\"og:image:height\" content=\"585\" \/>\n\t<meta property=\"og:image:type\" content=\"image\/jpeg\" \/>\n<meta name=\"twitter:card\" content=\"summary_large_image\" \/>\n<meta name=\"twitter:label1\" content=\"Est. tempo de leitura\" \/>\n\t<meta name=\"twitter:data1\" content=\"3 minutos\" \/>\n<script type=\"application\/ld+json\" class=\"yoast-schema-graph\">{\"@context\":\"https:\/\/schema.org\",\"@graph\":[{\"@type\":\"WebPage\",\"@id\":\"https:\/\/www.fiemg.com.br\/sesi\/noticias\/performances-espetaculos-e-oficinas-gratuitas-movimentam-o-centro-cultural-sesiminas-em-agosto-em-agosto-de-2024\/\",\"url\":\"https:\/\/www.fiemg.com.br\/sesi\/noticias\/performances-espetaculos-e-oficinas-gratuitas-movimentam-o-centro-cultural-sesiminas-em-agosto-em-agosto-de-2024\/\",\"name\":\"Espet\u00e1culos \\\"Azul\\\" e \\\"Tat\u00e1 \u2013 o Travesseiro\\\" em sess\u00f5es gratuitas no Festival SESI em Cena - SESI\",\"isPartOf\":{\"@id\":\"https:\/\/www.fiemg.com.br\/sesi\/#website\"},\"primaryImageOfPage\":{\"@id\":\"https:\/\/www.fiemg.com.br\/sesi\/noticias\/performances-espetaculos-e-oficinas-gratuitas-movimentam-o-centro-cultural-sesiminas-em-agosto-em-agosto-de-2024\/#primaryimage\"},\"image\":{\"@id\":\"https:\/\/www.fiemg.com.br\/sesi\/noticias\/performances-espetaculos-e-oficinas-gratuitas-movimentam-o-centro-cultural-sesiminas-em-agosto-em-agosto-de-2024\/#primaryimage\"},\"thumbnailUrl\":\"https:\/\/www.fiemg.com.br\/sesi\/wp-content\/uploads\/sites\/11\/2024\/07\/AZUL2.jpg\",\"datePublished\":\"2024-07-29T13:07:39+00:00\",\"description\":\"Performances, espet\u00e1culos e oficinas gratuitas movimentam o Centro Cultural SESIMINAS em agosto\",\"breadcrumb\":{\"@id\":\"https:\/\/www.fiemg.com.br\/sesi\/noticias\/performances-espetaculos-e-oficinas-gratuitas-movimentam-o-centro-cultural-sesiminas-em-agosto-em-agosto-de-2024\/#breadcrumb\"},\"inLanguage\":\"pt-BR\",\"potentialAction\":[{\"@type\":\"ReadAction\",\"target\":[\"https:\/\/www.fiemg.com.br\/sesi\/noticias\/performances-espetaculos-e-oficinas-gratuitas-movimentam-o-centro-cultural-sesiminas-em-agosto-em-agosto-de-2024\/\"]}]},{\"@type\":\"ImageObject\",\"inLanguage\":\"pt-BR\",\"@id\":\"https:\/\/www.fiemg.com.br\/sesi\/noticias\/performances-espetaculos-e-oficinas-gratuitas-movimentam-o-centro-cultural-sesiminas-em-agosto-em-agosto-de-2024\/#primaryimage\",\"url\":\"https:\/\/www.fiemg.com.br\/sesi\/wp-content\/uploads\/sites\/11\/2024\/07\/AZUL2.jpg\",\"contentUrl\":\"https:\/\/www.fiemg.com.br\/sesi\/wp-content\/uploads\/sites\/11\/2024\/07\/AZUL2.jpg\",\"width\":604,\"height\":585},{\"@type\":\"BreadcrumbList\",\"@id\":\"https:\/\/www.fiemg.com.br\/sesi\/noticias\/performances-espetaculos-e-oficinas-gratuitas-movimentam-o-centro-cultural-sesiminas-em-agosto-em-agosto-de-2024\/#breadcrumb\",\"itemListElement\":[{\"@type\":\"ListItem\",\"position\":1,\"name\":\"In\u00edcio\",\"item\":\"https:\/\/www.fiemg.com.br\/sesi\/\"},{\"@type\":\"ListItem\",\"position\":2,\"name\":\"Espet\u00e1culos &#8220;Azul&#8221; e &#8220;Tat\u00e1 \u2013 o Travesseiro&#8221; em sess\u00f5es gratuitas no Festival SESI em Cena\"}]},{\"@type\":\"WebSite\",\"@id\":\"https:\/\/www.fiemg.com.br\/sesi\/#website\",\"url\":\"https:\/\/www.fiemg.com.br\/sesi\/\",\"name\":\"SESI\",\"description\":\"Federa\u00e7\u00e3o das Ind\u00fastrias do Estado de Minas Gerais\",\"publisher\":{\"@id\":\"https:\/\/www.fiemg.com.br\/sesi\/#organization\"},\"potentialAction\":[{\"@type\":\"SearchAction\",\"target\":{\"@type\":\"EntryPoint\",\"urlTemplate\":\"https:\/\/www.fiemg.com.br\/sesi\/?s={search_term_string}\"},\"query-input\":{\"@type\":\"PropertyValueSpecification\",\"valueRequired\":true,\"valueName\":\"search_term_string\"}}],\"inLanguage\":\"pt-BR\"},{\"@type\":\"Organization\",\"@id\":\"https:\/\/www.fiemg.com.br\/sesi\/#organization\",\"name\":\"SESI\",\"url\":\"https:\/\/www.fiemg.com.br\/sesi\/\",\"logo\":{\"@type\":\"ImageObject\",\"inLanguage\":\"pt-BR\",\"@id\":\"https:\/\/www.fiemg.com.br\/sesi\/#\/schema\/logo\/image\/\",\"url\":\"https:\/\/www.fiemg.com.br\/sesi\/wp-content\/uploads\/sites\/11\/2023\/02\/SESI_branco.svg\",\"contentUrl\":\"https:\/\/www.fiemg.com.br\/sesi\/wp-content\/uploads\/sites\/11\/2023\/02\/SESI_branco.svg\",\"width\":168,\"height\":62,\"caption\":\"SESI\"},\"image\":{\"@id\":\"https:\/\/www.fiemg.com.br\/sesi\/#\/schema\/logo\/image\/\"}}]}<\/script>\n<!-- \/ Yoast SEO plugin. -->","yoast_head_json":{"title":"Espet\u00e1culos \"Azul\" e \"Tat\u00e1 \u2013 o Travesseiro\" em sess\u00f5es gratuitas no Festival SESI em Cena - SESI","description":"Performances, espet\u00e1culos e oficinas gratuitas movimentam o Centro Cultural SESIMINAS em agosto","robots":{"index":"index","follow":"follow","max-snippet":"max-snippet:-1","max-image-preview":"max-image-preview:large","max-video-preview":"max-video-preview:-1"},"canonical":"https:\/\/www.fiemg.com.br\/sesi\/noticias\/performances-espetaculos-e-oficinas-gratuitas-movimentam-o-centro-cultural-sesiminas-em-agosto-em-agosto-de-2024\/","og_locale":"pt_BR","og_type":"article","og_title":"Espet\u00e1culos \"Azul\" e \"Tat\u00e1 \u2013 o Travesseiro\" em sess\u00f5es gratuitas no Festival SESI em Cena - SESI","og_description":"Performances, espet\u00e1culos e oficinas gratuitas movimentam o Centro Cultural SESIMINAS em agosto","og_url":"https:\/\/www.fiemg.com.br\/sesi\/noticias\/performances-espetaculos-e-oficinas-gratuitas-movimentam-o-centro-cultural-sesiminas-em-agosto-em-agosto-de-2024\/","og_site_name":"SESI","og_image":[{"width":604,"height":585,"url":"https:\/\/www.fiemg.com.br\/sesi\/wp-content\/uploads\/sites\/11\/2024\/07\/AZUL2.jpg","type":"image\/jpeg"}],"twitter_card":"summary_large_image","twitter_misc":{"Est. tempo de leitura":"3 minutos"},"schema":{"@context":"https:\/\/schema.org","@graph":[{"@type":"WebPage","@id":"https:\/\/www.fiemg.com.br\/sesi\/noticias\/performances-espetaculos-e-oficinas-gratuitas-movimentam-o-centro-cultural-sesiminas-em-agosto-em-agosto-de-2024\/","url":"https:\/\/www.fiemg.com.br\/sesi\/noticias\/performances-espetaculos-e-oficinas-gratuitas-movimentam-o-centro-cultural-sesiminas-em-agosto-em-agosto-de-2024\/","name":"Espet\u00e1culos \"Azul\" e \"Tat\u00e1 \u2013 o Travesseiro\" em sess\u00f5es gratuitas no Festival SESI em Cena - SESI","isPartOf":{"@id":"https:\/\/www.fiemg.com.br\/sesi\/#website"},"primaryImageOfPage":{"@id":"https:\/\/www.fiemg.com.br\/sesi\/noticias\/performances-espetaculos-e-oficinas-gratuitas-movimentam-o-centro-cultural-sesiminas-em-agosto-em-agosto-de-2024\/#primaryimage"},"image":{"@id":"https:\/\/www.fiemg.com.br\/sesi\/noticias\/performances-espetaculos-e-oficinas-gratuitas-movimentam-o-centro-cultural-sesiminas-em-agosto-em-agosto-de-2024\/#primaryimage"},"thumbnailUrl":"https:\/\/www.fiemg.com.br\/sesi\/wp-content\/uploads\/sites\/11\/2024\/07\/AZUL2.jpg","datePublished":"2024-07-29T13:07:39+00:00","description":"Performances, espet\u00e1culos e oficinas gratuitas movimentam o Centro Cultural SESIMINAS em agosto","breadcrumb":{"@id":"https:\/\/www.fiemg.com.br\/sesi\/noticias\/performances-espetaculos-e-oficinas-gratuitas-movimentam-o-centro-cultural-sesiminas-em-agosto-em-agosto-de-2024\/#breadcrumb"},"inLanguage":"pt-BR","potentialAction":[{"@type":"ReadAction","target":["https:\/\/www.fiemg.com.br\/sesi\/noticias\/performances-espetaculos-e-oficinas-gratuitas-movimentam-o-centro-cultural-sesiminas-em-agosto-em-agosto-de-2024\/"]}]},{"@type":"ImageObject","inLanguage":"pt-BR","@id":"https:\/\/www.fiemg.com.br\/sesi\/noticias\/performances-espetaculos-e-oficinas-gratuitas-movimentam-o-centro-cultural-sesiminas-em-agosto-em-agosto-de-2024\/#primaryimage","url":"https:\/\/www.fiemg.com.br\/sesi\/wp-content\/uploads\/sites\/11\/2024\/07\/AZUL2.jpg","contentUrl":"https:\/\/www.fiemg.com.br\/sesi\/wp-content\/uploads\/sites\/11\/2024\/07\/AZUL2.jpg","width":604,"height":585},{"@type":"BreadcrumbList","@id":"https:\/\/www.fiemg.com.br\/sesi\/noticias\/performances-espetaculos-e-oficinas-gratuitas-movimentam-o-centro-cultural-sesiminas-em-agosto-em-agosto-de-2024\/#breadcrumb","itemListElement":[{"@type":"ListItem","position":1,"name":"In\u00edcio","item":"https:\/\/www.fiemg.com.br\/sesi\/"},{"@type":"ListItem","position":2,"name":"Espet\u00e1culos &#8220;Azul&#8221; e &#8220;Tat\u00e1 \u2013 o Travesseiro&#8221; em sess\u00f5es gratuitas no Festival SESI em Cena"}]},{"@type":"WebSite","@id":"https:\/\/www.fiemg.com.br\/sesi\/#website","url":"https:\/\/www.fiemg.com.br\/sesi\/","name":"SESI","description":"Federa\u00e7\u00e3o das Ind\u00fastrias do Estado de Minas Gerais","publisher":{"@id":"https:\/\/www.fiemg.com.br\/sesi\/#organization"},"potentialAction":[{"@type":"SearchAction","target":{"@type":"EntryPoint","urlTemplate":"https:\/\/www.fiemg.com.br\/sesi\/?s={search_term_string}"},"query-input":{"@type":"PropertyValueSpecification","valueRequired":true,"valueName":"search_term_string"}}],"inLanguage":"pt-BR"},{"@type":"Organization","@id":"https:\/\/www.fiemg.com.br\/sesi\/#organization","name":"SESI","url":"https:\/\/www.fiemg.com.br\/sesi\/","logo":{"@type":"ImageObject","inLanguage":"pt-BR","@id":"https:\/\/www.fiemg.com.br\/sesi\/#\/schema\/logo\/image\/","url":"https:\/\/www.fiemg.com.br\/sesi\/wp-content\/uploads\/sites\/11\/2023\/02\/SESI_branco.svg","contentUrl":"https:\/\/www.fiemg.com.br\/sesi\/wp-content\/uploads\/sites\/11\/2023\/02\/SESI_branco.svg","width":168,"height":62,"caption":"SESI"},"image":{"@id":"https:\/\/www.fiemg.com.br\/sesi\/#\/schema\/logo\/image\/"}}]}},"_links":{"self":[{"href":"https:\/\/www.fiemg.com.br\/sesi\/wp-json\/wp\/v2\/noticias\/6346","targetHints":{"allow":["GET"]}}],"collection":[{"href":"https:\/\/www.fiemg.com.br\/sesi\/wp-json\/wp\/v2\/noticias"}],"about":[{"href":"https:\/\/www.fiemg.com.br\/sesi\/wp-json\/wp\/v2\/types\/noticias"}],"wp:featuredmedia":[{"embeddable":true,"href":"https:\/\/www.fiemg.com.br\/sesi\/wp-json\/wp\/v2\/media\/6347"}],"wp:attachment":[{"href":"https:\/\/www.fiemg.com.br\/sesi\/wp-json\/wp\/v2\/media?parent=6346"}],"wp:term":[{"taxonomy":"category","embeddable":true,"href":"https:\/\/www.fiemg.com.br\/sesi\/wp-json\/wp\/v2\/categories?post=6346"},{"taxonomy":"post_tag","embeddable":true,"href":"https:\/\/www.fiemg.com.br\/sesi\/wp-json\/wp\/v2\/tags?post=6346"}],"curies":[{"name":"wp","href":"https:\/\/api.w.org\/{rel}","templated":true}]}}