{"id":7250,"date":"2024-10-01T21:54:12","date_gmt":"2024-10-02T00:54:12","guid":{"rendered":"https:\/\/www.fiemg.com.br\/sesi\/noticias\/palestra-debate-transformacao-digital-nos-negocios\/"},"modified":"2024-10-01T21:57:01","modified_gmt":"2024-10-02T00:57:01","slug":"palestra-debate-transformacao-digital-nos-negocios","status":"publish","type":"noticias","link":"https:\/\/www.fiemg.com.br\/sesi\/noticias\/palestra-debate-transformacao-digital-nos-negocios\/","title":{"rendered":"Palestra debate transforma\u00e7\u00e3o digital nos neg\u00f3cios"},"content":{"rendered":"\n<p>A transforma\u00e7\u00e3o digital \u00e9 uma realidade que permeia diferentes segmentos da sociedade e tamb\u00e9m o mundo dos neg\u00f3cios. Diante desse cen\u00e1rio, especialistas recomendam prud\u00eancia e bom senso para utilizar, por exemplo, a intelig\u00eancia artificial (IA) em estrat\u00e9gia de vendas. Essa e outras quest\u00f5es relacionadas ao assunto foram apresentadas durante uma palestra no Imers\u00e3o Ind\u00fastria, que \u00e9 realizado no Minascentro, em Belo Horizonte. O palestrante que falou sobre o tema foi Hugo Azevedo, CEO e fundador da HopAI.<\/p>\n\n\n\n<p>Em meio a desafios, Azevedo entende que alguns projetos de IA e vendas ainda se encontram na fase de experimenta\u00e7\u00e3o. Dessa maneira, ele considera que trabalhar com intelig\u00eancia artificial \u00e9 complexo e \u201ctodo investimento precisa ser levado a s\u00e9rio e envolver profissionais qualificados que pensem estrategicamente as novas tecnologias sobre diferentes aspectos\u201d, disse.<\/p>\n\n\n\n<p>Apesar disso, Hugo Azevedo entende que a transforma\u00e7\u00e3o digital nos neg\u00f3cios, inclusive nos m\u00e9dios e pequenos, \u00e9 plenamente execut\u00e1vel e citou alguns desafios nessa dire\u00e7\u00e3o. Alguns exemplos s\u00e3o: encarar a realidade do uso da IA, trabalhar aspectos culturais das empresas, levando em conta que a ferramenta pode auxiliar o trabalho humano, e lidar com sabedoria com o que ela chamou de \u201cboom do ChatGPT\u201d.&nbsp;<\/p>\n\n\n\n<p>Em rela\u00e7\u00e3o \u00e0 venda no digital, Azevedo observou que esse expediente vai caminhar ao lado do ambiente anal\u00f3gico por um longo. \u201cN\u00e3o existe um cen\u00e1rio perfeito ou ideal para a transforma\u00e7\u00e3o digital e os empres\u00e1rios precisam levar em conta a personaliza\u00e7\u00e3o dos clientes, automa\u00e7\u00e3o de processos e intelig\u00eancia artificial\u201d. Nessa dire\u00e7\u00e3o, o palestrante citou cinco pontos de orienta\u00e7\u00e3o para o p\u00fablico que assistiu \u00e0 palestra: otimiza\u00e7\u00e3o de tarefas e n\u00e3o de processos, estrat\u00e9gia de dados, associa\u00e7\u00e3o de m\u00e9tricas e neg\u00f3cios a iniciativas, saber lidar com problemas e com a tecnologia.&nbsp;<\/p>\n\n\n\n<p>O Imers\u00e3o Ind\u00fastria \u00e9 realizado pela FIEMG, SESI e SENAI, com patroc\u00ednio m\u00e1ster da ArcelorMittal, Codemge, CNI e Vale; apoio m\u00e1ster do SEBRAE; patroc\u00ednio ouro da Herculano Minera\u00e7\u00e3o, Gerdau, Eletrobras, Schneider Eletric; patroc\u00ednio prata do Sicoob Credfiemg, Copasa, CBMM, Souza Cruz\/BAT Brasil, USIMINAS e Nanum Nanotecnologia; e apoio do BDMG, Localiza, Bemisa, Sambatec, FAEMG e Fecom\u00e9rcio.<br><br><em>Rafael Passos<br><\/em><strong>Imprensa FIEMG<\/strong><\/p>\n","protected":false},"featured_media":7251,"template":"","categories":[15],"tags":[102,478,261,479,463],"class_list":["post-7250","noticias","type-noticias","status-publish","has-post-thumbnail","hentry","category-desenvolvimento-industrial","tag-fiemg","tag-ia","tag-imersao-industria","tag-inteligencia-artificial","tag-negocios"],"acf":[],"yoast_head":"<!-- This site is optimized with the Yoast SEO plugin v26.2 - https:\/\/yoast.com\/wordpress\/plugins\/seo\/ -->\n<title>Palestra debate transforma\u00e7\u00e3o digital nos neg\u00f3cios - SESI<\/title>\n<meta name=\"description\" content=\"CEO de empresa de tecnologia apresentou desafios e falou sobre possibilidades a partir do uso das novas tecnologias\" \/>\n<meta name=\"robots\" content=\"index, follow, max-snippet:-1, max-image-preview:large, max-video-preview:-1\" \/>\n<link rel=\"canonical\" href=\"https:\/\/www.fiemg.com.br\/sesi\/noticias\/palestra-debate-transformacao-digital-nos-negocios\/\" \/>\n<meta property=\"og:locale\" content=\"pt_BR\" \/>\n<meta property=\"og:type\" content=\"article\" \/>\n<meta property=\"og:title\" content=\"Palestra debate transforma\u00e7\u00e3o digital nos neg\u00f3cios - SESI\" \/>\n<meta property=\"og:description\" content=\"CEO de empresa de tecnologia apresentou desafios e falou sobre possibilidades a partir do uso das novas tecnologias\" \/>\n<meta property=\"og:url\" content=\"https:\/\/www.fiemg.com.br\/sesi\/noticias\/palestra-debate-transformacao-digital-nos-negocios\/\" \/>\n<meta property=\"og:site_name\" content=\"SESI\" \/>\n<meta property=\"article:modified_time\" content=\"2024-10-02T00:57:01+00:00\" \/>\n<meta property=\"og:image\" content=\"https:\/\/www.fiemg.com.br\/sesi\/wp-content\/uploads\/sites\/11\/2024\/10\/palestrante.jpeg\" \/>\n\t<meta property=\"og:image:width\" content=\"512\" \/>\n\t<meta property=\"og:image:height\" content=\"512\" \/>\n\t<meta property=\"og:image:type\" content=\"image\/jpeg\" \/>\n<meta name=\"twitter:card\" content=\"summary_large_image\" \/>\n<meta name=\"twitter:label1\" content=\"Est. tempo de leitura\" \/>\n\t<meta name=\"twitter:data1\" content=\"3 minutos\" \/>\n<script type=\"application\/ld+json\" class=\"yoast-schema-graph\">{\"@context\":\"https:\/\/schema.org\",\"@graph\":[{\"@type\":\"WebPage\",\"@id\":\"https:\/\/www.fiemg.com.br\/sesi\/noticias\/palestra-debate-transformacao-digital-nos-negocios\/\",\"url\":\"https:\/\/www.fiemg.com.br\/sesi\/noticias\/palestra-debate-transformacao-digital-nos-negocios\/\",\"name\":\"Palestra debate transforma\u00e7\u00e3o digital nos neg\u00f3cios - SESI\",\"isPartOf\":{\"@id\":\"https:\/\/www.fiemg.com.br\/sesi\/#website\"},\"primaryImageOfPage\":{\"@id\":\"https:\/\/www.fiemg.com.br\/sesi\/noticias\/palestra-debate-transformacao-digital-nos-negocios\/#primaryimage\"},\"image\":{\"@id\":\"https:\/\/www.fiemg.com.br\/sesi\/noticias\/palestra-debate-transformacao-digital-nos-negocios\/#primaryimage\"},\"thumbnailUrl\":\"https:\/\/www.fiemg.com.br\/sesi\/wp-content\/uploads\/sites\/11\/2024\/10\/palestrante.jpeg\",\"datePublished\":\"2024-10-02T00:54:12+00:00\",\"dateModified\":\"2024-10-02T00:57:01+00:00\",\"description\":\"CEO de empresa de tecnologia apresentou desafios e falou sobre possibilidades a partir do uso das novas tecnologias\",\"breadcrumb\":{\"@id\":\"https:\/\/www.fiemg.com.br\/sesi\/noticias\/palestra-debate-transformacao-digital-nos-negocios\/#breadcrumb\"},\"inLanguage\":\"pt-BR\",\"potentialAction\":[{\"@type\":\"ReadAction\",\"target\":[\"https:\/\/www.fiemg.com.br\/sesi\/noticias\/palestra-debate-transformacao-digital-nos-negocios\/\"]}]},{\"@type\":\"ImageObject\",\"inLanguage\":\"pt-BR\",\"@id\":\"https:\/\/www.fiemg.com.br\/sesi\/noticias\/palestra-debate-transformacao-digital-nos-negocios\/#primaryimage\",\"url\":\"https:\/\/www.fiemg.com.br\/sesi\/wp-content\/uploads\/sites\/11\/2024\/10\/palestrante.jpeg\",\"contentUrl\":\"https:\/\/www.fiemg.com.br\/sesi\/wp-content\/uploads\/sites\/11\/2024\/10\/palestrante.jpeg\",\"width\":512,\"height\":512,\"caption\":\"CEO de empresa de tecnologia apresentou desafios e falou sobre possibilidades a partir do uso das novas tecnologias\"},{\"@type\":\"BreadcrumbList\",\"@id\":\"https:\/\/www.fiemg.com.br\/sesi\/noticias\/palestra-debate-transformacao-digital-nos-negocios\/#breadcrumb\",\"itemListElement\":[{\"@type\":\"ListItem\",\"position\":1,\"name\":\"In\u00edcio\",\"item\":\"https:\/\/www.fiemg.com.br\/sesi\/\"},{\"@type\":\"ListItem\",\"position\":2,\"name\":\"Palestra debate transforma\u00e7\u00e3o digital nos neg\u00f3cios\"}]},{\"@type\":\"WebSite\",\"@id\":\"https:\/\/www.fiemg.com.br\/sesi\/#website\",\"url\":\"https:\/\/www.fiemg.com.br\/sesi\/\",\"name\":\"SESI\",\"description\":\"Federa\u00e7\u00e3o das Ind\u00fastrias do Estado de Minas Gerais\",\"publisher\":{\"@id\":\"https:\/\/www.fiemg.com.br\/sesi\/#organization\"},\"potentialAction\":[{\"@type\":\"SearchAction\",\"target\":{\"@type\":\"EntryPoint\",\"urlTemplate\":\"https:\/\/www.fiemg.com.br\/sesi\/?s={search_term_string}\"},\"query-input\":{\"@type\":\"PropertyValueSpecification\",\"valueRequired\":true,\"valueName\":\"search_term_string\"}}],\"inLanguage\":\"pt-BR\"},{\"@type\":\"Organization\",\"@id\":\"https:\/\/www.fiemg.com.br\/sesi\/#organization\",\"name\":\"SESI\",\"url\":\"https:\/\/www.fiemg.com.br\/sesi\/\",\"logo\":{\"@type\":\"ImageObject\",\"inLanguage\":\"pt-BR\",\"@id\":\"https:\/\/www.fiemg.com.br\/sesi\/#\/schema\/logo\/image\/\",\"url\":\"https:\/\/www.fiemg.com.br\/sesi\/wp-content\/uploads\/sites\/11\/2023\/02\/SESI_branco.svg\",\"contentUrl\":\"https:\/\/www.fiemg.com.br\/sesi\/wp-content\/uploads\/sites\/11\/2023\/02\/SESI_branco.svg\",\"width\":168,\"height\":62,\"caption\":\"SESI\"},\"image\":{\"@id\":\"https:\/\/www.fiemg.com.br\/sesi\/#\/schema\/logo\/image\/\"}}]}<\/script>\n<!-- \/ Yoast SEO plugin. -->","yoast_head_json":{"title":"Palestra debate transforma\u00e7\u00e3o digital nos neg\u00f3cios - SESI","description":"CEO de empresa de tecnologia apresentou desafios e falou sobre possibilidades a partir do uso das novas tecnologias","robots":{"index":"index","follow":"follow","max-snippet":"max-snippet:-1","max-image-preview":"max-image-preview:large","max-video-preview":"max-video-preview:-1"},"canonical":"https:\/\/www.fiemg.com.br\/sesi\/noticias\/palestra-debate-transformacao-digital-nos-negocios\/","og_locale":"pt_BR","og_type":"article","og_title":"Palestra debate transforma\u00e7\u00e3o digital nos neg\u00f3cios - SESI","og_description":"CEO de empresa de tecnologia apresentou desafios e falou sobre possibilidades a partir do uso das novas tecnologias","og_url":"https:\/\/www.fiemg.com.br\/sesi\/noticias\/palestra-debate-transformacao-digital-nos-negocios\/","og_site_name":"SESI","article_modified_time":"2024-10-02T00:57:01+00:00","og_image":[{"width":512,"height":512,"url":"https:\/\/www.fiemg.com.br\/sesi\/wp-content\/uploads\/sites\/11\/2024\/10\/palestrante.jpeg","type":"image\/jpeg"}],"twitter_card":"summary_large_image","twitter_misc":{"Est. tempo de leitura":"3 minutos"},"schema":{"@context":"https:\/\/schema.org","@graph":[{"@type":"WebPage","@id":"https:\/\/www.fiemg.com.br\/sesi\/noticias\/palestra-debate-transformacao-digital-nos-negocios\/","url":"https:\/\/www.fiemg.com.br\/sesi\/noticias\/palestra-debate-transformacao-digital-nos-negocios\/","name":"Palestra debate transforma\u00e7\u00e3o digital nos neg\u00f3cios - SESI","isPartOf":{"@id":"https:\/\/www.fiemg.com.br\/sesi\/#website"},"primaryImageOfPage":{"@id":"https:\/\/www.fiemg.com.br\/sesi\/noticias\/palestra-debate-transformacao-digital-nos-negocios\/#primaryimage"},"image":{"@id":"https:\/\/www.fiemg.com.br\/sesi\/noticias\/palestra-debate-transformacao-digital-nos-negocios\/#primaryimage"},"thumbnailUrl":"https:\/\/www.fiemg.com.br\/sesi\/wp-content\/uploads\/sites\/11\/2024\/10\/palestrante.jpeg","datePublished":"2024-10-02T00:54:12+00:00","dateModified":"2024-10-02T00:57:01+00:00","description":"CEO de empresa de tecnologia apresentou desafios e falou sobre possibilidades a partir do uso das novas tecnologias","breadcrumb":{"@id":"https:\/\/www.fiemg.com.br\/sesi\/noticias\/palestra-debate-transformacao-digital-nos-negocios\/#breadcrumb"},"inLanguage":"pt-BR","potentialAction":[{"@type":"ReadAction","target":["https:\/\/www.fiemg.com.br\/sesi\/noticias\/palestra-debate-transformacao-digital-nos-negocios\/"]}]},{"@type":"ImageObject","inLanguage":"pt-BR","@id":"https:\/\/www.fiemg.com.br\/sesi\/noticias\/palestra-debate-transformacao-digital-nos-negocios\/#primaryimage","url":"https:\/\/www.fiemg.com.br\/sesi\/wp-content\/uploads\/sites\/11\/2024\/10\/palestrante.jpeg","contentUrl":"https:\/\/www.fiemg.com.br\/sesi\/wp-content\/uploads\/sites\/11\/2024\/10\/palestrante.jpeg","width":512,"height":512,"caption":"CEO de empresa de tecnologia apresentou desafios e falou sobre possibilidades a partir do uso das novas tecnologias"},{"@type":"BreadcrumbList","@id":"https:\/\/www.fiemg.com.br\/sesi\/noticias\/palestra-debate-transformacao-digital-nos-negocios\/#breadcrumb","itemListElement":[{"@type":"ListItem","position":1,"name":"In\u00edcio","item":"https:\/\/www.fiemg.com.br\/sesi\/"},{"@type":"ListItem","position":2,"name":"Palestra debate transforma\u00e7\u00e3o digital nos neg\u00f3cios"}]},{"@type":"WebSite","@id":"https:\/\/www.fiemg.com.br\/sesi\/#website","url":"https:\/\/www.fiemg.com.br\/sesi\/","name":"SESI","description":"Federa\u00e7\u00e3o das Ind\u00fastrias do Estado de Minas Gerais","publisher":{"@id":"https:\/\/www.fiemg.com.br\/sesi\/#organization"},"potentialAction":[{"@type":"SearchAction","target":{"@type":"EntryPoint","urlTemplate":"https:\/\/www.fiemg.com.br\/sesi\/?s={search_term_string}"},"query-input":{"@type":"PropertyValueSpecification","valueRequired":true,"valueName":"search_term_string"}}],"inLanguage":"pt-BR"},{"@type":"Organization","@id":"https:\/\/www.fiemg.com.br\/sesi\/#organization","name":"SESI","url":"https:\/\/www.fiemg.com.br\/sesi\/","logo":{"@type":"ImageObject","inLanguage":"pt-BR","@id":"https:\/\/www.fiemg.com.br\/sesi\/#\/schema\/logo\/image\/","url":"https:\/\/www.fiemg.com.br\/sesi\/wp-content\/uploads\/sites\/11\/2023\/02\/SESI_branco.svg","contentUrl":"https:\/\/www.fiemg.com.br\/sesi\/wp-content\/uploads\/sites\/11\/2023\/02\/SESI_branco.svg","width":168,"height":62,"caption":"SESI"},"image":{"@id":"https:\/\/www.fiemg.com.br\/sesi\/#\/schema\/logo\/image\/"}}]}},"_links":{"self":[{"href":"https:\/\/www.fiemg.com.br\/sesi\/wp-json\/wp\/v2\/noticias\/7250","targetHints":{"allow":["GET"]}}],"collection":[{"href":"https:\/\/www.fiemg.com.br\/sesi\/wp-json\/wp\/v2\/noticias"}],"about":[{"href":"https:\/\/www.fiemg.com.br\/sesi\/wp-json\/wp\/v2\/types\/noticias"}],"wp:featuredmedia":[{"embeddable":true,"href":"https:\/\/www.fiemg.com.br\/sesi\/wp-json\/wp\/v2\/media\/7251"}],"wp:attachment":[{"href":"https:\/\/www.fiemg.com.br\/sesi\/wp-json\/wp\/v2\/media?parent=7250"}],"wp:term":[{"taxonomy":"category","embeddable":true,"href":"https:\/\/www.fiemg.com.br\/sesi\/wp-json\/wp\/v2\/categories?post=7250"},{"taxonomy":"post_tag","embeddable":true,"href":"https:\/\/www.fiemg.com.br\/sesi\/wp-json\/wp\/v2\/tags?post=7250"}],"curies":[{"name":"wp","href":"https:\/\/api.w.org\/{rel}","templated":true}]}}