{"id":7511,"date":"2024-10-21T10:55:40","date_gmt":"2024-10-21T13:55:40","guid":{"rendered":"https:\/\/www.fiemg.com.br\/sesi\/noticias\/espetaculo-traz-arranjos-instrumentais-exclusivos-dos-maiores-sucessos-do-rei-do-pop\/"},"modified":"2024-10-21T11:00:58","modified_gmt":"2024-10-21T14:00:58","slug":"espetaculo-traz-arranjos-instrumentais-exclusivos-dos-maiores-sucessos-do-rei-do-pop","status":"publish","type":"noticias","link":"https:\/\/www.fiemg.com.br\/sesi\/noticias\/espetaculo-traz-arranjos-instrumentais-exclusivos-dos-maiores-sucessos-do-rei-do-pop\/","title":{"rendered":"Orquestra SESIMINAS apresenta concerto em homenagem a Michael Jackson"},"content":{"rendered":"\n<figure class=\"wp-block-image aligncenter size-large\"><img fetchpriority=\"high\" decoding=\"async\" width=\"1024\" height=\"396\" src=\"https:\/\/www.fiemg.com.br\/sesi\/wp-content\/uploads\/sites\/11\/2024\/10\/michael-1024x396.png\" alt=\"\" class=\"wp-image-7513\" srcset=\"https:\/\/www.fiemg.com.br\/sesi\/wp-content\/uploads\/sites\/11\/2024\/10\/michael-1024x396.png 1024w, https:\/\/www.fiemg.com.br\/sesi\/wp-content\/uploads\/sites\/11\/2024\/10\/michael-300x116.png 300w, https:\/\/www.fiemg.com.br\/sesi\/wp-content\/uploads\/sites\/11\/2024\/10\/michael-768x297.png 768w, https:\/\/www.fiemg.com.br\/sesi\/wp-content\/uploads\/sites\/11\/2024\/10\/michael.png 1080w\" sizes=\"(max-width: 1024px) 100vw, 1024px\" \/><\/figure>\n\n\n\n<p><br>Uma das principais atra\u00e7\u00f5es da temporada 2024 da Orquestra SESIMINAS \u00e9 o espet\u00e1culo &#8220;Michael Jackson &#8211; Black or White&#8221;, que promete surpreender o p\u00fablico ao revisitar alguns dos maiores sucessos do ic\u00f4nico Rei do Pop. Com arranjos in\u00e9ditos assinados por Neto Bellotto, em vers\u00f5es surpreendentes e eletrizantes de cl\u00e1ssicos como Thriller, Beat It, Don\u2019t Stop &#8216;Til You Get Enough e Billie Jean, oferecendo tamb\u00e9m releituras de m\u00fasicas \u201clado B\u201d, proporcionando uma experi\u00eancia \u00fanica para os f\u00e3s. O evento faz parte da S\u00e9rie Artes e Cordas, que est\u00e1 em seu segundo ano, e que alterna entre performances eruditas e populares, e ser\u00e1 realizado no dia 31 de outubro, \u00e0s 20h30, no Teatro SESIMINAS, em Belo Horizonte. <\/p>\n\n\n\n<p>\u201cMichael Jackson &#8211; Black or White buscar trazer \u00e0 tona a s\u00edntese de manifesta\u00e7\u00f5es culturais aparentemente opostas, como a m\u00fasica erudita europeia e a m\u00fasica pop, mas que podem se misturar de uma maneira bela e transcendente. O concerto Michael Jackson &#8211; Black or White \u00e9 um dos momentos mais esperados em 2024 para n\u00f3s, da Orquestra SESIMINAS\u201d, comenta o maestro Felipe Magalh\u00e3es. \u201cA Orquestra estar\u00e1 acompanhada por uma banda maravilhosa de m\u00fasicos incr\u00edveis, com Andr\u00e9 Lim\u00e3o Queiroz (bateria), Bruno Velloso (baixo el\u00e9trico), Rog\u00e9rio Delayon (guitarra) e Lucas de Moro (teclados).\u00a0 Esse show realmente promete trazer a m\u00fasica desse grande g\u00eanio do pop mundial, em vers\u00f5es que v\u00e3o, com certeza, surpreender o p\u00fablico\u201d, ressalta Magalh\u00e3es.\u00a0O concerto contar\u00e1 ainda com a participa\u00e7\u00e3o do coral Madrigal Renascentista e ainda trar\u00e1 algumas surpresas para o p\u00fablico.<\/p>\n\n\n\n<p><\/p>\n\n\n\n<p><strong>SERVI\u00c7O<\/strong><br><strong>Orquestra SESIMINAS apresenta: Michael Jackson<\/strong> &#8211; <strong>Black or White<\/strong><br><strong>Data: <\/strong>31 de outubro\u00a0<br><strong>Hor\u00e1rio:<\/strong> 20h30<br><strong>Local: <\/strong>Teatro SESIMINAS \u2013 Rua Padre Marinho, 60, Belo Horizonte\u00a0<br><strong>Ingressos entre R$ 15 e R$ 30, compre o seu neste <a href=\"https:\/\/bileto.sympla.com.br\/event\/99154\">LINK<\/a><\/strong><\/p>\n","protected":false},"featured_media":7512,"template":"","categories":[29],"tags":[113,485,108],"class_list":["post-7511","noticias","type-noticias","status-publish","has-post-thumbnail","hentry","category-cultura","tag-cultura","tag-orquestra-sesiminas","tag-sesi"],"acf":[],"yoast_head":"<!-- This site is optimized with the Yoast SEO plugin v26.2 - https:\/\/yoast.com\/wordpress\/plugins\/seo\/ -->\n<title>Orquestra SESIMINAS apresenta concerto em homenagem a Michael Jackson - SESI<\/title>\n<meta name=\"description\" content=\"Espet\u00e1culo traz arranjos instrumentais exclusivos dos maiores sucessos do Rei do Pop\" \/>\n<meta name=\"robots\" content=\"index, follow, max-snippet:-1, max-image-preview:large, max-video-preview:-1\" \/>\n<link rel=\"canonical\" href=\"https:\/\/www.fiemg.com.br\/sesi\/noticias\/espetaculo-traz-arranjos-instrumentais-exclusivos-dos-maiores-sucessos-do-rei-do-pop\/\" \/>\n<meta property=\"og:locale\" content=\"pt_BR\" \/>\n<meta property=\"og:type\" content=\"article\" \/>\n<meta property=\"og:title\" content=\"Orquestra SESIMINAS apresenta concerto em homenagem a Michael Jackson - SESI\" \/>\n<meta property=\"og:description\" content=\"Espet\u00e1culo traz arranjos instrumentais exclusivos dos maiores sucessos do Rei do Pop\" \/>\n<meta property=\"og:url\" content=\"https:\/\/www.fiemg.com.br\/sesi\/noticias\/espetaculo-traz-arranjos-instrumentais-exclusivos-dos-maiores-sucessos-do-rei-do-pop\/\" \/>\n<meta property=\"og:site_name\" content=\"SESI\" \/>\n<meta property=\"article:modified_time\" content=\"2024-10-21T14:00:58+00:00\" \/>\n<meta property=\"og:image\" content=\"https:\/\/www.fiemg.com.br\/sesi\/wp-content\/uploads\/sites\/11\/2024\/10\/jackson.png\" \/>\n\t<meta property=\"og:image:width\" content=\"512\" \/>\n\t<meta property=\"og:image:height\" content=\"512\" \/>\n\t<meta property=\"og:image:type\" content=\"image\/png\" \/>\n<meta name=\"twitter:card\" content=\"summary_large_image\" \/>\n<meta name=\"twitter:label1\" content=\"Est. tempo de leitura\" \/>\n\t<meta name=\"twitter:data1\" content=\"2 minutos\" \/>\n<script type=\"application\/ld+json\" class=\"yoast-schema-graph\">{\"@context\":\"https:\/\/schema.org\",\"@graph\":[{\"@type\":\"WebPage\",\"@id\":\"https:\/\/www.fiemg.com.br\/sesi\/noticias\/espetaculo-traz-arranjos-instrumentais-exclusivos-dos-maiores-sucessos-do-rei-do-pop\/\",\"url\":\"https:\/\/www.fiemg.com.br\/sesi\/noticias\/espetaculo-traz-arranjos-instrumentais-exclusivos-dos-maiores-sucessos-do-rei-do-pop\/\",\"name\":\"Orquestra SESIMINAS apresenta concerto em homenagem a Michael Jackson - SESI\",\"isPartOf\":{\"@id\":\"https:\/\/www.fiemg.com.br\/sesi\/#website\"},\"primaryImageOfPage\":{\"@id\":\"https:\/\/www.fiemg.com.br\/sesi\/noticias\/espetaculo-traz-arranjos-instrumentais-exclusivos-dos-maiores-sucessos-do-rei-do-pop\/#primaryimage\"},\"image\":{\"@id\":\"https:\/\/www.fiemg.com.br\/sesi\/noticias\/espetaculo-traz-arranjos-instrumentais-exclusivos-dos-maiores-sucessos-do-rei-do-pop\/#primaryimage\"},\"thumbnailUrl\":\"https:\/\/www.fiemg.com.br\/sesi\/wp-content\/uploads\/sites\/11\/2024\/10\/jackson.png\",\"datePublished\":\"2024-10-21T13:55:40+00:00\",\"dateModified\":\"2024-10-21T14:00:58+00:00\",\"description\":\"Espet\u00e1culo traz arranjos instrumentais exclusivos dos maiores sucessos do Rei do Pop\",\"breadcrumb\":{\"@id\":\"https:\/\/www.fiemg.com.br\/sesi\/noticias\/espetaculo-traz-arranjos-instrumentais-exclusivos-dos-maiores-sucessos-do-rei-do-pop\/#breadcrumb\"},\"inLanguage\":\"pt-BR\",\"potentialAction\":[{\"@type\":\"ReadAction\",\"target\":[\"https:\/\/www.fiemg.com.br\/sesi\/noticias\/espetaculo-traz-arranjos-instrumentais-exclusivos-dos-maiores-sucessos-do-rei-do-pop\/\"]}]},{\"@type\":\"ImageObject\",\"inLanguage\":\"pt-BR\",\"@id\":\"https:\/\/www.fiemg.com.br\/sesi\/noticias\/espetaculo-traz-arranjos-instrumentais-exclusivos-dos-maiores-sucessos-do-rei-do-pop\/#primaryimage\",\"url\":\"https:\/\/www.fiemg.com.br\/sesi\/wp-content\/uploads\/sites\/11\/2024\/10\/jackson.png\",\"contentUrl\":\"https:\/\/www.fiemg.com.br\/sesi\/wp-content\/uploads\/sites\/11\/2024\/10\/jackson.png\",\"width\":512,\"height\":512},{\"@type\":\"BreadcrumbList\",\"@id\":\"https:\/\/www.fiemg.com.br\/sesi\/noticias\/espetaculo-traz-arranjos-instrumentais-exclusivos-dos-maiores-sucessos-do-rei-do-pop\/#breadcrumb\",\"itemListElement\":[{\"@type\":\"ListItem\",\"position\":1,\"name\":\"In\u00edcio\",\"item\":\"https:\/\/www.fiemg.com.br\/sesi\/\"},{\"@type\":\"ListItem\",\"position\":2,\"name\":\"Orquestra SESIMINAS apresenta concerto em homenagem a Michael Jackson\"}]},{\"@type\":\"WebSite\",\"@id\":\"https:\/\/www.fiemg.com.br\/sesi\/#website\",\"url\":\"https:\/\/www.fiemg.com.br\/sesi\/\",\"name\":\"SESI\",\"description\":\"Federa\u00e7\u00e3o das Ind\u00fastrias do Estado de Minas Gerais\",\"publisher\":{\"@id\":\"https:\/\/www.fiemg.com.br\/sesi\/#organization\"},\"potentialAction\":[{\"@type\":\"SearchAction\",\"target\":{\"@type\":\"EntryPoint\",\"urlTemplate\":\"https:\/\/www.fiemg.com.br\/sesi\/?s={search_term_string}\"},\"query-input\":{\"@type\":\"PropertyValueSpecification\",\"valueRequired\":true,\"valueName\":\"search_term_string\"}}],\"inLanguage\":\"pt-BR\"},{\"@type\":\"Organization\",\"@id\":\"https:\/\/www.fiemg.com.br\/sesi\/#organization\",\"name\":\"SESI\",\"url\":\"https:\/\/www.fiemg.com.br\/sesi\/\",\"logo\":{\"@type\":\"ImageObject\",\"inLanguage\":\"pt-BR\",\"@id\":\"https:\/\/www.fiemg.com.br\/sesi\/#\/schema\/logo\/image\/\",\"url\":\"https:\/\/www.fiemg.com.br\/sesi\/wp-content\/uploads\/sites\/11\/2023\/02\/SESI_branco.svg\",\"contentUrl\":\"https:\/\/www.fiemg.com.br\/sesi\/wp-content\/uploads\/sites\/11\/2023\/02\/SESI_branco.svg\",\"width\":168,\"height\":62,\"caption\":\"SESI\"},\"image\":{\"@id\":\"https:\/\/www.fiemg.com.br\/sesi\/#\/schema\/logo\/image\/\"}}]}<\/script>\n<!-- \/ Yoast SEO plugin. -->","yoast_head_json":{"title":"Orquestra SESIMINAS apresenta concerto em homenagem a Michael Jackson - SESI","description":"Espet\u00e1culo traz arranjos instrumentais exclusivos dos maiores sucessos do Rei do Pop","robots":{"index":"index","follow":"follow","max-snippet":"max-snippet:-1","max-image-preview":"max-image-preview:large","max-video-preview":"max-video-preview:-1"},"canonical":"https:\/\/www.fiemg.com.br\/sesi\/noticias\/espetaculo-traz-arranjos-instrumentais-exclusivos-dos-maiores-sucessos-do-rei-do-pop\/","og_locale":"pt_BR","og_type":"article","og_title":"Orquestra SESIMINAS apresenta concerto em homenagem a Michael Jackson - SESI","og_description":"Espet\u00e1culo traz arranjos instrumentais exclusivos dos maiores sucessos do Rei do Pop","og_url":"https:\/\/www.fiemg.com.br\/sesi\/noticias\/espetaculo-traz-arranjos-instrumentais-exclusivos-dos-maiores-sucessos-do-rei-do-pop\/","og_site_name":"SESI","article_modified_time":"2024-10-21T14:00:58+00:00","og_image":[{"width":512,"height":512,"url":"https:\/\/www.fiemg.com.br\/sesi\/wp-content\/uploads\/sites\/11\/2024\/10\/jackson.png","type":"image\/png"}],"twitter_card":"summary_large_image","twitter_misc":{"Est. tempo de leitura":"2 minutos"},"schema":{"@context":"https:\/\/schema.org","@graph":[{"@type":"WebPage","@id":"https:\/\/www.fiemg.com.br\/sesi\/noticias\/espetaculo-traz-arranjos-instrumentais-exclusivos-dos-maiores-sucessos-do-rei-do-pop\/","url":"https:\/\/www.fiemg.com.br\/sesi\/noticias\/espetaculo-traz-arranjos-instrumentais-exclusivos-dos-maiores-sucessos-do-rei-do-pop\/","name":"Orquestra SESIMINAS apresenta concerto em homenagem a Michael Jackson - SESI","isPartOf":{"@id":"https:\/\/www.fiemg.com.br\/sesi\/#website"},"primaryImageOfPage":{"@id":"https:\/\/www.fiemg.com.br\/sesi\/noticias\/espetaculo-traz-arranjos-instrumentais-exclusivos-dos-maiores-sucessos-do-rei-do-pop\/#primaryimage"},"image":{"@id":"https:\/\/www.fiemg.com.br\/sesi\/noticias\/espetaculo-traz-arranjos-instrumentais-exclusivos-dos-maiores-sucessos-do-rei-do-pop\/#primaryimage"},"thumbnailUrl":"https:\/\/www.fiemg.com.br\/sesi\/wp-content\/uploads\/sites\/11\/2024\/10\/jackson.png","datePublished":"2024-10-21T13:55:40+00:00","dateModified":"2024-10-21T14:00:58+00:00","description":"Espet\u00e1culo traz arranjos instrumentais exclusivos dos maiores sucessos do Rei do Pop","breadcrumb":{"@id":"https:\/\/www.fiemg.com.br\/sesi\/noticias\/espetaculo-traz-arranjos-instrumentais-exclusivos-dos-maiores-sucessos-do-rei-do-pop\/#breadcrumb"},"inLanguage":"pt-BR","potentialAction":[{"@type":"ReadAction","target":["https:\/\/www.fiemg.com.br\/sesi\/noticias\/espetaculo-traz-arranjos-instrumentais-exclusivos-dos-maiores-sucessos-do-rei-do-pop\/"]}]},{"@type":"ImageObject","inLanguage":"pt-BR","@id":"https:\/\/www.fiemg.com.br\/sesi\/noticias\/espetaculo-traz-arranjos-instrumentais-exclusivos-dos-maiores-sucessos-do-rei-do-pop\/#primaryimage","url":"https:\/\/www.fiemg.com.br\/sesi\/wp-content\/uploads\/sites\/11\/2024\/10\/jackson.png","contentUrl":"https:\/\/www.fiemg.com.br\/sesi\/wp-content\/uploads\/sites\/11\/2024\/10\/jackson.png","width":512,"height":512},{"@type":"BreadcrumbList","@id":"https:\/\/www.fiemg.com.br\/sesi\/noticias\/espetaculo-traz-arranjos-instrumentais-exclusivos-dos-maiores-sucessos-do-rei-do-pop\/#breadcrumb","itemListElement":[{"@type":"ListItem","position":1,"name":"In\u00edcio","item":"https:\/\/www.fiemg.com.br\/sesi\/"},{"@type":"ListItem","position":2,"name":"Orquestra SESIMINAS apresenta concerto em homenagem a Michael Jackson"}]},{"@type":"WebSite","@id":"https:\/\/www.fiemg.com.br\/sesi\/#website","url":"https:\/\/www.fiemg.com.br\/sesi\/","name":"SESI","description":"Federa\u00e7\u00e3o das Ind\u00fastrias do Estado de Minas Gerais","publisher":{"@id":"https:\/\/www.fiemg.com.br\/sesi\/#organization"},"potentialAction":[{"@type":"SearchAction","target":{"@type":"EntryPoint","urlTemplate":"https:\/\/www.fiemg.com.br\/sesi\/?s={search_term_string}"},"query-input":{"@type":"PropertyValueSpecification","valueRequired":true,"valueName":"search_term_string"}}],"inLanguage":"pt-BR"},{"@type":"Organization","@id":"https:\/\/www.fiemg.com.br\/sesi\/#organization","name":"SESI","url":"https:\/\/www.fiemg.com.br\/sesi\/","logo":{"@type":"ImageObject","inLanguage":"pt-BR","@id":"https:\/\/www.fiemg.com.br\/sesi\/#\/schema\/logo\/image\/","url":"https:\/\/www.fiemg.com.br\/sesi\/wp-content\/uploads\/sites\/11\/2023\/02\/SESI_branco.svg","contentUrl":"https:\/\/www.fiemg.com.br\/sesi\/wp-content\/uploads\/sites\/11\/2023\/02\/SESI_branco.svg","width":168,"height":62,"caption":"SESI"},"image":{"@id":"https:\/\/www.fiemg.com.br\/sesi\/#\/schema\/logo\/image\/"}}]}},"_links":{"self":[{"href":"https:\/\/www.fiemg.com.br\/sesi\/wp-json\/wp\/v2\/noticias\/7511","targetHints":{"allow":["GET"]}}],"collection":[{"href":"https:\/\/www.fiemg.com.br\/sesi\/wp-json\/wp\/v2\/noticias"}],"about":[{"href":"https:\/\/www.fiemg.com.br\/sesi\/wp-json\/wp\/v2\/types\/noticias"}],"wp:featuredmedia":[{"embeddable":true,"href":"https:\/\/www.fiemg.com.br\/sesi\/wp-json\/wp\/v2\/media\/7512"}],"wp:attachment":[{"href":"https:\/\/www.fiemg.com.br\/sesi\/wp-json\/wp\/v2\/media?parent=7511"}],"wp:term":[{"taxonomy":"category","embeddable":true,"href":"https:\/\/www.fiemg.com.br\/sesi\/wp-json\/wp\/v2\/categories?post=7511"},{"taxonomy":"post_tag","embeddable":true,"href":"https:\/\/www.fiemg.com.br\/sesi\/wp-json\/wp\/v2\/tags?post=7511"}],"curies":[{"name":"wp","href":"https:\/\/api.w.org\/{rel}","templated":true}]}}