{"id":8282,"date":"2025-05-08T09:43:55","date_gmt":"2025-05-08T12:43:55","guid":{"rendered":"https:\/\/www.fiemg.com.br\/sesi\/noticias\/evento-promovido-pelo-sesi-com-patrocinio-da-lonax-e-alle-aluminio-resgata-brincadeiras-tradicionais-promove-cultura-popular-e-garante-acessibilidade-para-todos-os-publicos\/"},"modified":"2025-05-12T11:34:17","modified_gmt":"2025-05-12T14:34:17","slug":"evento-promovido-pelo-sesi-com-patrocinio-da-lonax-e-alle-aluminio-resgata-brincadeiras-tradicionais-promove-cultura-popular-e-garante-acessibilidade-para-todos-os-publicos","status":"publish","type":"noticias","link":"https:\/\/www.fiemg.com.br\/sesi\/noticias\/evento-promovido-pelo-sesi-com-patrocinio-da-lonax-e-alle-aluminio-resgata-brincadeiras-tradicionais-promove-cultura-popular-e-garante-acessibilidade-para-todos-os-publicos\/","title":{"rendered":"\u00a0Festival Viva Brincar chega a Sarzedo, Betim e Igarap\u00e9 com atra\u00e7\u00f5es gratuitas para toda a fam\u00edlia"},"content":{"rendered":"\n<p>Com o objetivo de celebrar a inf\u00e2ncia, valorizar a cultura popular e estimular a conviv\u00eancia em comunidade, o SESI-MG realiza o <strong>Festival Viva Brincar<\/strong>, um evento gratuito que vai ocupar espa\u00e7os p\u00fablicos das cidades de <strong>Sarzedo (31\/05), Betim (01\/06)<\/strong> e <strong>Igarap\u00e9 (07\/06)<\/strong>. A iniciativa, que conta com o <strong>patroc\u00ednio da LONAX e ALLE Alum\u00ednio<\/strong>, \u00e9 viabilizada por meio da <strong>Lei Federal de Incentivo \u00e0 Cultura (PRONAC 2413033)<\/strong>.<\/p>\n\n\n\n<p>Com o conceito <strong>&#8220;Honrar o passado para pensar o futuro&#8221;<\/strong>, o projeto prop\u00f5e o resgate de brincadeiras tradicionais e o incentivo \u00e0 intera\u00e7\u00e3o intergeracional em contato com a natureza. Ao longo de um dia inteiro de programa\u00e7\u00e3o, crian\u00e7as, adultos e fam\u00edlias poder\u00e3o participar de <strong>oficinas, conta\u00e7\u00e3o de hist\u00f3rias, shows musicais, espet\u00e1culo teatral<\/strong> e ainda visitar o caminh\u00e3o biblioteca com atividades de incentivo \u00e0 leitura.<\/p>\n\n\n\n<p>A programa\u00e7\u00e3o \u00e9 a mesma nas tr\u00eas cidades e ocorre das <strong>9h \u00e0s 16h<\/strong>, com atra\u00e7\u00f5es como o <strong>Museu dos Brinquedos<\/strong>, o <strong>Ponto Volante de Cultura<\/strong>, a conta\u00e7\u00e3o de hist\u00f3rias com o <strong>Quintal da Guegu\u00e9<\/strong>, o show musical <strong>Do R\u00e9 Mirim<\/strong> e o espet\u00e1culo teatral <strong>Na Roda<\/strong>, do grupo <strong>Maria Cutia<\/strong>.<\/p>\n\n\n\n<p>Al\u00e9m da divers\u00e3o, o Festival Viva Brincar \u00e9 um exemplo de evento comprometido com a <strong>acessibilidade e inclus\u00e3o<\/strong>: contar\u00e1 com <strong>interpreta\u00e7\u00e3o em Libras, audiodescri\u00e7\u00e3o<\/strong> e <strong>equipe especializada para atender pessoas com defici\u00eancia intelectual<\/strong>.<\/p>\n\n\n\n<p>A iniciativa refor\u00e7a o papel da cultura como ferramenta de transforma\u00e7\u00e3o social e convida a comunidade a ocupar pra\u00e7as e parques com alegria, criatividade e afeto.<\/p>\n\n\n\n<p><strong>SERVI\u00c7O:<\/strong><br><br><strong>Festival Viva Brincar \u2013 Evento gratuito<br><\/strong> \ud83d\udccd <strong>31\/05 \u2013 Sarzedo<\/strong> | Parque Municipal da Cachoeira<br>\ud83d\udccd <strong>01\/06 \u2013 Betim<\/strong> | Parque Ecol\u00f3gico Municipal Cl\u00e9o Barbosa<br>\ud83d\udccd <strong>07\/06 \u2013 Igarap\u00e9<\/strong> | Pra\u00e7a Miguel Henriques<br>\ud83d\udd58 Das 9h \u00e0s 16h<br>\ud83c\udf9f Acesso gratuito e aberto a todas as idades<br><br><br><strong>SESI-MG integra a Semana Mundial do Brincar 2025<\/strong> &#8211; A Semana Mundial do Brincar 2025, promovida pela Alian\u00e7a pela Inf\u00e2ncia, ser\u00e1 realizada de 25 de maio a 1\u00ba de junho com o tema \u201cProteger o encantamento das inf\u00e2ncias\u201d, destacando a import\u00e2ncia de preservar a magia e a espontaneidade do brincar como direito essencial das crian\u00e7as. A iniciativa busca mobilizar fam\u00edlias, educadores e comunidades para criar ambientes que valorizem o l\u00fadico, a criatividade e a conex\u00e3o com a natureza, reconhecendo o brincar como elemento fundamental para o desenvolvimento saud\u00e1vel e integral da inf\u00e2ncia. Dentro dessa programa\u00e7\u00e3o, o Festival Viva Brincar, realizado pelo SESI-MG, integra as a\u00e7\u00f5es em Minas Gerais, oferecendo atividades gratuitas voltadas \u00e0 cultura, \u00e0 conviv\u00eancia e ao resgate das brincadeiras tradicionais.<\/p>\n\n\n\n<p><em>Denise Lucas<\/em><br><strong>Imprensa FIEMG<\/strong><\/p>\n\n\n\n<p><\/p>\n","protected":false},"featured_media":8284,"template":"","categories":[29,110],"tags":[522,113,523,524,525,108],"class_list":["post-8282","noticias","type-noticias","status-publish","has-post-thumbnail","hentry","category-cultura","category-sesi","tag-betim","tag-cultura","tag-igarape","tag-responsabilidade-social","tag-sarzedo","tag-sesi"],"acf":[],"yoast_head":"<!-- This site is optimized with the Yoast SEO plugin v26.2 - https:\/\/yoast.com\/wordpress\/plugins\/seo\/ -->\n<title>\u00a0Festival Viva Brincar chega a Sarzedo, Betim e Igarap\u00e9 com atra\u00e7\u00f5es gratuitas para toda a fam\u00edlia - SESI<\/title>\n<meta name=\"description\" content=\"Evento promovido pelo SESI com patroc\u00ednio da LONAX e ALLE Alum\u00ednio resgata brincadeiras tradicionais, promove cultura popular e garante acessibilidade para todos os p\u00fablicos\" \/>\n<meta name=\"robots\" content=\"index, follow, max-snippet:-1, max-image-preview:large, max-video-preview:-1\" \/>\n<link rel=\"canonical\" href=\"https:\/\/www.fiemg.com.br\/sesi\/noticias\/evento-promovido-pelo-sesi-com-patrocinio-da-lonax-e-alle-aluminio-resgata-brincadeiras-tradicionais-promove-cultura-popular-e-garante-acessibilidade-para-todos-os-publicos\/\" \/>\n<meta property=\"og:locale\" content=\"pt_BR\" \/>\n<meta property=\"og:type\" content=\"article\" \/>\n<meta property=\"og:title\" content=\"\u00a0Festival Viva Brincar chega a Sarzedo, Betim e Igarap\u00e9 com atra\u00e7\u00f5es gratuitas para toda a fam\u00edlia - SESI\" \/>\n<meta property=\"og:description\" content=\"Evento promovido pelo SESI com patroc\u00ednio da LONAX e ALLE Alum\u00ednio resgata brincadeiras tradicionais, promove cultura popular e garante acessibilidade para todos os p\u00fablicos\" \/>\n<meta property=\"og:url\" content=\"https:\/\/www.fiemg.com.br\/sesi\/noticias\/evento-promovido-pelo-sesi-com-patrocinio-da-lonax-e-alle-aluminio-resgata-brincadeiras-tradicionais-promove-cultura-popular-e-garante-acessibilidade-para-todos-os-publicos\/\" \/>\n<meta property=\"og:site_name\" content=\"SESI\" \/>\n<meta property=\"article:modified_time\" content=\"2025-05-12T14:34:17+00:00\" \/>\n<meta property=\"og:image\" content=\"https:\/\/www.fiemg.com.br\/sesi\/wp-content\/uploads\/sites\/11\/2025\/05\/0238.02_Viva-Brincar_Divulgacao_Banner-Site_B.-Noticia-1.png\" \/>\n\t<meta property=\"og:image:width\" content=\"390\" \/>\n\t<meta property=\"og:image:height\" content=\"370\" \/>\n\t<meta property=\"og:image:type\" content=\"image\/png\" \/>\n<meta name=\"twitter:card\" content=\"summary_large_image\" \/>\n<meta name=\"twitter:label1\" content=\"Est. tempo de leitura\" \/>\n\t<meta name=\"twitter:data1\" content=\"3 minutos\" \/>\n<script type=\"application\/ld+json\" class=\"yoast-schema-graph\">{\"@context\":\"https:\/\/schema.org\",\"@graph\":[{\"@type\":\"WebPage\",\"@id\":\"https:\/\/www.fiemg.com.br\/sesi\/noticias\/evento-promovido-pelo-sesi-com-patrocinio-da-lonax-e-alle-aluminio-resgata-brincadeiras-tradicionais-promove-cultura-popular-e-garante-acessibilidade-para-todos-os-publicos\/\",\"url\":\"https:\/\/www.fiemg.com.br\/sesi\/noticias\/evento-promovido-pelo-sesi-com-patrocinio-da-lonax-e-alle-aluminio-resgata-brincadeiras-tradicionais-promove-cultura-popular-e-garante-acessibilidade-para-todos-os-publicos\/\",\"name\":\"\u00a0Festival Viva Brincar chega a Sarzedo, Betim e Igarap\u00e9 com atra\u00e7\u00f5es gratuitas para toda a fam\u00edlia - SESI\",\"isPartOf\":{\"@id\":\"https:\/\/www.fiemg.com.br\/sesi\/#website\"},\"primaryImageOfPage\":{\"@id\":\"https:\/\/www.fiemg.com.br\/sesi\/noticias\/evento-promovido-pelo-sesi-com-patrocinio-da-lonax-e-alle-aluminio-resgata-brincadeiras-tradicionais-promove-cultura-popular-e-garante-acessibilidade-para-todos-os-publicos\/#primaryimage\"},\"image\":{\"@id\":\"https:\/\/www.fiemg.com.br\/sesi\/noticias\/evento-promovido-pelo-sesi-com-patrocinio-da-lonax-e-alle-aluminio-resgata-brincadeiras-tradicionais-promove-cultura-popular-e-garante-acessibilidade-para-todos-os-publicos\/#primaryimage\"},\"thumbnailUrl\":\"https:\/\/www.fiemg.com.br\/sesi\/wp-content\/uploads\/sites\/11\/2025\/05\/0238.02_Viva-Brincar_Divulgacao_Banner-Site_B.-Noticia-1.png\",\"datePublished\":\"2025-05-08T12:43:55+00:00\",\"dateModified\":\"2025-05-12T14:34:17+00:00\",\"description\":\"Evento promovido pelo SESI com patroc\u00ednio da LONAX e ALLE Alum\u00ednio resgata brincadeiras tradicionais, promove cultura popular e garante acessibilidade para todos os p\u00fablicos\",\"breadcrumb\":{\"@id\":\"https:\/\/www.fiemg.com.br\/sesi\/noticias\/evento-promovido-pelo-sesi-com-patrocinio-da-lonax-e-alle-aluminio-resgata-brincadeiras-tradicionais-promove-cultura-popular-e-garante-acessibilidade-para-todos-os-publicos\/#breadcrumb\"},\"inLanguage\":\"pt-BR\",\"potentialAction\":[{\"@type\":\"ReadAction\",\"target\":[\"https:\/\/www.fiemg.com.br\/sesi\/noticias\/evento-promovido-pelo-sesi-com-patrocinio-da-lonax-e-alle-aluminio-resgata-brincadeiras-tradicionais-promove-cultura-popular-e-garante-acessibilidade-para-todos-os-publicos\/\"]}]},{\"@type\":\"ImageObject\",\"inLanguage\":\"pt-BR\",\"@id\":\"https:\/\/www.fiemg.com.br\/sesi\/noticias\/evento-promovido-pelo-sesi-com-patrocinio-da-lonax-e-alle-aluminio-resgata-brincadeiras-tradicionais-promove-cultura-popular-e-garante-acessibilidade-para-todos-os-publicos\/#primaryimage\",\"url\":\"https:\/\/www.fiemg.com.br\/sesi\/wp-content\/uploads\/sites\/11\/2025\/05\/0238.02_Viva-Brincar_Divulgacao_Banner-Site_B.-Noticia-1.png\",\"contentUrl\":\"https:\/\/www.fiemg.com.br\/sesi\/wp-content\/uploads\/sites\/11\/2025\/05\/0238.02_Viva-Brincar_Divulgacao_Banner-Site_B.-Noticia-1.png\",\"width\":390,\"height\":370},{\"@type\":\"BreadcrumbList\",\"@id\":\"https:\/\/www.fiemg.com.br\/sesi\/noticias\/evento-promovido-pelo-sesi-com-patrocinio-da-lonax-e-alle-aluminio-resgata-brincadeiras-tradicionais-promove-cultura-popular-e-garante-acessibilidade-para-todos-os-publicos\/#breadcrumb\",\"itemListElement\":[{\"@type\":\"ListItem\",\"position\":1,\"name\":\"In\u00edcio\",\"item\":\"https:\/\/www.fiemg.com.br\/sesi\/\"},{\"@type\":\"ListItem\",\"position\":2,\"name\":\"\u00a0Festival Viva Brincar chega a Sarzedo, Betim e Igarap\u00e9 com atra\u00e7\u00f5es gratuitas para toda a fam\u00edlia\"}]},{\"@type\":\"WebSite\",\"@id\":\"https:\/\/www.fiemg.com.br\/sesi\/#website\",\"url\":\"https:\/\/www.fiemg.com.br\/sesi\/\",\"name\":\"SESI\",\"description\":\"Federa\u00e7\u00e3o das Ind\u00fastrias do Estado de Minas Gerais\",\"publisher\":{\"@id\":\"https:\/\/www.fiemg.com.br\/sesi\/#organization\"},\"potentialAction\":[{\"@type\":\"SearchAction\",\"target\":{\"@type\":\"EntryPoint\",\"urlTemplate\":\"https:\/\/www.fiemg.com.br\/sesi\/?s={search_term_string}\"},\"query-input\":{\"@type\":\"PropertyValueSpecification\",\"valueRequired\":true,\"valueName\":\"search_term_string\"}}],\"inLanguage\":\"pt-BR\"},{\"@type\":\"Organization\",\"@id\":\"https:\/\/www.fiemg.com.br\/sesi\/#organization\",\"name\":\"SESI\",\"url\":\"https:\/\/www.fiemg.com.br\/sesi\/\",\"logo\":{\"@type\":\"ImageObject\",\"inLanguage\":\"pt-BR\",\"@id\":\"https:\/\/www.fiemg.com.br\/sesi\/#\/schema\/logo\/image\/\",\"url\":\"https:\/\/www.fiemg.com.br\/sesi\/wp-content\/uploads\/sites\/11\/2023\/02\/SESI_branco.svg\",\"contentUrl\":\"https:\/\/www.fiemg.com.br\/sesi\/wp-content\/uploads\/sites\/11\/2023\/02\/SESI_branco.svg\",\"width\":168,\"height\":62,\"caption\":\"SESI\"},\"image\":{\"@id\":\"https:\/\/www.fiemg.com.br\/sesi\/#\/schema\/logo\/image\/\"}}]}<\/script>\n<!-- \/ Yoast SEO plugin. -->","yoast_head_json":{"title":"\u00a0Festival Viva Brincar chega a Sarzedo, Betim e Igarap\u00e9 com atra\u00e7\u00f5es gratuitas para toda a fam\u00edlia - SESI","description":"Evento promovido pelo SESI com patroc\u00ednio da LONAX e ALLE Alum\u00ednio resgata brincadeiras tradicionais, promove cultura popular e garante acessibilidade para todos os p\u00fablicos","robots":{"index":"index","follow":"follow","max-snippet":"max-snippet:-1","max-image-preview":"max-image-preview:large","max-video-preview":"max-video-preview:-1"},"canonical":"https:\/\/www.fiemg.com.br\/sesi\/noticias\/evento-promovido-pelo-sesi-com-patrocinio-da-lonax-e-alle-aluminio-resgata-brincadeiras-tradicionais-promove-cultura-popular-e-garante-acessibilidade-para-todos-os-publicos\/","og_locale":"pt_BR","og_type":"article","og_title":"\u00a0Festival Viva Brincar chega a Sarzedo, Betim e Igarap\u00e9 com atra\u00e7\u00f5es gratuitas para toda a fam\u00edlia - SESI","og_description":"Evento promovido pelo SESI com patroc\u00ednio da LONAX e ALLE Alum\u00ednio resgata brincadeiras tradicionais, promove cultura popular e garante acessibilidade para todos os p\u00fablicos","og_url":"https:\/\/www.fiemg.com.br\/sesi\/noticias\/evento-promovido-pelo-sesi-com-patrocinio-da-lonax-e-alle-aluminio-resgata-brincadeiras-tradicionais-promove-cultura-popular-e-garante-acessibilidade-para-todos-os-publicos\/","og_site_name":"SESI","article_modified_time":"2025-05-12T14:34:17+00:00","og_image":[{"width":390,"height":370,"url":"https:\/\/www.fiemg.com.br\/sesi\/wp-content\/uploads\/sites\/11\/2025\/05\/0238.02_Viva-Brincar_Divulgacao_Banner-Site_B.-Noticia-1.png","type":"image\/png"}],"twitter_card":"summary_large_image","twitter_misc":{"Est. tempo de leitura":"3 minutos"},"schema":{"@context":"https:\/\/schema.org","@graph":[{"@type":"WebPage","@id":"https:\/\/www.fiemg.com.br\/sesi\/noticias\/evento-promovido-pelo-sesi-com-patrocinio-da-lonax-e-alle-aluminio-resgata-brincadeiras-tradicionais-promove-cultura-popular-e-garante-acessibilidade-para-todos-os-publicos\/","url":"https:\/\/www.fiemg.com.br\/sesi\/noticias\/evento-promovido-pelo-sesi-com-patrocinio-da-lonax-e-alle-aluminio-resgata-brincadeiras-tradicionais-promove-cultura-popular-e-garante-acessibilidade-para-todos-os-publicos\/","name":"\u00a0Festival Viva Brincar chega a Sarzedo, Betim e Igarap\u00e9 com atra\u00e7\u00f5es gratuitas para toda a fam\u00edlia - SESI","isPartOf":{"@id":"https:\/\/www.fiemg.com.br\/sesi\/#website"},"primaryImageOfPage":{"@id":"https:\/\/www.fiemg.com.br\/sesi\/noticias\/evento-promovido-pelo-sesi-com-patrocinio-da-lonax-e-alle-aluminio-resgata-brincadeiras-tradicionais-promove-cultura-popular-e-garante-acessibilidade-para-todos-os-publicos\/#primaryimage"},"image":{"@id":"https:\/\/www.fiemg.com.br\/sesi\/noticias\/evento-promovido-pelo-sesi-com-patrocinio-da-lonax-e-alle-aluminio-resgata-brincadeiras-tradicionais-promove-cultura-popular-e-garante-acessibilidade-para-todos-os-publicos\/#primaryimage"},"thumbnailUrl":"https:\/\/www.fiemg.com.br\/sesi\/wp-content\/uploads\/sites\/11\/2025\/05\/0238.02_Viva-Brincar_Divulgacao_Banner-Site_B.-Noticia-1.png","datePublished":"2025-05-08T12:43:55+00:00","dateModified":"2025-05-12T14:34:17+00:00","description":"Evento promovido pelo SESI com patroc\u00ednio da LONAX e ALLE Alum\u00ednio resgata brincadeiras tradicionais, promove cultura popular e garante acessibilidade para todos os p\u00fablicos","breadcrumb":{"@id":"https:\/\/www.fiemg.com.br\/sesi\/noticias\/evento-promovido-pelo-sesi-com-patrocinio-da-lonax-e-alle-aluminio-resgata-brincadeiras-tradicionais-promove-cultura-popular-e-garante-acessibilidade-para-todos-os-publicos\/#breadcrumb"},"inLanguage":"pt-BR","potentialAction":[{"@type":"ReadAction","target":["https:\/\/www.fiemg.com.br\/sesi\/noticias\/evento-promovido-pelo-sesi-com-patrocinio-da-lonax-e-alle-aluminio-resgata-brincadeiras-tradicionais-promove-cultura-popular-e-garante-acessibilidade-para-todos-os-publicos\/"]}]},{"@type":"ImageObject","inLanguage":"pt-BR","@id":"https:\/\/www.fiemg.com.br\/sesi\/noticias\/evento-promovido-pelo-sesi-com-patrocinio-da-lonax-e-alle-aluminio-resgata-brincadeiras-tradicionais-promove-cultura-popular-e-garante-acessibilidade-para-todos-os-publicos\/#primaryimage","url":"https:\/\/www.fiemg.com.br\/sesi\/wp-content\/uploads\/sites\/11\/2025\/05\/0238.02_Viva-Brincar_Divulgacao_Banner-Site_B.-Noticia-1.png","contentUrl":"https:\/\/www.fiemg.com.br\/sesi\/wp-content\/uploads\/sites\/11\/2025\/05\/0238.02_Viva-Brincar_Divulgacao_Banner-Site_B.-Noticia-1.png","width":390,"height":370},{"@type":"BreadcrumbList","@id":"https:\/\/www.fiemg.com.br\/sesi\/noticias\/evento-promovido-pelo-sesi-com-patrocinio-da-lonax-e-alle-aluminio-resgata-brincadeiras-tradicionais-promove-cultura-popular-e-garante-acessibilidade-para-todos-os-publicos\/#breadcrumb","itemListElement":[{"@type":"ListItem","position":1,"name":"In\u00edcio","item":"https:\/\/www.fiemg.com.br\/sesi\/"},{"@type":"ListItem","position":2,"name":"\u00a0Festival Viva Brincar chega a Sarzedo, Betim e Igarap\u00e9 com atra\u00e7\u00f5es gratuitas para toda a fam\u00edlia"}]},{"@type":"WebSite","@id":"https:\/\/www.fiemg.com.br\/sesi\/#website","url":"https:\/\/www.fiemg.com.br\/sesi\/","name":"SESI","description":"Federa\u00e7\u00e3o das Ind\u00fastrias do Estado de Minas Gerais","publisher":{"@id":"https:\/\/www.fiemg.com.br\/sesi\/#organization"},"potentialAction":[{"@type":"SearchAction","target":{"@type":"EntryPoint","urlTemplate":"https:\/\/www.fiemg.com.br\/sesi\/?s={search_term_string}"},"query-input":{"@type":"PropertyValueSpecification","valueRequired":true,"valueName":"search_term_string"}}],"inLanguage":"pt-BR"},{"@type":"Organization","@id":"https:\/\/www.fiemg.com.br\/sesi\/#organization","name":"SESI","url":"https:\/\/www.fiemg.com.br\/sesi\/","logo":{"@type":"ImageObject","inLanguage":"pt-BR","@id":"https:\/\/www.fiemg.com.br\/sesi\/#\/schema\/logo\/image\/","url":"https:\/\/www.fiemg.com.br\/sesi\/wp-content\/uploads\/sites\/11\/2023\/02\/SESI_branco.svg","contentUrl":"https:\/\/www.fiemg.com.br\/sesi\/wp-content\/uploads\/sites\/11\/2023\/02\/SESI_branco.svg","width":168,"height":62,"caption":"SESI"},"image":{"@id":"https:\/\/www.fiemg.com.br\/sesi\/#\/schema\/logo\/image\/"}}]}},"_links":{"self":[{"href":"https:\/\/www.fiemg.com.br\/sesi\/wp-json\/wp\/v2\/noticias\/8282","targetHints":{"allow":["GET"]}}],"collection":[{"href":"https:\/\/www.fiemg.com.br\/sesi\/wp-json\/wp\/v2\/noticias"}],"about":[{"href":"https:\/\/www.fiemg.com.br\/sesi\/wp-json\/wp\/v2\/types\/noticias"}],"wp:featuredmedia":[{"embeddable":true,"href":"https:\/\/www.fiemg.com.br\/sesi\/wp-json\/wp\/v2\/media\/8284"}],"wp:attachment":[{"href":"https:\/\/www.fiemg.com.br\/sesi\/wp-json\/wp\/v2\/media?parent=8282"}],"wp:term":[{"taxonomy":"category","embeddable":true,"href":"https:\/\/www.fiemg.com.br\/sesi\/wp-json\/wp\/v2\/categories?post=8282"},{"taxonomy":"post_tag","embeddable":true,"href":"https:\/\/www.fiemg.com.br\/sesi\/wp-json\/wp\/v2\/tags?post=8282"}],"curies":[{"name":"wp","href":"https:\/\/api.w.org\/{rel}","templated":true}]}}