{"id":8544,"date":"2025-10-07T18:11:50","date_gmt":"2025-10-07T21:11:50","guid":{"rendered":"https:\/\/www.fiemg.com.br\/sesi\/noticias\/marcas-mineiras-se-preparam-para-o-minas-trend\/"},"modified":"2025-10-07T18:11:52","modified_gmt":"2025-10-07T21:11:52","slug":"marcas-mineiras-se-preparam-para-o-minas-trend","status":"publish","type":"noticias","link":"https:\/\/www.fiemg.com.br\/sesi\/noticias\/marcas-mineiras-se-preparam-para-o-minas-trend\/","title":{"rendered":"Marcas mineiras se preparam para o Minas Trend"},"content":{"rendered":"\n<p>O BH Shopping, em Belo Horizonte, ser\u00e1 novamente o palco de um dos maiores eventos de moda da Am\u00e9rica Latina. Com o tema \u201cA moda se move com voc\u00ea\u201d, a 34\u00aa edi\u00e7\u00e3o do Minas Trend ser\u00e1 realizada de 21 a 23 de outubro, e espera receber mais de 5 mil visitantes e 1.500 lojistas de todo o pa\u00eds, com expectativa de movimentar acima de R$ 30 milh\u00f5es em neg\u00f3cios.<\/p>\n\n\n\n<p>Ser\u00e3o 150 marcas e 203 estandes apresentando cole\u00e7\u00f5es que abrangem diversos segmentos: bolsas e cal\u00e7ados, joias e bijuterias e vestu\u00e1rio feminino (com linhas de moda sleepwear, praia e \u00edntima, comfy, fitness, festa, casual e couro). O evento tamb\u00e9m d\u00e1 destaque ao p\u00fablico infantil com o Minas Trend Kids, dedicado \u00e0 moda baby e teen.<\/p>\n\n\n\n<p>Com uma estrutura moderna e um ambiente prop\u00edcio para networking e inova\u00e7\u00e3o, o Minas Trend se consolida, a cada nova edi\u00e7\u00e3o, como um polo estrat\u00e9gico para a moda brasileira, fortalecendo rela\u00e7\u00f5es comerciais e criando novas oportunidades no setor.<\/p>\n\n\n\n<p>Presente no evento h\u00e1 10 edi\u00e7\u00f5es consecutivas, a marca de acess\u00f3rios Luiza Rogi faz quest\u00e3o de destacar a for\u00e7a do Minas Trend. \u201cO evento \u00e9 um reflexo vivo do DNA criativo de Minas Gerais e participar dele \u00e9 essencial, porque amplia nossa conex\u00e3o com o mercado nacional e exalta a import\u00e2ncia de Minas como polo criativo. Al\u00e9m disso, estar presente tamb\u00e9m significa reafirmar a nossa identidade e ess\u00eancia, acompanhar a evolu\u00e7\u00e3o do setor e abrir novas perspectivas de relacionamento e neg\u00f3cios\u201d, afirma Luciana Azevedo, diretora criativa da marca.<\/p>\n\n\n\n<p>Opini\u00e3o semelhante \u00e0 da CEO da Arte Sacra, Carol Malloy. \u201c\u00c9 uma grande satisfa\u00e7\u00e3o participar do Minas Trend, um evento essencial para a moda brasileira. Com 35 anos de hist\u00f3ria, somos refer\u00eancia em moda festa no pa\u00eds, e estar presente refor\u00e7a nosso compromisso com inova\u00e7\u00e3o, agilidade e excel\u00eancia. Nesta edi\u00e7\u00e3o, al\u00e9m dos pedidos realizados na Casa Arte Sacra, apresentaremos nossa linha de pronta entrega no Minas Trend, uma estrat\u00e9gia que fortalece nosso relacionamento com os parceiros e amplia nossa presen\u00e7a comercial. Participar do evento \u00e9 reafirmar o protagonismo da moda mineira e seguir impulsionando o setor, com prop\u00f3sito e relev\u00e2ncia\u201d, valoriza Malloy.<\/p>\n\n\n\n<p><strong>Visibilidade e credibilidade<\/strong><\/p>\n\n\n\n<p>Ao longo de suas 34 edi\u00e7\u00f5es, o Minas Trend se tornou uma vitrine de criatividade, inova\u00e7\u00e3o e oportunidade, que conecta produtores, estilistas, lojistas e compradores, em um ambiente favor\u00e1vel \u00e0 gera\u00e7\u00e3o de neg\u00f3cios. E esse \u00e9 justamente o cen\u00e1rio ideal para jovens marcas, como a Garzon Bags, especializada em bolsas de alto padr\u00e3o, que vai completar dois anos em dezembro.<\/p>\n\n\n\n<p>Segundo a designer e fundadora da marca, Anna Garzon, a expectativa pela terceira participa\u00e7\u00e3o no evento \u00e9 m\u00e1xima. Ela adianta que, durante esta edi\u00e7\u00e3o, o p\u00fablico poder\u00e1 conferir, em primeira m\u00e3o, modelos in\u00e9ditos de bolsas.<\/p>\n\n\n\n<p>\u201cQueremos aproveitar o fluxo intenso de lojistas e compradores para expandir o reconhecimento da marca, gerar contatos qualificados e converter vendas estrat\u00e9gicas. E, principalmente, esperamos que o Minas Trend nos ajude a posicionar a Garzon entre as marcas de refer\u00eancia no segmento de bolsas e acess\u00f3rios de alto padr\u00e3o\u201d, afirma a empres\u00e1ria.\u00a0<\/p>\n\n\n\n<p>\u201cParticipar do Minas Trend \u00e9 estrat\u00e9gico porque o evento oferece uma plataforma de visibilidade nacional e credibilidade dentro do universo da moda. \u00c9 uma oportunidade de estreitar la\u00e7os com lojistas e compradores, abrir novos canais de vendas e testar nossas novidades em um ambiente qualificado. Al\u00e9m disso, estar no Minas Trend significa fazer parte do di\u00e1logo de tend\u00eancias e ser vista pelo mercado como marca relevante no segmento de bolsas e acess\u00f3rios. Para n\u00f3s, \u00e9 essencial para consolidar a marca, ampliar nossa rede comercial e entrar com for\u00e7a em novas frentes de neg\u00f3cios\u201d, completa.<\/p>\n\n\n\n<p>Alinhado a esse mesmo pensamento est\u00e1 o Grupo Luluzinha\/Tempo de Crian\u00e7a, de moda infantil, que representa as marcas Luluzinha, Oliver, Mylu e Beefun. O segmento \u00e9 um dos que mais tem crescido no mercado, tanto que o Minas Trend incorporou \u00e0 sua programa\u00e7\u00e3o o Minas Trend Kids.&nbsp;&nbsp;<\/p>\n\n\n\n<p>\u201cJ\u00e1 s\u00e3o quatro edi\u00e7\u00f5es participando do Minas Trend Kids e \u00e9 sempre uma honra. O evento n\u00e3o \u00e9 apenas uma vitrine dos nossos produtos, mas tamb\u00e9m oportunidade de posicionamento de marca, uma porta de abertura para reconhecimento, novos clientes, dissemina\u00e7\u00e3o dos nossos produtos, al\u00e9m da realiza\u00e7\u00e3o do desfile. Enfim, a expectativa \u00e9 sempre a melhor poss\u00edvel, \u00e9 maravilhoso participar\u201d, comemora o marketing executivo do Grupo, Nando Goullarthy.&nbsp;<\/p>\n\n\n\n<p>O Minas Trend \u00e9 uma realiza\u00e7\u00e3o da FIEMG, por iniciativa de sua C\u00e2mara da Ind\u00fastria de Insumos e Transforma\u00e7\u00e3o do Vestu\u00e1rio, Cal\u00e7ados e Acess\u00f3rios, e suas entidades SESI e SENAI, com patroc\u00ednio da Companhia de Desenvolvimento de Minas Gerais (Codemge) e\u00a0 apoio m\u00e1ster do Sebrae Minas.<\/p>\n\n\n\n<p><strong>SERVI\u00c7O<\/strong><\/p>\n\n\n\n<p><strong>34\u00aa edi\u00e7\u00e3o do Minas Trend<\/strong><br><strong>Data: <\/strong>21 a 23 de outubro de 2025<br><strong>Hor\u00e1rio: <\/strong>10h \u00e0s 20h<br><strong>Local: <\/strong>BH Shopping \u2013 Piso Ouro Preto (BR-356, 3049, Belvedere \u2013 Belo Horizonte \u2013 MG)<\/p>\n\n\n\n<p><strong>Credenciamento<\/strong>\u00a0\u2013 O credenciamento para imprensa e influenciadores digitais, limitado a 250 profissionais,\u00a0<a href=\"https:\/\/www11.fiemg.com.br\/MINASTREND\/APP\/SolicitacaoParticipacao\/cadastro-imprensa\">j\u00e1 est\u00e1 dispon\u00edvel neste link<\/a>. Confira\u00a0<a href=\"https:\/\/www.fiemg.com.br\/wp-content\/uploads\/2025\/09\/REGULAMENTO-PARA-A-PARTICIPACAO-DO-MINAS-TREND.pdf\">aqui<\/a> o regulamento de participa\u00e7\u00e3o e para mais informa\u00e7\u00f5es, acesse:\u00a0<a href=\"https:\/\/www.fiemg.com.br\/minas-trend\/\">www.minastrend.com.br<\/a>.<\/p>\n\n\n\n<p><strong>Imprensa FIEMG<\/strong><\/p>\n","protected":false},"featured_media":1947,"template":"","categories":[15],"tags":[],"class_list":["post-8544","noticias","type-noticias","status-publish","has-post-thumbnail","hentry","category-desenvolvimento-industrial"],"acf":[],"yoast_head":"<!-- This site is optimized with the Yoast SEO plugin v26.2 - https:\/\/yoast.com\/wordpress\/plugins\/seo\/ -->\n<title>Marcas mineiras se preparam para o Minas Trend - SESI<\/title>\n<meta name=\"robots\" content=\"index, follow, max-snippet:-1, max-image-preview:large, max-video-preview:-1\" \/>\n<link rel=\"canonical\" href=\"https:\/\/www.fiemg.com.br\/sesi\/noticias\/marcas-mineiras-se-preparam-para-o-minas-trend\/\" \/>\n<meta property=\"og:locale\" content=\"pt_BR\" \/>\n<meta property=\"og:type\" content=\"article\" \/>\n<meta property=\"og:title\" content=\"Marcas mineiras se preparam para o Minas Trend - SESI\" \/>\n<meta property=\"og:description\" content=\"O BH Shopping, em Belo Horizonte, ser\u00e1 novamente o palco de um dos maiores eventos de moda da Am\u00e9rica Latina. Com o tema \u201cA moda se move com voc\u00ea\u201d, a 34\u00aa edi\u00e7\u00e3o do Minas Trend ser\u00e1 realizada de 21 a 23 de outubro, e espera receber mais de 5 mil visitantes e 1.500 lojistas de [&hellip;]\" \/>\n<meta property=\"og:url\" content=\"https:\/\/www.fiemg.com.br\/sesi\/noticias\/marcas-mineiras-se-preparam-para-o-minas-trend\/\" \/>\n<meta property=\"og:site_name\" content=\"SESI\" \/>\n<meta property=\"article:modified_time\" content=\"2025-10-07T21:11:52+00:00\" \/>\n<meta property=\"og:image\" content=\"https:\/\/www.fiemg.com.br\/sesi\/wp-content\/uploads\/sites\/11\/2023\/08\/default.png\" \/>\n\t<meta property=\"og:image:width\" content=\"300\" \/>\n\t<meta property=\"og:image:height\" content=\"300\" \/>\n\t<meta property=\"og:image:type\" content=\"image\/png\" \/>\n<meta name=\"twitter:card\" content=\"summary_large_image\" \/>\n<meta name=\"twitter:label1\" content=\"Est. tempo de leitura\" \/>\n\t<meta name=\"twitter:data1\" content=\"5 minutos\" \/>\n<script type=\"application\/ld+json\" class=\"yoast-schema-graph\">{\"@context\":\"https:\/\/schema.org\",\"@graph\":[{\"@type\":\"WebPage\",\"@id\":\"https:\/\/www.fiemg.com.br\/sesi\/noticias\/marcas-mineiras-se-preparam-para-o-minas-trend\/\",\"url\":\"https:\/\/www.fiemg.com.br\/sesi\/noticias\/marcas-mineiras-se-preparam-para-o-minas-trend\/\",\"name\":\"Marcas mineiras se preparam para o Minas Trend - SESI\",\"isPartOf\":{\"@id\":\"https:\/\/www.fiemg.com.br\/sesi\/#website\"},\"primaryImageOfPage\":{\"@id\":\"https:\/\/www.fiemg.com.br\/sesi\/noticias\/marcas-mineiras-se-preparam-para-o-minas-trend\/#primaryimage\"},\"image\":{\"@id\":\"https:\/\/www.fiemg.com.br\/sesi\/noticias\/marcas-mineiras-se-preparam-para-o-minas-trend\/#primaryimage\"},\"thumbnailUrl\":\"https:\/\/www.fiemg.com.br\/sesi\/wp-content\/uploads\/sites\/11\/2023\/08\/default.png\",\"datePublished\":\"2025-10-07T21:11:50+00:00\",\"dateModified\":\"2025-10-07T21:11:52+00:00\",\"breadcrumb\":{\"@id\":\"https:\/\/www.fiemg.com.br\/sesi\/noticias\/marcas-mineiras-se-preparam-para-o-minas-trend\/#breadcrumb\"},\"inLanguage\":\"pt-BR\",\"potentialAction\":[{\"@type\":\"ReadAction\",\"target\":[\"https:\/\/www.fiemg.com.br\/sesi\/noticias\/marcas-mineiras-se-preparam-para-o-minas-trend\/\"]}]},{\"@type\":\"ImageObject\",\"inLanguage\":\"pt-BR\",\"@id\":\"https:\/\/www.fiemg.com.br\/sesi\/noticias\/marcas-mineiras-se-preparam-para-o-minas-trend\/#primaryimage\",\"url\":\"https:\/\/www.fiemg.com.br\/sesi\/wp-content\/uploads\/sites\/11\/2023\/08\/default.png\",\"contentUrl\":\"https:\/\/www.fiemg.com.br\/sesi\/wp-content\/uploads\/sites\/11\/2023\/08\/default.png\",\"width\":300,\"height\":300},{\"@type\":\"BreadcrumbList\",\"@id\":\"https:\/\/www.fiemg.com.br\/sesi\/noticias\/marcas-mineiras-se-preparam-para-o-minas-trend\/#breadcrumb\",\"itemListElement\":[{\"@type\":\"ListItem\",\"position\":1,\"name\":\"In\u00edcio\",\"item\":\"https:\/\/www.fiemg.com.br\/sesi\/\"},{\"@type\":\"ListItem\",\"position\":2,\"name\":\"Marcas mineiras se preparam para o Minas Trend\"}]},{\"@type\":\"WebSite\",\"@id\":\"https:\/\/www.fiemg.com.br\/sesi\/#website\",\"url\":\"https:\/\/www.fiemg.com.br\/sesi\/\",\"name\":\"SESI\",\"description\":\"Federa\u00e7\u00e3o das Ind\u00fastrias do Estado de Minas Gerais\",\"publisher\":{\"@id\":\"https:\/\/www.fiemg.com.br\/sesi\/#organization\"},\"potentialAction\":[{\"@type\":\"SearchAction\",\"target\":{\"@type\":\"EntryPoint\",\"urlTemplate\":\"https:\/\/www.fiemg.com.br\/sesi\/?s={search_term_string}\"},\"query-input\":{\"@type\":\"PropertyValueSpecification\",\"valueRequired\":true,\"valueName\":\"search_term_string\"}}],\"inLanguage\":\"pt-BR\"},{\"@type\":\"Organization\",\"@id\":\"https:\/\/www.fiemg.com.br\/sesi\/#organization\",\"name\":\"SESI\",\"url\":\"https:\/\/www.fiemg.com.br\/sesi\/\",\"logo\":{\"@type\":\"ImageObject\",\"inLanguage\":\"pt-BR\",\"@id\":\"https:\/\/www.fiemg.com.br\/sesi\/#\/schema\/logo\/image\/\",\"url\":\"https:\/\/www.fiemg.com.br\/sesi\/wp-content\/uploads\/sites\/11\/2023\/02\/SESI_branco.svg\",\"contentUrl\":\"https:\/\/www.fiemg.com.br\/sesi\/wp-content\/uploads\/sites\/11\/2023\/02\/SESI_branco.svg\",\"width\":168,\"height\":62,\"caption\":\"SESI\"},\"image\":{\"@id\":\"https:\/\/www.fiemg.com.br\/sesi\/#\/schema\/logo\/image\/\"}}]}<\/script>\n<!-- \/ Yoast SEO plugin. -->","yoast_head_json":{"title":"Marcas mineiras se preparam para o Minas Trend - SESI","robots":{"index":"index","follow":"follow","max-snippet":"max-snippet:-1","max-image-preview":"max-image-preview:large","max-video-preview":"max-video-preview:-1"},"canonical":"https:\/\/www.fiemg.com.br\/sesi\/noticias\/marcas-mineiras-se-preparam-para-o-minas-trend\/","og_locale":"pt_BR","og_type":"article","og_title":"Marcas mineiras se preparam para o Minas Trend - SESI","og_description":"O BH Shopping, em Belo Horizonte, ser\u00e1 novamente o palco de um dos maiores eventos de moda da Am\u00e9rica Latina. Com o tema \u201cA moda se move com voc\u00ea\u201d, a 34\u00aa edi\u00e7\u00e3o do Minas Trend ser\u00e1 realizada de 21 a 23 de outubro, e espera receber mais de 5 mil visitantes e 1.500 lojistas de [&hellip;]","og_url":"https:\/\/www.fiemg.com.br\/sesi\/noticias\/marcas-mineiras-se-preparam-para-o-minas-trend\/","og_site_name":"SESI","article_modified_time":"2025-10-07T21:11:52+00:00","og_image":[{"width":300,"height":300,"url":"https:\/\/www.fiemg.com.br\/sesi\/wp-content\/uploads\/sites\/11\/2023\/08\/default.png","type":"image\/png"}],"twitter_card":"summary_large_image","twitter_misc":{"Est. tempo de leitura":"5 minutos"},"schema":{"@context":"https:\/\/schema.org","@graph":[{"@type":"WebPage","@id":"https:\/\/www.fiemg.com.br\/sesi\/noticias\/marcas-mineiras-se-preparam-para-o-minas-trend\/","url":"https:\/\/www.fiemg.com.br\/sesi\/noticias\/marcas-mineiras-se-preparam-para-o-minas-trend\/","name":"Marcas mineiras se preparam para o Minas Trend - SESI","isPartOf":{"@id":"https:\/\/www.fiemg.com.br\/sesi\/#website"},"primaryImageOfPage":{"@id":"https:\/\/www.fiemg.com.br\/sesi\/noticias\/marcas-mineiras-se-preparam-para-o-minas-trend\/#primaryimage"},"image":{"@id":"https:\/\/www.fiemg.com.br\/sesi\/noticias\/marcas-mineiras-se-preparam-para-o-minas-trend\/#primaryimage"},"thumbnailUrl":"https:\/\/www.fiemg.com.br\/sesi\/wp-content\/uploads\/sites\/11\/2023\/08\/default.png","datePublished":"2025-10-07T21:11:50+00:00","dateModified":"2025-10-07T21:11:52+00:00","breadcrumb":{"@id":"https:\/\/www.fiemg.com.br\/sesi\/noticias\/marcas-mineiras-se-preparam-para-o-minas-trend\/#breadcrumb"},"inLanguage":"pt-BR","potentialAction":[{"@type":"ReadAction","target":["https:\/\/www.fiemg.com.br\/sesi\/noticias\/marcas-mineiras-se-preparam-para-o-minas-trend\/"]}]},{"@type":"ImageObject","inLanguage":"pt-BR","@id":"https:\/\/www.fiemg.com.br\/sesi\/noticias\/marcas-mineiras-se-preparam-para-o-minas-trend\/#primaryimage","url":"https:\/\/www.fiemg.com.br\/sesi\/wp-content\/uploads\/sites\/11\/2023\/08\/default.png","contentUrl":"https:\/\/www.fiemg.com.br\/sesi\/wp-content\/uploads\/sites\/11\/2023\/08\/default.png","width":300,"height":300},{"@type":"BreadcrumbList","@id":"https:\/\/www.fiemg.com.br\/sesi\/noticias\/marcas-mineiras-se-preparam-para-o-minas-trend\/#breadcrumb","itemListElement":[{"@type":"ListItem","position":1,"name":"In\u00edcio","item":"https:\/\/www.fiemg.com.br\/sesi\/"},{"@type":"ListItem","position":2,"name":"Marcas mineiras se preparam para o Minas Trend"}]},{"@type":"WebSite","@id":"https:\/\/www.fiemg.com.br\/sesi\/#website","url":"https:\/\/www.fiemg.com.br\/sesi\/","name":"SESI","description":"Federa\u00e7\u00e3o das Ind\u00fastrias do Estado de Minas Gerais","publisher":{"@id":"https:\/\/www.fiemg.com.br\/sesi\/#organization"},"potentialAction":[{"@type":"SearchAction","target":{"@type":"EntryPoint","urlTemplate":"https:\/\/www.fiemg.com.br\/sesi\/?s={search_term_string}"},"query-input":{"@type":"PropertyValueSpecification","valueRequired":true,"valueName":"search_term_string"}}],"inLanguage":"pt-BR"},{"@type":"Organization","@id":"https:\/\/www.fiemg.com.br\/sesi\/#organization","name":"SESI","url":"https:\/\/www.fiemg.com.br\/sesi\/","logo":{"@type":"ImageObject","inLanguage":"pt-BR","@id":"https:\/\/www.fiemg.com.br\/sesi\/#\/schema\/logo\/image\/","url":"https:\/\/www.fiemg.com.br\/sesi\/wp-content\/uploads\/sites\/11\/2023\/02\/SESI_branco.svg","contentUrl":"https:\/\/www.fiemg.com.br\/sesi\/wp-content\/uploads\/sites\/11\/2023\/02\/SESI_branco.svg","width":168,"height":62,"caption":"SESI"},"image":{"@id":"https:\/\/www.fiemg.com.br\/sesi\/#\/schema\/logo\/image\/"}}]}},"_links":{"self":[{"href":"https:\/\/www.fiemg.com.br\/sesi\/wp-json\/wp\/v2\/noticias\/8544","targetHints":{"allow":["GET"]}}],"collection":[{"href":"https:\/\/www.fiemg.com.br\/sesi\/wp-json\/wp\/v2\/noticias"}],"about":[{"href":"https:\/\/www.fiemg.com.br\/sesi\/wp-json\/wp\/v2\/types\/noticias"}],"wp:featuredmedia":[{"embeddable":true,"href":"https:\/\/www.fiemg.com.br\/sesi\/wp-json\/wp\/v2\/media\/1947"}],"wp:attachment":[{"href":"https:\/\/www.fiemg.com.br\/sesi\/wp-json\/wp\/v2\/media?parent=8544"}],"wp:term":[{"taxonomy":"category","embeddable":true,"href":"https:\/\/www.fiemg.com.br\/sesi\/wp-json\/wp\/v2\/categories?post=8544"},{"taxonomy":"post_tag","embeddable":true,"href":"https:\/\/www.fiemg.com.br\/sesi\/wp-json\/wp\/v2\/tags?post=8544"}],"curies":[{"name":"wp","href":"https:\/\/api.w.org\/{rel}","templated":true}]}}