{"id":8661,"date":"2025-10-17T19:03:08","date_gmt":"2025-10-17T22:03:08","guid":{"rendered":"https:\/\/www.fiemg.com.br\/sesi\/noticias\/impacto-que-transforma-projetos-socioeambientais-como-estrategia-de-valor-compartilhado\/"},"modified":"2025-10-31T10:28:29","modified_gmt":"2025-10-31T13:28:29","slug":"impacto-que-transforma-projetos-socioeambientais-como-estrategia-de-valor-compartilhado","status":"publish","type":"noticias","link":"https:\/\/www.fiemg.com.br\/sesi\/noticias\/impacto-que-transforma-projetos-socioeambientais-como-estrategia-de-valor-compartilhado\/","title":{"rendered":"Impacto que Transforma: Projetos Socioeambientais como Estrat\u00e9gia de Valor Compartilhado"},"content":{"rendered":"\n<p>Na tarde desta sexta-feira (17\/10), o espa\u00e7o CONECTAR do Imers\u00e3o Ind\u00fastria foi palco de um debate inspirador. Com o tema <em>Impacto que Transforma: Projetos Socioambientais como Estrat\u00e9gia de Valor Compartilhado<\/em>, o encontro reuniu especialistas e l\u00edderes comprometidos com a constru\u00e7\u00e3o de um futuro mais sustent\u00e1vel, inclusivo e estrat\u00e9gico.<br><br>Mediado pela gerente de responsabilidade social e empresarial da FIEMG, Luciene Ara\u00fajo, a palestra contou com a participa\u00e7\u00e3o de Tayn\u00e1 Vieira, gerente de rela\u00e7\u00f5es institucionais e comunidades na Usiminas, Diego Luiz Pereira, superintendente de patrim\u00f4nio cultural e ambiental da Anglogold, e Luciana Barbosa, superintendente de desenvolvimento sustent\u00e1vel da Copasa. O debate evidenciou como as a\u00e7\u00f5es socioambientais s\u00e3o importantes para agregar valor compartilhado \u00e0 empresa, sendo considerada estrat\u00e9gia de crescimento e inova\u00e7\u00e3o essencial.<br><br>Quando o assunto foi sustentabilidade com estrat\u00e9gia e prop\u00f3sito, Luciana iniciou o debate apresentando 4 pilares que considera fundamentais: materialidade, engajamento de stakeholders, alinhamento estrat\u00e9gico e monitoramento com melhoria cont\u00ednua. Refor\u00e7ou a import\u00e2ncia do cuidado com a licen\u00e7a social para operar.<br><br>Tayn\u00e1 que come\u00e7ou como estagi\u00e1ria na Usiminas, compartilhou a import\u00e2ncia do engajamento para atrair novos talentos para a ind\u00fastria. Acrescentou que a cultura interna \u00e9 importante para essas estrat\u00e9gias de valor, principalmente porque o objetivo \u00e9 crescer junto com a comunidade.<br><br>Durante a palestra, Diego Luiz Pereira trouxe a perspectiva da AngloGold, ressaltando que \u201ctodos n\u00f3s somos comunidades\u201d e que o verdadeiro impacto surge quando as empresas atuam em sinergia com o territ\u00f3rio onde est\u00e3o inseridas.<\/p>\n\n\n\n<p>Segundo ele, o bra\u00e7o social da empresa deve funcionar como um catalisador de mudan\u00e7as, criando solu\u00e7\u00f5es conjuntas e engajamento leg\u00edtimo com as causas locais. Diego ressaltou ainda que a cria\u00e7\u00e3o de institutos sociais \u00e9 uma das formas mais eficazes de gerar valor compartilhado e resultados duradouros.<\/p>\n\n\n\n<p>A 7\u00aa edi\u00e7\u00e3o do Imers\u00e3o Ind\u00fastria \u00e9 uma realiza\u00e7\u00e3o do SESI, SENAI, IEL e FIEMG. Conta com patroc\u00ednio m\u00e1ster da Vale e do Sicoob, apoio m\u00e1ster do Sebrae, patroc\u00ednio ouro de ArcelorMittal, Energisa, Herculano Minera\u00e7\u00e3o, Samarco e Usiminas; e patroc\u00ednio prata de AngloGold Ashanti, Construtora Barbosa Mello, Bemisa, Copasa, Grupo Avante, J. Mendes, Kinross, ManpowerGroup e RHI Magnesita, al\u00e9m de apoio da UNA, Rede Minas e r\u00e1dio Inconfid\u00eancia, por meio da Empresa Mineira de Comunica\u00e7\u00e3o.<\/p>\n\n\n\n<p><em>Equipe UNA<br><\/em><strong>Imprensa FIEMG<\/strong><\/p>\n","protected":false},"featured_media":8663,"template":"","categories":[15],"tags":[524],"class_list":["post-8661","noticias","type-noticias","status-publish","has-post-thumbnail","hentry","category-desenvolvimento-industrial","tag-responsabilidade-social"],"acf":[],"yoast_head":"<!-- This site is optimized with the Yoast SEO plugin v26.2 - https:\/\/yoast.com\/wordpress\/plugins\/seo\/ -->\n<title>Impacto que Transforma: Projetos Socioeambientais como Estrat\u00e9gia de Valor Compartilhado - SESI<\/title>\n<meta name=\"robots\" content=\"index, follow, max-snippet:-1, max-image-preview:large, max-video-preview:-1\" \/>\n<link rel=\"canonical\" href=\"https:\/\/www.fiemg.com.br\/sesi\/noticias\/impacto-que-transforma-projetos-socioeambientais-como-estrategia-de-valor-compartilhado\/\" \/>\n<meta property=\"og:locale\" content=\"pt_BR\" \/>\n<meta property=\"og:type\" content=\"article\" \/>\n<meta property=\"og:title\" content=\"Impacto que Transforma: Projetos Socioeambientais como Estrat\u00e9gia de Valor Compartilhado - SESI\" \/>\n<meta property=\"og:description\" content=\"Na tarde desta sexta-feira (17\/10), o espa\u00e7o CONECTAR do Imers\u00e3o Ind\u00fastria foi palco de um debate inspirador. Com o tema Impacto que Transforma: Projetos Socioambientais como Estrat\u00e9gia de Valor Compartilhado, o encontro reuniu especialistas e l\u00edderes comprometidos com a constru\u00e7\u00e3o de um futuro mais sustent\u00e1vel, inclusivo e estrat\u00e9gico. Mediado pela gerente de responsabilidade social e [&hellip;]\" \/>\n<meta property=\"og:url\" content=\"https:\/\/www.fiemg.com.br\/sesi\/noticias\/impacto-que-transforma-projetos-socioeambientais-como-estrategia-de-valor-compartilhado\/\" \/>\n<meta property=\"og:site_name\" content=\"SESI\" \/>\n<meta property=\"article:modified_time\" content=\"2025-10-31T13:28:29+00:00\" \/>\n<meta property=\"og:image\" content=\"https:\/\/www.fiemg.com.br\/sesi\/wp-content\/uploads\/sites\/11\/2025\/10\/imersao-industria-projetos-socioambientais.jpg\" \/>\n\t<meta property=\"og:image:width\" content=\"512\" \/>\n\t<meta property=\"og:image:height\" content=\"512\" \/>\n\t<meta property=\"og:image:type\" content=\"image\/jpeg\" \/>\n<meta name=\"twitter:card\" content=\"summary_large_image\" \/>\n<meta name=\"twitter:label1\" content=\"Est. tempo de leitura\" \/>\n\t<meta name=\"twitter:data1\" content=\"3 minutos\" \/>\n<script type=\"application\/ld+json\" class=\"yoast-schema-graph\">{\"@context\":\"https:\/\/schema.org\",\"@graph\":[{\"@type\":\"WebPage\",\"@id\":\"https:\/\/www.fiemg.com.br\/sesi\/noticias\/impacto-que-transforma-projetos-socioeambientais-como-estrategia-de-valor-compartilhado\/\",\"url\":\"https:\/\/www.fiemg.com.br\/sesi\/noticias\/impacto-que-transforma-projetos-socioeambientais-como-estrategia-de-valor-compartilhado\/\",\"name\":\"Impacto que Transforma: Projetos Socioeambientais como Estrat\u00e9gia de Valor Compartilhado - SESI\",\"isPartOf\":{\"@id\":\"https:\/\/www.fiemg.com.br\/sesi\/#website\"},\"primaryImageOfPage\":{\"@id\":\"https:\/\/www.fiemg.com.br\/sesi\/noticias\/impacto-que-transforma-projetos-socioeambientais-como-estrategia-de-valor-compartilhado\/#primaryimage\"},\"image\":{\"@id\":\"https:\/\/www.fiemg.com.br\/sesi\/noticias\/impacto-que-transforma-projetos-socioeambientais-como-estrategia-de-valor-compartilhado\/#primaryimage\"},\"thumbnailUrl\":\"https:\/\/www.fiemg.com.br\/sesi\/wp-content\/uploads\/sites\/11\/2025\/10\/imersao-industria-projetos-socioambientais.jpg\",\"datePublished\":\"2025-10-17T22:03:08+00:00\",\"dateModified\":\"2025-10-31T13:28:29+00:00\",\"breadcrumb\":{\"@id\":\"https:\/\/www.fiemg.com.br\/sesi\/noticias\/impacto-que-transforma-projetos-socioeambientais-como-estrategia-de-valor-compartilhado\/#breadcrumb\"},\"inLanguage\":\"pt-BR\",\"potentialAction\":[{\"@type\":\"ReadAction\",\"target\":[\"https:\/\/www.fiemg.com.br\/sesi\/noticias\/impacto-que-transforma-projetos-socioeambientais-como-estrategia-de-valor-compartilhado\/\"]}]},{\"@type\":\"ImageObject\",\"inLanguage\":\"pt-BR\",\"@id\":\"https:\/\/www.fiemg.com.br\/sesi\/noticias\/impacto-que-transforma-projetos-socioeambientais-como-estrategia-de-valor-compartilhado\/#primaryimage\",\"url\":\"https:\/\/www.fiemg.com.br\/sesi\/wp-content\/uploads\/sites\/11\/2025\/10\/imersao-industria-projetos-socioambientais.jpg\",\"contentUrl\":\"https:\/\/www.fiemg.com.br\/sesi\/wp-content\/uploads\/sites\/11\/2025\/10\/imersao-industria-projetos-socioambientais.jpg\",\"width\":512,\"height\":512,\"caption\":\"Impacto que Transforma: Projetos Socioeambientais como Estrat\u00e9gia de Valor Compartilhado\"},{\"@type\":\"BreadcrumbList\",\"@id\":\"https:\/\/www.fiemg.com.br\/sesi\/noticias\/impacto-que-transforma-projetos-socioeambientais-como-estrategia-de-valor-compartilhado\/#breadcrumb\",\"itemListElement\":[{\"@type\":\"ListItem\",\"position\":1,\"name\":\"In\u00edcio\",\"item\":\"https:\/\/www.fiemg.com.br\/sesi\/\"},{\"@type\":\"ListItem\",\"position\":2,\"name\":\"Impacto que Transforma: Projetos Socioeambientais como Estrat\u00e9gia de Valor Compartilhado\"}]},{\"@type\":\"WebSite\",\"@id\":\"https:\/\/www.fiemg.com.br\/sesi\/#website\",\"url\":\"https:\/\/www.fiemg.com.br\/sesi\/\",\"name\":\"SESI\",\"description\":\"Federa\u00e7\u00e3o das Ind\u00fastrias do Estado de Minas Gerais\",\"publisher\":{\"@id\":\"https:\/\/www.fiemg.com.br\/sesi\/#organization\"},\"potentialAction\":[{\"@type\":\"SearchAction\",\"target\":{\"@type\":\"EntryPoint\",\"urlTemplate\":\"https:\/\/www.fiemg.com.br\/sesi\/?s={search_term_string}\"},\"query-input\":{\"@type\":\"PropertyValueSpecification\",\"valueRequired\":true,\"valueName\":\"search_term_string\"}}],\"inLanguage\":\"pt-BR\"},{\"@type\":\"Organization\",\"@id\":\"https:\/\/www.fiemg.com.br\/sesi\/#organization\",\"name\":\"SESI\",\"url\":\"https:\/\/www.fiemg.com.br\/sesi\/\",\"logo\":{\"@type\":\"ImageObject\",\"inLanguage\":\"pt-BR\",\"@id\":\"https:\/\/www.fiemg.com.br\/sesi\/#\/schema\/logo\/image\/\",\"url\":\"https:\/\/www.fiemg.com.br\/sesi\/wp-content\/uploads\/sites\/11\/2023\/02\/SESI_branco.svg\",\"contentUrl\":\"https:\/\/www.fiemg.com.br\/sesi\/wp-content\/uploads\/sites\/11\/2023\/02\/SESI_branco.svg\",\"width\":168,\"height\":62,\"caption\":\"SESI\"},\"image\":{\"@id\":\"https:\/\/www.fiemg.com.br\/sesi\/#\/schema\/logo\/image\/\"}}]}<\/script>\n<!-- \/ Yoast SEO plugin. -->","yoast_head_json":{"title":"Impacto que Transforma: Projetos Socioeambientais como Estrat\u00e9gia de Valor Compartilhado - SESI","robots":{"index":"index","follow":"follow","max-snippet":"max-snippet:-1","max-image-preview":"max-image-preview:large","max-video-preview":"max-video-preview:-1"},"canonical":"https:\/\/www.fiemg.com.br\/sesi\/noticias\/impacto-que-transforma-projetos-socioeambientais-como-estrategia-de-valor-compartilhado\/","og_locale":"pt_BR","og_type":"article","og_title":"Impacto que Transforma: Projetos Socioeambientais como Estrat\u00e9gia de Valor Compartilhado - SESI","og_description":"Na tarde desta sexta-feira (17\/10), o espa\u00e7o CONECTAR do Imers\u00e3o Ind\u00fastria foi palco de um debate inspirador. Com o tema Impacto que Transforma: Projetos Socioambientais como Estrat\u00e9gia de Valor Compartilhado, o encontro reuniu especialistas e l\u00edderes comprometidos com a constru\u00e7\u00e3o de um futuro mais sustent\u00e1vel, inclusivo e estrat\u00e9gico. Mediado pela gerente de responsabilidade social e [&hellip;]","og_url":"https:\/\/www.fiemg.com.br\/sesi\/noticias\/impacto-que-transforma-projetos-socioeambientais-como-estrategia-de-valor-compartilhado\/","og_site_name":"SESI","article_modified_time":"2025-10-31T13:28:29+00:00","og_image":[{"width":512,"height":512,"url":"https:\/\/www.fiemg.com.br\/sesi\/wp-content\/uploads\/sites\/11\/2025\/10\/imersao-industria-projetos-socioambientais.jpg","type":"image\/jpeg"}],"twitter_card":"summary_large_image","twitter_misc":{"Est. tempo de leitura":"3 minutos"},"schema":{"@context":"https:\/\/schema.org","@graph":[{"@type":"WebPage","@id":"https:\/\/www.fiemg.com.br\/sesi\/noticias\/impacto-que-transforma-projetos-socioeambientais-como-estrategia-de-valor-compartilhado\/","url":"https:\/\/www.fiemg.com.br\/sesi\/noticias\/impacto-que-transforma-projetos-socioeambientais-como-estrategia-de-valor-compartilhado\/","name":"Impacto que Transforma: Projetos Socioeambientais como Estrat\u00e9gia de Valor Compartilhado - SESI","isPartOf":{"@id":"https:\/\/www.fiemg.com.br\/sesi\/#website"},"primaryImageOfPage":{"@id":"https:\/\/www.fiemg.com.br\/sesi\/noticias\/impacto-que-transforma-projetos-socioeambientais-como-estrategia-de-valor-compartilhado\/#primaryimage"},"image":{"@id":"https:\/\/www.fiemg.com.br\/sesi\/noticias\/impacto-que-transforma-projetos-socioeambientais-como-estrategia-de-valor-compartilhado\/#primaryimage"},"thumbnailUrl":"https:\/\/www.fiemg.com.br\/sesi\/wp-content\/uploads\/sites\/11\/2025\/10\/imersao-industria-projetos-socioambientais.jpg","datePublished":"2025-10-17T22:03:08+00:00","dateModified":"2025-10-31T13:28:29+00:00","breadcrumb":{"@id":"https:\/\/www.fiemg.com.br\/sesi\/noticias\/impacto-que-transforma-projetos-socioeambientais-como-estrategia-de-valor-compartilhado\/#breadcrumb"},"inLanguage":"pt-BR","potentialAction":[{"@type":"ReadAction","target":["https:\/\/www.fiemg.com.br\/sesi\/noticias\/impacto-que-transforma-projetos-socioeambientais-como-estrategia-de-valor-compartilhado\/"]}]},{"@type":"ImageObject","inLanguage":"pt-BR","@id":"https:\/\/www.fiemg.com.br\/sesi\/noticias\/impacto-que-transforma-projetos-socioeambientais-como-estrategia-de-valor-compartilhado\/#primaryimage","url":"https:\/\/www.fiemg.com.br\/sesi\/wp-content\/uploads\/sites\/11\/2025\/10\/imersao-industria-projetos-socioambientais.jpg","contentUrl":"https:\/\/www.fiemg.com.br\/sesi\/wp-content\/uploads\/sites\/11\/2025\/10\/imersao-industria-projetos-socioambientais.jpg","width":512,"height":512,"caption":"Impacto que Transforma: Projetos Socioeambientais como Estrat\u00e9gia de Valor Compartilhado"},{"@type":"BreadcrumbList","@id":"https:\/\/www.fiemg.com.br\/sesi\/noticias\/impacto-que-transforma-projetos-socioeambientais-como-estrategia-de-valor-compartilhado\/#breadcrumb","itemListElement":[{"@type":"ListItem","position":1,"name":"In\u00edcio","item":"https:\/\/www.fiemg.com.br\/sesi\/"},{"@type":"ListItem","position":2,"name":"Impacto que Transforma: Projetos Socioeambientais como Estrat\u00e9gia de Valor Compartilhado"}]},{"@type":"WebSite","@id":"https:\/\/www.fiemg.com.br\/sesi\/#website","url":"https:\/\/www.fiemg.com.br\/sesi\/","name":"SESI","description":"Federa\u00e7\u00e3o das Ind\u00fastrias do Estado de Minas Gerais","publisher":{"@id":"https:\/\/www.fiemg.com.br\/sesi\/#organization"},"potentialAction":[{"@type":"SearchAction","target":{"@type":"EntryPoint","urlTemplate":"https:\/\/www.fiemg.com.br\/sesi\/?s={search_term_string}"},"query-input":{"@type":"PropertyValueSpecification","valueRequired":true,"valueName":"search_term_string"}}],"inLanguage":"pt-BR"},{"@type":"Organization","@id":"https:\/\/www.fiemg.com.br\/sesi\/#organization","name":"SESI","url":"https:\/\/www.fiemg.com.br\/sesi\/","logo":{"@type":"ImageObject","inLanguage":"pt-BR","@id":"https:\/\/www.fiemg.com.br\/sesi\/#\/schema\/logo\/image\/","url":"https:\/\/www.fiemg.com.br\/sesi\/wp-content\/uploads\/sites\/11\/2023\/02\/SESI_branco.svg","contentUrl":"https:\/\/www.fiemg.com.br\/sesi\/wp-content\/uploads\/sites\/11\/2023\/02\/SESI_branco.svg","width":168,"height":62,"caption":"SESI"},"image":{"@id":"https:\/\/www.fiemg.com.br\/sesi\/#\/schema\/logo\/image\/"}}]}},"_links":{"self":[{"href":"https:\/\/www.fiemg.com.br\/sesi\/wp-json\/wp\/v2\/noticias\/8661","targetHints":{"allow":["GET"]}}],"collection":[{"href":"https:\/\/www.fiemg.com.br\/sesi\/wp-json\/wp\/v2\/noticias"}],"about":[{"href":"https:\/\/www.fiemg.com.br\/sesi\/wp-json\/wp\/v2\/types\/noticias"}],"wp:featuredmedia":[{"embeddable":true,"href":"https:\/\/www.fiemg.com.br\/sesi\/wp-json\/wp\/v2\/media\/8663"}],"wp:attachment":[{"href":"https:\/\/www.fiemg.com.br\/sesi\/wp-json\/wp\/v2\/media?parent=8661"}],"wp:term":[{"taxonomy":"category","embeddable":true,"href":"https:\/\/www.fiemg.com.br\/sesi\/wp-json\/wp\/v2\/categories?post=8661"},{"taxonomy":"post_tag","embeddable":true,"href":"https:\/\/www.fiemg.com.br\/sesi\/wp-json\/wp\/v2\/tags?post=8661"}],"curies":[{"name":"wp","href":"https:\/\/api.w.org\/{rel}","templated":true}]}}