{"id":8870,"date":"2026-03-04T16:44:14","date_gmt":"2026-03-04T19:44:14","guid":{"rendered":"https:\/\/www.fiemg.com.br\/sesi\/noticias\/corrida-nacional-do-sesi-chega-a-bh-em-2026\/"},"modified":"2026-03-04T16:44:20","modified_gmt":"2026-03-04T19:44:20","slug":"corrida-nacional-do-sesi-chega-a-bh-em-2026","status":"publish","type":"noticias","link":"https:\/\/www.fiemg.com.br\/sesi\/noticias\/corrida-nacional-do-sesi-chega-a-bh-em-2026\/","title":{"rendered":"Corrida Nacional do SESI chega a BH em 2026"},"content":{"rendered":"\n<p>Belo Horizonte vai entrar, pela primeira vez, no circuito da Corrida Nacional do SESI. A iniciativa, promovida pelo SESI Nacional, acontece simultaneamente em diversas cidades brasileiras no dia 1\u00ba de maio de 2026, reunindo milhares de participantes em um grande movimento de promo\u00e7\u00e3o da sa\u00fade, do bem-estar e da solidariedade. Em Belo Horizonte, a largada est\u00e1 prevista para \u00e0s 8h, na Pra\u00e7a Geralda Damata Pimentel, na Pampulha, um dos principais cart\u00f5es-postais da capital mineira. <\/p>\n\n\n\n<p>Esta ser\u00e1 a segunda edi\u00e7\u00e3o da corrida em n\u00edvel nacional, mas marca a estreia da capital mineira no evento, ampliando o alcance da mobiliza\u00e7\u00e3o que incentiva pessoas de diferentes ritmos, idades e hist\u00f3rias a se movimentarem. Todas as informa\u00e7\u00f5es e regulamento est\u00e3o <strong><a href=\"https:\/\/corridanacionaldosesi.com.br\/\" target=\"_blank\" rel=\"noreferrer noopener\">neste link<\/a><\/strong>.<\/p>\n\n\n\n<p>O evento contar\u00e1 com diferentes modalidades, permitindo que pessoas com diferentes n\u00edveis de preparo participem. Os participantes poder\u00e3o escolher entre corrida de 5 km, corrida de 10 km ou caminhada de 3 km, modalidade participativa e aberta a todas as idades. Tamb\u00e9m haver\u00e1 a Corrida Kids, voltada para crian\u00e7as de 4 a 13 anos, com percursos de 30 a 200 metros, em formato l\u00fadico e participativo.<\/p>\n\n\n\n<p>Mais do que uma prova esportiva, a corrida tem um prop\u00f3sito social. Ao se inscrever, os participantes contribuem para o apoio a entidades sociais em todo o pa\u00eds, refor\u00e7ando o compromisso do evento com a transforma\u00e7\u00e3o social. Outro destaque \u00e9 o compromisso ambiental. Todos os res\u00edduos gerados durante o evento ter\u00e3o destina\u00e7\u00e3o para reciclagem, refor\u00e7ando o conceito de sustentabilidade que orienta a iniciativa.<\/p>\n\n\n\n<p>A prova tamb\u00e9m foi estruturada para ser inclusiva. Atletas com defici\u00eancia poder\u00e3o participar em diversas categorias, como usu\u00e1rios de cadeira de rodas, pessoas com defici\u00eancia visual, auditiva, f\u00edsica ou intelectual, com vagas gratuitas limitadas a 10% do total da prova.<\/p>\n\n\n\n<p>Ao se inscrever, cada participante receber\u00e1 um kit atleta, que inclui camiseta oficial, sacochila, bon\u00e9, n\u00famero de peito com chip de cronometragem e medalha para quem concluir a prova. A organiza\u00e7\u00e3o tamb\u00e9m prev\u00ea premia\u00e7\u00e3o com trof\u00e9us para os tr\u00eas primeiros colocados nas provas de 5 km e 10 km, nas categorias p\u00fablico geral, trabalhadores da ind\u00fastria, clubes de corrida do SESI e atletas com defici\u00eancia.<\/p>\n\n\n\n<p>A proposta \u00e9 simples: cada pessoa escolhe seu ritmo e participa da forma que preferir. A organiza\u00e7\u00e3o tamb\u00e9m convida o p\u00fablico a transformar o momento em uma experi\u00eancia coletiva. A expectativa \u00e9 que a primeira edi\u00e7\u00e3o em Belo Horizonte mobilize atletas amadores, trabalhadores da ind\u00fastria, fam\u00edlias e todos aqueles que acreditam no poder do esporte como ferramenta de sa\u00fade e inclus\u00e3o.<\/p>\n\n\n\n<p><strong>SERVI\u00c7O:<\/strong><\/p>\n\n\n\n<p><strong>Corrida Nacional do SESI 2026<\/strong><br><strong>Data:<\/strong> 1\u00ba de maio de 2026<br><strong>Hora:<\/strong> 8h (largada)<br><strong>Local:<\/strong> Pra\u00e7a Geralda Damata Pimentel \u2013 Pra\u00e7a da Pampulha, BH<br><strong>Valor:<\/strong> a partir de R$ 55 (trabalhador da ind\u00fastria) e R$ 70 (meia social ou regulamentada).<br><strong><a href=\"https:\/\/onsportsoficial.com.br\/evento\/7468\/corrida-nacional-do-sesi-2026-belo-horizonte-mg\" target=\"_blank\" rel=\"noreferrer noopener\">Inscri\u00e7\u00f5es aqui<\/a><\/strong> <\/p>\n\n\n\n<p><em>Ana Paula Motta<\/em><br><strong>Imprensa FIEMG<\/strong><\/p>\n\n\n\n<p><\/p>\n","protected":false},"featured_media":8871,"template":"","categories":[403],"tags":[598,599],"class_list":["post-8870","noticias","type-noticias","status-publish","has-post-thumbnail","hentry","category-saude","tag-corrida-nacional-do-sesi","tag-corrida-nacional-do-sesi-em-bh"],"acf":[],"yoast_head":"<!-- This site is optimized with the Yoast SEO plugin v26.2 - https:\/\/yoast.com\/wordpress\/plugins\/seo\/ -->\n<title>Corrida Nacional do SESI chega a BH em 2026 - SESI<\/title>\n<meta name=\"robots\" content=\"index, follow, max-snippet:-1, max-image-preview:large, max-video-preview:-1\" \/>\n<link rel=\"canonical\" href=\"https:\/\/www.fiemg.com.br\/sesi\/noticias\/corrida-nacional-do-sesi-chega-a-bh-em-2026\/\" \/>\n<meta property=\"og:locale\" content=\"pt_BR\" \/>\n<meta property=\"og:type\" content=\"article\" \/>\n<meta property=\"og:title\" content=\"Corrida Nacional do SESI chega a BH em 2026 - SESI\" \/>\n<meta property=\"og:description\" content=\"Belo Horizonte vai entrar, pela primeira vez, no circuito da Corrida Nacional do SESI. A iniciativa, promovida pelo SESI Nacional, acontece simultaneamente em diversas cidades brasileiras no dia 1\u00ba de maio de 2026, reunindo milhares de participantes em um grande movimento de promo\u00e7\u00e3o da sa\u00fade, do bem-estar e da solidariedade. Em Belo Horizonte, a largada [&hellip;]\" \/>\n<meta property=\"og:url\" content=\"https:\/\/www.fiemg.com.br\/sesi\/noticias\/corrida-nacional-do-sesi-chega-a-bh-em-2026\/\" \/>\n<meta property=\"og:site_name\" content=\"SESI\" \/>\n<meta property=\"article:modified_time\" content=\"2026-03-04T19:44:20+00:00\" \/>\n<meta property=\"og:image\" content=\"https:\/\/www.fiemg.com.br\/sesi\/wp-content\/uploads\/sites\/11\/2026\/03\/corrida-nacional-sesi-belo-horizonte-maio.jpg\" \/>\n\t<meta property=\"og:image:width\" content=\"512\" \/>\n\t<meta property=\"og:image:height\" content=\"512\" \/>\n\t<meta property=\"og:image:type\" content=\"image\/jpeg\" \/>\n<meta name=\"twitter:card\" content=\"summary_large_image\" \/>\n<meta name=\"twitter:label1\" content=\"Est. tempo de leitura\" \/>\n\t<meta name=\"twitter:data1\" content=\"3 minutos\" \/>\n<script type=\"application\/ld+json\" class=\"yoast-schema-graph\">{\"@context\":\"https:\/\/schema.org\",\"@graph\":[{\"@type\":\"WebPage\",\"@id\":\"https:\/\/www.fiemg.com.br\/sesi\/noticias\/corrida-nacional-do-sesi-chega-a-bh-em-2026\/\",\"url\":\"https:\/\/www.fiemg.com.br\/sesi\/noticias\/corrida-nacional-do-sesi-chega-a-bh-em-2026\/\",\"name\":\"Corrida Nacional do SESI chega a BH em 2026 - SESI\",\"isPartOf\":{\"@id\":\"https:\/\/www.fiemg.com.br\/sesi\/#website\"},\"primaryImageOfPage\":{\"@id\":\"https:\/\/www.fiemg.com.br\/sesi\/noticias\/corrida-nacional-do-sesi-chega-a-bh-em-2026\/#primaryimage\"},\"image\":{\"@id\":\"https:\/\/www.fiemg.com.br\/sesi\/noticias\/corrida-nacional-do-sesi-chega-a-bh-em-2026\/#primaryimage\"},\"thumbnailUrl\":\"https:\/\/www.fiemg.com.br\/sesi\/wp-content\/uploads\/sites\/11\/2026\/03\/corrida-nacional-sesi-belo-horizonte-maio.jpg\",\"datePublished\":\"2026-03-04T19:44:14+00:00\",\"dateModified\":\"2026-03-04T19:44:20+00:00\",\"breadcrumb\":{\"@id\":\"https:\/\/www.fiemg.com.br\/sesi\/noticias\/corrida-nacional-do-sesi-chega-a-bh-em-2026\/#breadcrumb\"},\"inLanguage\":\"pt-BR\",\"potentialAction\":[{\"@type\":\"ReadAction\",\"target\":[\"https:\/\/www.fiemg.com.br\/sesi\/noticias\/corrida-nacional-do-sesi-chega-a-bh-em-2026\/\"]}]},{\"@type\":\"ImageObject\",\"inLanguage\":\"pt-BR\",\"@id\":\"https:\/\/www.fiemg.com.br\/sesi\/noticias\/corrida-nacional-do-sesi-chega-a-bh-em-2026\/#primaryimage\",\"url\":\"https:\/\/www.fiemg.com.br\/sesi\/wp-content\/uploads\/sites\/11\/2026\/03\/corrida-nacional-sesi-belo-horizonte-maio.jpg\",\"contentUrl\":\"https:\/\/www.fiemg.com.br\/sesi\/wp-content\/uploads\/sites\/11\/2026\/03\/corrida-nacional-sesi-belo-horizonte-maio.jpg\",\"width\":512,\"height\":512},{\"@type\":\"BreadcrumbList\",\"@id\":\"https:\/\/www.fiemg.com.br\/sesi\/noticias\/corrida-nacional-do-sesi-chega-a-bh-em-2026\/#breadcrumb\",\"itemListElement\":[{\"@type\":\"ListItem\",\"position\":1,\"name\":\"In\u00edcio\",\"item\":\"https:\/\/www.fiemg.com.br\/sesi\/\"},{\"@type\":\"ListItem\",\"position\":2,\"name\":\"Corrida Nacional do SESI chega a BH em 2026\"}]},{\"@type\":\"WebSite\",\"@id\":\"https:\/\/www.fiemg.com.br\/sesi\/#website\",\"url\":\"https:\/\/www.fiemg.com.br\/sesi\/\",\"name\":\"SESI\",\"description\":\"Federa\u00e7\u00e3o das Ind\u00fastrias do Estado de Minas Gerais\",\"publisher\":{\"@id\":\"https:\/\/www.fiemg.com.br\/sesi\/#organization\"},\"potentialAction\":[{\"@type\":\"SearchAction\",\"target\":{\"@type\":\"EntryPoint\",\"urlTemplate\":\"https:\/\/www.fiemg.com.br\/sesi\/?s={search_term_string}\"},\"query-input\":{\"@type\":\"PropertyValueSpecification\",\"valueRequired\":true,\"valueName\":\"search_term_string\"}}],\"inLanguage\":\"pt-BR\"},{\"@type\":\"Organization\",\"@id\":\"https:\/\/www.fiemg.com.br\/sesi\/#organization\",\"name\":\"SESI\",\"url\":\"https:\/\/www.fiemg.com.br\/sesi\/\",\"logo\":{\"@type\":\"ImageObject\",\"inLanguage\":\"pt-BR\",\"@id\":\"https:\/\/www.fiemg.com.br\/sesi\/#\/schema\/logo\/image\/\",\"url\":\"https:\/\/www.fiemg.com.br\/sesi\/wp-content\/uploads\/sites\/11\/2023\/02\/SESI_branco.svg\",\"contentUrl\":\"https:\/\/www.fiemg.com.br\/sesi\/wp-content\/uploads\/sites\/11\/2023\/02\/SESI_branco.svg\",\"width\":168,\"height\":62,\"caption\":\"SESI\"},\"image\":{\"@id\":\"https:\/\/www.fiemg.com.br\/sesi\/#\/schema\/logo\/image\/\"}}]}<\/script>\n<!-- \/ Yoast SEO plugin. -->","yoast_head_json":{"title":"Corrida Nacional do SESI chega a BH em 2026 - SESI","robots":{"index":"index","follow":"follow","max-snippet":"max-snippet:-1","max-image-preview":"max-image-preview:large","max-video-preview":"max-video-preview:-1"},"canonical":"https:\/\/www.fiemg.com.br\/sesi\/noticias\/corrida-nacional-do-sesi-chega-a-bh-em-2026\/","og_locale":"pt_BR","og_type":"article","og_title":"Corrida Nacional do SESI chega a BH em 2026 - SESI","og_description":"Belo Horizonte vai entrar, pela primeira vez, no circuito da Corrida Nacional do SESI. A iniciativa, promovida pelo SESI Nacional, acontece simultaneamente em diversas cidades brasileiras no dia 1\u00ba de maio de 2026, reunindo milhares de participantes em um grande movimento de promo\u00e7\u00e3o da sa\u00fade, do bem-estar e da solidariedade. Em Belo Horizonte, a largada [&hellip;]","og_url":"https:\/\/www.fiemg.com.br\/sesi\/noticias\/corrida-nacional-do-sesi-chega-a-bh-em-2026\/","og_site_name":"SESI","article_modified_time":"2026-03-04T19:44:20+00:00","og_image":[{"width":512,"height":512,"url":"https:\/\/www.fiemg.com.br\/sesi\/wp-content\/uploads\/sites\/11\/2026\/03\/corrida-nacional-sesi-belo-horizonte-maio.jpg","type":"image\/jpeg"}],"twitter_card":"summary_large_image","twitter_misc":{"Est. tempo de leitura":"3 minutos"},"schema":{"@context":"https:\/\/schema.org","@graph":[{"@type":"WebPage","@id":"https:\/\/www.fiemg.com.br\/sesi\/noticias\/corrida-nacional-do-sesi-chega-a-bh-em-2026\/","url":"https:\/\/www.fiemg.com.br\/sesi\/noticias\/corrida-nacional-do-sesi-chega-a-bh-em-2026\/","name":"Corrida Nacional do SESI chega a BH em 2026 - SESI","isPartOf":{"@id":"https:\/\/www.fiemg.com.br\/sesi\/#website"},"primaryImageOfPage":{"@id":"https:\/\/www.fiemg.com.br\/sesi\/noticias\/corrida-nacional-do-sesi-chega-a-bh-em-2026\/#primaryimage"},"image":{"@id":"https:\/\/www.fiemg.com.br\/sesi\/noticias\/corrida-nacional-do-sesi-chega-a-bh-em-2026\/#primaryimage"},"thumbnailUrl":"https:\/\/www.fiemg.com.br\/sesi\/wp-content\/uploads\/sites\/11\/2026\/03\/corrida-nacional-sesi-belo-horizonte-maio.jpg","datePublished":"2026-03-04T19:44:14+00:00","dateModified":"2026-03-04T19:44:20+00:00","breadcrumb":{"@id":"https:\/\/www.fiemg.com.br\/sesi\/noticias\/corrida-nacional-do-sesi-chega-a-bh-em-2026\/#breadcrumb"},"inLanguage":"pt-BR","potentialAction":[{"@type":"ReadAction","target":["https:\/\/www.fiemg.com.br\/sesi\/noticias\/corrida-nacional-do-sesi-chega-a-bh-em-2026\/"]}]},{"@type":"ImageObject","inLanguage":"pt-BR","@id":"https:\/\/www.fiemg.com.br\/sesi\/noticias\/corrida-nacional-do-sesi-chega-a-bh-em-2026\/#primaryimage","url":"https:\/\/www.fiemg.com.br\/sesi\/wp-content\/uploads\/sites\/11\/2026\/03\/corrida-nacional-sesi-belo-horizonte-maio.jpg","contentUrl":"https:\/\/www.fiemg.com.br\/sesi\/wp-content\/uploads\/sites\/11\/2026\/03\/corrida-nacional-sesi-belo-horizonte-maio.jpg","width":512,"height":512},{"@type":"BreadcrumbList","@id":"https:\/\/www.fiemg.com.br\/sesi\/noticias\/corrida-nacional-do-sesi-chega-a-bh-em-2026\/#breadcrumb","itemListElement":[{"@type":"ListItem","position":1,"name":"In\u00edcio","item":"https:\/\/www.fiemg.com.br\/sesi\/"},{"@type":"ListItem","position":2,"name":"Corrida Nacional do SESI chega a BH em 2026"}]},{"@type":"WebSite","@id":"https:\/\/www.fiemg.com.br\/sesi\/#website","url":"https:\/\/www.fiemg.com.br\/sesi\/","name":"SESI","description":"Federa\u00e7\u00e3o das Ind\u00fastrias do Estado de Minas Gerais","publisher":{"@id":"https:\/\/www.fiemg.com.br\/sesi\/#organization"},"potentialAction":[{"@type":"SearchAction","target":{"@type":"EntryPoint","urlTemplate":"https:\/\/www.fiemg.com.br\/sesi\/?s={search_term_string}"},"query-input":{"@type":"PropertyValueSpecification","valueRequired":true,"valueName":"search_term_string"}}],"inLanguage":"pt-BR"},{"@type":"Organization","@id":"https:\/\/www.fiemg.com.br\/sesi\/#organization","name":"SESI","url":"https:\/\/www.fiemg.com.br\/sesi\/","logo":{"@type":"ImageObject","inLanguage":"pt-BR","@id":"https:\/\/www.fiemg.com.br\/sesi\/#\/schema\/logo\/image\/","url":"https:\/\/www.fiemg.com.br\/sesi\/wp-content\/uploads\/sites\/11\/2023\/02\/SESI_branco.svg","contentUrl":"https:\/\/www.fiemg.com.br\/sesi\/wp-content\/uploads\/sites\/11\/2023\/02\/SESI_branco.svg","width":168,"height":62,"caption":"SESI"},"image":{"@id":"https:\/\/www.fiemg.com.br\/sesi\/#\/schema\/logo\/image\/"}}]}},"_links":{"self":[{"href":"https:\/\/www.fiemg.com.br\/sesi\/wp-json\/wp\/v2\/noticias\/8870","targetHints":{"allow":["GET"]}}],"collection":[{"href":"https:\/\/www.fiemg.com.br\/sesi\/wp-json\/wp\/v2\/noticias"}],"about":[{"href":"https:\/\/www.fiemg.com.br\/sesi\/wp-json\/wp\/v2\/types\/noticias"}],"wp:featuredmedia":[{"embeddable":true,"href":"https:\/\/www.fiemg.com.br\/sesi\/wp-json\/wp\/v2\/media\/8871"}],"wp:attachment":[{"href":"https:\/\/www.fiemg.com.br\/sesi\/wp-json\/wp\/v2\/media?parent=8870"}],"wp:term":[{"taxonomy":"category","embeddable":true,"href":"https:\/\/www.fiemg.com.br\/sesi\/wp-json\/wp\/v2\/categories?post=8870"},{"taxonomy":"post_tag","embeddable":true,"href":"https:\/\/www.fiemg.com.br\/sesi\/wp-json\/wp\/v2\/tags?post=8870"}],"curies":[{"name":"wp","href":"https:\/\/api.w.org\/{rel}","templated":true}]}}