{"id":8892,"date":"2026-03-12T10:30:29","date_gmt":"2026-03-12T13:30:29","guid":{"rendered":"https:\/\/www.fiemg.com.br\/sesi\/noticias\/concerto-intimista-marca-inicio-da-serie-musica-no-museu-e-faz-parte-das-celebracoes-os-40-anos-da-orquestra-sesiminas\/"},"modified":"2026-03-12T10:30:29","modified_gmt":"2026-03-12T13:30:29","slug":"concerto-intimista-marca-inicio-da-serie-musica-no-museu-e-faz-parte-das-celebracoes-os-40-anos-da-orquestra-sesiminas","status":"publish","type":"noticias","link":"https:\/\/www.fiemg.com.br\/sesi\/noticias\/concerto-intimista-marca-inicio-da-serie-musica-no-museu-e-faz-parte-das-celebracoes-os-40-anos-da-orquestra-sesiminas\/","title":{"rendered":"M\u00fasica no Museu abre temporada 2026 com o melhor do barroco italiano no SESI MAO"},"content":{"rendered":"\n<p><strong><br><\/strong><em> <\/em><\/p>\n\n\n\n<p>A S\u00e9rie M\u00fasica no Museu inicia sua temporada 2026 no dia 26 de mar\u00e7o, \u00e0s 19h30, no SESI Museu de Artes e Of\u00edcios (<a href=\"https:\/\/mao.com.br\/\">SESI MAO<\/a>), em Belo Horizonte. A reg\u00eancia do concerto \u00e9 de Felipe Magalh\u00e3es e o concerto \u00e9 dedicado ao barroco italiano e re\u00fane obras de grandes compositores como Antonio Vivaldi, Tomaso Albinoni e Arcangelo Corelli.&nbsp;<\/p>\n\n\n\n<p>A apresenta\u00e7\u00e3o tamb\u00e9m faz parte das comemora\u00e7\u00f5es pelos 40 anos da Orquestra SESIMINAS e ser\u00e1 realizada em um formato especial e mais intimista. Diferentemente das apresenta\u00e7\u00f5es tradicionais, o concerto acontece no hall de entrada do museu, aproximando o p\u00fablico dos m\u00fasicos e criando uma experi\u00eancia sonora e visual \u00fanica.<\/p>\n\n\n\n<p>O programa traz algumas das mais emblem\u00e1ticas composi\u00e7\u00f5es do per\u00edodo barroco, estilo musical marcado pelo rigor t\u00e9cnico e pelo refinamento artesanal, em perfeita sintonia com o ambiente do SESI MAO, dedicado \u00e0 valoriza\u00e7\u00e3o do trabalho e da produ\u00e7\u00e3o art\u00edstica.<br><br><\/p>\n\n\n\n<figure class=\"wp-block-image aligncenter size-large is-resized\"><img decoding=\"async\" src=\"https:\/\/www.fiemg.com.br\/sesi\/wp-content\/uploads\/sites\/11\/2026\/03\/uniforme-pop-5-1024x683.jpg\" alt=\"\" class=\"wp-image-8893\" style=\"width:1096px;height:auto\" \/><\/figure>\n\n\n\n<p>Entre os destaques da noite est\u00e1 o Concerto para 2 Violoncelos em Sol Menor, de Vivaldi, interpretado pelos violoncelistas Lucas Barros e Elise Pittenger. A programa\u00e7\u00e3o inclui ainda trechos de As Quatro Esta\u00e7\u00f5es, uma das obras mais conhecidas do compositor italiano, com a execu\u00e7\u00e3o dos movimentos Primavera e Ver\u00e3o, tendo como solista o violinista Rafael Marzag\u00e3o, integrante da Orquestra SESIMINAS.<\/p>\n\n\n\n<p>O repert\u00f3rio da apresenta\u00e7\u00e3o ser\u00e1 completado pelo Concerto Grosso em F\u00e1 Maior, de Corelli, e pela Sinfonia em Sol Maior, de Albinoni, compondo um panorama expressivo da m\u00fasica barroca italiana.<\/p>\n\n\n\n<p><strong>SERVI\u00c7O<\/strong><strong><br><\/strong><strong>M\u00fasica no Museu \u2013 O Barroco Italiano<\/strong><strong><br><\/strong><strong>Data: <\/strong>26 de mar\u00e7o<br><strong>Hor\u00e1rio: <\/strong>19h30<br><strong>Local: <\/strong>SESI Museu de Artes e Of\u00edcios &#8211; Pra\u00e7a Rui Barbosa, 600, Centro, Belo Horizonte<\/p>\n\n\n\n<p><strong>Repert\u00f3rio:<\/strong><strong><br><\/strong> \u2022 Vivaldi \u2014 Concerto para 2 Violoncelos em Sol Menor<br>\u2022 Corelli \u2014 Concerto Grosso em F\u00e1 Maior<br>\u2022 Albinoni \u2014 Sinfonia em Sol Maior<br>\u2022 Vivaldi \u2014 <em>As Quatro Esta\u00e7\u00f5es<\/em> (Primavera e Ver\u00e3o)<\/p>\n\n\n\n<p><em>Denise Lucas<\/em><br><strong>Imprensa FIEMG<\/strong><\/p>\n","protected":false},"featured_media":8895,"template":"","categories":[29],"tags":[604,488,493],"class_list":["post-8892","noticias","type-noticias","status-publish","has-post-thumbnail","hentry","category-cultura","tag-barroco","tag-concerto","tag-sesi-mao"],"acf":[],"yoast_head":"<!-- This site is optimized with the Yoast SEO plugin v26.2 - https:\/\/yoast.com\/wordpress\/plugins\/seo\/ -->\n<title>M\u00fasica no Museu abre temporada 2026 com o melhor do barroco italiano no SESI MAO - SESI<\/title>\n<meta name=\"description\" content=\"Concerto intimista marca in\u00edcio da s\u00e9rie \u201cM\u00fasica no Museu\u201d e faz parte das celebra\u00e7\u00f5es os 40 anos da Orquestra SESIMINAS\" \/>\n<meta name=\"robots\" content=\"index, follow, max-snippet:-1, max-image-preview:large, max-video-preview:-1\" \/>\n<link rel=\"canonical\" href=\"https:\/\/www.fiemg.com.br\/sesi\/noticias\/concerto-intimista-marca-inicio-da-serie-musica-no-museu-e-faz-parte-das-celebracoes-os-40-anos-da-orquestra-sesiminas\/\" \/>\n<meta property=\"og:locale\" content=\"pt_BR\" \/>\n<meta property=\"og:type\" content=\"article\" \/>\n<meta property=\"og:title\" content=\"M\u00fasica no Museu abre temporada 2026 com o melhor do barroco italiano no SESI MAO - SESI\" \/>\n<meta property=\"og:description\" content=\"Concerto intimista marca in\u00edcio da s\u00e9rie \u201cM\u00fasica no Museu\u201d e faz parte das celebra\u00e7\u00f5es os 40 anos da Orquestra SESIMINAS\" \/>\n<meta property=\"og:url\" content=\"https:\/\/www.fiemg.com.br\/sesi\/noticias\/concerto-intimista-marca-inicio-da-serie-musica-no-museu-e-faz-parte-das-celebracoes-os-40-anos-da-orquestra-sesiminas\/\" \/>\n<meta property=\"og:site_name\" content=\"SESI\" \/>\n<meta property=\"og:image\" content=\"https:\/\/www.fiemg.com.br\/sesi\/wp-content\/uploads\/sites\/11\/2026\/03\/thumb_noticia_barrocoitaliano.png\" \/>\n\t<meta property=\"og:image:width\" content=\"512\" \/>\n\t<meta property=\"og:image:height\" content=\"512\" \/>\n\t<meta property=\"og:image:type\" content=\"image\/png\" \/>\n<meta name=\"twitter:card\" content=\"summary_large_image\" \/>\n<meta name=\"twitter:label1\" content=\"Est. tempo de leitura\" \/>\n\t<meta name=\"twitter:data1\" content=\"3 minutos\" \/>\n<script type=\"application\/ld+json\" class=\"yoast-schema-graph\">{\"@context\":\"https:\/\/schema.org\",\"@graph\":[{\"@type\":\"WebPage\",\"@id\":\"https:\/\/www.fiemg.com.br\/sesi\/noticias\/concerto-intimista-marca-inicio-da-serie-musica-no-museu-e-faz-parte-das-celebracoes-os-40-anos-da-orquestra-sesiminas\/\",\"url\":\"https:\/\/www.fiemg.com.br\/sesi\/noticias\/concerto-intimista-marca-inicio-da-serie-musica-no-museu-e-faz-parte-das-celebracoes-os-40-anos-da-orquestra-sesiminas\/\",\"name\":\"M\u00fasica no Museu abre temporada 2026 com o melhor do barroco italiano no SESI MAO - SESI\",\"isPartOf\":{\"@id\":\"https:\/\/www.fiemg.com.br\/sesi\/#website\"},\"primaryImageOfPage\":{\"@id\":\"https:\/\/www.fiemg.com.br\/sesi\/noticias\/concerto-intimista-marca-inicio-da-serie-musica-no-museu-e-faz-parte-das-celebracoes-os-40-anos-da-orquestra-sesiminas\/#primaryimage\"},\"image\":{\"@id\":\"https:\/\/www.fiemg.com.br\/sesi\/noticias\/concerto-intimista-marca-inicio-da-serie-musica-no-museu-e-faz-parte-das-celebracoes-os-40-anos-da-orquestra-sesiminas\/#primaryimage\"},\"thumbnailUrl\":\"https:\/\/www.fiemg.com.br\/sesi\/wp-content\/uploads\/sites\/11\/2026\/03\/thumb_noticia_barrocoitaliano.png\",\"datePublished\":\"2026-03-12T13:30:29+00:00\",\"description\":\"Concerto intimista marca in\u00edcio da s\u00e9rie \u201cM\u00fasica no Museu\u201d e faz parte das celebra\u00e7\u00f5es os 40 anos da Orquestra SESIMINAS\",\"breadcrumb\":{\"@id\":\"https:\/\/www.fiemg.com.br\/sesi\/noticias\/concerto-intimista-marca-inicio-da-serie-musica-no-museu-e-faz-parte-das-celebracoes-os-40-anos-da-orquestra-sesiminas\/#breadcrumb\"},\"inLanguage\":\"pt-BR\",\"potentialAction\":[{\"@type\":\"ReadAction\",\"target\":[\"https:\/\/www.fiemg.com.br\/sesi\/noticias\/concerto-intimista-marca-inicio-da-serie-musica-no-museu-e-faz-parte-das-celebracoes-os-40-anos-da-orquestra-sesiminas\/\"]}]},{\"@type\":\"ImageObject\",\"inLanguage\":\"pt-BR\",\"@id\":\"https:\/\/www.fiemg.com.br\/sesi\/noticias\/concerto-intimista-marca-inicio-da-serie-musica-no-museu-e-faz-parte-das-celebracoes-os-40-anos-da-orquestra-sesiminas\/#primaryimage\",\"url\":\"https:\/\/www.fiemg.com.br\/sesi\/wp-content\/uploads\/sites\/11\/2026\/03\/thumb_noticia_barrocoitaliano.png\",\"contentUrl\":\"https:\/\/www.fiemg.com.br\/sesi\/wp-content\/uploads\/sites\/11\/2026\/03\/thumb_noticia_barrocoitaliano.png\",\"width\":512,\"height\":512},{\"@type\":\"BreadcrumbList\",\"@id\":\"https:\/\/www.fiemg.com.br\/sesi\/noticias\/concerto-intimista-marca-inicio-da-serie-musica-no-museu-e-faz-parte-das-celebracoes-os-40-anos-da-orquestra-sesiminas\/#breadcrumb\",\"itemListElement\":[{\"@type\":\"ListItem\",\"position\":1,\"name\":\"In\u00edcio\",\"item\":\"https:\/\/www.fiemg.com.br\/sesi\/\"},{\"@type\":\"ListItem\",\"position\":2,\"name\":\"M\u00fasica no Museu abre temporada 2026 com o melhor do barroco italiano no SESI MAO\"}]},{\"@type\":\"WebSite\",\"@id\":\"https:\/\/www.fiemg.com.br\/sesi\/#website\",\"url\":\"https:\/\/www.fiemg.com.br\/sesi\/\",\"name\":\"SESI\",\"description\":\"Federa\u00e7\u00e3o das Ind\u00fastrias do Estado de Minas Gerais\",\"publisher\":{\"@id\":\"https:\/\/www.fiemg.com.br\/sesi\/#organization\"},\"potentialAction\":[{\"@type\":\"SearchAction\",\"target\":{\"@type\":\"EntryPoint\",\"urlTemplate\":\"https:\/\/www.fiemg.com.br\/sesi\/?s={search_term_string}\"},\"query-input\":{\"@type\":\"PropertyValueSpecification\",\"valueRequired\":true,\"valueName\":\"search_term_string\"}}],\"inLanguage\":\"pt-BR\"},{\"@type\":\"Organization\",\"@id\":\"https:\/\/www.fiemg.com.br\/sesi\/#organization\",\"name\":\"SESI\",\"url\":\"https:\/\/www.fiemg.com.br\/sesi\/\",\"logo\":{\"@type\":\"ImageObject\",\"inLanguage\":\"pt-BR\",\"@id\":\"https:\/\/www.fiemg.com.br\/sesi\/#\/schema\/logo\/image\/\",\"url\":\"https:\/\/www.fiemg.com.br\/sesi\/wp-content\/uploads\/sites\/11\/2023\/02\/SESI_branco.svg\",\"contentUrl\":\"https:\/\/www.fiemg.com.br\/sesi\/wp-content\/uploads\/sites\/11\/2023\/02\/SESI_branco.svg\",\"width\":168,\"height\":62,\"caption\":\"SESI\"},\"image\":{\"@id\":\"https:\/\/www.fiemg.com.br\/sesi\/#\/schema\/logo\/image\/\"}}]}<\/script>\n<!-- \/ Yoast SEO plugin. -->","yoast_head_json":{"title":"M\u00fasica no Museu abre temporada 2026 com o melhor do barroco italiano no SESI MAO - SESI","description":"Concerto intimista marca in\u00edcio da s\u00e9rie \u201cM\u00fasica no Museu\u201d e faz parte das celebra\u00e7\u00f5es os 40 anos da Orquestra SESIMINAS","robots":{"index":"index","follow":"follow","max-snippet":"max-snippet:-1","max-image-preview":"max-image-preview:large","max-video-preview":"max-video-preview:-1"},"canonical":"https:\/\/www.fiemg.com.br\/sesi\/noticias\/concerto-intimista-marca-inicio-da-serie-musica-no-museu-e-faz-parte-das-celebracoes-os-40-anos-da-orquestra-sesiminas\/","og_locale":"pt_BR","og_type":"article","og_title":"M\u00fasica no Museu abre temporada 2026 com o melhor do barroco italiano no SESI MAO - SESI","og_description":"Concerto intimista marca in\u00edcio da s\u00e9rie \u201cM\u00fasica no Museu\u201d e faz parte das celebra\u00e7\u00f5es os 40 anos da Orquestra SESIMINAS","og_url":"https:\/\/www.fiemg.com.br\/sesi\/noticias\/concerto-intimista-marca-inicio-da-serie-musica-no-museu-e-faz-parte-das-celebracoes-os-40-anos-da-orquestra-sesiminas\/","og_site_name":"SESI","og_image":[{"width":512,"height":512,"url":"https:\/\/www.fiemg.com.br\/sesi\/wp-content\/uploads\/sites\/11\/2026\/03\/thumb_noticia_barrocoitaliano.png","type":"image\/png"}],"twitter_card":"summary_large_image","twitter_misc":{"Est. tempo de leitura":"3 minutos"},"schema":{"@context":"https:\/\/schema.org","@graph":[{"@type":"WebPage","@id":"https:\/\/www.fiemg.com.br\/sesi\/noticias\/concerto-intimista-marca-inicio-da-serie-musica-no-museu-e-faz-parte-das-celebracoes-os-40-anos-da-orquestra-sesiminas\/","url":"https:\/\/www.fiemg.com.br\/sesi\/noticias\/concerto-intimista-marca-inicio-da-serie-musica-no-museu-e-faz-parte-das-celebracoes-os-40-anos-da-orquestra-sesiminas\/","name":"M\u00fasica no Museu abre temporada 2026 com o melhor do barroco italiano no SESI MAO - SESI","isPartOf":{"@id":"https:\/\/www.fiemg.com.br\/sesi\/#website"},"primaryImageOfPage":{"@id":"https:\/\/www.fiemg.com.br\/sesi\/noticias\/concerto-intimista-marca-inicio-da-serie-musica-no-museu-e-faz-parte-das-celebracoes-os-40-anos-da-orquestra-sesiminas\/#primaryimage"},"image":{"@id":"https:\/\/www.fiemg.com.br\/sesi\/noticias\/concerto-intimista-marca-inicio-da-serie-musica-no-museu-e-faz-parte-das-celebracoes-os-40-anos-da-orquestra-sesiminas\/#primaryimage"},"thumbnailUrl":"https:\/\/www.fiemg.com.br\/sesi\/wp-content\/uploads\/sites\/11\/2026\/03\/thumb_noticia_barrocoitaliano.png","datePublished":"2026-03-12T13:30:29+00:00","description":"Concerto intimista marca in\u00edcio da s\u00e9rie \u201cM\u00fasica no Museu\u201d e faz parte das celebra\u00e7\u00f5es os 40 anos da Orquestra SESIMINAS","breadcrumb":{"@id":"https:\/\/www.fiemg.com.br\/sesi\/noticias\/concerto-intimista-marca-inicio-da-serie-musica-no-museu-e-faz-parte-das-celebracoes-os-40-anos-da-orquestra-sesiminas\/#breadcrumb"},"inLanguage":"pt-BR","potentialAction":[{"@type":"ReadAction","target":["https:\/\/www.fiemg.com.br\/sesi\/noticias\/concerto-intimista-marca-inicio-da-serie-musica-no-museu-e-faz-parte-das-celebracoes-os-40-anos-da-orquestra-sesiminas\/"]}]},{"@type":"ImageObject","inLanguage":"pt-BR","@id":"https:\/\/www.fiemg.com.br\/sesi\/noticias\/concerto-intimista-marca-inicio-da-serie-musica-no-museu-e-faz-parte-das-celebracoes-os-40-anos-da-orquestra-sesiminas\/#primaryimage","url":"https:\/\/www.fiemg.com.br\/sesi\/wp-content\/uploads\/sites\/11\/2026\/03\/thumb_noticia_barrocoitaliano.png","contentUrl":"https:\/\/www.fiemg.com.br\/sesi\/wp-content\/uploads\/sites\/11\/2026\/03\/thumb_noticia_barrocoitaliano.png","width":512,"height":512},{"@type":"BreadcrumbList","@id":"https:\/\/www.fiemg.com.br\/sesi\/noticias\/concerto-intimista-marca-inicio-da-serie-musica-no-museu-e-faz-parte-das-celebracoes-os-40-anos-da-orquestra-sesiminas\/#breadcrumb","itemListElement":[{"@type":"ListItem","position":1,"name":"In\u00edcio","item":"https:\/\/www.fiemg.com.br\/sesi\/"},{"@type":"ListItem","position":2,"name":"M\u00fasica no Museu abre temporada 2026 com o melhor do barroco italiano no SESI MAO"}]},{"@type":"WebSite","@id":"https:\/\/www.fiemg.com.br\/sesi\/#website","url":"https:\/\/www.fiemg.com.br\/sesi\/","name":"SESI","description":"Federa\u00e7\u00e3o das Ind\u00fastrias do Estado de Minas Gerais","publisher":{"@id":"https:\/\/www.fiemg.com.br\/sesi\/#organization"},"potentialAction":[{"@type":"SearchAction","target":{"@type":"EntryPoint","urlTemplate":"https:\/\/www.fiemg.com.br\/sesi\/?s={search_term_string}"},"query-input":{"@type":"PropertyValueSpecification","valueRequired":true,"valueName":"search_term_string"}}],"inLanguage":"pt-BR"},{"@type":"Organization","@id":"https:\/\/www.fiemg.com.br\/sesi\/#organization","name":"SESI","url":"https:\/\/www.fiemg.com.br\/sesi\/","logo":{"@type":"ImageObject","inLanguage":"pt-BR","@id":"https:\/\/www.fiemg.com.br\/sesi\/#\/schema\/logo\/image\/","url":"https:\/\/www.fiemg.com.br\/sesi\/wp-content\/uploads\/sites\/11\/2023\/02\/SESI_branco.svg","contentUrl":"https:\/\/www.fiemg.com.br\/sesi\/wp-content\/uploads\/sites\/11\/2023\/02\/SESI_branco.svg","width":168,"height":62,"caption":"SESI"},"image":{"@id":"https:\/\/www.fiemg.com.br\/sesi\/#\/schema\/logo\/image\/"}}]}},"_links":{"self":[{"href":"https:\/\/www.fiemg.com.br\/sesi\/wp-json\/wp\/v2\/noticias\/8892","targetHints":{"allow":["GET"]}}],"collection":[{"href":"https:\/\/www.fiemg.com.br\/sesi\/wp-json\/wp\/v2\/noticias"}],"about":[{"href":"https:\/\/www.fiemg.com.br\/sesi\/wp-json\/wp\/v2\/types\/noticias"}],"wp:featuredmedia":[{"embeddable":true,"href":"https:\/\/www.fiemg.com.br\/sesi\/wp-json\/wp\/v2\/media\/8895"}],"wp:attachment":[{"href":"https:\/\/www.fiemg.com.br\/sesi\/wp-json\/wp\/v2\/media?parent=8892"}],"wp:term":[{"taxonomy":"category","embeddable":true,"href":"https:\/\/www.fiemg.com.br\/sesi\/wp-json\/wp\/v2\/categories?post=8892"},{"taxonomy":"post_tag","embeddable":true,"href":"https:\/\/www.fiemg.com.br\/sesi\/wp-json\/wp\/v2\/tags?post=8892"}],"curies":[{"name":"wp","href":"https:\/\/api.w.org\/{rel}","templated":true}]}}