{"id":8979,"date":"2026-04-24T18:50:55","date_gmt":"2026-04-24T21:50:55","guid":{"rendered":"https:\/\/www.fiemg.com.br\/sesi\/noticias\/atualizacao-da-nr-01-amplia-escopo-da-gestao-de-riscos-no-ambiente-de-trabalho\/"},"modified":"2026-04-24T18:50:55","modified_gmt":"2026-04-24T21:50:55","slug":"atualizacao-da-nr-01-amplia-escopo-da-gestao-de-riscos-no-ambiente-de-trabalho","status":"publish","type":"noticias","link":"https:\/\/www.fiemg.com.br\/sesi\/noticias\/atualizacao-da-nr-01-amplia-escopo-da-gestao-de-riscos-no-ambiente-de-trabalho\/","title":{"rendered":"Atualiza\u00e7\u00e3o da NR-01 amplia escopo da gest\u00e3o de riscos no ambiente de trabalho"},"content":{"rendered":"\n<p>As atualiza\u00e7\u00f5es da Norma Regulamentadora n\u00ba 01 (NR-01), que estabelece diretrizes gerais de seguran\u00e7a e sa\u00fade no trabalho no Brasil, foram apresentadas durante palestra no Imers\u00e3o Ind\u00fastria, promovido pelo Sistema FIEMG. As principais mudan\u00e7as da norma e seus impactos para as empresas foram os temas abordados.<\/p>\n\n\n\n<figure class=\"wp-block-image alignleft size-full is-resized\"><img fetchpriority=\"high\" decoding=\"async\" width=\"512\" height=\"512\" src=\"https:\/\/www.fiemg.com.br\/sesi\/wp-content\/uploads\/sites\/11\/2026\/04\/nr_thumb.jpeg\" alt=\"Atualiza\u00e7\u00e3o da NR-01 amplia escopo da gest\u00e3o de riscos no ambiente de trabalho\" class=\"wp-image-8981\" style=\"width:296px;height:auto\" srcset=\"https:\/\/www.fiemg.com.br\/sesi\/wp-content\/uploads\/sites\/11\/2026\/04\/nr_thumb.jpeg 512w, https:\/\/www.fiemg.com.br\/sesi\/wp-content\/uploads\/sites\/11\/2026\/04\/nr_thumb-300x300.jpeg 300w, https:\/\/www.fiemg.com.br\/sesi\/wp-content\/uploads\/sites\/11\/2026\/04\/nr_thumb-150x150.jpeg 150w\" sizes=\"(max-width: 512px) 100vw, 512px\" \/><\/figure>\n\n\n\n<p>A apresenta\u00e7\u00e3o foi conduzida por Guilherme Penna, coordenador de Seguran\u00e7a do Trabalho do SESI MG, e Juliano Colombo, palestrante, mentor e consultor. Entre os pontos destacados, est\u00e1 a inclus\u00e3o obrigat\u00f3ria dos riscos psicossociais no Programa de Gerenciamento de Riscos (PGR), prevista para entrar em vigor a partir de maio de 2026.<\/p>\n\n\n\n<p>Com a atualiza\u00e7\u00e3o, fatores como estresse, burnout e ass\u00e9dio passam a integrar o escopo da gest\u00e3o de riscos ocupacionais. A norma tamb\u00e9m prev\u00ea maior participa\u00e7\u00e3o dos trabalhadores no processo e a ado\u00e7\u00e3o de medidas de controle sempre que situa\u00e7\u00f5es de risco forem identificadas.<\/p>\n\n\n\n<p>Durante a palestra, foi destacado que a responsabilidade das empresas est\u00e1 relacionada a aspectos da organiza\u00e7\u00e3o do trabalho, como gest\u00e3o, comunica\u00e7\u00e3o e defini\u00e7\u00e3o de fun\u00e7\u00f5es. Nesse contexto, a lideran\u00e7a tem papel relevante na condu\u00e7\u00e3o das pr\u00e1ticas e na implementa\u00e7\u00e3o das diretrizes previstas na norma.<\/p>\n\n\n\n<p>Outro ponto abordado foi a mudan\u00e7a no perfil da for\u00e7a de trabalho, com proje\u00e7\u00f5es de envelhecimento da popula\u00e7\u00e3o economicamente ativa nas pr\u00f3ximas d\u00e9cadas. Esse cen\u00e1rio pode demandar adapta\u00e7\u00f5es por parte das empresas, especialmente no que diz respeito \u00e0 gest\u00e3o de pessoas e \u00e0s condi\u00e7\u00f5es de trabalho.<\/p>\n\n\n\n<p>A atualiza\u00e7\u00e3o da NR-01 amplia o conceito de seguran\u00e7a no trabalho, ao incorporar aspectos relacionados \u00e0 sa\u00fade mental. Segundo os palestrantes, a adequa\u00e7\u00e3o \u00e0s novas exig\u00eancias envolve revis\u00e3o de processos, capacita\u00e7\u00e3o das lideran\u00e7as e integra\u00e7\u00e3o das diretrizes ao planejamento das organiza\u00e7\u00f5es.<\/p>\n\n\n\n<figure class=\"wp-block-image alignright size-full is-resized\"><img decoding=\"async\" width=\"512\" height=\"512\" src=\"https:\/\/www.fiemg.com.br\/sesi\/wp-content\/uploads\/sites\/11\/2026\/04\/nr_thumb_1.jpeg\" alt=\"Atualiza\u00e7\u00e3o da NR-01 amplia escopo da gest\u00e3o de riscos no ambiente de trabalho\" class=\"wp-image-8980\" style=\"width:297px;height:auto\" srcset=\"https:\/\/www.fiemg.com.br\/sesi\/wp-content\/uploads\/sites\/11\/2026\/04\/nr_thumb_1.jpeg 512w, https:\/\/www.fiemg.com.br\/sesi\/wp-content\/uploads\/sites\/11\/2026\/04\/nr_thumb_1-300x300.jpeg 300w, https:\/\/www.fiemg.com.br\/sesi\/wp-content\/uploads\/sites\/11\/2026\/04\/nr_thumb_1-150x150.jpeg 150w\" sizes=\"(max-width: 512px) 100vw, 512px\" \/><\/figure>\n\n\n\n<p>O tema integra o conjunto de discuss\u00f5es do Imers\u00e3o Ind\u00fastria voltadas \u00e0 adapta\u00e7\u00e3o das empresas \u00e0s mudan\u00e7as no ambiente regulat\u00f3rio e \u00e0s transforma\u00e7\u00f5es no mundo do trabalho.<br><br>O Imers\u00e3o Ind\u00fastria \u00e9 uma realiza\u00e7\u00e3o do Sistema FIEMG e correaliza\u00e7\u00e3o da Confedera\u00e7\u00e3o Nacional da Ind\u00fastria (CNI). O patroc\u00ednio master \u00e9 da Vale, com apoio master do Sebrae Minas. Usiminas e Sicoob s\u00e3o os patrocinadores ouro. AngloGold Ashanti, ArcelorMittal, Herculano Minera\u00e7\u00e3o, Bemisa e CBMM s\u00e3o os patrocinadores prata. A parceria \u00e9 da J. Mendes e da Construtora Barbosa Mello, e a parceria institucional conta com Allya, AmpliFicar 1a1 + Cluube. O apoio \u00e9 da 98 News, Tr\u00eas Cora\u00e7\u00f5es, F5 Office e Centro Universit\u00e1rio UNA.<br><br>Clique <strong><a href=\"https:\/\/www.flickr.com\/photos\/sistemafiemg\/albums\/72177720333297708\/\" target=\"_blank\" rel=\"noreferrer noopener\">aqui<\/a><\/strong> e veja mais fotos da palestra<\/p>\n\n\n\n<p><em>Samara Norberto, aluna de jornalismo da Una<br><\/em><\/p>\n\n\n\n<p><\/p>\n","protected":false},"featured_media":8980,"template":"","categories":[15],"tags":[261,617],"class_list":["post-8979","noticias","type-noticias","status-publish","has-post-thumbnail","hentry","category-desenvolvimento-industrial","tag-imersao-industria","tag-nr1"],"acf":[],"yoast_head":"<!-- This site is optimized with the Yoast SEO plugin v26.2 - https:\/\/yoast.com\/wordpress\/plugins\/seo\/ -->\n<title>Atualiza\u00e7\u00e3o da NR-01 amplia escopo da gest\u00e3o de riscos no ambiente de trabalho - SESI<\/title>\n<meta name=\"description\" content=\"Tema foi debatido no Imers\u00e3o Ind\u00fastria, com foco nas mudan\u00e7as regulat\u00f3rias e nos impactos para empresas e lideran\u00e7a\" \/>\n<meta name=\"robots\" content=\"index, follow, max-snippet:-1, max-image-preview:large, max-video-preview:-1\" \/>\n<link rel=\"canonical\" href=\"https:\/\/www.fiemg.com.br\/sesi\/noticias\/atualizacao-da-nr-01-amplia-escopo-da-gestao-de-riscos-no-ambiente-de-trabalho\/\" \/>\n<meta property=\"og:locale\" content=\"pt_BR\" \/>\n<meta property=\"og:type\" content=\"article\" \/>\n<meta property=\"og:title\" content=\"Atualiza\u00e7\u00e3o da NR-01 amplia escopo da gest\u00e3o de riscos no ambiente de trabalho - SESI\" \/>\n<meta property=\"og:description\" content=\"Tema foi debatido no Imers\u00e3o Ind\u00fastria, com foco nas mudan\u00e7as regulat\u00f3rias e nos impactos para empresas e lideran\u00e7a\" \/>\n<meta property=\"og:url\" content=\"https:\/\/www.fiemg.com.br\/sesi\/noticias\/atualizacao-da-nr-01-amplia-escopo-da-gestao-de-riscos-no-ambiente-de-trabalho\/\" \/>\n<meta property=\"og:site_name\" content=\"SESI\" \/>\n<meta property=\"og:image\" content=\"https:\/\/www.fiemg.com.br\/sesi\/wp-content\/uploads\/sites\/11\/2026\/04\/nr_thumb_1.jpeg\" \/>\n\t<meta property=\"og:image:width\" content=\"512\" \/>\n\t<meta property=\"og:image:height\" content=\"512\" \/>\n\t<meta property=\"og:image:type\" content=\"image\/jpeg\" \/>\n<meta name=\"twitter:card\" content=\"summary_large_image\" \/>\n<meta name=\"twitter:label1\" content=\"Est. tempo de leitura\" \/>\n\t<meta name=\"twitter:data1\" content=\"3 minutos\" \/>\n<script type=\"application\/ld+json\" class=\"yoast-schema-graph\">{\"@context\":\"https:\/\/schema.org\",\"@graph\":[{\"@type\":\"WebPage\",\"@id\":\"https:\/\/www.fiemg.com.br\/sesi\/noticias\/atualizacao-da-nr-01-amplia-escopo-da-gestao-de-riscos-no-ambiente-de-trabalho\/\",\"url\":\"https:\/\/www.fiemg.com.br\/sesi\/noticias\/atualizacao-da-nr-01-amplia-escopo-da-gestao-de-riscos-no-ambiente-de-trabalho\/\",\"name\":\"Atualiza\u00e7\u00e3o da NR-01 amplia escopo da gest\u00e3o de riscos no ambiente de trabalho - SESI\",\"isPartOf\":{\"@id\":\"https:\/\/www.fiemg.com.br\/sesi\/#website\"},\"primaryImageOfPage\":{\"@id\":\"https:\/\/www.fiemg.com.br\/sesi\/noticias\/atualizacao-da-nr-01-amplia-escopo-da-gestao-de-riscos-no-ambiente-de-trabalho\/#primaryimage\"},\"image\":{\"@id\":\"https:\/\/www.fiemg.com.br\/sesi\/noticias\/atualizacao-da-nr-01-amplia-escopo-da-gestao-de-riscos-no-ambiente-de-trabalho\/#primaryimage\"},\"thumbnailUrl\":\"https:\/\/www.fiemg.com.br\/sesi\/wp-content\/uploads\/sites\/11\/2026\/04\/nr_thumb_1.jpeg\",\"datePublished\":\"2026-04-24T21:50:55+00:00\",\"description\":\"Tema foi debatido no Imers\u00e3o Ind\u00fastria, com foco nas mudan\u00e7as regulat\u00f3rias e nos impactos para empresas e lideran\u00e7a\",\"breadcrumb\":{\"@id\":\"https:\/\/www.fiemg.com.br\/sesi\/noticias\/atualizacao-da-nr-01-amplia-escopo-da-gestao-de-riscos-no-ambiente-de-trabalho\/#breadcrumb\"},\"inLanguage\":\"pt-BR\",\"potentialAction\":[{\"@type\":\"ReadAction\",\"target\":[\"https:\/\/www.fiemg.com.br\/sesi\/noticias\/atualizacao-da-nr-01-amplia-escopo-da-gestao-de-riscos-no-ambiente-de-trabalho\/\"]}]},{\"@type\":\"ImageObject\",\"inLanguage\":\"pt-BR\",\"@id\":\"https:\/\/www.fiemg.com.br\/sesi\/noticias\/atualizacao-da-nr-01-amplia-escopo-da-gestao-de-riscos-no-ambiente-de-trabalho\/#primaryimage\",\"url\":\"https:\/\/www.fiemg.com.br\/sesi\/wp-content\/uploads\/sites\/11\/2026\/04\/nr_thumb_1.jpeg\",\"contentUrl\":\"https:\/\/www.fiemg.com.br\/sesi\/wp-content\/uploads\/sites\/11\/2026\/04\/nr_thumb_1.jpeg\",\"width\":512,\"height\":512,\"caption\":\"Atualiza\u00e7\u00e3o da NR-01 amplia escopo da gest\u00e3o de riscos no ambiente de trabalho\"},{\"@type\":\"BreadcrumbList\",\"@id\":\"https:\/\/www.fiemg.com.br\/sesi\/noticias\/atualizacao-da-nr-01-amplia-escopo-da-gestao-de-riscos-no-ambiente-de-trabalho\/#breadcrumb\",\"itemListElement\":[{\"@type\":\"ListItem\",\"position\":1,\"name\":\"In\u00edcio\",\"item\":\"https:\/\/www.fiemg.com.br\/sesi\/\"},{\"@type\":\"ListItem\",\"position\":2,\"name\":\"Atualiza\u00e7\u00e3o da NR-01 amplia escopo da gest\u00e3o de riscos no ambiente de trabalho\"}]},{\"@type\":\"WebSite\",\"@id\":\"https:\/\/www.fiemg.com.br\/sesi\/#website\",\"url\":\"https:\/\/www.fiemg.com.br\/sesi\/\",\"name\":\"SESI\",\"description\":\"Federa\u00e7\u00e3o das Ind\u00fastrias do Estado de Minas Gerais\",\"publisher\":{\"@id\":\"https:\/\/www.fiemg.com.br\/sesi\/#organization\"},\"potentialAction\":[{\"@type\":\"SearchAction\",\"target\":{\"@type\":\"EntryPoint\",\"urlTemplate\":\"https:\/\/www.fiemg.com.br\/sesi\/?s={search_term_string}\"},\"query-input\":{\"@type\":\"PropertyValueSpecification\",\"valueRequired\":true,\"valueName\":\"search_term_string\"}}],\"inLanguage\":\"pt-BR\"},{\"@type\":\"Organization\",\"@id\":\"https:\/\/www.fiemg.com.br\/sesi\/#organization\",\"name\":\"SESI\",\"url\":\"https:\/\/www.fiemg.com.br\/sesi\/\",\"logo\":{\"@type\":\"ImageObject\",\"inLanguage\":\"pt-BR\",\"@id\":\"https:\/\/www.fiemg.com.br\/sesi\/#\/schema\/logo\/image\/\",\"url\":\"https:\/\/www.fiemg.com.br\/sesi\/wp-content\/uploads\/sites\/11\/2023\/02\/SESI_branco.svg\",\"contentUrl\":\"https:\/\/www.fiemg.com.br\/sesi\/wp-content\/uploads\/sites\/11\/2023\/02\/SESI_branco.svg\",\"width\":168,\"height\":62,\"caption\":\"SESI\"},\"image\":{\"@id\":\"https:\/\/www.fiemg.com.br\/sesi\/#\/schema\/logo\/image\/\"}}]}<\/script>\n<!-- \/ Yoast SEO plugin. -->","yoast_head_json":{"title":"Atualiza\u00e7\u00e3o da NR-01 amplia escopo da gest\u00e3o de riscos no ambiente de trabalho - SESI","description":"Tema foi debatido no Imers\u00e3o Ind\u00fastria, com foco nas mudan\u00e7as regulat\u00f3rias e nos impactos para empresas e lideran\u00e7a","robots":{"index":"index","follow":"follow","max-snippet":"max-snippet:-1","max-image-preview":"max-image-preview:large","max-video-preview":"max-video-preview:-1"},"canonical":"https:\/\/www.fiemg.com.br\/sesi\/noticias\/atualizacao-da-nr-01-amplia-escopo-da-gestao-de-riscos-no-ambiente-de-trabalho\/","og_locale":"pt_BR","og_type":"article","og_title":"Atualiza\u00e7\u00e3o da NR-01 amplia escopo da gest\u00e3o de riscos no ambiente de trabalho - SESI","og_description":"Tema foi debatido no Imers\u00e3o Ind\u00fastria, com foco nas mudan\u00e7as regulat\u00f3rias e nos impactos para empresas e lideran\u00e7a","og_url":"https:\/\/www.fiemg.com.br\/sesi\/noticias\/atualizacao-da-nr-01-amplia-escopo-da-gestao-de-riscos-no-ambiente-de-trabalho\/","og_site_name":"SESI","og_image":[{"width":512,"height":512,"url":"https:\/\/www.fiemg.com.br\/sesi\/wp-content\/uploads\/sites\/11\/2026\/04\/nr_thumb_1.jpeg","type":"image\/jpeg"}],"twitter_card":"summary_large_image","twitter_misc":{"Est. tempo de leitura":"3 minutos"},"schema":{"@context":"https:\/\/schema.org","@graph":[{"@type":"WebPage","@id":"https:\/\/www.fiemg.com.br\/sesi\/noticias\/atualizacao-da-nr-01-amplia-escopo-da-gestao-de-riscos-no-ambiente-de-trabalho\/","url":"https:\/\/www.fiemg.com.br\/sesi\/noticias\/atualizacao-da-nr-01-amplia-escopo-da-gestao-de-riscos-no-ambiente-de-trabalho\/","name":"Atualiza\u00e7\u00e3o da NR-01 amplia escopo da gest\u00e3o de riscos no ambiente de trabalho - SESI","isPartOf":{"@id":"https:\/\/www.fiemg.com.br\/sesi\/#website"},"primaryImageOfPage":{"@id":"https:\/\/www.fiemg.com.br\/sesi\/noticias\/atualizacao-da-nr-01-amplia-escopo-da-gestao-de-riscos-no-ambiente-de-trabalho\/#primaryimage"},"image":{"@id":"https:\/\/www.fiemg.com.br\/sesi\/noticias\/atualizacao-da-nr-01-amplia-escopo-da-gestao-de-riscos-no-ambiente-de-trabalho\/#primaryimage"},"thumbnailUrl":"https:\/\/www.fiemg.com.br\/sesi\/wp-content\/uploads\/sites\/11\/2026\/04\/nr_thumb_1.jpeg","datePublished":"2026-04-24T21:50:55+00:00","description":"Tema foi debatido no Imers\u00e3o Ind\u00fastria, com foco nas mudan\u00e7as regulat\u00f3rias e nos impactos para empresas e lideran\u00e7a","breadcrumb":{"@id":"https:\/\/www.fiemg.com.br\/sesi\/noticias\/atualizacao-da-nr-01-amplia-escopo-da-gestao-de-riscos-no-ambiente-de-trabalho\/#breadcrumb"},"inLanguage":"pt-BR","potentialAction":[{"@type":"ReadAction","target":["https:\/\/www.fiemg.com.br\/sesi\/noticias\/atualizacao-da-nr-01-amplia-escopo-da-gestao-de-riscos-no-ambiente-de-trabalho\/"]}]},{"@type":"ImageObject","inLanguage":"pt-BR","@id":"https:\/\/www.fiemg.com.br\/sesi\/noticias\/atualizacao-da-nr-01-amplia-escopo-da-gestao-de-riscos-no-ambiente-de-trabalho\/#primaryimage","url":"https:\/\/www.fiemg.com.br\/sesi\/wp-content\/uploads\/sites\/11\/2026\/04\/nr_thumb_1.jpeg","contentUrl":"https:\/\/www.fiemg.com.br\/sesi\/wp-content\/uploads\/sites\/11\/2026\/04\/nr_thumb_1.jpeg","width":512,"height":512,"caption":"Atualiza\u00e7\u00e3o da NR-01 amplia escopo da gest\u00e3o de riscos no ambiente de trabalho"},{"@type":"BreadcrumbList","@id":"https:\/\/www.fiemg.com.br\/sesi\/noticias\/atualizacao-da-nr-01-amplia-escopo-da-gestao-de-riscos-no-ambiente-de-trabalho\/#breadcrumb","itemListElement":[{"@type":"ListItem","position":1,"name":"In\u00edcio","item":"https:\/\/www.fiemg.com.br\/sesi\/"},{"@type":"ListItem","position":2,"name":"Atualiza\u00e7\u00e3o da NR-01 amplia escopo da gest\u00e3o de riscos no ambiente de trabalho"}]},{"@type":"WebSite","@id":"https:\/\/www.fiemg.com.br\/sesi\/#website","url":"https:\/\/www.fiemg.com.br\/sesi\/","name":"SESI","description":"Federa\u00e7\u00e3o das Ind\u00fastrias do Estado de Minas Gerais","publisher":{"@id":"https:\/\/www.fiemg.com.br\/sesi\/#organization"},"potentialAction":[{"@type":"SearchAction","target":{"@type":"EntryPoint","urlTemplate":"https:\/\/www.fiemg.com.br\/sesi\/?s={search_term_string}"},"query-input":{"@type":"PropertyValueSpecification","valueRequired":true,"valueName":"search_term_string"}}],"inLanguage":"pt-BR"},{"@type":"Organization","@id":"https:\/\/www.fiemg.com.br\/sesi\/#organization","name":"SESI","url":"https:\/\/www.fiemg.com.br\/sesi\/","logo":{"@type":"ImageObject","inLanguage":"pt-BR","@id":"https:\/\/www.fiemg.com.br\/sesi\/#\/schema\/logo\/image\/","url":"https:\/\/www.fiemg.com.br\/sesi\/wp-content\/uploads\/sites\/11\/2023\/02\/SESI_branco.svg","contentUrl":"https:\/\/www.fiemg.com.br\/sesi\/wp-content\/uploads\/sites\/11\/2023\/02\/SESI_branco.svg","width":168,"height":62,"caption":"SESI"},"image":{"@id":"https:\/\/www.fiemg.com.br\/sesi\/#\/schema\/logo\/image\/"}}]}},"_links":{"self":[{"href":"https:\/\/www.fiemg.com.br\/sesi\/wp-json\/wp\/v2\/noticias\/8979","targetHints":{"allow":["GET"]}}],"collection":[{"href":"https:\/\/www.fiemg.com.br\/sesi\/wp-json\/wp\/v2\/noticias"}],"about":[{"href":"https:\/\/www.fiemg.com.br\/sesi\/wp-json\/wp\/v2\/types\/noticias"}],"wp:featuredmedia":[{"embeddable":true,"href":"https:\/\/www.fiemg.com.br\/sesi\/wp-json\/wp\/v2\/media\/8980"}],"wp:attachment":[{"href":"https:\/\/www.fiemg.com.br\/sesi\/wp-json\/wp\/v2\/media?parent=8979"}],"wp:term":[{"taxonomy":"category","embeddable":true,"href":"https:\/\/www.fiemg.com.br\/sesi\/wp-json\/wp\/v2\/categories?post=8979"},{"taxonomy":"post_tag","embeddable":true,"href":"https:\/\/www.fiemg.com.br\/sesi\/wp-json\/wp\/v2\/tags?post=8979"}],"curies":[{"name":"wp","href":"https:\/\/api.w.org\/{rel}","templated":true}]}}