{"id":8986,"date":"2026-04-22T13:48:00","date_gmt":"2026-04-22T16:48:00","guid":{"rendered":"https:\/\/www.fiemg.com.br\/sesi\/noticias\/conectando-historias-conclui-etapa-para-idosos\/"},"modified":"2026-04-28T14:19:56","modified_gmt":"2026-04-28T17:19:56","slug":"conectando-historias-conclui-etapa-para-idosos","status":"publish","type":"noticias","link":"https:\/\/www.fiemg.com.br\/sesi\/noticias\/conectando-historias-conclui-etapa-para-idosos\/","title":{"rendered":"Conectando Hist\u00f3rias conclui etapa para idosos"},"content":{"rendered":"\n<p>O projeto Conectando Hist\u00f3rias concluiu as atividades do curso de alfabetiza\u00e7\u00e3o digital voltado para pessoas idosas. A iniciativa promove inclus\u00e3o, autonomia e conviv\u00eancia intergeracional, ao estimular o uso da tecnologia como ferramenta de conex\u00e3o e fortalecimento da autoestima.<\/p>\n\n\n\n<p>Ao longo da \u00faltima fase, foram realizadas tr\u00eas turmas, nos meses de novembro de 2025, janeiro e mar\u00e7o de 2026, reunindo 65 idosos, 12 jovens aprendizes mediadores e 12 instrutores de inform\u00e1tica. As atividades ocorreram em um ambiente de acolhimento e troca, destacando o potencial da inclus\u00e3o digital para ampliar o contato social e o sentimento de pertencimento.<\/p>\n\n\n\n<p>Mais do que o aprendizado t\u00e9cnico no uso de celulares, computadores e recursos digitais, o projeto proporcionou experi\u00eancias de conviv\u00eancia entre gera\u00e7\u00f5es. A proposta incentivou a escuta ativa, a partilha de viv\u00eancias e a valoriza\u00e7\u00e3o das trajet\u00f3rias individuais, contribuindo para o bem-estar e a participa\u00e7\u00e3o social dos idosos.<\/p>\n\n\n\n<p>Como parte da forma\u00e7\u00e3o, os participantes tamb\u00e9m visitaram o Museu de Artes e Of\u00edcios, ampliando o di\u00e1logo com temas como mem\u00f3ria, cultura e constru\u00e7\u00e3o de narrativas. A atividade integrou a proposta pedag\u00f3gica, que articula inclus\u00e3o digital e valoriza\u00e7\u00e3o da identidade.<\/p>\n\n\n\n<p>A realiza\u00e7\u00e3o desta etapa contou com a parceria da Prefeitura de Belo Horizonte, por meio da cess\u00e3o de espa\u00e7o no Centro de Refer\u00eancia da Pessoa Idosa, no bairro Cai\u00e7ara, com apoio da Diretoria de Direitos da Pessoa Idosa.<\/p>\n\n\n\n<p>Com a conclus\u00e3o do curso, o projeto avan\u00e7a para a pr\u00f3xima fase: a abertura da exposi\u00e7\u00e3o fotogr\u00e1fica Conectando Hist\u00f3rias. A mostra reunir\u00e1 imagens produzidas a partir das viv\u00eancias dos participantes, com foco em temas como identidade, mem\u00f3ria, autoestima e inclus\u00e3o digital, inspirados em cl\u00e1ssicos da literatura.<\/p>\n\n\n\n<p>A exposi\u00e7\u00e3o foi concebida como um espa\u00e7o de visibilidade e reconhecimento, reafirmando o compromisso com a valoriza\u00e7\u00e3o das hist\u00f3rias de vida e o fortalecimento de v\u00ednculos entre gera\u00e7\u00f5es. Novas informa\u00e7\u00f5es sobre a programa\u00e7\u00e3o ser\u00e3o divulgadas em breve.<\/p>\n\n\n\n<p>O projeto Conectando Hist\u00f3rias \u00e9 realizado pelo SESI, por meio da Lei Federal de Incentivo \u00e0 Cultura, com patroc\u00ednio do Instituto Marina e Fl\u00e1vio Guimar\u00e3es.<\/p>\n\n\n\n<p><em>Ana Paula Motta<\/em><br><strong>Imprensa FIEMG<\/strong><\/p>\n","protected":false},"featured_media":8988,"template":"","categories":[587,110],"tags":[],"class_list":["post-8986","noticias","type-noticias","status-publish","has-post-thumbnail","hentry","category-responsabilidade-social","category-sesi"],"acf":[],"yoast_head":"<!-- This site is optimized with the Yoast SEO plugin v26.2 - https:\/\/yoast.com\/wordpress\/plugins\/seo\/ -->\n<title>Conectando Hist\u00f3rias conclui etapa para idosos - SESI<\/title>\n<meta name=\"robots\" content=\"index, follow, max-snippet:-1, max-image-preview:large, max-video-preview:-1\" \/>\n<link rel=\"canonical\" href=\"https:\/\/www.fiemg.com.br\/sesi\/noticias\/conectando-historias-conclui-etapa-para-idosos\/\" \/>\n<meta property=\"og:locale\" content=\"pt_BR\" \/>\n<meta property=\"og:type\" content=\"article\" \/>\n<meta property=\"og:title\" content=\"Conectando Hist\u00f3rias conclui etapa para idosos - SESI\" \/>\n<meta property=\"og:description\" content=\"O projeto Conectando Hist\u00f3rias concluiu as atividades do curso de alfabetiza\u00e7\u00e3o digital voltado para pessoas idosas. A iniciativa promove inclus\u00e3o, autonomia e conviv\u00eancia intergeracional, ao estimular o uso da tecnologia como ferramenta de conex\u00e3o e fortalecimento da autoestima. Ao longo da \u00faltima fase, foram realizadas tr\u00eas turmas, nos meses de novembro de 2025, janeiro e [&hellip;]\" \/>\n<meta property=\"og:url\" content=\"https:\/\/www.fiemg.com.br\/sesi\/noticias\/conectando-historias-conclui-etapa-para-idosos\/\" \/>\n<meta property=\"og:site_name\" content=\"SESI\" \/>\n<meta property=\"article:modified_time\" content=\"2026-04-28T17:19:56+00:00\" \/>\n<meta property=\"og:image\" content=\"https:\/\/www.fiemg.com.br\/sesi\/wp-content\/uploads\/sites\/11\/2026\/04\/conectando-historias-projeto-aula-idosos.jpg\" \/>\n\t<meta property=\"og:image:width\" content=\"512\" \/>\n\t<meta property=\"og:image:height\" content=\"512\" \/>\n\t<meta property=\"og:image:type\" content=\"image\/jpeg\" \/>\n<meta name=\"twitter:card\" content=\"summary_large_image\" \/>\n<meta name=\"twitter:label1\" content=\"Est. tempo de leitura\" \/>\n\t<meta name=\"twitter:data1\" content=\"3 minutos\" \/>\n<script type=\"application\/ld+json\" class=\"yoast-schema-graph\">{\"@context\":\"https:\/\/schema.org\",\"@graph\":[{\"@type\":\"WebPage\",\"@id\":\"https:\/\/www.fiemg.com.br\/sesi\/noticias\/conectando-historias-conclui-etapa-para-idosos\/\",\"url\":\"https:\/\/www.fiemg.com.br\/sesi\/noticias\/conectando-historias-conclui-etapa-para-idosos\/\",\"name\":\"Conectando Hist\u00f3rias conclui etapa para idosos - SESI\",\"isPartOf\":{\"@id\":\"https:\/\/www.fiemg.com.br\/sesi\/#website\"},\"primaryImageOfPage\":{\"@id\":\"https:\/\/www.fiemg.com.br\/sesi\/noticias\/conectando-historias-conclui-etapa-para-idosos\/#primaryimage\"},\"image\":{\"@id\":\"https:\/\/www.fiemg.com.br\/sesi\/noticias\/conectando-historias-conclui-etapa-para-idosos\/#primaryimage\"},\"thumbnailUrl\":\"https:\/\/www.fiemg.com.br\/sesi\/wp-content\/uploads\/sites\/11\/2026\/04\/conectando-historias-projeto-aula-idosos.jpg\",\"datePublished\":\"2026-04-22T16:48:00+00:00\",\"dateModified\":\"2026-04-28T17:19:56+00:00\",\"breadcrumb\":{\"@id\":\"https:\/\/www.fiemg.com.br\/sesi\/noticias\/conectando-historias-conclui-etapa-para-idosos\/#breadcrumb\"},\"inLanguage\":\"pt-BR\",\"potentialAction\":[{\"@type\":\"ReadAction\",\"target\":[\"https:\/\/www.fiemg.com.br\/sesi\/noticias\/conectando-historias-conclui-etapa-para-idosos\/\"]}]},{\"@type\":\"ImageObject\",\"inLanguage\":\"pt-BR\",\"@id\":\"https:\/\/www.fiemg.com.br\/sesi\/noticias\/conectando-historias-conclui-etapa-para-idosos\/#primaryimage\",\"url\":\"https:\/\/www.fiemg.com.br\/sesi\/wp-content\/uploads\/sites\/11\/2026\/04\/conectando-historias-projeto-aula-idosos.jpg\",\"contentUrl\":\"https:\/\/www.fiemg.com.br\/sesi\/wp-content\/uploads\/sites\/11\/2026\/04\/conectando-historias-projeto-aula-idosos.jpg\",\"width\":512,\"height\":512},{\"@type\":\"BreadcrumbList\",\"@id\":\"https:\/\/www.fiemg.com.br\/sesi\/noticias\/conectando-historias-conclui-etapa-para-idosos\/#breadcrumb\",\"itemListElement\":[{\"@type\":\"ListItem\",\"position\":1,\"name\":\"In\u00edcio\",\"item\":\"https:\/\/www.fiemg.com.br\/sesi\/\"},{\"@type\":\"ListItem\",\"position\":2,\"name\":\"Conectando Hist\u00f3rias conclui etapa para idosos\"}]},{\"@type\":\"WebSite\",\"@id\":\"https:\/\/www.fiemg.com.br\/sesi\/#website\",\"url\":\"https:\/\/www.fiemg.com.br\/sesi\/\",\"name\":\"SESI\",\"description\":\"Federa\u00e7\u00e3o das Ind\u00fastrias do Estado de Minas Gerais\",\"publisher\":{\"@id\":\"https:\/\/www.fiemg.com.br\/sesi\/#organization\"},\"potentialAction\":[{\"@type\":\"SearchAction\",\"target\":{\"@type\":\"EntryPoint\",\"urlTemplate\":\"https:\/\/www.fiemg.com.br\/sesi\/?s={search_term_string}\"},\"query-input\":{\"@type\":\"PropertyValueSpecification\",\"valueRequired\":true,\"valueName\":\"search_term_string\"}}],\"inLanguage\":\"pt-BR\"},{\"@type\":\"Organization\",\"@id\":\"https:\/\/www.fiemg.com.br\/sesi\/#organization\",\"name\":\"SESI\",\"url\":\"https:\/\/www.fiemg.com.br\/sesi\/\",\"logo\":{\"@type\":\"ImageObject\",\"inLanguage\":\"pt-BR\",\"@id\":\"https:\/\/www.fiemg.com.br\/sesi\/#\/schema\/logo\/image\/\",\"url\":\"https:\/\/www.fiemg.com.br\/sesi\/wp-content\/uploads\/sites\/11\/2023\/02\/SESI_branco.svg\",\"contentUrl\":\"https:\/\/www.fiemg.com.br\/sesi\/wp-content\/uploads\/sites\/11\/2023\/02\/SESI_branco.svg\",\"width\":168,\"height\":62,\"caption\":\"SESI\"},\"image\":{\"@id\":\"https:\/\/www.fiemg.com.br\/sesi\/#\/schema\/logo\/image\/\"}}]}<\/script>\n<!-- \/ Yoast SEO plugin. -->","yoast_head_json":{"title":"Conectando Hist\u00f3rias conclui etapa para idosos - SESI","robots":{"index":"index","follow":"follow","max-snippet":"max-snippet:-1","max-image-preview":"max-image-preview:large","max-video-preview":"max-video-preview:-1"},"canonical":"https:\/\/www.fiemg.com.br\/sesi\/noticias\/conectando-historias-conclui-etapa-para-idosos\/","og_locale":"pt_BR","og_type":"article","og_title":"Conectando Hist\u00f3rias conclui etapa para idosos - SESI","og_description":"O projeto Conectando Hist\u00f3rias concluiu as atividades do curso de alfabetiza\u00e7\u00e3o digital voltado para pessoas idosas. A iniciativa promove inclus\u00e3o, autonomia e conviv\u00eancia intergeracional, ao estimular o uso da tecnologia como ferramenta de conex\u00e3o e fortalecimento da autoestima. Ao longo da \u00faltima fase, foram realizadas tr\u00eas turmas, nos meses de novembro de 2025, janeiro e [&hellip;]","og_url":"https:\/\/www.fiemg.com.br\/sesi\/noticias\/conectando-historias-conclui-etapa-para-idosos\/","og_site_name":"SESI","article_modified_time":"2026-04-28T17:19:56+00:00","og_image":[{"width":512,"height":512,"url":"https:\/\/www.fiemg.com.br\/sesi\/wp-content\/uploads\/sites\/11\/2026\/04\/conectando-historias-projeto-aula-idosos.jpg","type":"image\/jpeg"}],"twitter_card":"summary_large_image","twitter_misc":{"Est. tempo de leitura":"3 minutos"},"schema":{"@context":"https:\/\/schema.org","@graph":[{"@type":"WebPage","@id":"https:\/\/www.fiemg.com.br\/sesi\/noticias\/conectando-historias-conclui-etapa-para-idosos\/","url":"https:\/\/www.fiemg.com.br\/sesi\/noticias\/conectando-historias-conclui-etapa-para-idosos\/","name":"Conectando Hist\u00f3rias conclui etapa para idosos - SESI","isPartOf":{"@id":"https:\/\/www.fiemg.com.br\/sesi\/#website"},"primaryImageOfPage":{"@id":"https:\/\/www.fiemg.com.br\/sesi\/noticias\/conectando-historias-conclui-etapa-para-idosos\/#primaryimage"},"image":{"@id":"https:\/\/www.fiemg.com.br\/sesi\/noticias\/conectando-historias-conclui-etapa-para-idosos\/#primaryimage"},"thumbnailUrl":"https:\/\/www.fiemg.com.br\/sesi\/wp-content\/uploads\/sites\/11\/2026\/04\/conectando-historias-projeto-aula-idosos.jpg","datePublished":"2026-04-22T16:48:00+00:00","dateModified":"2026-04-28T17:19:56+00:00","breadcrumb":{"@id":"https:\/\/www.fiemg.com.br\/sesi\/noticias\/conectando-historias-conclui-etapa-para-idosos\/#breadcrumb"},"inLanguage":"pt-BR","potentialAction":[{"@type":"ReadAction","target":["https:\/\/www.fiemg.com.br\/sesi\/noticias\/conectando-historias-conclui-etapa-para-idosos\/"]}]},{"@type":"ImageObject","inLanguage":"pt-BR","@id":"https:\/\/www.fiemg.com.br\/sesi\/noticias\/conectando-historias-conclui-etapa-para-idosos\/#primaryimage","url":"https:\/\/www.fiemg.com.br\/sesi\/wp-content\/uploads\/sites\/11\/2026\/04\/conectando-historias-projeto-aula-idosos.jpg","contentUrl":"https:\/\/www.fiemg.com.br\/sesi\/wp-content\/uploads\/sites\/11\/2026\/04\/conectando-historias-projeto-aula-idosos.jpg","width":512,"height":512},{"@type":"BreadcrumbList","@id":"https:\/\/www.fiemg.com.br\/sesi\/noticias\/conectando-historias-conclui-etapa-para-idosos\/#breadcrumb","itemListElement":[{"@type":"ListItem","position":1,"name":"In\u00edcio","item":"https:\/\/www.fiemg.com.br\/sesi\/"},{"@type":"ListItem","position":2,"name":"Conectando Hist\u00f3rias conclui etapa para idosos"}]},{"@type":"WebSite","@id":"https:\/\/www.fiemg.com.br\/sesi\/#website","url":"https:\/\/www.fiemg.com.br\/sesi\/","name":"SESI","description":"Federa\u00e7\u00e3o das Ind\u00fastrias do Estado de Minas Gerais","publisher":{"@id":"https:\/\/www.fiemg.com.br\/sesi\/#organization"},"potentialAction":[{"@type":"SearchAction","target":{"@type":"EntryPoint","urlTemplate":"https:\/\/www.fiemg.com.br\/sesi\/?s={search_term_string}"},"query-input":{"@type":"PropertyValueSpecification","valueRequired":true,"valueName":"search_term_string"}}],"inLanguage":"pt-BR"},{"@type":"Organization","@id":"https:\/\/www.fiemg.com.br\/sesi\/#organization","name":"SESI","url":"https:\/\/www.fiemg.com.br\/sesi\/","logo":{"@type":"ImageObject","inLanguage":"pt-BR","@id":"https:\/\/www.fiemg.com.br\/sesi\/#\/schema\/logo\/image\/","url":"https:\/\/www.fiemg.com.br\/sesi\/wp-content\/uploads\/sites\/11\/2023\/02\/SESI_branco.svg","contentUrl":"https:\/\/www.fiemg.com.br\/sesi\/wp-content\/uploads\/sites\/11\/2023\/02\/SESI_branco.svg","width":168,"height":62,"caption":"SESI"},"image":{"@id":"https:\/\/www.fiemg.com.br\/sesi\/#\/schema\/logo\/image\/"}}]}},"_links":{"self":[{"href":"https:\/\/www.fiemg.com.br\/sesi\/wp-json\/wp\/v2\/noticias\/8986","targetHints":{"allow":["GET"]}}],"collection":[{"href":"https:\/\/www.fiemg.com.br\/sesi\/wp-json\/wp\/v2\/noticias"}],"about":[{"href":"https:\/\/www.fiemg.com.br\/sesi\/wp-json\/wp\/v2\/types\/noticias"}],"wp:featuredmedia":[{"embeddable":true,"href":"https:\/\/www.fiemg.com.br\/sesi\/wp-json\/wp\/v2\/media\/8988"}],"wp:attachment":[{"href":"https:\/\/www.fiemg.com.br\/sesi\/wp-json\/wp\/v2\/media?parent=8986"}],"wp:term":[{"taxonomy":"category","embeddable":true,"href":"https:\/\/www.fiemg.com.br\/sesi\/wp-json\/wp\/v2\/categories?post=8986"},{"taxonomy":"post_tag","embeddable":true,"href":"https:\/\/www.fiemg.com.br\/sesi\/wp-json\/wp\/v2\/tags?post=8986"}],"curies":[{"name":"wp","href":"https:\/\/api.w.org\/{rel}","templated":true}]}}